{"id":20338,"date":"2025-07-26T00:07:30","date_gmt":"2025-07-25T21:07:30","guid":{"rendered":"https:\/\/mybook.am\/?p=20338"},"modified":"2025-07-26T00:07:30","modified_gmt":"2025-07-25T21:07:30","slug":"il-a-disparu-sans-laisser-de-trace-pendant-12-ans-lorsquil-est-revenu-sa-famille-ne-la-pas-reconnu-mais-la-verite-derriere-son-silence-vous-hantera","status":"publish","type":"post","link":"https:\/\/mybook.am\/?p=20338","title":{"rendered":"Il a disparu sans laisser de trace pendant 12 ans. Lorsqu\u2019il est revenu, sa famille ne l\u2019a pas reconnu \u2014 mais la v\u00e9rit\u00e9 derri\u00e8re son silence vous hantera."},"content":{"rendered":"\n<p>C\u2019\u00e9tait une froide matin\u00e9e d\u2019octobre dans une petite ville du sud-ouest de la France. Le caf\u00e9 \u00e9tait encore chaud sur la table, les cl\u00e9s de voiture soigneusement pos\u00e9es dans l\u2019entr\u00e9e\u2026 mais lui, <strong>Julien<\/strong>, avait disparu.<br>Pas de lettre. Pas d\u2019appel. Pas un mot. Seulement un vide brutal, total.<\/p>\n\n\n\n<figure class=\"wp-block-image size-full\"><img loading=\"lazy\" decoding=\"async\" width=\"1024\" height=\"1024\" src=\"https:\/\/mybook.am\/wp-content\/uploads\/2025\/07\/image-46.png\" alt=\"\" class=\"wp-image-20339\" srcset=\"https:\/\/mybook.am\/wp-content\/uploads\/2025\/07\/image-46.png 1024w, https:\/\/mybook.am\/wp-content\/uploads\/2025\/07\/image-46-300x300.png 300w, https:\/\/mybook.am\/wp-content\/uploads\/2025\/07\/image-46-150x150.png 150w, https:\/\/mybook.am\/wp-content\/uploads\/2025\/07\/image-46-768x768.png 768w\" sizes=\"auto, (max-width: 1024px) 100vw, 1024px\" \/><\/figure>\n\n\n\n<p>Pendant <strong>douze longues ann\u00e9es<\/strong>, sa famille a tout imagin\u00e9 : un accident, une fugue, un crime, une crise psychologique.<br>Les recherches se sont multipli\u00e9es. Affiches, appels \u00e0 t\u00e9moins, reportages. Julien n\u2019\u00e9tait pas un marginal. Il avait une compagne, un travail, une vie calme. <strong>Et pourtant, il s&#8217;\u00e9tait litt\u00e9ralement \u00e9vapor\u00e9.<\/strong><\/p>\n\n\n\n<p>Les ann\u00e9es ont pass\u00e9. Le deuil a commenc\u00e9 sans certitude. Sa m\u00e8re a cess\u00e9 de pr\u00e9parer un couvert de trop. Sa s\u0153ur a rang\u00e9 ses affaires dans des bo\u00eetes scell\u00e9es au grenier. La vie a repris \u2014 mais jamais normalement.<\/p>\n\n\n\n<p>Et puis, un jour\u2026 <strong>il est revenu.<\/strong><\/p>\n\n\n\n<p>Mais ce n\u2019\u00e9tait pas le Julien qu\u2019ils avaient connu.<\/p>\n\n\n\n<p>Il se pr\u00e9senta un soir \u00e0 la porte de sa maison d\u2019enfance. Amaigri, les cheveux longs, le regard durci. Il parlait peu.<br>Sa m\u00e8re a eu un haut-le-c\u0153ur. Son p\u00e8re a recul\u00e9. M\u00eame son chien ne l\u2019a pas reconnu.<br>Ils ne savaient pas s\u2019ils devaient pleurer, crier ou s\u2019enfuir.<\/p>\n\n\n\n<p>Et lorsqu\u2019il s\u2019est enfin assis, des heures plus tard, dans un silence pesant\u2026 il a commenc\u00e9 \u00e0 parler.<\/p>\n\n\n\n<hr class=\"wp-block-separator has-alpha-channel-opacity\"\/>\n\n\n\n<p>Ce qu\u2019il a r\u00e9v\u00e9l\u00e9 a fig\u00e9 le sang dans les veines de chacun.<\/p>\n\n\n\n<p>Il n\u2019avait pas \u00e9t\u00e9 kidnapp\u00e9. Il n\u2019\u00e9tait pas perdu.<br><strong>Il s\u2019\u00e9tait cach\u00e9. Volontairement.<\/strong><\/p>\n\n\n\n<p>Pourquoi ?<br>Parce qu\u2019il fuyait quelque chose que personne ne voyait \u2014 <strong>un secret de famille profond\u00e9ment enfoui<\/strong>, transmis comme une mal\u00e9diction silencieuse de g\u00e9n\u00e9ration en g\u00e9n\u00e9ration.<\/p>\n\n\n\n<p>Un \u00e9v\u00e9nement tragique remontant \u00e0 son enfance.<br>Une v\u00e9rit\u00e9 qu\u2019il avait d\u00e9couverte par hasard.<br>Quelque chose qui l\u2019avait bris\u00e9 de l\u2019int\u00e9rieur.<br>Assez pour qu\u2019il coupe tout lien avec le monde, pour qu\u2019il disparaisse \u2014 non pas pour fuir les autres, mais pour ne pas leur faire de mal.<\/p>\n\n\n\n<hr class=\"wp-block-separator has-alpha-channel-opacity\"\/>\n\n\n\n<p>Pendant 12 ans, il a v\u00e9cu sous un autre nom, dans un monast\u00e8re isol\u00e9, puis dans les for\u00eats d\u2019Europe de l\u2019Est, loin de tout.<br>Il dormait dans des cabanes, lisait des livres oubli\u00e9s, et parlait \u00e0 personne.<br>Sa voix s\u2019\u00e9tait \u00e9teinte. Son identit\u00e9 effac\u00e9e.<\/p>\n\n\n\n<p>Ce n\u2019est qu\u2019en apprenant la mort d\u2019un certain homme \u2014 dont le nom revenait souvent dans ses cauchemars \u2014 qu\u2019il a d\u00e9cid\u00e9 de revenir.<br>Il croyait que la v\u00e9rit\u00e9 ne pouvait plus le suivre.<br>Il avait tort.<\/p>\n\n\n\n<hr class=\"wp-block-separator has-alpha-channel-opacity\"\/>\n\n\n\n<p>Aujourd\u2019hui encore, <strong>personne dans cette famille ne parle ouvertement de ce qu\u2019il a dit ce soir-l\u00e0.<\/strong><br>Le secret reste enterr\u00e9.<br>Mais le regard de Julien, lui, dit tout : ce qu\u2019il a vu, ce qu\u2019il sait, ce qu\u2019il cache encore.<\/p>\n\n\n\n<p>Et une question hante d\u00e9sormais ceux qui l\u2019aimaient :<\/p>\n\n\n\n<blockquote class=\"wp-block-quote is-layout-flow wp-block-quote-is-layout-flow\">\n<p><strong>A-t-il vraiment disparu pendant 12 ans\u2026 ou s\u2019\u00e9tait-il simplement rapproch\u00e9 de ce que nous appelons tous la folie ?<\/strong><\/p>\n<\/blockquote>\n","protected":false},"excerpt":{"rendered":"C\u2019\u00e9tait une froide matin\u00e9e d\u2019octobre dans une petite ville du sud-ouest de la France. Le caf\u00e9 \u00e9tait encore chaud sur la table, les \n<a class=\"moretag\" href=\"https:\/\/mybook.am\/?p=20338\"> [...]<\/a>","protected":false},"author":1,"featured_media":20339,"comment_status":"open","ping_status":"open","sticky":false,"template":"","format":"standard","meta":{"footnotes":""},"categories":[2,1,3],"tags":[],"class_list":["post-20338","post","type-post","status-publish","format-standard","has-post-thumbnail","hentry","category-amerika","category-ceska","category-fotto"],"yoast_head":"<!-- This site is optimized with the Yoast SEO plugin v27.4 - https:\/\/yoast.com\/product\/yoast-seo-wordpress\/ -->\n<title>Il a disparu sans laisser de trace pendant 12 ans. Lorsqu\u2019il est revenu, sa famille ne l\u2019a pas reconnu \u2014 mais la v\u00e9rit\u00e9 derri\u00e8re son silence vous hantera. -<\/title>\n<meta name=\"robots\" content=\"index, follow, max-snippet:-1, max-image-preview:large, max-video-preview:-1\" \/>\n<link rel=\"canonical\" href=\"https:\/\/mybook.am\/?p=20338\" \/>\n<meta property=\"og:locale\" content=\"ru_RU\" \/>\n<meta property=\"og:type\" content=\"article\" \/>\n<meta property=\"og:title\" content=\"Il a disparu sans laisser de trace pendant 12 ans. Lorsqu\u2019il est revenu, sa famille ne l\u2019a pas reconnu \u2014 mais la v\u00e9rit\u00e9 derri\u00e8re son silence vous hantera. -\" \/>\n<meta property=\"og:description\" content=\"C\u2019\u00e9tait une froide matin\u00e9e d\u2019octobre dans une petite ville du sud-ouest de la France. Le caf\u00e9 \u00e9tait encore chaud sur la table, les\" \/>\n<meta property=\"og:url\" content=\"https:\/\/mybook.am\/?p=20338\" \/>\n<meta property=\"article:published_time\" content=\"2025-07-25T21:07:30+00:00\" \/>\n<meta property=\"og:image\" content=\"https:\/\/mybook.am\/wp-content\/uploads\/2025\/07\/image-46.png\" \/>\n\t<meta property=\"og:image:width\" content=\"1024\" \/>\n\t<meta property=\"og:image:height\" content=\"1024\" \/>\n\t<meta property=\"og:image:type\" content=\"image\/png\" \/>\n<meta name=\"author\" content=\"admin\" \/>\n<meta name=\"twitter:card\" content=\"summary_large_image\" \/>\n<meta name=\"twitter:label1\" content=\"\u041d\u0430\u043f\u0438\u0441\u0430\u043d\u043e \u0430\u0432\u0442\u043e\u0440\u043e\u043c\" \/>\n\t<meta name=\"twitter:data1\" content=\"admin\" \/>\n\t<meta name=\"twitter:label2\" content=\"\u041f\u0440\u0438\u043c\u0435\u0440\u043d\u043e\u0435 \u0432\u0440\u0435\u043c\u044f \u0434\u043b\u044f \u0447\u0442\u0435\u043d\u0438\u044f\" \/>\n\t<meta name=\"twitter:data2\" content=\"3 \u043c\u0438\u043d\u0443\u0442\u044b\" \/>\n<script type=\"application\/ld+json\" class=\"yoast-schema-graph\">{\"@context\":\"https:\\\/\\\/schema.org\",\"@graph\":[{\"@type\":\"Article\",\"@id\":\"https:\\\/\\\/mybook.am\\\/?p=20338#article\",\"isPartOf\":{\"@id\":\"https:\\\/\\\/mybook.am\\\/?p=20338\"},\"author\":{\"name\":\"admin\",\"@id\":\"https:\\\/\\\/mybook.am\\\/#\\\/schema\\\/person\\\/e730847942cff3a199774e803916e97e\"},\"headline\":\"Il a disparu sans laisser de trace pendant 12 ans. Lorsqu\u2019il est revenu, sa famille ne l\u2019a pas reconnu \u2014 mais la v\u00e9rit\u00e9 derri\u00e8re son silence vous hantera.\",\"datePublished\":\"2025-07-25T21:07:30+00:00\",\"mainEntityOfPage\":{\"@id\":\"https:\\\/\\\/mybook.am\\\/?p=20338\"},\"wordCount\":560,\"commentCount\":0,\"image\":{\"@id\":\"https:\\\/\\\/mybook.am\\\/?p=20338#primaryimage\"},\"thumbnailUrl\":\"https:\\\/\\\/mybook.am\\\/wp-content\\\/uploads\\\/2025\\\/07\\\/image-46.png\",\"articleSection\":[\"Amerika\",\"\u010cesk\u00e1\",\"FRANS\"],\"inLanguage\":\"ru-RU\",\"potentialAction\":[{\"@type\":\"CommentAction\",\"name\":\"Comment\",\"target\":[\"https:\\\/\\\/mybook.am\\\/?p=20338#respond\"]}]},{\"@type\":\"WebPage\",\"@id\":\"https:\\\/\\\/mybook.am\\\/?p=20338\",\"url\":\"https:\\\/\\\/mybook.am\\\/?p=20338\",\"name\":\"Il a disparu sans laisser de trace pendant 12 ans. Lorsqu\u2019il est revenu, sa famille ne l\u2019a pas reconnu \u2014 mais la v\u00e9rit\u00e9 derri\u00e8re son silence vous hantera. -\",\"isPartOf\":{\"@id\":\"https:\\\/\\\/mybook.am\\\/#website\"},\"primaryImageOfPage\":{\"@id\":\"https:\\\/\\\/mybook.am\\\/?p=20338#primaryimage\"},\"image\":{\"@id\":\"https:\\\/\\\/mybook.am\\\/?p=20338#primaryimage\"},\"thumbnailUrl\":\"https:\\\/\\\/mybook.am\\\/wp-content\\\/uploads\\\/2025\\\/07\\\/image-46.png\",\"datePublished\":\"2025-07-25T21:07:30+00:00\",\"author\":{\"@id\":\"https:\\\/\\\/mybook.am\\\/#\\\/schema\\\/person\\\/e730847942cff3a199774e803916e97e\"},\"breadcrumb\":{\"@id\":\"https:\\\/\\\/mybook.am\\\/?p=20338#breadcrumb\"},\"inLanguage\":\"ru-RU\",\"potentialAction\":[{\"@type\":\"ReadAction\",\"target\":[\"https:\\\/\\\/mybook.am\\\/?p=20338\"]}]},{\"@type\":\"ImageObject\",\"inLanguage\":\"ru-RU\",\"@id\":\"https:\\\/\\\/mybook.am\\\/?p=20338#primaryimage\",\"url\":\"https:\\\/\\\/mybook.am\\\/wp-content\\\/uploads\\\/2025\\\/07\\\/image-46.png\",\"contentUrl\":\"https:\\\/\\\/mybook.am\\\/wp-content\\\/uploads\\\/2025\\\/07\\\/image-46.png\",\"width\":1024,\"height\":1024},{\"@type\":\"BreadcrumbList\",\"@id\":\"https:\\\/\\\/mybook.am\\\/?p=20338#breadcrumb\",\"itemListElement\":[{\"@type\":\"ListItem\",\"position\":1,\"name\":\"\u0413\u043b\u0430\u0432\u043d\u0430\u044f \u0441\u0442\u0440\u0430\u043d\u0438\u0446\u0430\",\"item\":\"https:\\\/\\\/mybook.am\\\/\"},{\"@type\":\"ListItem\",\"position\":2,\"name\":\"Il a disparu sans laisser de trace pendant 12 ans. Lorsqu\u2019il est revenu, sa famille ne l\u2019a pas reconnu \u2014 mais la v\u00e9rit\u00e9 derri\u00e8re son silence vous hantera.\"}]},{\"@type\":\"WebSite\",\"@id\":\"https:\\\/\\\/mybook.am\\\/#website\",\"url\":\"https:\\\/\\\/mybook.am\\\/\",\"name\":\"\",\"description\":\"\",\"potentialAction\":[{\"@type\":\"SearchAction\",\"target\":{\"@type\":\"EntryPoint\",\"urlTemplate\":\"https:\\\/\\\/mybook.am\\\/?s={search_term_string}\"},\"query-input\":{\"@type\":\"PropertyValueSpecification\",\"valueRequired\":true,\"valueName\":\"search_term_string\"}}],\"inLanguage\":\"ru-RU\"},{\"@type\":\"Person\",\"@id\":\"https:\\\/\\\/mybook.am\\\/#\\\/schema\\\/person\\\/e730847942cff3a199774e803916e97e\",\"name\":\"admin\",\"image\":{\"@type\":\"ImageObject\",\"inLanguage\":\"ru-RU\",\"@id\":\"https:\\\/\\\/secure.gravatar.com\\\/avatar\\\/df64e550a0653b7be0f1bcf897f33faad9c2c8153472b2d9319beafb51370f6f?s=96&d=mm&r=g\",\"url\":\"https:\\\/\\\/secure.gravatar.com\\\/avatar\\\/df64e550a0653b7be0f1bcf897f33faad9c2c8153472b2d9319beafb51370f6f?s=96&d=mm&r=g\",\"contentUrl\":\"https:\\\/\\\/secure.gravatar.com\\\/avatar\\\/df64e550a0653b7be0f1bcf897f33faad9c2c8153472b2d9319beafb51370f6f?s=96&d=mm&r=g\",\"caption\":\"admin\"},\"sameAs\":[\"http:\\\/\\\/mybook.am\"],\"url\":\"https:\\\/\\\/mybook.am\\\/?author=1\"}]}<\/script>\n<!-- \/ Yoast SEO plugin. -->","yoast_head_json":{"title":"Il a disparu sans laisser de trace pendant 12 ans. Lorsqu\u2019il est revenu, sa famille ne l\u2019a pas reconnu \u2014 mais la v\u00e9rit\u00e9 derri\u00e8re son silence vous hantera. -","robots":{"index":"index","follow":"follow","max-snippet":"max-snippet:-1","max-image-preview":"max-image-preview:large","max-video-preview":"max-video-preview:-1"},"canonical":"https:\/\/mybook.am\/?p=20338","og_locale":"ru_RU","og_type":"article","og_title":"Il a disparu sans laisser de trace pendant 12 ans. Lorsqu\u2019il est revenu, sa famille ne l\u2019a pas reconnu \u2014 mais la v\u00e9rit\u00e9 derri\u00e8re son silence vous hantera. -","og_description":"C\u2019\u00e9tait une froide matin\u00e9e d\u2019octobre dans une petite ville du sud-ouest de la France. Le caf\u00e9 \u00e9tait encore chaud sur la table, les","og_url":"https:\/\/mybook.am\/?p=20338","article_published_time":"2025-07-25T21:07:30+00:00","og_image":[{"width":1024,"height":1024,"url":"https:\/\/mybook.am\/wp-content\/uploads\/2025\/07\/image-46.png","type":"image\/png"}],"author":"admin","twitter_card":"summary_large_image","twitter_misc":{"\u041d\u0430\u043f\u0438\u0441\u0430\u043d\u043e \u0430\u0432\u0442\u043e\u0440\u043e\u043c":"admin","\u041f\u0440\u0438\u043c\u0435\u0440\u043d\u043e\u0435 \u0432\u0440\u0435\u043c\u044f \u0434\u043b\u044f \u0447\u0442\u0435\u043d\u0438\u044f":"3 \u043c\u0438\u043d\u0443\u0442\u044b"},"schema":{"@context":"https:\/\/schema.org","@graph":[{"@type":"Article","@id":"https:\/\/mybook.am\/?p=20338#article","isPartOf":{"@id":"https:\/\/mybook.am\/?p=20338"},"author":{"name":"admin","@id":"https:\/\/mybook.am\/#\/schema\/person\/e730847942cff3a199774e803916e97e"},"headline":"Il a disparu sans laisser de trace pendant 12 ans. Lorsqu\u2019il est revenu, sa famille ne l\u2019a pas reconnu \u2014 mais la v\u00e9rit\u00e9 derri\u00e8re son silence vous hantera.","datePublished":"2025-07-25T21:07:30+00:00","mainEntityOfPage":{"@id":"https:\/\/mybook.am\/?p=20338"},"wordCount":560,"commentCount":0,"image":{"@id":"https:\/\/mybook.am\/?p=20338#primaryimage"},"thumbnailUrl":"https:\/\/mybook.am\/wp-content\/uploads\/2025\/07\/image-46.png","articleSection":["Amerika","\u010cesk\u00e1","FRANS"],"inLanguage":"ru-RU","potentialAction":[{"@type":"CommentAction","name":"Comment","target":["https:\/\/mybook.am\/?p=20338#respond"]}]},{"@type":"WebPage","@id":"https:\/\/mybook.am\/?p=20338","url":"https:\/\/mybook.am\/?p=20338","name":"Il a disparu sans laisser de trace pendant 12 ans. Lorsqu\u2019il est revenu, sa famille ne l\u2019a pas reconnu \u2014 mais la v\u00e9rit\u00e9 derri\u00e8re son silence vous hantera. -","isPartOf":{"@id":"https:\/\/mybook.am\/#website"},"primaryImageOfPage":{"@id":"https:\/\/mybook.am\/?p=20338#primaryimage"},"image":{"@id":"https:\/\/mybook.am\/?p=20338#primaryimage"},"thumbnailUrl":"https:\/\/mybook.am\/wp-content\/uploads\/2025\/07\/image-46.png","datePublished":"2025-07-25T21:07:30+00:00","author":{"@id":"https:\/\/mybook.am\/#\/schema\/person\/e730847942cff3a199774e803916e97e"},"breadcrumb":{"@id":"https:\/\/mybook.am\/?p=20338#breadcrumb"},"inLanguage":"ru-RU","potentialAction":[{"@type":"ReadAction","target":["https:\/\/mybook.am\/?p=20338"]}]},{"@type":"ImageObject","inLanguage":"ru-RU","@id":"https:\/\/mybook.am\/?p=20338#primaryimage","url":"https:\/\/mybook.am\/wp-content\/uploads\/2025\/07\/image-46.png","contentUrl":"https:\/\/mybook.am\/wp-content\/uploads\/2025\/07\/image-46.png","width":1024,"height":1024},{"@type":"BreadcrumbList","@id":"https:\/\/mybook.am\/?p=20338#breadcrumb","itemListElement":[{"@type":"ListItem","position":1,"name":"\u0413\u043b\u0430\u0432\u043d\u0430\u044f \u0441\u0442\u0440\u0430\u043d\u0438\u0446\u0430","item":"https:\/\/mybook.am\/"},{"@type":"ListItem","position":2,"name":"Il a disparu sans laisser de trace pendant 12 ans. Lorsqu\u2019il est revenu, sa famille ne l\u2019a pas reconnu \u2014 mais la v\u00e9rit\u00e9 derri\u00e8re son silence vous hantera."}]},{"@type":"WebSite","@id":"https:\/\/mybook.am\/#website","url":"https:\/\/mybook.am\/","name":"","description":"","potentialAction":[{"@type":"SearchAction","target":{"@type":"EntryPoint","urlTemplate":"https:\/\/mybook.am\/?s={search_term_string}"},"query-input":{"@type":"PropertyValueSpecification","valueRequired":true,"valueName":"search_term_string"}}],"inLanguage":"ru-RU"},{"@type":"Person","@id":"https:\/\/mybook.am\/#\/schema\/person\/e730847942cff3a199774e803916e97e","name":"admin","image":{"@type":"ImageObject","inLanguage":"ru-RU","@id":"https:\/\/secure.gravatar.com\/avatar\/df64e550a0653b7be0f1bcf897f33faad9c2c8153472b2d9319beafb51370f6f?s=96&d=mm&r=g","url":"https:\/\/secure.gravatar.com\/avatar\/df64e550a0653b7be0f1bcf897f33faad9c2c8153472b2d9319beafb51370f6f?s=96&d=mm&r=g","contentUrl":"https:\/\/secure.gravatar.com\/avatar\/df64e550a0653b7be0f1bcf897f33faad9c2c8153472b2d9319beafb51370f6f?s=96&d=mm&r=g","caption":"admin"},"sameAs":["http:\/\/mybook.am"],"url":"https:\/\/mybook.am\/?author=1"}]}},"views":316,"_links":{"self":[{"href":"https:\/\/mybook.am\/index.php?rest_route=\/wp\/v2\/posts\/20338","targetHints":{"allow":["GET"]}}],"collection":[{"href":"https:\/\/mybook.am\/index.php?rest_route=\/wp\/v2\/posts"}],"about":[{"href":"https:\/\/mybook.am\/index.php?rest_route=\/wp\/v2\/types\/post"}],"author":[{"embeddable":true,"href":"https:\/\/mybook.am\/index.php?rest_route=\/wp\/v2\/users\/1"}],"replies":[{"embeddable":true,"href":"https:\/\/mybook.am\/index.php?rest_route=%2Fwp%2Fv2%2Fcomments&post=20338"}],"version-history":[{"count":1,"href":"https:\/\/mybook.am\/index.php?rest_route=\/wp\/v2\/posts\/20338\/revisions"}],"predecessor-version":[{"id":20340,"href":"https:\/\/mybook.am\/index.php?rest_route=\/wp\/v2\/posts\/20338\/revisions\/20340"}],"wp:featuredmedia":[{"embeddable":true,"href":"https:\/\/mybook.am\/index.php?rest_route=\/wp\/v2\/media\/20339"}],"wp:attachment":[{"href":"https:\/\/mybook.am\/index.php?rest_route=%2Fwp%2Fv2%2Fmedia&parent=20338"}],"wp:term":[{"taxonomy":"category","embeddable":true,"href":"https:\/\/mybook.am\/index.php?rest_route=%2Fwp%2Fv2%2Fcategories&post=20338"},{"taxonomy":"post_tag","embeddable":true,"href":"https:\/\/mybook.am\/index.php?rest_route=%2Fwp%2Fv2%2Ftags&post=20338"}],"curies":[{"name":"wp","href":"https:\/\/api.w.org\/{rel}","templated":true}]}}