{"id":20357,"date":"2025-07-28T09:30:40","date_gmt":"2025-07-28T06:30:40","guid":{"rendered":"https:\/\/mybook.am\/?p=20357"},"modified":"2025-07-28T09:30:40","modified_gmt":"2025-07-28T06:30:40","slug":"le-reve-glacant-dune-mere-et-la-verite-quelle-a-decouvert-ensuite-va-vous-hanter","status":"publish","type":"post","link":"https:\/\/mybook.am\/?p=20357","title":{"rendered":"Le r\u00eave gla\u00e7ant d\u2019une m\u00e8re \u2014 et la v\u00e9rit\u00e9 qu\u2019elle a d\u00e9couvert ensuite va vous hanter."},"content":{"rendered":"\n<p>Pendant douze longues ann\u00e9es, <strong>Claire Morel<\/strong> s\u2019\u00e9tait accroch\u00e9e \u00e0 un mince fil d\u2019espoir. Son fils, <strong>Thomas<\/strong>, soldat engag\u00e9 en mission ext\u00e9rieure, avait disparu sans laisser de trace lors d\u2019une op\u00e9ration class\u00e9e confidentielle.<br>Ni corps. Ni appel. Rien.<br>Juste un mot : <strong>port\u00e9 disparu.<\/strong><\/p>\n\n\n\n<p>Elle avait tout essay\u00e9 : lettres, signalements, contacts officieux. Et puis un jour, <strong>elle a cess\u00e9 de chercher\u2026 mais elle n\u2019a jamais cess\u00e9 de ressentir<\/strong>.<\/p>\n\n\n\n<figure class=\"wp-block-image size-full\"><img loading=\"lazy\" decoding=\"async\" width=\"752\" height=\"440\" src=\"https:\/\/mybook.am\/wp-content\/uploads\/2025\/07\/image-52.png\" alt=\"\" class=\"wp-image-20358\" srcset=\"https:\/\/mybook.am\/wp-content\/uploads\/2025\/07\/image-52.png 752w, https:\/\/mybook.am\/wp-content\/uploads\/2025\/07\/image-52-300x176.png 300w\" sizes=\"auto, (max-width: 752px) 100vw, 752px\" \/><\/figure>\n\n\n\n<p>Jusqu\u2019\u00e0 <strong>cette nuit-l\u00e0.<\/strong><\/p>\n\n\n\n<hr class=\"wp-block-separator has-alpha-channel-opacity\"\/>\n\n\n\n<h4 class=\"wp-block-heading\">\ud83c\udf19 UN R\u00caVE QUI NE RESSEMBLAIT PAS \u00c0 UN R\u00caVE<\/h4>\n\n\n\n<p>Claire se souvient de chaque d\u00e9tail. Il faisait sombre, humide. Elle entendait une voix \u2014 faible, presque \u00e9touff\u00e9e. Puis soudain, <strong>clairement :<\/strong><\/p>\n\n\n\n<blockquote class=\"wp-block-quote is-layout-flow wp-block-quote-is-layout-flow\">\n<p>\u00ab <em>Maman\u2026 je suis au sol.<\/em> \u00bb<br>\u00ab <em>Je suis vivant\u2026 Aide-moi\u2026<\/em> \u00bb<\/p>\n<\/blockquote>\n\n\n\n<p>Elle s\u2019est r\u00e9veill\u00e9e en sursaut, le c\u0153ur battant \u00e0 rompre la poitrine.<br>Ce n\u2019\u00e9tait <strong>pas un cauchemar ordinaire<\/strong>. Quelque chose en elle le savait.<br>C\u2019\u00e9tait <strong>un appel<\/strong>.<\/p>\n\n\n\n<hr class=\"wp-block-separator has-alpha-channel-opacity\"\/>\n\n\n\n<h4 class=\"wp-block-heading\">\ud83d\udd75\ufe0f\u200d\u2640\ufe0f LE D\u00c9BUT D\u2019UNE NOUVELLE RECHERCHE<\/h4>\n\n\n\n<p>Le lendemain, Claire prend une d\u00e9cision. Elle ressort les dossiers, contacte d\u2019anciens camarades de son fils, fouille les rapports militaires.<br>Une piste oubli\u00e9e. Un nom mentionn\u00e9 une seule fois dans un rapport.<br>Un village recul\u00e9, en zone frontali\u00e8re.<br>Elle n\u2019h\u00e9site pas. Elle prend un billet. <strong>Destination : l\u2019inconnu.<\/strong><\/p>\n\n\n\n<hr class=\"wp-block-separator has-alpha-channel-opacity\"\/>\n\n\n\n<h4 class=\"wp-block-heading\">\ud83e\udded CE QU\u2019ELLE D\u00c9COUVRE VA CHANGER TOUTE SA VIE<\/h4>\n\n\n\n<p>Ce qu\u2019elle trouve l\u00e0-bas n\u2019est ni un corps, ni un soldat en uniforme.<br>Mais des preuves. Des objets personnels. Une <strong>photographie r\u00e9cente<\/strong>, pos\u00e9e dans un sanctuaire improvis\u00e9.<\/p>\n\n\n\n<p>Et un vieil homme, silencieux, qui lui glisse en tremblant :<\/p>\n\n\n\n<blockquote class=\"wp-block-quote is-layout-flow wp-block-quote-is-layout-flow\">\n<p>\u00ab Il \u00e9tait l\u00e0. Il a surv\u00e9cu. Mais\u2026 il ne voulait pas qu\u2019on le retrouve. \u00bb<\/p>\n<\/blockquote>\n\n\n\n<p>Pourquoi ? Que lui est-il arriv\u00e9 ? Pourquoi ce r\u00eave <strong>pr\u00e9cis\u00e9ment maintenant<\/strong> ?<br>Et surtout\u2026 <strong>est-il encore en vie aujourd\u2019hui ?<\/strong><\/p>\n\n\n\n<hr class=\"wp-block-separator has-alpha-channel-opacity\"\/>\n\n\n\n<h3 class=\"wp-block-heading\">\ud83e\udde0 UNE HISTOIRE VRAIE ? OU PLUS QUE \u00c7A ?<\/h3>\n\n\n\n<p>Ce r\u00e9cit a depuis fait le tour des forums, des groupes d\u2019anciens combattants, et m\u00eame des plateaux t\u00e9l\u00e9. Certains parlent de <strong>connexion psychique<\/strong> entre m\u00e8re et fils.<br>D\u2019autres disent que Claire a \u00ab senti \u00bb ce que la science ne peut expliquer.<br>Mais tous s\u2019accordent :<\/p>\n\n\n\n<blockquote class=\"wp-block-quote is-layout-flow wp-block-quote-is-layout-flow\">\n<p><strong>Ce r\u00eave n\u2019\u00e9tait pas une co\u00efncidence.<\/strong><\/p>\n<\/blockquote>\n\n\n\n<p>Et si parfois\u2026 <strong>l\u2019amour d\u2019une m\u00e8re pouvait traverser les fronti\u00e8res, le temps\u2026 et m\u00eame le silence de la mort ?<\/strong><\/p>\n","protected":false},"excerpt":{"rendered":"Pendant douze longues ann\u00e9es, Claire Morel s\u2019\u00e9tait accroch\u00e9e \u00e0 un mince fil d\u2019espoir. Son fils, Thomas, soldat engag\u00e9 en mission ext\u00e9rieure, avait disparu \n<a class=\"moretag\" href=\"https:\/\/mybook.am\/?p=20357\"> [...]<\/a>","protected":false},"author":1,"featured_media":20358,"comment_status":"open","ping_status":"open","sticky":false,"template":"","format":"standard","meta":{"footnotes":""},"categories":[2,1,3],"tags":[],"class_list":["post-20357","post","type-post","status-publish","format-standard","has-post-thumbnail","hentry","category-amerika","category-ceska","category-fotto"],"yoast_head":"<!-- This site is optimized with the Yoast SEO plugin v27.4 - https:\/\/yoast.com\/product\/yoast-seo-wordpress\/ -->\n<title>Le r\u00eave gla\u00e7ant d\u2019une m\u00e8re \u2014 et la v\u00e9rit\u00e9 qu\u2019elle a d\u00e9couvert ensuite va vous hanter. -<\/title>\n<meta name=\"robots\" content=\"index, follow, max-snippet:-1, max-image-preview:large, max-video-preview:-1\" \/>\n<link rel=\"canonical\" href=\"https:\/\/mybook.am\/?p=20357\" \/>\n<meta property=\"og:locale\" content=\"ru_RU\" \/>\n<meta property=\"og:type\" content=\"article\" \/>\n<meta property=\"og:title\" content=\"Le r\u00eave gla\u00e7ant d\u2019une m\u00e8re \u2014 et la v\u00e9rit\u00e9 qu\u2019elle a d\u00e9couvert ensuite va vous hanter. -\" \/>\n<meta property=\"og:description\" content=\"Pendant douze longues ann\u00e9es, Claire Morel s\u2019\u00e9tait accroch\u00e9e \u00e0 un mince fil d\u2019espoir. Son fils, Thomas, soldat engag\u00e9 en mission ext\u00e9rieure, avait disparu\" \/>\n<meta property=\"og:url\" content=\"https:\/\/mybook.am\/?p=20357\" \/>\n<meta property=\"article:published_time\" content=\"2025-07-28T06:30:40+00:00\" \/>\n<meta property=\"og:image\" content=\"https:\/\/mybook.am\/wp-content\/uploads\/2025\/07\/image-52.png\" \/>\n\t<meta property=\"og:image:width\" content=\"752\" \/>\n\t<meta property=\"og:image:height\" content=\"440\" \/>\n\t<meta property=\"og:image:type\" content=\"image\/png\" \/>\n<meta name=\"author\" content=\"admin\" \/>\n<meta name=\"twitter:card\" content=\"summary_large_image\" \/>\n<meta name=\"twitter:label1\" content=\"\u041d\u0430\u043f\u0438\u0441\u0430\u043d\u043e \u0430\u0432\u0442\u043e\u0440\u043e\u043c\" \/>\n\t<meta name=\"twitter:data1\" content=\"admin\" \/>\n\t<meta name=\"twitter:label2\" content=\"\u041f\u0440\u0438\u043c\u0435\u0440\u043d\u043e\u0435 \u0432\u0440\u0435\u043c\u044f \u0434\u043b\u044f \u0447\u0442\u0435\u043d\u0438\u044f\" \/>\n\t<meta name=\"twitter:data2\" content=\"3 \u043c\u0438\u043d\u0443\u0442\u044b\" \/>\n<script type=\"application\/ld+json\" class=\"yoast-schema-graph\">{\"@context\":\"https:\\\/\\\/schema.org\",\"@graph\":[{\"@type\":\"Article\",\"@id\":\"https:\\\/\\\/mybook.am\\\/?p=20357#article\",\"isPartOf\":{\"@id\":\"https:\\\/\\\/mybook.am\\\/?p=20357\"},\"author\":{\"name\":\"admin\",\"@id\":\"https:\\\/\\\/mybook.am\\\/#\\\/schema\\\/person\\\/e730847942cff3a199774e803916e97e\"},\"headline\":\"Le r\u00eave gla\u00e7ant d\u2019une m\u00e8re \u2014 et la v\u00e9rit\u00e9 qu\u2019elle a d\u00e9couvert ensuite va vous hanter.\",\"datePublished\":\"2025-07-28T06:30:40+00:00\",\"mainEntityOfPage\":{\"@id\":\"https:\\\/\\\/mybook.am\\\/?p=20357\"},\"wordCount\":412,\"commentCount\":0,\"image\":{\"@id\":\"https:\\\/\\\/mybook.am\\\/?p=20357#primaryimage\"},\"thumbnailUrl\":\"https:\\\/\\\/mybook.am\\\/wp-content\\\/uploads\\\/2025\\\/07\\\/image-52.png\",\"articleSection\":[\"Amerika\",\"\u010cesk\u00e1\",\"FRANS\"],\"inLanguage\":\"ru-RU\",\"potentialAction\":[{\"@type\":\"CommentAction\",\"name\":\"Comment\",\"target\":[\"https:\\\/\\\/mybook.am\\\/?p=20357#respond\"]}]},{\"@type\":\"WebPage\",\"@id\":\"https:\\\/\\\/mybook.am\\\/?p=20357\",\"url\":\"https:\\\/\\\/mybook.am\\\/?p=20357\",\"name\":\"Le r\u00eave gla\u00e7ant d\u2019une m\u00e8re \u2014 et la v\u00e9rit\u00e9 qu\u2019elle a d\u00e9couvert ensuite va vous hanter. -\",\"isPartOf\":{\"@id\":\"https:\\\/\\\/mybook.am\\\/#website\"},\"primaryImageOfPage\":{\"@id\":\"https:\\\/\\\/mybook.am\\\/?p=20357#primaryimage\"},\"image\":{\"@id\":\"https:\\\/\\\/mybook.am\\\/?p=20357#primaryimage\"},\"thumbnailUrl\":\"https:\\\/\\\/mybook.am\\\/wp-content\\\/uploads\\\/2025\\\/07\\\/image-52.png\",\"datePublished\":\"2025-07-28T06:30:40+00:00\",\"author\":{\"@id\":\"https:\\\/\\\/mybook.am\\\/#\\\/schema\\\/person\\\/e730847942cff3a199774e803916e97e\"},\"breadcrumb\":{\"@id\":\"https:\\\/\\\/mybook.am\\\/?p=20357#breadcrumb\"},\"inLanguage\":\"ru-RU\",\"potentialAction\":[{\"@type\":\"ReadAction\",\"target\":[\"https:\\\/\\\/mybook.am\\\/?p=20357\"]}]},{\"@type\":\"ImageObject\",\"inLanguage\":\"ru-RU\",\"@id\":\"https:\\\/\\\/mybook.am\\\/?p=20357#primaryimage\",\"url\":\"https:\\\/\\\/mybook.am\\\/wp-content\\\/uploads\\\/2025\\\/07\\\/image-52.png\",\"contentUrl\":\"https:\\\/\\\/mybook.am\\\/wp-content\\\/uploads\\\/2025\\\/07\\\/image-52.png\",\"width\":752,\"height\":440},{\"@type\":\"BreadcrumbList\",\"@id\":\"https:\\\/\\\/mybook.am\\\/?p=20357#breadcrumb\",\"itemListElement\":[{\"@type\":\"ListItem\",\"position\":1,\"name\":\"\u0413\u043b\u0430\u0432\u043d\u0430\u044f \u0441\u0442\u0440\u0430\u043d\u0438\u0446\u0430\",\"item\":\"https:\\\/\\\/mybook.am\\\/\"},{\"@type\":\"ListItem\",\"position\":2,\"name\":\"Le r\u00eave gla\u00e7ant d\u2019une m\u00e8re \u2014 et la v\u00e9rit\u00e9 qu\u2019elle a d\u00e9couvert ensuite va vous hanter.\"}]},{\"@type\":\"WebSite\",\"@id\":\"https:\\\/\\\/mybook.am\\\/#website\",\"url\":\"https:\\\/\\\/mybook.am\\\/\",\"name\":\"\",\"description\":\"\",\"potentialAction\":[{\"@type\":\"SearchAction\",\"target\":{\"@type\":\"EntryPoint\",\"urlTemplate\":\"https:\\\/\\\/mybook.am\\\/?s={search_term_string}\"},\"query-input\":{\"@type\":\"PropertyValueSpecification\",\"valueRequired\":true,\"valueName\":\"search_term_string\"}}],\"inLanguage\":\"ru-RU\"},{\"@type\":\"Person\",\"@id\":\"https:\\\/\\\/mybook.am\\\/#\\\/schema\\\/person\\\/e730847942cff3a199774e803916e97e\",\"name\":\"admin\",\"image\":{\"@type\":\"ImageObject\",\"inLanguage\":\"ru-RU\",\"@id\":\"https:\\\/\\\/secure.gravatar.com\\\/avatar\\\/df64e550a0653b7be0f1bcf897f33faad9c2c8153472b2d9319beafb51370f6f?s=96&d=mm&r=g\",\"url\":\"https:\\\/\\\/secure.gravatar.com\\\/avatar\\\/df64e550a0653b7be0f1bcf897f33faad9c2c8153472b2d9319beafb51370f6f?s=96&d=mm&r=g\",\"contentUrl\":\"https:\\\/\\\/secure.gravatar.com\\\/avatar\\\/df64e550a0653b7be0f1bcf897f33faad9c2c8153472b2d9319beafb51370f6f?s=96&d=mm&r=g\",\"caption\":\"admin\"},\"sameAs\":[\"http:\\\/\\\/mybook.am\"],\"url\":\"https:\\\/\\\/mybook.am\\\/?author=1\"}]}<\/script>\n<!-- \/ Yoast SEO plugin. -->","yoast_head_json":{"title":"Le r\u00eave gla\u00e7ant d\u2019une m\u00e8re \u2014 et la v\u00e9rit\u00e9 qu\u2019elle a d\u00e9couvert ensuite va vous hanter. -","robots":{"index":"index","follow":"follow","max-snippet":"max-snippet:-1","max-image-preview":"max-image-preview:large","max-video-preview":"max-video-preview:-1"},"canonical":"https:\/\/mybook.am\/?p=20357","og_locale":"ru_RU","og_type":"article","og_title":"Le r\u00eave gla\u00e7ant d\u2019une m\u00e8re \u2014 et la v\u00e9rit\u00e9 qu\u2019elle a d\u00e9couvert ensuite va vous hanter. -","og_description":"Pendant douze longues ann\u00e9es, Claire Morel s\u2019\u00e9tait accroch\u00e9e \u00e0 un mince fil d\u2019espoir. Son fils, Thomas, soldat engag\u00e9 en mission ext\u00e9rieure, avait disparu","og_url":"https:\/\/mybook.am\/?p=20357","article_published_time":"2025-07-28T06:30:40+00:00","og_image":[{"width":752,"height":440,"url":"https:\/\/mybook.am\/wp-content\/uploads\/2025\/07\/image-52.png","type":"image\/png"}],"author":"admin","twitter_card":"summary_large_image","twitter_misc":{"\u041d\u0430\u043f\u0438\u0441\u0430\u043d\u043e \u0430\u0432\u0442\u043e\u0440\u043e\u043c":"admin","\u041f\u0440\u0438\u043c\u0435\u0440\u043d\u043e\u0435 \u0432\u0440\u0435\u043c\u044f \u0434\u043b\u044f \u0447\u0442\u0435\u043d\u0438\u044f":"3 \u043c\u0438\u043d\u0443\u0442\u044b"},"schema":{"@context":"https:\/\/schema.org","@graph":[{"@type":"Article","@id":"https:\/\/mybook.am\/?p=20357#article","isPartOf":{"@id":"https:\/\/mybook.am\/?p=20357"},"author":{"name":"admin","@id":"https:\/\/mybook.am\/#\/schema\/person\/e730847942cff3a199774e803916e97e"},"headline":"Le r\u00eave gla\u00e7ant d\u2019une m\u00e8re \u2014 et la v\u00e9rit\u00e9 qu\u2019elle a d\u00e9couvert ensuite va vous hanter.","datePublished":"2025-07-28T06:30:40+00:00","mainEntityOfPage":{"@id":"https:\/\/mybook.am\/?p=20357"},"wordCount":412,"commentCount":0,"image":{"@id":"https:\/\/mybook.am\/?p=20357#primaryimage"},"thumbnailUrl":"https:\/\/mybook.am\/wp-content\/uploads\/2025\/07\/image-52.png","articleSection":["Amerika","\u010cesk\u00e1","FRANS"],"inLanguage":"ru-RU","potentialAction":[{"@type":"CommentAction","name":"Comment","target":["https:\/\/mybook.am\/?p=20357#respond"]}]},{"@type":"WebPage","@id":"https:\/\/mybook.am\/?p=20357","url":"https:\/\/mybook.am\/?p=20357","name":"Le r\u00eave gla\u00e7ant d\u2019une m\u00e8re \u2014 et la v\u00e9rit\u00e9 qu\u2019elle a d\u00e9couvert ensuite va vous hanter. -","isPartOf":{"@id":"https:\/\/mybook.am\/#website"},"primaryImageOfPage":{"@id":"https:\/\/mybook.am\/?p=20357#primaryimage"},"image":{"@id":"https:\/\/mybook.am\/?p=20357#primaryimage"},"thumbnailUrl":"https:\/\/mybook.am\/wp-content\/uploads\/2025\/07\/image-52.png","datePublished":"2025-07-28T06:30:40+00:00","author":{"@id":"https:\/\/mybook.am\/#\/schema\/person\/e730847942cff3a199774e803916e97e"},"breadcrumb":{"@id":"https:\/\/mybook.am\/?p=20357#breadcrumb"},"inLanguage":"ru-RU","potentialAction":[{"@type":"ReadAction","target":["https:\/\/mybook.am\/?p=20357"]}]},{"@type":"ImageObject","inLanguage":"ru-RU","@id":"https:\/\/mybook.am\/?p=20357#primaryimage","url":"https:\/\/mybook.am\/wp-content\/uploads\/2025\/07\/image-52.png","contentUrl":"https:\/\/mybook.am\/wp-content\/uploads\/2025\/07\/image-52.png","width":752,"height":440},{"@type":"BreadcrumbList","@id":"https:\/\/mybook.am\/?p=20357#breadcrumb","itemListElement":[{"@type":"ListItem","position":1,"name":"\u0413\u043b\u0430\u0432\u043d\u0430\u044f \u0441\u0442\u0440\u0430\u043d\u0438\u0446\u0430","item":"https:\/\/mybook.am\/"},{"@type":"ListItem","position":2,"name":"Le r\u00eave gla\u00e7ant d\u2019une m\u00e8re \u2014 et la v\u00e9rit\u00e9 qu\u2019elle a d\u00e9couvert ensuite va vous hanter."}]},{"@type":"WebSite","@id":"https:\/\/mybook.am\/#website","url":"https:\/\/mybook.am\/","name":"","description":"","potentialAction":[{"@type":"SearchAction","target":{"@type":"EntryPoint","urlTemplate":"https:\/\/mybook.am\/?s={search_term_string}"},"query-input":{"@type":"PropertyValueSpecification","valueRequired":true,"valueName":"search_term_string"}}],"inLanguage":"ru-RU"},{"@type":"Person","@id":"https:\/\/mybook.am\/#\/schema\/person\/e730847942cff3a199774e803916e97e","name":"admin","image":{"@type":"ImageObject","inLanguage":"ru-RU","@id":"https:\/\/secure.gravatar.com\/avatar\/df64e550a0653b7be0f1bcf897f33faad9c2c8153472b2d9319beafb51370f6f?s=96&d=mm&r=g","url":"https:\/\/secure.gravatar.com\/avatar\/df64e550a0653b7be0f1bcf897f33faad9c2c8153472b2d9319beafb51370f6f?s=96&d=mm&r=g","contentUrl":"https:\/\/secure.gravatar.com\/avatar\/df64e550a0653b7be0f1bcf897f33faad9c2c8153472b2d9319beafb51370f6f?s=96&d=mm&r=g","caption":"admin"},"sameAs":["http:\/\/mybook.am"],"url":"https:\/\/mybook.am\/?author=1"}]}},"views":265,"_links":{"self":[{"href":"https:\/\/mybook.am\/index.php?rest_route=\/wp\/v2\/posts\/20357","targetHints":{"allow":["GET"]}}],"collection":[{"href":"https:\/\/mybook.am\/index.php?rest_route=\/wp\/v2\/posts"}],"about":[{"href":"https:\/\/mybook.am\/index.php?rest_route=\/wp\/v2\/types\/post"}],"author":[{"embeddable":true,"href":"https:\/\/mybook.am\/index.php?rest_route=\/wp\/v2\/users\/1"}],"replies":[{"embeddable":true,"href":"https:\/\/mybook.am\/index.php?rest_route=%2Fwp%2Fv2%2Fcomments&post=20357"}],"version-history":[{"count":1,"href":"https:\/\/mybook.am\/index.php?rest_route=\/wp\/v2\/posts\/20357\/revisions"}],"predecessor-version":[{"id":20359,"href":"https:\/\/mybook.am\/index.php?rest_route=\/wp\/v2\/posts\/20357\/revisions\/20359"}],"wp:featuredmedia":[{"embeddable":true,"href":"https:\/\/mybook.am\/index.php?rest_route=\/wp\/v2\/media\/20358"}],"wp:attachment":[{"href":"https:\/\/mybook.am\/index.php?rest_route=%2Fwp%2Fv2%2Fmedia&parent=20357"}],"wp:term":[{"taxonomy":"category","embeddable":true,"href":"https:\/\/mybook.am\/index.php?rest_route=%2Fwp%2Fv2%2Fcategories&post=20357"},{"taxonomy":"post_tag","embeddable":true,"href":"https:\/\/mybook.am\/index.php?rest_route=%2Fwp%2Fv2%2Ftags&post=20357"}],"curies":[{"name":"wp","href":"https:\/\/api.w.org\/{rel}","templated":true}]}}