{"id":20915,"date":"2025-09-09T20:18:09","date_gmt":"2025-09-09T17:18:09","guid":{"rendered":"https:\/\/mybook.am\/?p=20915"},"modified":"2025-09-09T20:18:09","modified_gmt":"2025-09-09T17:18:09","slug":"vzpiraly-osudu-neuveritelny-pribeh-siamskych-dvojcat-oddelenych-v-kojeneckem-veku","status":"publish","type":"post","link":"https:\/\/mybook.am\/?p=20915","title":{"rendered":"\u201eVzp\u00edraly osudu: Neuv\u011b\u0159iteln\u00fd p\u0159\u00edb\u011bh siamsk\u00fdch dvoj\u010dat odd\u011blen\u00fdch v kojeneck\u00e9m v\u011bku\u201c"},"content":{"rendered":"\n<p>Za\u010d\u00e1tkem roku 2000 se v nemocnici narodily d\u00edvky, jejich\u017e narozen\u00ed \u0161okovalo i ty nejzku\u0161en\u011bj\u0161\u00ed l\u00e9ka\u0159e. Byla to siamsk\u00e1 dvoj\u010data, srostl\u00e1 od hrudn\u00edku k p\u00e1nvi. M\u011bly dv\u011b t\u011bla, ale spole\u010dn\u00fd syst\u00e9m \u017eivotn\u011b d\u016fle\u017eit\u00fdch org\u00e1n\u016f, a pr\u00e1v\u011b tato okolnost vrhala pochybnosti na jejich \u0161ance na p\u0159e\u017eit\u00ed. L\u00e9ka\u0159i ch\u00e1pali, \u017ee ka\u017ed\u00fd den zpo\u017ed\u011bn\u00ed p\u0159ibli\u017euje d\u011bti k trag\u00e9dii.<\/p>\n\n\n\n<p>Osudov\u00e9 rozhodnut\u00ed<\/p>\n\n\n\n<p>Kdy\u017e bylo d\u011btem sedm m\u011bs\u00edc\u016f, l\u00e9ka\u0159i, rodi\u010de a mezin\u00e1rodn\u00ed t\u00fdm specialist\u016f st\u00e1li p\u0159ed volbou: nechat v\u0161e tak, jak je, a odsoudit sestry k sou\u017eit\u00ed s \u200b\u200bv\u00e1\u017enou progn\u00f3zou, nebo riskovat a prov\u00e9st slo\u017eitou operaci k jejich odd\u011blen\u00ed. Po dlouh\u00fdch konzultac\u00edch bylo rozhodnuto.<\/p>\n\n\n\n<p>Operace m\u011bla trvat d\u00e9le ne\u017e jeden den. Pro t\u00fdm chirurg\u016f to byla v\u00fdzva, proto\u017ee museli odd\u011blit nejen kosti a tk\u00e1n\u011b, ale i slo\u017eit\u00e9 c\u00e9vn\u00ed struktury. Chyba mohla st\u00e1t ob\u011b d\u00edvky \u017eivot.<\/p>\n\n\n\n<figure class=\"wp-block-image size-full\"><img loading=\"lazy\" decoding=\"async\" width=\"682\" height=\"440\" src=\"https:\/\/mybook.am\/wp-content\/uploads\/2025\/09\/1212121212121212.jpeg\" alt=\"\" class=\"wp-image-20916\" srcset=\"https:\/\/mybook.am\/wp-content\/uploads\/2025\/09\/1212121212121212.jpeg 682w, https:\/\/mybook.am\/wp-content\/uploads\/2025\/09\/1212121212121212-300x194.jpeg 300w\" sizes=\"auto, (max-width: 682px) 100vw, 682px\" \/><\/figure>\n\n\n\n<p>31 hodin na hran\u011b<\/p>\n\n\n\n<p>Operace za\u010dala brzy r\u00e1no a trvala v\u00edce ne\u017e 31 hodin. Z\u00fa\u010dastnily se j\u00ed des\u00edtky specialist\u016f: chirurgov\u00e9, anesteziologov\u00e9, neurochirurgov\u00e9, kardiologov\u00e9. Na opera\u010dn\u00edm s\u00e1le panovalo absolutn\u00ed ticho &#8212; nap\u011bt\u00ed bylo c\u00edtit v ka\u017ed\u00e9m pohybu.<\/p>\n\n\n\n<p>B\u011bhem prvn\u00edch hodin l\u00e9ka\u0159i pe\u010dliv\u011b odd\u011blovali tk\u00e1n\u011b. Pak p\u0159i\u0161la nejnebezpe\u010dn\u011bj\u0161\u00ed f\u00e1ze &#8212; odd\u011blen\u00ed vnit\u0159n\u00edch org\u00e1n\u016f, kter\u00e9 si d\u00edvky rozd\u011blily mezi sebou. Po\u010d\u00edt\u00e1no bylo v milimetrech. Kone\u010dn\u011b, na konci druh\u00e9ho dne intenzivn\u00ed pr\u00e1ce, zazn\u011bla dlouho o\u010dek\u00e1van\u00e1 slova: operace je dokon\u010dena, ob\u011b miminka \u017eij\u00ed.<\/p>\n\n\n\n<p>Nov\u00fd \u017eivot<\/p>\n\n\n\n<p>Pro rodi\u010de to byl skute\u010dn\u00fd z\u00e1zrak. Jejich dcery dostaly \u0161anci na vlastn\u00ed, samostatn\u00fd \u017eivot. P\u0159ed nimi bylo mnoho z\u00e1krok\u016f, rehabilitace, dlouh\u00e9 m\u011bs\u00edce v nemocnici, ale hlavn\u00ed bylo, \u017ee d\u011bti p\u0159e\u017eily.<\/p>\n\n\n\n<p>Postupem \u010dasu se d\u00edvky nau\u010dily chodit, mluvit, u\u010dit se a u\u017e\u00edvat si \u017eivota stejn\u011b jako jejich vrstevnice. Sv\u011bt je sledoval a obdivoval jejich s\u00edlu a odolnost. Jejich p\u0159\u00edb\u011bh se dostal do l\u00e9ka\u0159sk\u00fdch u\u010debnic a l\u00e9ka\u0159i, kte\u0159\u00ed se operace z\u00fa\u010dastnili, se stali skute\u010dn\u00fdmi hrdiny sv\u00e9 doby.<\/p>\n\n\n\n<p>Ne\u010dekan\u00e1 zpr\u00e1va<\/p>\n\n\n\n<p>Ub\u00edhaly roky. Sestry vyr\u016fstaly, ka\u017ed\u00e1 z nich si na\u0161la svou vlastn\u00ed cestu. Ned\u00e1vno se v\u0161ak dozv\u011bd\u011blo, co \u0161okovalo ve\u0159ejnost: jedna ze sester se stala matkou.<\/p>\n\n\n\n<p>Pro ty, kte\u0159\u00ed znali jejich p\u0159\u00edb\u011bh od prvn\u00edch dn\u016f, zn\u011bla tato zpr\u00e1va jako symbol kone\u010dn\u00e9ho v\u00edt\u011bzstv\u00ed nad osudem. D\u00edvka, kter\u00e1 kdysi m\u00e1lem zem\u0159ela na opera\u010dn\u00edm stole, nyn\u00ed dala \u017eivot sv\u00e9mu d\u00edt\u011bti. Symbolick\u00fd kruh se uzav\u0159el: z p\u0159\u00edb\u011bhu boje o p\u0159e\u017eit\u00ed vyrostl p\u0159\u00edb\u011bh plozen\u00ed.<\/p>\n\n\n\n<p>Symbol nad\u011bje<\/p>\n\n\n\n<p>Dnes ob\u011b sestry \u017eij\u00ed plnohodnotn\u00fd \u017eivot. St\u00e1le inspiruj\u00ed tis\u00edce rodin po cel\u00e9m sv\u011bt\u011b a dokazuj\u00ed, \u017ee nemo\u017en\u00e9 je mo\u017en\u00e9. Jejich p\u0159\u00edklad se stal symbolem v\u016fle, l\u00e9ka\u0159sk\u00e9ho pokroku a lidsk\u00e9 v\u00edry v z\u00e1zraky.<\/p>\n\n\n\n<p>Jejich osud je p\u0159ipom\u00ednkou: i kdy\u017e se v\u0161e zd\u00e1 beznad\u011bjn\u00e9, v\u017edy existuje \u0161ance na sv\u011btlou budoucnost. A p\u0159\u00edb\u011bh o tom, jak se jedna z nich stala matkou, prom\u011bnil l\u00e9ka\u0159sk\u00fd \u010din z doby p\u0159ed dvaceti lety ve skute\u010dnou legendu o v\u00edt\u011bzstv\u00ed nad okolnostmi.<\/p>\n","protected":false},"excerpt":{"rendered":"Za\u010d\u00e1tkem roku 2000 se v nemocnici narodily d\u00edvky, jejich\u017e narozen\u00ed \u0161okovalo i ty nejzku\u0161en\u011bj\u0161\u00ed l\u00e9ka\u0159e. Byla to siamsk\u00e1 dvoj\u010data, srostl\u00e1 od hrudn\u00edku k \n<a class=\"moretag\" href=\"https:\/\/mybook.am\/?p=20915\"> [...]<\/a>","protected":false},"author":1,"featured_media":20916,"comment_status":"open","ping_status":"open","sticky":false,"template":"","format":"standard","meta":{"footnotes":""},"categories":[2,1,3],"tags":[],"class_list":["post-20915","post","type-post","status-publish","format-standard","has-post-thumbnail","hentry","category-amerika","category-ceska","category-fotto"],"yoast_head":"<!-- This site is optimized with the Yoast SEO plugin v27.5 - https:\/\/yoast.com\/product\/yoast-seo-wordpress\/ -->\n<title>\u201eVzp\u00edraly osudu: Neuv\u011b\u0159iteln\u00fd p\u0159\u00edb\u011bh siamsk\u00fdch dvoj\u010dat odd\u011blen\u00fdch v kojeneck\u00e9m v\u011bku\u201c -<\/title>\n<meta name=\"robots\" content=\"index, follow, max-snippet:-1, max-image-preview:large, max-video-preview:-1\" \/>\n<link rel=\"canonical\" href=\"https:\/\/mybook.am\/?p=20915\" \/>\n<meta property=\"og:locale\" content=\"ru_RU\" \/>\n<meta property=\"og:type\" content=\"article\" \/>\n<meta property=\"og:title\" content=\"\u201eVzp\u00edraly osudu: Neuv\u011b\u0159iteln\u00fd p\u0159\u00edb\u011bh siamsk\u00fdch dvoj\u010dat odd\u011blen\u00fdch v kojeneck\u00e9m v\u011bku\u201c -\" \/>\n<meta property=\"og:description\" content=\"Za\u010d\u00e1tkem roku 2000 se v nemocnici narodily d\u00edvky, jejich\u017e narozen\u00ed \u0161okovalo i ty nejzku\u0161en\u011bj\u0161\u00ed l\u00e9ka\u0159e. Byla to siamsk\u00e1 dvoj\u010data, srostl\u00e1 od hrudn\u00edku k\" \/>\n<meta property=\"og:url\" content=\"https:\/\/mybook.am\/?p=20915\" \/>\n<meta property=\"article:published_time\" content=\"2025-09-09T17:18:09+00:00\" \/>\n<meta property=\"og:image\" content=\"https:\/\/mybook.am\/wp-content\/uploads\/2025\/09\/1212121212121212.jpeg\" \/>\n\t<meta property=\"og:image:width\" content=\"682\" \/>\n\t<meta property=\"og:image:height\" content=\"440\" \/>\n\t<meta property=\"og:image:type\" content=\"image\/jpeg\" \/>\n<meta name=\"author\" content=\"admin\" \/>\n<meta name=\"twitter:card\" content=\"summary_large_image\" \/>\n<meta name=\"twitter:label1\" content=\"\u041d\u0430\u043f\u0438\u0441\u0430\u043d\u043e \u0430\u0432\u0442\u043e\u0440\u043e\u043c\" \/>\n\t<meta name=\"twitter:data1\" content=\"admin\" \/>\n\t<meta name=\"twitter:label2\" content=\"\u041f\u0440\u0438\u043c\u0435\u0440\u043d\u043e\u0435 \u0432\u0440\u0435\u043c\u044f \u0434\u043b\u044f \u0447\u0442\u0435\u043d\u0438\u044f\" \/>\n\t<meta name=\"twitter:data2\" content=\"3 \u043c\u0438\u043d\u0443\u0442\u044b\" \/>\n<script type=\"application\/ld+json\" class=\"yoast-schema-graph\">{\"@context\":\"https:\\\/\\\/schema.org\",\"@graph\":[{\"@type\":\"Article\",\"@id\":\"https:\\\/\\\/mybook.am\\\/?p=20915#article\",\"isPartOf\":{\"@id\":\"https:\\\/\\\/mybook.am\\\/?p=20915\"},\"author\":{\"name\":\"admin\",\"@id\":\"https:\\\/\\\/mybook.am\\\/#\\\/schema\\\/person\\\/e730847942cff3a199774e803916e97e\"},\"headline\":\"\u201eVzp\u00edraly osudu: Neuv\u011b\u0159iteln\u00fd p\u0159\u00edb\u011bh siamsk\u00fdch dvoj\u010dat odd\u011blen\u00fdch v kojeneck\u00e9m v\u011bku\u201c\",\"datePublished\":\"2025-09-09T17:18:09+00:00\",\"mainEntityOfPage\":{\"@id\":\"https:\\\/\\\/mybook.am\\\/?p=20915\"},\"wordCount\":636,\"commentCount\":0,\"image\":{\"@id\":\"https:\\\/\\\/mybook.am\\\/?p=20915#primaryimage\"},\"thumbnailUrl\":\"https:\\\/\\\/mybook.am\\\/wp-content\\\/uploads\\\/2025\\\/09\\\/1212121212121212.jpeg\",\"articleSection\":[\"Amerika\",\"\u010cesk\u00e1\",\"FRANS\"],\"inLanguage\":\"ru-RU\",\"potentialAction\":[{\"@type\":\"CommentAction\",\"name\":\"Comment\",\"target\":[\"https:\\\/\\\/mybook.am\\\/?p=20915#respond\"]}]},{\"@type\":\"WebPage\",\"@id\":\"https:\\\/\\\/mybook.am\\\/?p=20915\",\"url\":\"https:\\\/\\\/mybook.am\\\/?p=20915\",\"name\":\"\u201eVzp\u00edraly osudu: Neuv\u011b\u0159iteln\u00fd p\u0159\u00edb\u011bh siamsk\u00fdch dvoj\u010dat odd\u011blen\u00fdch v kojeneck\u00e9m v\u011bku\u201c -\",\"isPartOf\":{\"@id\":\"https:\\\/\\\/mybook.am\\\/#website\"},\"primaryImageOfPage\":{\"@id\":\"https:\\\/\\\/mybook.am\\\/?p=20915#primaryimage\"},\"image\":{\"@id\":\"https:\\\/\\\/mybook.am\\\/?p=20915#primaryimage\"},\"thumbnailUrl\":\"https:\\\/\\\/mybook.am\\\/wp-content\\\/uploads\\\/2025\\\/09\\\/1212121212121212.jpeg\",\"datePublished\":\"2025-09-09T17:18:09+00:00\",\"author\":{\"@id\":\"https:\\\/\\\/mybook.am\\\/#\\\/schema\\\/person\\\/e730847942cff3a199774e803916e97e\"},\"breadcrumb\":{\"@id\":\"https:\\\/\\\/mybook.am\\\/?p=20915#breadcrumb\"},\"inLanguage\":\"ru-RU\",\"potentialAction\":[{\"@type\":\"ReadAction\",\"target\":[\"https:\\\/\\\/mybook.am\\\/?p=20915\"]}]},{\"@type\":\"ImageObject\",\"inLanguage\":\"ru-RU\",\"@id\":\"https:\\\/\\\/mybook.am\\\/?p=20915#primaryimage\",\"url\":\"https:\\\/\\\/mybook.am\\\/wp-content\\\/uploads\\\/2025\\\/09\\\/1212121212121212.jpeg\",\"contentUrl\":\"https:\\\/\\\/mybook.am\\\/wp-content\\\/uploads\\\/2025\\\/09\\\/1212121212121212.jpeg\",\"width\":682,\"height\":440},{\"@type\":\"BreadcrumbList\",\"@id\":\"https:\\\/\\\/mybook.am\\\/?p=20915#breadcrumb\",\"itemListElement\":[{\"@type\":\"ListItem\",\"position\":1,\"name\":\"\u0413\u043b\u0430\u0432\u043d\u0430\u044f \u0441\u0442\u0440\u0430\u043d\u0438\u0446\u0430\",\"item\":\"https:\\\/\\\/mybook.am\\\/\"},{\"@type\":\"ListItem\",\"position\":2,\"name\":\"\u201eVzp\u00edraly osudu: Neuv\u011b\u0159iteln\u00fd p\u0159\u00edb\u011bh siamsk\u00fdch dvoj\u010dat odd\u011blen\u00fdch v kojeneck\u00e9m v\u011bku\u201c\"}]},{\"@type\":\"WebSite\",\"@id\":\"https:\\\/\\\/mybook.am\\\/#website\",\"url\":\"https:\\\/\\\/mybook.am\\\/\",\"name\":\"\",\"description\":\"\",\"potentialAction\":[{\"@type\":\"SearchAction\",\"target\":{\"@type\":\"EntryPoint\",\"urlTemplate\":\"https:\\\/\\\/mybook.am\\\/?s={search_term_string}\"},\"query-input\":{\"@type\":\"PropertyValueSpecification\",\"valueRequired\":true,\"valueName\":\"search_term_string\"}}],\"inLanguage\":\"ru-RU\"},{\"@type\":\"Person\",\"@id\":\"https:\\\/\\\/mybook.am\\\/#\\\/schema\\\/person\\\/e730847942cff3a199774e803916e97e\",\"name\":\"admin\",\"image\":{\"@type\":\"ImageObject\",\"inLanguage\":\"ru-RU\",\"@id\":\"https:\\\/\\\/secure.gravatar.com\\\/avatar\\\/df64e550a0653b7be0f1bcf897f33faad9c2c8153472b2d9319beafb51370f6f?s=96&d=mm&r=g\",\"url\":\"https:\\\/\\\/secure.gravatar.com\\\/avatar\\\/df64e550a0653b7be0f1bcf897f33faad9c2c8153472b2d9319beafb51370f6f?s=96&d=mm&r=g\",\"contentUrl\":\"https:\\\/\\\/secure.gravatar.com\\\/avatar\\\/df64e550a0653b7be0f1bcf897f33faad9c2c8153472b2d9319beafb51370f6f?s=96&d=mm&r=g\",\"caption\":\"admin\"},\"sameAs\":[\"http:\\\/\\\/mybook.am\"],\"url\":\"https:\\\/\\\/mybook.am\\\/?author=1\"}]}<\/script>\n<!-- \/ Yoast SEO plugin. -->","yoast_head_json":{"title":"\u201eVzp\u00edraly osudu: Neuv\u011b\u0159iteln\u00fd p\u0159\u00edb\u011bh siamsk\u00fdch dvoj\u010dat odd\u011blen\u00fdch v kojeneck\u00e9m v\u011bku\u201c -","robots":{"index":"index","follow":"follow","max-snippet":"max-snippet:-1","max-image-preview":"max-image-preview:large","max-video-preview":"max-video-preview:-1"},"canonical":"https:\/\/mybook.am\/?p=20915","og_locale":"ru_RU","og_type":"article","og_title":"\u201eVzp\u00edraly osudu: Neuv\u011b\u0159iteln\u00fd p\u0159\u00edb\u011bh siamsk\u00fdch dvoj\u010dat odd\u011blen\u00fdch v kojeneck\u00e9m v\u011bku\u201c -","og_description":"Za\u010d\u00e1tkem roku 2000 se v nemocnici narodily d\u00edvky, jejich\u017e narozen\u00ed \u0161okovalo i ty nejzku\u0161en\u011bj\u0161\u00ed l\u00e9ka\u0159e. Byla to siamsk\u00e1 dvoj\u010data, srostl\u00e1 od hrudn\u00edku k","og_url":"https:\/\/mybook.am\/?p=20915","article_published_time":"2025-09-09T17:18:09+00:00","og_image":[{"width":682,"height":440,"url":"https:\/\/mybook.am\/wp-content\/uploads\/2025\/09\/1212121212121212.jpeg","type":"image\/jpeg"}],"author":"admin","twitter_card":"summary_large_image","twitter_misc":{"\u041d\u0430\u043f\u0438\u0441\u0430\u043d\u043e \u0430\u0432\u0442\u043e\u0440\u043e\u043c":"admin","\u041f\u0440\u0438\u043c\u0435\u0440\u043d\u043e\u0435 \u0432\u0440\u0435\u043c\u044f \u0434\u043b\u044f \u0447\u0442\u0435\u043d\u0438\u044f":"3 \u043c\u0438\u043d\u0443\u0442\u044b"},"schema":{"@context":"https:\/\/schema.org","@graph":[{"@type":"Article","@id":"https:\/\/mybook.am\/?p=20915#article","isPartOf":{"@id":"https:\/\/mybook.am\/?p=20915"},"author":{"name":"admin","@id":"https:\/\/mybook.am\/#\/schema\/person\/e730847942cff3a199774e803916e97e"},"headline":"\u201eVzp\u00edraly osudu: Neuv\u011b\u0159iteln\u00fd p\u0159\u00edb\u011bh siamsk\u00fdch dvoj\u010dat odd\u011blen\u00fdch v kojeneck\u00e9m v\u011bku\u201c","datePublished":"2025-09-09T17:18:09+00:00","mainEntityOfPage":{"@id":"https:\/\/mybook.am\/?p=20915"},"wordCount":636,"commentCount":0,"image":{"@id":"https:\/\/mybook.am\/?p=20915#primaryimage"},"thumbnailUrl":"https:\/\/mybook.am\/wp-content\/uploads\/2025\/09\/1212121212121212.jpeg","articleSection":["Amerika","\u010cesk\u00e1","FRANS"],"inLanguage":"ru-RU","potentialAction":[{"@type":"CommentAction","name":"Comment","target":["https:\/\/mybook.am\/?p=20915#respond"]}]},{"@type":"WebPage","@id":"https:\/\/mybook.am\/?p=20915","url":"https:\/\/mybook.am\/?p=20915","name":"\u201eVzp\u00edraly osudu: Neuv\u011b\u0159iteln\u00fd p\u0159\u00edb\u011bh siamsk\u00fdch dvoj\u010dat odd\u011blen\u00fdch v kojeneck\u00e9m v\u011bku\u201c -","isPartOf":{"@id":"https:\/\/mybook.am\/#website"},"primaryImageOfPage":{"@id":"https:\/\/mybook.am\/?p=20915#primaryimage"},"image":{"@id":"https:\/\/mybook.am\/?p=20915#primaryimage"},"thumbnailUrl":"https:\/\/mybook.am\/wp-content\/uploads\/2025\/09\/1212121212121212.jpeg","datePublished":"2025-09-09T17:18:09+00:00","author":{"@id":"https:\/\/mybook.am\/#\/schema\/person\/e730847942cff3a199774e803916e97e"},"breadcrumb":{"@id":"https:\/\/mybook.am\/?p=20915#breadcrumb"},"inLanguage":"ru-RU","potentialAction":[{"@type":"ReadAction","target":["https:\/\/mybook.am\/?p=20915"]}]},{"@type":"ImageObject","inLanguage":"ru-RU","@id":"https:\/\/mybook.am\/?p=20915#primaryimage","url":"https:\/\/mybook.am\/wp-content\/uploads\/2025\/09\/1212121212121212.jpeg","contentUrl":"https:\/\/mybook.am\/wp-content\/uploads\/2025\/09\/1212121212121212.jpeg","width":682,"height":440},{"@type":"BreadcrumbList","@id":"https:\/\/mybook.am\/?p=20915#breadcrumb","itemListElement":[{"@type":"ListItem","position":1,"name":"\u0413\u043b\u0430\u0432\u043d\u0430\u044f \u0441\u0442\u0440\u0430\u043d\u0438\u0446\u0430","item":"https:\/\/mybook.am\/"},{"@type":"ListItem","position":2,"name":"\u201eVzp\u00edraly osudu: Neuv\u011b\u0159iteln\u00fd p\u0159\u00edb\u011bh siamsk\u00fdch dvoj\u010dat odd\u011blen\u00fdch v kojeneck\u00e9m v\u011bku\u201c"}]},{"@type":"WebSite","@id":"https:\/\/mybook.am\/#website","url":"https:\/\/mybook.am\/","name":"","description":"","potentialAction":[{"@type":"SearchAction","target":{"@type":"EntryPoint","urlTemplate":"https:\/\/mybook.am\/?s={search_term_string}"},"query-input":{"@type":"PropertyValueSpecification","valueRequired":true,"valueName":"search_term_string"}}],"inLanguage":"ru-RU"},{"@type":"Person","@id":"https:\/\/mybook.am\/#\/schema\/person\/e730847942cff3a199774e803916e97e","name":"admin","image":{"@type":"ImageObject","inLanguage":"ru-RU","@id":"https:\/\/secure.gravatar.com\/avatar\/df64e550a0653b7be0f1bcf897f33faad9c2c8153472b2d9319beafb51370f6f?s=96&d=mm&r=g","url":"https:\/\/secure.gravatar.com\/avatar\/df64e550a0653b7be0f1bcf897f33faad9c2c8153472b2d9319beafb51370f6f?s=96&d=mm&r=g","contentUrl":"https:\/\/secure.gravatar.com\/avatar\/df64e550a0653b7be0f1bcf897f33faad9c2c8153472b2d9319beafb51370f6f?s=96&d=mm&r=g","caption":"admin"},"sameAs":["http:\/\/mybook.am"],"url":"https:\/\/mybook.am\/?author=1"}]}},"views":144,"_links":{"self":[{"href":"https:\/\/mybook.am\/index.php?rest_route=\/wp\/v2\/posts\/20915","targetHints":{"allow":["GET"]}}],"collection":[{"href":"https:\/\/mybook.am\/index.php?rest_route=\/wp\/v2\/posts"}],"about":[{"href":"https:\/\/mybook.am\/index.php?rest_route=\/wp\/v2\/types\/post"}],"author":[{"embeddable":true,"href":"https:\/\/mybook.am\/index.php?rest_route=\/wp\/v2\/users\/1"}],"replies":[{"embeddable":true,"href":"https:\/\/mybook.am\/index.php?rest_route=%2Fwp%2Fv2%2Fcomments&post=20915"}],"version-history":[{"count":1,"href":"https:\/\/mybook.am\/index.php?rest_route=\/wp\/v2\/posts\/20915\/revisions"}],"predecessor-version":[{"id":20917,"href":"https:\/\/mybook.am\/index.php?rest_route=\/wp\/v2\/posts\/20915\/revisions\/20917"}],"wp:featuredmedia":[{"embeddable":true,"href":"https:\/\/mybook.am\/index.php?rest_route=\/wp\/v2\/media\/20916"}],"wp:attachment":[{"href":"https:\/\/mybook.am\/index.php?rest_route=%2Fwp%2Fv2%2Fmedia&parent=20915"}],"wp:term":[{"taxonomy":"category","embeddable":true,"href":"https:\/\/mybook.am\/index.php?rest_route=%2Fwp%2Fv2%2Fcategories&post=20915"},{"taxonomy":"post_tag","embeddable":true,"href":"https:\/\/mybook.am\/index.php?rest_route=%2Fwp%2Fv2%2Ftags&post=20915"}],"curies":[{"name":"wp","href":"https:\/\/api.w.org\/{rel}","templated":true}]}}