{"id":20959,"date":"2025-09-12T21:42:48","date_gmt":"2025-09-12T18:42:48","guid":{"rendered":"https:\/\/mybook.am\/?p=20959"},"modified":"2025-09-12T21:42:49","modified_gmt":"2025-09-12T18:42:49","slug":"triadvacetileta-irina-zarutska-se-ocitla-v-centru-vysetrovani-kdo-si-pral-jeji-smrt","status":"publish","type":"post","link":"https:\/\/mybook.am\/?p=20959","title":{"rendered":"T\u0159iadvacetilet\u00e1 Irina Zarutsk\u00e1 se ocitla v centru vy\u0161et\u0159ov\u00e1n\u00ed: kdo si p\u0159\u00e1l jej\u00ed smrt?"},"content":{"rendered":"\n<p>Ve Spojen\u00fdch st\u00e1tech, v klidn\u00e9m a zd\u00e1nliv\u011b bezpe\u010dn\u00e9m m\u011bst\u011b Charlotte (Severn\u00ed Karol\u00edna), se stala trag\u00e9die, kter\u00e1 ot\u0159\u00e1sla m\u00edstn\u00ed komunitou a upoutala pozornost sv\u011btov\u00e9ho spole\u010denstv\u00ed. T\u0159iadvacetilet\u00e1 Ukrajinka Irina Zarutsk\u00e1, uprchlice prchaj\u00edc\u00ed p\u0159ed v\u00e1lkou ve sv\u00e9 vlasti, se stala ob\u011bt\u00ed brut\u00e1ln\u00edho zlo\u010dinu p\u0159\u00edmo ve voze ve\u0159ejn\u00e9 dopravy. Tato vra\u017eda nen\u00ed jen dal\u0161\u00edm krimin\u00e1ln\u00edm ozn\u00e1men\u00edm \u2013 stala se symbolem zranitelnosti lid\u00ed nucen\u00fdch hledat \u00fato\u010di\u0161t\u011b v zahrani\u010d\u00ed a vyvolala mnoho ot\u00e1zek ohledn\u011b bezpe\u010dnosti ve\u0159ejn\u00e9 dopravy a ohledn\u011b toho, kdo a pro\u010d se mohl rozhodnout sp\u00e1chat takov\u00fd zlo\u010din.<\/p>\n\n\n\n<p>Irina se p\u0159est\u011bhovala do Spojen\u00fdch st\u00e1t\u016f, aby hledala klidn\u00fd \u017eivot a budoucnost beze strachu. Severn\u00ed Karol\u00edna se j\u00ed zd\u00e1la jako m\u00edsto, kde by mohla za\u010d\u00edt znovu. Mlad\u00e1 \u017eena se nau\u010dila jazyk, hledala si pr\u00e1ci a p\u0159izp\u016fsobila se nov\u00fdm podm\u00ednk\u00e1m. Pro sv\u00e9 p\u0159\u00e1tele byla laskav\u00e1, soucitn\u00e1 a pln\u00e1 nad\u011bje v to nejlep\u0161\u00ed. Ale jeden srpnov\u00fd ve\u010der p\u0159eru\u0161il v\u0161echny jej\u00ed pl\u00e1ny.<\/p>\n\n\n\n<p>Podle policie k \u010dinu do\u0161lo na \u00faseku m\u011bstsk\u00e9 lehk\u00e9 kolejov\u00e9 s\u00edt\u011b, kter\u00e1 spojuje r\u016fzn\u00e9 oblasti Charlotte. Irina se vracela z pr\u00e1ce dom\u016f, kdy\u017e do vlaku nastoupil mu\u017e, kter\u00fd byl ji\u017e n\u011bkolikr\u00e1t spat\u0159en v konfliktn\u00edch situac\u00edch. Podle o\u010dit\u00fdch sv\u011bdk\u016f se choval agresivn\u011b, mluvil s\u00e1m pro sebe a vytv\u00e1\u0159el atmosf\u00e9ru nap\u011bt\u00ed. V\u0161echno se stalo n\u00e1hle: p\u00e1r rychl\u00fdch pohyb\u016f &#8212; a \u017eivot mlad\u00e9 \u017eeny byl zkr\u00e1cen.<\/p>\n\n\n\n<figure class=\"wp-block-image size-large\"><img loading=\"lazy\" decoding=\"async\" width=\"1024\" height=\"639\" src=\"https:\/\/mybook.am\/wp-content\/uploads\/2025\/09\/323001225-1024x639.jpg\" alt=\"\" class=\"wp-image-20960\" srcset=\"https:\/\/mybook.am\/wp-content\/uploads\/2025\/09\/323001225-1024x639.jpg 1024w, https:\/\/mybook.am\/wp-content\/uploads\/2025\/09\/323001225-300x187.jpg 300w, https:\/\/mybook.am\/wp-content\/uploads\/2025\/09\/323001225-768x479.jpg 768w, https:\/\/mybook.am\/wp-content\/uploads\/2025\/09\/323001225.jpg 1250w\" sizes=\"auto, (max-width: 1024px) 100vw, 1024px\" \/><\/figure>\n\n\n\n<p>M\u00edstn\u00ed obyvatel\u00e9 a cestuj\u00edc\u00ed v panice zavolali policii a sanitku. Na m\u00edsto dorazili policist\u00e9, kte\u0159\u00ed vlak uzav\u0159eli. Podez\u0159el\u00fd byl kr\u00e1tce nato zadr\u017een pobl\u00ed\u017e stanice. Pozd\u011bji se uk\u00e1zalo, \u017ee ji\u017e m\u00e1 z\u00e1znam v trestn\u00edm rejst\u0159\u00edku, mimo jin\u00e9 za napaden\u00ed a dr\u017een\u00ed zbran\u00ed. Tato skute\u010dnost vyvolala u justice z\u00e1plavu ot\u00e1zek: pro\u010d se \u010dlov\u011bk s takovou minulost\u00ed mohl klidn\u011b pohybovat po m\u011bst\u011b a skon\u010dit vedle bezbrann\u00fdch lid\u00ed?<\/p>\n\n\n\n<p>Vy\u0161et\u0159ov\u00e1n\u00ed zah\u00e1jen\u00e9 polici\u00ed v Charlotte st\u00e1le prob\u00edh\u00e1. Vy\u0161et\u0159ovatel\u00e9 se sna\u017e\u00ed zjistit v\u0161echny okolnosti \u010dinu: byl spont\u00e1nn\u00ed, nebo m\u011bl pachatel motiv. Verze o c\u00edlen\u00e9m \u00fatoku na Irinu zat\u00edm nebyla potvrzena, ale ani ofici\u00e1ln\u011b vylou\u010dena. Policist\u00e9 analyzuj\u00ed z\u00e1znamy z bezpe\u010dnostn\u00edch kamer, v\u00fdpov\u011bdi sv\u011bdk\u016f a p\u0159\u00edb\u011bh podez\u0159el\u00e9, aby z\u00edskali ucelen\u00fd obraz ud\u00e1lost\u00ed.<\/p>\n\n\n\n<p>Trag\u00e9die Iriny Zarutsk\u00e9 rozv\u00ed\u0159ila m\u00edstn\u00ed diasporu a aktivisty za lidsk\u00e1 pr\u00e1va. Ukrajinsk\u00e1 komunita v Severn\u00ed Karol\u00edn\u011b uspo\u0159\u00e1dala vzpom\u00ednkov\u00e9 akce a po\u017eaduje transparentn\u00ed vy\u0161et\u0159ov\u00e1n\u00ed. Lid\u00e9 nos\u00ed kv\u011btiny na stanici, kde k vra\u017ed\u011b do\u0161lo, zapaluj\u00ed sv\u00ed\u010dky a na soci\u00e1ln\u00edch s\u00edt\u00edch diskutuj\u00ed nejen o samotn\u00e9 trag\u00e9dii, ale i o pot\u0159eb\u011b reforem ve\u0159ejn\u00e9 bezpe\u010dnosti.<\/p>\n\n\n\n<p>Novin\u00e1\u0159i a experti zd\u016fraz\u0148uj\u00ed, \u017ee se tento zlo\u010din stal lakmusov\u00fdm pap\u00edrkem pro n\u011bkolik syst\u00e9m\u016f najednou. Zaprv\u00e9 pro bezpe\u010dnost dopravy: je dostatek kamer, hl\u00eddek a rychl\u00e9 reakce? Zadruh\u00e9 pro syst\u00e9m pomoci uprchl\u00edk\u016fm: nach\u00e1zej\u00ed se v podm\u00ednk\u00e1ch, kdy jsou zraniteln\u00ed v\u016f\u010di n\u00e1sil\u00ed? A kone\u010dn\u011b pro trestn\u00ed soudnictv\u00ed: jak se stalo, \u017ee mu\u017e s krimin\u00e1ln\u00ed minulost\u00ed skon\u010dil po boku mlad\u00e9 \u017eeny bez jak\u00e9koli kontroly?<\/p>\n\n\n\n<p>Irinin p\u0159\u00edb\u011bh byl osobn\u00ed trag\u00e9di\u00ed pro jej\u00ed rodinu a p\u0159\u00e1tele, ale tak\u00e9 ve\u0159ejn\u00fdm \u0161okem pro tis\u00edce lid\u00ed. Za such\u00fdmi zpr\u00e1vami se skr\u00fdv\u00e1 \u017eivot \u010dlov\u011bka pln\u00e9ho nad\u011bj\u00ed a pl\u00e1n\u016f. Jej\u00ed smrt zpochybnila obvykl\u00fd pocit bezpe\u010d\u00ed a donutila mnoh\u00e9 p\u0159ehodnotit, jak vn\u00edmaj\u00ed ve\u0159ejn\u00e1 prostranstv\u00ed.<\/p>\n\n\n\n<p>A\u010dkoli vy\u0161et\u0159ov\u00e1n\u00ed dosud nep\u0159ineslo definitivn\u00ed odpov\u011bdi na to, kdo a pro\u010d tento zlo\u010din sp\u00e1chal, jedno je jasn\u00e9: \u017eivot Iriny Zarutsk\u00e9 se stal tragickou p\u0159ipom\u00ednkou toho, \u017ee i v zem\u00edch, kter\u00e9 se zdaj\u00ed b\u00fdt bezpe\u010dn\u00e9 a stabiln\u00ed, existuje hrozba, se kterou se spole\u010dnost dosud nenau\u010dila vyrovnat. Ka\u017ed\u00fd den ve zpr\u00e1v\u00e1ch sly\u0161\u00edme \u010d\u00edsla, jm\u00e9na a data, ale za ka\u017ed\u00fdm takov\u00fdm p\u0159\u00edb\u011bhem se skr\u00fdv\u00e1 lidsk\u00fd osud.<\/p>\n\n\n\n<p>Irinina smrt by nem\u011bla b\u00fdt jen dal\u0161\u00ed \u0159\u00e1dkou v policejn\u00ed zpr\u00e1v\u011b. Je to v\u00fdzva pro v\u0161echny \u2013 pro \u00fa\u0159ady, pro justici, pro spole\u010dnost \u2013 pochopit, jak chr\u00e1nit ty, kte\u0159\u00ed hledaj\u00ed bezpe\u010d\u00ed, a jak v budoucnu p\u0159edch\u00e1zet takov\u00fdm trag\u00e9di\u00edm.<\/p>\n","protected":false},"excerpt":{"rendered":"Ve Spojen\u00fdch st\u00e1tech, v klidn\u00e9m a zd\u00e1nliv\u011b bezpe\u010dn\u00e9m m\u011bst\u011b Charlotte (Severn\u00ed Karol\u00edna), se stala trag\u00e9die, kter\u00e1 ot\u0159\u00e1sla m\u00edstn\u00ed komunitou a upoutala pozornost sv\u011btov\u00e9ho \n<a class=\"moretag\" href=\"https:\/\/mybook.am\/?p=20959\"> [...]<\/a>","protected":false},"author":1,"featured_media":20960,"comment_status":"open","ping_status":"open","sticky":false,"template":"","format":"standard","meta":{"footnotes":""},"categories":[2,1,3],"tags":[],"class_list":["post-20959","post","type-post","status-publish","format-standard","has-post-thumbnail","hentry","category-amerika","category-ceska","category-fotto"],"yoast_head":"<!-- This site is optimized with the Yoast SEO plugin v27.5 - https:\/\/yoast.com\/product\/yoast-seo-wordpress\/ -->\n<title>T\u0159iadvacetilet\u00e1 Irina Zarutsk\u00e1 se ocitla v centru vy\u0161et\u0159ov\u00e1n\u00ed: kdo si p\u0159\u00e1l jej\u00ed smrt? -<\/title>\n<meta name=\"robots\" content=\"index, follow, max-snippet:-1, max-image-preview:large, max-video-preview:-1\" \/>\n<link rel=\"canonical\" href=\"https:\/\/mybook.am\/?p=20959\" \/>\n<meta property=\"og:locale\" content=\"ru_RU\" \/>\n<meta property=\"og:type\" content=\"article\" \/>\n<meta property=\"og:title\" content=\"T\u0159iadvacetilet\u00e1 Irina Zarutsk\u00e1 se ocitla v centru vy\u0161et\u0159ov\u00e1n\u00ed: kdo si p\u0159\u00e1l jej\u00ed smrt? -\" \/>\n<meta property=\"og:description\" content=\"Ve Spojen\u00fdch st\u00e1tech, v klidn\u00e9m a zd\u00e1nliv\u011b bezpe\u010dn\u00e9m m\u011bst\u011b Charlotte (Severn\u00ed Karol\u00edna), se stala trag\u00e9die, kter\u00e1 ot\u0159\u00e1sla m\u00edstn\u00ed komunitou a upoutala pozornost sv\u011btov\u00e9ho\" \/>\n<meta property=\"og:url\" content=\"https:\/\/mybook.am\/?p=20959\" \/>\n<meta property=\"article:published_time\" content=\"2025-09-12T18:42:48+00:00\" \/>\n<meta property=\"article:modified_time\" content=\"2025-09-12T18:42:49+00:00\" \/>\n<meta property=\"og:image\" content=\"https:\/\/mybook.am\/wp-content\/uploads\/2025\/09\/323001225.jpg\" \/>\n\t<meta property=\"og:image:width\" content=\"1250\" \/>\n\t<meta property=\"og:image:height\" content=\"780\" \/>\n\t<meta property=\"og:image:type\" content=\"image\/jpeg\" \/>\n<meta name=\"author\" content=\"admin\" \/>\n<meta name=\"twitter:card\" content=\"summary_large_image\" \/>\n<meta name=\"twitter:label1\" content=\"\u041d\u0430\u043f\u0438\u0441\u0430\u043d\u043e \u0430\u0432\u0442\u043e\u0440\u043e\u043c\" \/>\n\t<meta name=\"twitter:data1\" content=\"admin\" \/>\n\t<meta name=\"twitter:label2\" content=\"\u041f\u0440\u0438\u043c\u0435\u0440\u043d\u043e\u0435 \u0432\u0440\u0435\u043c\u044f \u0434\u043b\u044f \u0447\u0442\u0435\u043d\u0438\u044f\" \/>\n\t<meta name=\"twitter:data2\" content=\"4 \u043c\u0438\u043d\u0443\u0442\u044b\" \/>\n<script type=\"application\/ld+json\" class=\"yoast-schema-graph\">{\"@context\":\"https:\\\/\\\/schema.org\",\"@graph\":[{\"@type\":\"Article\",\"@id\":\"https:\\\/\\\/mybook.am\\\/?p=20959#article\",\"isPartOf\":{\"@id\":\"https:\\\/\\\/mybook.am\\\/?p=20959\"},\"author\":{\"name\":\"admin\",\"@id\":\"https:\\\/\\\/mybook.am\\\/#\\\/schema\\\/person\\\/e730847942cff3a199774e803916e97e\"},\"headline\":\"T\u0159iadvacetilet\u00e1 Irina Zarutsk\u00e1 se ocitla v centru vy\u0161et\u0159ov\u00e1n\u00ed: kdo si p\u0159\u00e1l jej\u00ed smrt?\",\"datePublished\":\"2025-09-12T18:42:48+00:00\",\"dateModified\":\"2025-09-12T18:42:49+00:00\",\"mainEntityOfPage\":{\"@id\":\"https:\\\/\\\/mybook.am\\\/?p=20959\"},\"wordCount\":816,\"commentCount\":0,\"image\":{\"@id\":\"https:\\\/\\\/mybook.am\\\/?p=20959#primaryimage\"},\"thumbnailUrl\":\"https:\\\/\\\/mybook.am\\\/wp-content\\\/uploads\\\/2025\\\/09\\\/323001225.jpg\",\"articleSection\":[\"Amerika\",\"\u010cesk\u00e1\",\"FRANS\"],\"inLanguage\":\"ru-RU\",\"potentialAction\":[{\"@type\":\"CommentAction\",\"name\":\"Comment\",\"target\":[\"https:\\\/\\\/mybook.am\\\/?p=20959#respond\"]}]},{\"@type\":\"WebPage\",\"@id\":\"https:\\\/\\\/mybook.am\\\/?p=20959\",\"url\":\"https:\\\/\\\/mybook.am\\\/?p=20959\",\"name\":\"T\u0159iadvacetilet\u00e1 Irina Zarutsk\u00e1 se ocitla v centru vy\u0161et\u0159ov\u00e1n\u00ed: kdo si p\u0159\u00e1l jej\u00ed smrt? -\",\"isPartOf\":{\"@id\":\"https:\\\/\\\/mybook.am\\\/#website\"},\"primaryImageOfPage\":{\"@id\":\"https:\\\/\\\/mybook.am\\\/?p=20959#primaryimage\"},\"image\":{\"@id\":\"https:\\\/\\\/mybook.am\\\/?p=20959#primaryimage\"},\"thumbnailUrl\":\"https:\\\/\\\/mybook.am\\\/wp-content\\\/uploads\\\/2025\\\/09\\\/323001225.jpg\",\"datePublished\":\"2025-09-12T18:42:48+00:00\",\"dateModified\":\"2025-09-12T18:42:49+00:00\",\"author\":{\"@id\":\"https:\\\/\\\/mybook.am\\\/#\\\/schema\\\/person\\\/e730847942cff3a199774e803916e97e\"},\"breadcrumb\":{\"@id\":\"https:\\\/\\\/mybook.am\\\/?p=20959#breadcrumb\"},\"inLanguage\":\"ru-RU\",\"potentialAction\":[{\"@type\":\"ReadAction\",\"target\":[\"https:\\\/\\\/mybook.am\\\/?p=20959\"]}]},{\"@type\":\"ImageObject\",\"inLanguage\":\"ru-RU\",\"@id\":\"https:\\\/\\\/mybook.am\\\/?p=20959#primaryimage\",\"url\":\"https:\\\/\\\/mybook.am\\\/wp-content\\\/uploads\\\/2025\\\/09\\\/323001225.jpg\",\"contentUrl\":\"https:\\\/\\\/mybook.am\\\/wp-content\\\/uploads\\\/2025\\\/09\\\/323001225.jpg\",\"width\":1250,\"height\":780},{\"@type\":\"BreadcrumbList\",\"@id\":\"https:\\\/\\\/mybook.am\\\/?p=20959#breadcrumb\",\"itemListElement\":[{\"@type\":\"ListItem\",\"position\":1,\"name\":\"\u0413\u043b\u0430\u0432\u043d\u0430\u044f \u0441\u0442\u0440\u0430\u043d\u0438\u0446\u0430\",\"item\":\"https:\\\/\\\/mybook.am\\\/\"},{\"@type\":\"ListItem\",\"position\":2,\"name\":\"T\u0159iadvacetilet\u00e1 Irina Zarutsk\u00e1 se ocitla v centru vy\u0161et\u0159ov\u00e1n\u00ed: kdo si p\u0159\u00e1l jej\u00ed smrt?\"}]},{\"@type\":\"WebSite\",\"@id\":\"https:\\\/\\\/mybook.am\\\/#website\",\"url\":\"https:\\\/\\\/mybook.am\\\/\",\"name\":\"\",\"description\":\"\",\"potentialAction\":[{\"@type\":\"SearchAction\",\"target\":{\"@type\":\"EntryPoint\",\"urlTemplate\":\"https:\\\/\\\/mybook.am\\\/?s={search_term_string}\"},\"query-input\":{\"@type\":\"PropertyValueSpecification\",\"valueRequired\":true,\"valueName\":\"search_term_string\"}}],\"inLanguage\":\"ru-RU\"},{\"@type\":\"Person\",\"@id\":\"https:\\\/\\\/mybook.am\\\/#\\\/schema\\\/person\\\/e730847942cff3a199774e803916e97e\",\"name\":\"admin\",\"image\":{\"@type\":\"ImageObject\",\"inLanguage\":\"ru-RU\",\"@id\":\"https:\\\/\\\/secure.gravatar.com\\\/avatar\\\/df64e550a0653b7be0f1bcf897f33faad9c2c8153472b2d9319beafb51370f6f?s=96&d=mm&r=g\",\"url\":\"https:\\\/\\\/secure.gravatar.com\\\/avatar\\\/df64e550a0653b7be0f1bcf897f33faad9c2c8153472b2d9319beafb51370f6f?s=96&d=mm&r=g\",\"contentUrl\":\"https:\\\/\\\/secure.gravatar.com\\\/avatar\\\/df64e550a0653b7be0f1bcf897f33faad9c2c8153472b2d9319beafb51370f6f?s=96&d=mm&r=g\",\"caption\":\"admin\"},\"sameAs\":[\"http:\\\/\\\/mybook.am\"],\"url\":\"https:\\\/\\\/mybook.am\\\/?author=1\"}]}<\/script>\n<!-- \/ Yoast SEO plugin. -->","yoast_head_json":{"title":"T\u0159iadvacetilet\u00e1 Irina Zarutsk\u00e1 se ocitla v centru vy\u0161et\u0159ov\u00e1n\u00ed: kdo si p\u0159\u00e1l jej\u00ed smrt? -","robots":{"index":"index","follow":"follow","max-snippet":"max-snippet:-1","max-image-preview":"max-image-preview:large","max-video-preview":"max-video-preview:-1"},"canonical":"https:\/\/mybook.am\/?p=20959","og_locale":"ru_RU","og_type":"article","og_title":"T\u0159iadvacetilet\u00e1 Irina Zarutsk\u00e1 se ocitla v centru vy\u0161et\u0159ov\u00e1n\u00ed: kdo si p\u0159\u00e1l jej\u00ed smrt? -","og_description":"Ve Spojen\u00fdch st\u00e1tech, v klidn\u00e9m a zd\u00e1nliv\u011b bezpe\u010dn\u00e9m m\u011bst\u011b Charlotte (Severn\u00ed Karol\u00edna), se stala trag\u00e9die, kter\u00e1 ot\u0159\u00e1sla m\u00edstn\u00ed komunitou a upoutala pozornost sv\u011btov\u00e9ho","og_url":"https:\/\/mybook.am\/?p=20959","article_published_time":"2025-09-12T18:42:48+00:00","article_modified_time":"2025-09-12T18:42:49+00:00","og_image":[{"width":1250,"height":780,"url":"https:\/\/mybook.am\/wp-content\/uploads\/2025\/09\/323001225.jpg","type":"image\/jpeg"}],"author":"admin","twitter_card":"summary_large_image","twitter_misc":{"\u041d\u0430\u043f\u0438\u0441\u0430\u043d\u043e \u0430\u0432\u0442\u043e\u0440\u043e\u043c":"admin","\u041f\u0440\u0438\u043c\u0435\u0440\u043d\u043e\u0435 \u0432\u0440\u0435\u043c\u044f \u0434\u043b\u044f \u0447\u0442\u0435\u043d\u0438\u044f":"4 \u043c\u0438\u043d\u0443\u0442\u044b"},"schema":{"@context":"https:\/\/schema.org","@graph":[{"@type":"Article","@id":"https:\/\/mybook.am\/?p=20959#article","isPartOf":{"@id":"https:\/\/mybook.am\/?p=20959"},"author":{"name":"admin","@id":"https:\/\/mybook.am\/#\/schema\/person\/e730847942cff3a199774e803916e97e"},"headline":"T\u0159iadvacetilet\u00e1 Irina Zarutsk\u00e1 se ocitla v centru vy\u0161et\u0159ov\u00e1n\u00ed: kdo si p\u0159\u00e1l jej\u00ed smrt?","datePublished":"2025-09-12T18:42:48+00:00","dateModified":"2025-09-12T18:42:49+00:00","mainEntityOfPage":{"@id":"https:\/\/mybook.am\/?p=20959"},"wordCount":816,"commentCount":0,"image":{"@id":"https:\/\/mybook.am\/?p=20959#primaryimage"},"thumbnailUrl":"https:\/\/mybook.am\/wp-content\/uploads\/2025\/09\/323001225.jpg","articleSection":["Amerika","\u010cesk\u00e1","FRANS"],"inLanguage":"ru-RU","potentialAction":[{"@type":"CommentAction","name":"Comment","target":["https:\/\/mybook.am\/?p=20959#respond"]}]},{"@type":"WebPage","@id":"https:\/\/mybook.am\/?p=20959","url":"https:\/\/mybook.am\/?p=20959","name":"T\u0159iadvacetilet\u00e1 Irina Zarutsk\u00e1 se ocitla v centru vy\u0161et\u0159ov\u00e1n\u00ed: kdo si p\u0159\u00e1l jej\u00ed smrt? -","isPartOf":{"@id":"https:\/\/mybook.am\/#website"},"primaryImageOfPage":{"@id":"https:\/\/mybook.am\/?p=20959#primaryimage"},"image":{"@id":"https:\/\/mybook.am\/?p=20959#primaryimage"},"thumbnailUrl":"https:\/\/mybook.am\/wp-content\/uploads\/2025\/09\/323001225.jpg","datePublished":"2025-09-12T18:42:48+00:00","dateModified":"2025-09-12T18:42:49+00:00","author":{"@id":"https:\/\/mybook.am\/#\/schema\/person\/e730847942cff3a199774e803916e97e"},"breadcrumb":{"@id":"https:\/\/mybook.am\/?p=20959#breadcrumb"},"inLanguage":"ru-RU","potentialAction":[{"@type":"ReadAction","target":["https:\/\/mybook.am\/?p=20959"]}]},{"@type":"ImageObject","inLanguage":"ru-RU","@id":"https:\/\/mybook.am\/?p=20959#primaryimage","url":"https:\/\/mybook.am\/wp-content\/uploads\/2025\/09\/323001225.jpg","contentUrl":"https:\/\/mybook.am\/wp-content\/uploads\/2025\/09\/323001225.jpg","width":1250,"height":780},{"@type":"BreadcrumbList","@id":"https:\/\/mybook.am\/?p=20959#breadcrumb","itemListElement":[{"@type":"ListItem","position":1,"name":"\u0413\u043b\u0430\u0432\u043d\u0430\u044f \u0441\u0442\u0440\u0430\u043d\u0438\u0446\u0430","item":"https:\/\/mybook.am\/"},{"@type":"ListItem","position":2,"name":"T\u0159iadvacetilet\u00e1 Irina Zarutsk\u00e1 se ocitla v centru vy\u0161et\u0159ov\u00e1n\u00ed: kdo si p\u0159\u00e1l jej\u00ed smrt?"}]},{"@type":"WebSite","@id":"https:\/\/mybook.am\/#website","url":"https:\/\/mybook.am\/","name":"","description":"","potentialAction":[{"@type":"SearchAction","target":{"@type":"EntryPoint","urlTemplate":"https:\/\/mybook.am\/?s={search_term_string}"},"query-input":{"@type":"PropertyValueSpecification","valueRequired":true,"valueName":"search_term_string"}}],"inLanguage":"ru-RU"},{"@type":"Person","@id":"https:\/\/mybook.am\/#\/schema\/person\/e730847942cff3a199774e803916e97e","name":"admin","image":{"@type":"ImageObject","inLanguage":"ru-RU","@id":"https:\/\/secure.gravatar.com\/avatar\/df64e550a0653b7be0f1bcf897f33faad9c2c8153472b2d9319beafb51370f6f?s=96&d=mm&r=g","url":"https:\/\/secure.gravatar.com\/avatar\/df64e550a0653b7be0f1bcf897f33faad9c2c8153472b2d9319beafb51370f6f?s=96&d=mm&r=g","contentUrl":"https:\/\/secure.gravatar.com\/avatar\/df64e550a0653b7be0f1bcf897f33faad9c2c8153472b2d9319beafb51370f6f?s=96&d=mm&r=g","caption":"admin"},"sameAs":["http:\/\/mybook.am"],"url":"https:\/\/mybook.am\/?author=1"}]}},"views":337,"_links":{"self":[{"href":"https:\/\/mybook.am\/index.php?rest_route=\/wp\/v2\/posts\/20959","targetHints":{"allow":["GET"]}}],"collection":[{"href":"https:\/\/mybook.am\/index.php?rest_route=\/wp\/v2\/posts"}],"about":[{"href":"https:\/\/mybook.am\/index.php?rest_route=\/wp\/v2\/types\/post"}],"author":[{"embeddable":true,"href":"https:\/\/mybook.am\/index.php?rest_route=\/wp\/v2\/users\/1"}],"replies":[{"embeddable":true,"href":"https:\/\/mybook.am\/index.php?rest_route=%2Fwp%2Fv2%2Fcomments&post=20959"}],"version-history":[{"count":1,"href":"https:\/\/mybook.am\/index.php?rest_route=\/wp\/v2\/posts\/20959\/revisions"}],"predecessor-version":[{"id":20961,"href":"https:\/\/mybook.am\/index.php?rest_route=\/wp\/v2\/posts\/20959\/revisions\/20961"}],"wp:featuredmedia":[{"embeddable":true,"href":"https:\/\/mybook.am\/index.php?rest_route=\/wp\/v2\/media\/20960"}],"wp:attachment":[{"href":"https:\/\/mybook.am\/index.php?rest_route=%2Fwp%2Fv2%2Fmedia&parent=20959"}],"wp:term":[{"taxonomy":"category","embeddable":true,"href":"https:\/\/mybook.am\/index.php?rest_route=%2Fwp%2Fv2%2Fcategories&post=20959"},{"taxonomy":"post_tag","embeddable":true,"href":"https:\/\/mybook.am\/index.php?rest_route=%2Fwp%2Fv2%2Ftags&post=20959"}],"curies":[{"name":"wp","href":"https:\/\/api.w.org\/{rel}","templated":true}]}}