{"id":20974,"date":"2025-09-14T18:50:18","date_gmt":"2025-09-14T15:50:18","guid":{"rendered":"https:\/\/mybook.am\/?p=20974"},"modified":"2025-09-14T18:50:20","modified_gmt":"2025-09-14T15:50:20","slug":"jeho-vlastni-deti-nechaly-starce-v-lese-bez-jidla-a-vody-kvuli-jeho-dedictvi-ale-to-co-vlk-udelal-sokovalo-vsechny","status":"publish","type":"post","link":"https:\/\/mybook.am\/?p=20974","title":{"rendered":"Jeho vlastn\u00ed d\u011bti nechaly starce v lese bez j\u00eddla a vody kv\u016fli jeho d\u011bdictv\u00ed: ale to, co vlk ud\u011blal, \u0161okovalo v\u0161echny."},"content":{"rendered":"\n<p>Les byl t\u00e9 noci obzvl\u00e1\u0161t\u011b nemilosrdn\u00fd. Mokr\u00e9 v\u011btve \u0161kr\u00e1baly vzduch, ko\u0159eny se zabo\u0159ovaly do zem\u011b jako dr\u00e1py neviditeln\u00e9 p\u0159\u00ed\u0161ery a mlha halila ka\u017ed\u00fd pahorek. Sta\u0159ec sed\u011bl na \u00fapat\u00ed obrovsk\u00e9ho dubu, shrben\u00fd, jako by ho strom zlomil vedv\u00ed. D\u011bti, jeho vlastn\u00ed d\u011bti, ho sem vzaly jako na proch\u00e1zku a pak ode\u0161ly a nechaly ho v chladn\u00e9 tm\u011b bez drobku chleba a kapky vody. Cht\u011bly, aby se les stal jeho hrobem a zv\u00ed\u0159ata jeho katy.<\/p>\n\n\n\n<p>Dny jeho ml\u00e1d\u00ed byly d\u00e1vno pry\u010d. Kdysi postavil d\u016fm, oral p\u016fdu, pom\u00e1hal soused\u016fm, krmil pt\u00e1ky na parapetu. \u017dil \u010destn\u011b a vychov\u00e1val sv\u00e9 d\u011bti s p\u0159\u00edsnost\u00ed a l\u00e1skou, ale \u010das si vybral svou da\u0148: chamtivost a chladn\u00e1 lhostejnost v srdc\u00edch t\u011bch, kter\u00e9 kdysi dr\u017eel v n\u00e1ru\u010d\u00ed, se uk\u00e1zaly b\u00fdt siln\u011bj\u0161\u00ed ne\u017e vzpom\u00ednka na dobrotu. Necht\u011bli \u010dekat, a\u017e sta\u0159ec odejde s\u00e1m \u2013 pot\u0159ebovali jeho d\u016fm, pozemek, \u00faspory.<\/p>\n\n\n\n<p>Zmrzal a t\u0159\u00e1sl se. Ka\u017ed\u00fd pohyb v\u011btv\u00ed mu p\u0159ipom\u00ednal bl\u00ed\u017e\u00edc\u00ed se pred\u00e1tora. \u201eTakhle to skon\u010d\u00ed\u2026\u201c \u2013 pomyslel si a c\u00edtil, jak se strach a zoufalstv\u00ed spojuj\u00ed v jedno. V jednu chv\u00edli se mu dokonce zd\u00e1lo, \u017ee sly\u0161\u00ed d\u011btsk\u00e9 hlasy \u2013 ale byl to jen v\u00edtr \u0161ust\u00edc\u00ed mezi kmeny.<\/p>\n\n\n\n<p>N\u00e1hle no\u010dn\u00ed les o\u017eil. N\u011bkde vpravo praskla v\u011btev, vlevo za\u0161ustila tr\u00e1va. Sta\u0159ec zvedl hlavu a ve tm\u011b uvid\u011bl p\u00e1r z\u00e1\u0159\u00edc\u00edch te\u010dek. Vlk vy\u0161el z mlhy, jako by byl z jin\u00e9 reality: vysok\u00fd, mocn\u00fd, s hustou srst\u00ed, v n\u00ed\u017e se odr\u00e1\u017eelo bled\u00e9 sv\u011btlo m\u011bs\u00edce. Jeho kroky byly tich\u00e9, ale sebev\u011bdom\u00e9.<\/p>\n\n\n\n<figure class=\"wp-block-image size-full\"><img loading=\"lazy\" decoding=\"async\" width=\"752\" height=\"440\" src=\"https:\/\/mybook.am\/wp-content\/uploads\/2025\/09\/12121545478787.jpeg\" alt=\"\" class=\"wp-image-20975\" srcset=\"https:\/\/mybook.am\/wp-content\/uploads\/2025\/09\/12121545478787.jpeg 752w, https:\/\/mybook.am\/wp-content\/uploads\/2025\/09\/12121545478787-300x176.jpeg 300w\" sizes=\"auto, (max-width: 752px) 100vw, 752px\" \/><\/figure>\n\n\n\n<p>Sta\u0159ec c\u00edtil, jak mu sucho v krku. \u201eTohle je konec,\u201c problesklo mu hlavou. Zalo\u017eil si ruce, jako v d\u011btstv\u00ed, a za\u010dal se ti\u0161e modlit. Vlk se p\u0159ibl\u00ed\u017eil je\u0161t\u011b bl\u00ed\u017e, a\u017e k jeho dechu. Ale m\u00edsto vr\u010den\u00ed a vycen\u011bn\u00ed zub\u016f sta\u0159ec v jeho o\u010d\u00edch vid\u011bl n\u011bco jin\u00e9ho &#8212; ne hlad, ale podivn\u00e9 soust\u0159ed\u011bn\u00ed, t\u00e9m\u011b\u0159 smutek.<\/p>\n\n\n\n<p>Pred\u00e1tor se posadil o p\u00e1r krok\u016f d\u00e1l, sklonil hlavu, jako by naslouchal jeho slov\u016fm. Pak se n\u00e1hle zvedl, p\u0159istoupil ke star\u00e9mu dubu a jemn\u011b se mu dotkl rukou nosem. Sta\u0159ec m\u00e1lem ztratil v\u011bdom\u00ed: nebyl to \u00fatok, ale dotek, v n\u011bm\u017e byla tich\u00e1 obrana.<\/p>\n\n\n\n<p>Ub\u011bhla minuta, pak dal\u0161\u00ed. Vlk oto\u010dil hlavu sm\u011brem k hou\u0161t\u00ed a odtud se objevil dal\u0161\u00ed st\u00edn &#8212; samice se dv\u011bma vl\u010daty. Byla ostra\u017eit\u00e1, ale neza\u00fato\u010dila. Vlk ud\u011blal p\u00e1r krok\u016f vp\u0159ed, oto\u010dil se a znovu se pod\u00edval na starce, jako by ho vyz\u00fdval, aby ho n\u00e1sledoval. Sta\u0159ec nemohl uv\u011b\u0159it sv\u00fdm o\u010d\u00edm: nohy ho neposlouchaly, ale n\u011bjak\u00e1 s\u00edla ho zvedla. Ud\u011blal krok vp\u0159ed, pak dal\u0161\u00ed a brzy se ocitli na lesn\u00ed m\u00fdtin\u011b, kde tekl pramen.<\/p>\n\n\n\n<p>Sta\u0159ec padl na kolena, napil se studen\u00e9 vody a c\u00edtil, jak se mu do t\u011bla vrac\u00ed \u017eivot. Vlci neodch\u00e1zeli. St\u00e1li vedle n\u011bj, jako by ho st\u0159e\u017eili. Tak str\u00e1vil zbytek noci, zah\u0159\u00e1t\u00fd teplem jejich t\u011bl, p\u0159ikryt\u00fd star\u00fdm pl\u00e1\u0161t\u011bm. R\u00e1no k n\u011bmu p\u0159i\u0161li lesn\u00edci &#8212; znali starce a u\u017e dlouho ho hledali. Kdy\u017e spat\u0159ili obraz, on\u011bm\u011bli: kolem st\u00e1la sme\u010dka vlk\u016f a sta\u0159ec spal, polo\u017eil ruku na z\u00e1da v\u016fdce. Vlci se bez hl\u00e1sky rozprchli a nechali ho lidem.<\/p>\n\n\n\n<p>Zpr\u00e1va o tom se roz\u0161\u00ed\u0159ila po cel\u00e9m okol\u00ed. Lid\u00e9 \u0159\u00edkali, \u017ee se sama p\u0159\u00edroda bou\u0159\u00ed proti krutosti d\u011bt\u00ed, \u017ee les poslal sv\u00e9ho ochr\u00e1nce, aby zachr\u00e1nil \u017eivot mu\u017ee, kter\u00e9ho zradila jeho rodina. Sta\u0159ec p\u0159e\u017eil. Nevr\u00e1til se do sv\u00e9ho domova, ale prodal ho a pen\u00edze v\u011bnoval \u00fatulk\u016fm pro zv\u00ed\u0159ata a chud\u00fdm.<\/p>\n\n\n\n<p>D\u011bti, vyd\u011bd\u011bn\u00e9 a zat\u00ed\u017een\u00e9 hanbou, nez\u016fstaly s ni\u010d\u00edm. Sta\u0159ec na\u0161el novou rodinu &#8212; v t\u011bch, kte\u0159\u00ed mu projevili laskavost a zachr\u00e1nili ho p\u0159ed smrt\u00ed. A po mnoho let si lid\u00e9 vypr\u00e1v\u011bli tento p\u0159\u00edb\u011bh jako p\u0159ipom\u00ednku toho, \u017ee opravdov\u00fd soucit n\u011bkdy nepoch\u00e1z\u00ed od \u010dlov\u011bka, ale od divok\u00e9ho zv\u00ed\u0159ete, kter\u00e9 se uk\u00e1\u017ee b\u00fdt hum\u00e1nn\u011bj\u0161\u00ed ne\u017e p\u0159\u00edbuzn\u00ed.<\/p>\n\n\n\n<p>Les, vlk a jeho sme\u010dka tedy p\u0159epsali krutost n\u011bkoho jin\u00e9ho do p\u0159\u00edb\u011bhu o sp\u00e1se. A tento p\u0159\u00edb\u011bh \u0161okoval ka\u017ed\u00e9ho, kdo mu v\u011b\u0159il.<\/p>\n","protected":false},"excerpt":{"rendered":"Les byl t\u00e9 noci obzvl\u00e1\u0161t\u011b nemilosrdn\u00fd. Mokr\u00e9 v\u011btve \u0161kr\u00e1baly vzduch, ko\u0159eny se zabo\u0159ovaly do zem\u011b jako dr\u00e1py neviditeln\u00e9 p\u0159\u00ed\u0161ery a mlha halila ka\u017ed\u00fd \n<a class=\"moretag\" href=\"https:\/\/mybook.am\/?p=20974\"> [...]<\/a>","protected":false},"author":1,"featured_media":20975,"comment_status":"open","ping_status":"open","sticky":false,"template":"","format":"standard","meta":{"footnotes":""},"categories":[2,1,3],"tags":[],"class_list":["post-20974","post","type-post","status-publish","format-standard","has-post-thumbnail","hentry","category-amerika","category-ceska","category-fotto"],"yoast_head":"<!-- This site is optimized with the Yoast SEO plugin v27.5 - https:\/\/yoast.com\/product\/yoast-seo-wordpress\/ -->\n<title>Jeho vlastn\u00ed d\u011bti nechaly starce v lese bez j\u00eddla a vody kv\u016fli jeho d\u011bdictv\u00ed: ale to, co vlk ud\u011blal, \u0161okovalo v\u0161echny. -<\/title>\n<meta name=\"robots\" content=\"index, follow, max-snippet:-1, max-image-preview:large, max-video-preview:-1\" \/>\n<link rel=\"canonical\" href=\"https:\/\/mybook.am\/?p=20974\" \/>\n<meta property=\"og:locale\" content=\"ru_RU\" \/>\n<meta property=\"og:type\" content=\"article\" \/>\n<meta property=\"og:title\" content=\"Jeho vlastn\u00ed d\u011bti nechaly starce v lese bez j\u00eddla a vody kv\u016fli jeho d\u011bdictv\u00ed: ale to, co vlk ud\u011blal, \u0161okovalo v\u0161echny. -\" \/>\n<meta property=\"og:description\" content=\"Les byl t\u00e9 noci obzvl\u00e1\u0161t\u011b nemilosrdn\u00fd. Mokr\u00e9 v\u011btve \u0161kr\u00e1baly vzduch, ko\u0159eny se zabo\u0159ovaly do zem\u011b jako dr\u00e1py neviditeln\u00e9 p\u0159\u00ed\u0161ery a mlha halila ka\u017ed\u00fd\" \/>\n<meta property=\"og:url\" content=\"https:\/\/mybook.am\/?p=20974\" \/>\n<meta property=\"article:published_time\" content=\"2025-09-14T15:50:18+00:00\" \/>\n<meta property=\"article:modified_time\" content=\"2025-09-14T15:50:20+00:00\" \/>\n<meta property=\"og:image\" content=\"https:\/\/mybook.am\/wp-content\/uploads\/2025\/09\/12121545478787.jpeg\" \/>\n\t<meta property=\"og:image:width\" content=\"752\" \/>\n\t<meta property=\"og:image:height\" content=\"440\" \/>\n\t<meta property=\"og:image:type\" content=\"image\/jpeg\" \/>\n<meta name=\"author\" content=\"admin\" \/>\n<meta name=\"twitter:card\" content=\"summary_large_image\" \/>\n<meta name=\"twitter:label1\" content=\"\u041d\u0430\u043f\u0438\u0441\u0430\u043d\u043e \u0430\u0432\u0442\u043e\u0440\u043e\u043c\" \/>\n\t<meta name=\"twitter:data1\" content=\"admin\" \/>\n\t<meta name=\"twitter:label2\" content=\"\u041f\u0440\u0438\u043c\u0435\u0440\u043d\u043e\u0435 \u0432\u0440\u0435\u043c\u044f \u0434\u043b\u044f \u0447\u0442\u0435\u043d\u0438\u044f\" \/>\n\t<meta name=\"twitter:data2\" content=\"4 \u043c\u0438\u043d\u0443\u0442\u044b\" \/>\n<script type=\"application\/ld+json\" class=\"yoast-schema-graph\">{\"@context\":\"https:\\\/\\\/schema.org\",\"@graph\":[{\"@type\":\"Article\",\"@id\":\"https:\\\/\\\/mybook.am\\\/?p=20974#article\",\"isPartOf\":{\"@id\":\"https:\\\/\\\/mybook.am\\\/?p=20974\"},\"author\":{\"name\":\"admin\",\"@id\":\"https:\\\/\\\/mybook.am\\\/#\\\/schema\\\/person\\\/e730847942cff3a199774e803916e97e\"},\"headline\":\"Jeho vlastn\u00ed d\u011bti nechaly starce v lese bez j\u00eddla a vody kv\u016fli jeho d\u011bdictv\u00ed: ale to, co vlk ud\u011blal, \u0161okovalo v\u0161echny.\",\"datePublished\":\"2025-09-14T15:50:18+00:00\",\"dateModified\":\"2025-09-14T15:50:20+00:00\",\"mainEntityOfPage\":{\"@id\":\"https:\\\/\\\/mybook.am\\\/?p=20974\"},\"wordCount\":848,\"commentCount\":0,\"image\":{\"@id\":\"https:\\\/\\\/mybook.am\\\/?p=20974#primaryimage\"},\"thumbnailUrl\":\"https:\\\/\\\/mybook.am\\\/wp-content\\\/uploads\\\/2025\\\/09\\\/12121545478787.jpeg\",\"articleSection\":[\"Amerika\",\"\u010cesk\u00e1\",\"FRANS\"],\"inLanguage\":\"ru-RU\",\"potentialAction\":[{\"@type\":\"CommentAction\",\"name\":\"Comment\",\"target\":[\"https:\\\/\\\/mybook.am\\\/?p=20974#respond\"]}]},{\"@type\":\"WebPage\",\"@id\":\"https:\\\/\\\/mybook.am\\\/?p=20974\",\"url\":\"https:\\\/\\\/mybook.am\\\/?p=20974\",\"name\":\"Jeho vlastn\u00ed d\u011bti nechaly starce v lese bez j\u00eddla a vody kv\u016fli jeho d\u011bdictv\u00ed: ale to, co vlk ud\u011blal, \u0161okovalo v\u0161echny. -\",\"isPartOf\":{\"@id\":\"https:\\\/\\\/mybook.am\\\/#website\"},\"primaryImageOfPage\":{\"@id\":\"https:\\\/\\\/mybook.am\\\/?p=20974#primaryimage\"},\"image\":{\"@id\":\"https:\\\/\\\/mybook.am\\\/?p=20974#primaryimage\"},\"thumbnailUrl\":\"https:\\\/\\\/mybook.am\\\/wp-content\\\/uploads\\\/2025\\\/09\\\/12121545478787.jpeg\",\"datePublished\":\"2025-09-14T15:50:18+00:00\",\"dateModified\":\"2025-09-14T15:50:20+00:00\",\"author\":{\"@id\":\"https:\\\/\\\/mybook.am\\\/#\\\/schema\\\/person\\\/e730847942cff3a199774e803916e97e\"},\"breadcrumb\":{\"@id\":\"https:\\\/\\\/mybook.am\\\/?p=20974#breadcrumb\"},\"inLanguage\":\"ru-RU\",\"potentialAction\":[{\"@type\":\"ReadAction\",\"target\":[\"https:\\\/\\\/mybook.am\\\/?p=20974\"]}]},{\"@type\":\"ImageObject\",\"inLanguage\":\"ru-RU\",\"@id\":\"https:\\\/\\\/mybook.am\\\/?p=20974#primaryimage\",\"url\":\"https:\\\/\\\/mybook.am\\\/wp-content\\\/uploads\\\/2025\\\/09\\\/12121545478787.jpeg\",\"contentUrl\":\"https:\\\/\\\/mybook.am\\\/wp-content\\\/uploads\\\/2025\\\/09\\\/12121545478787.jpeg\",\"width\":752,\"height\":440},{\"@type\":\"BreadcrumbList\",\"@id\":\"https:\\\/\\\/mybook.am\\\/?p=20974#breadcrumb\",\"itemListElement\":[{\"@type\":\"ListItem\",\"position\":1,\"name\":\"\u0413\u043b\u0430\u0432\u043d\u0430\u044f \u0441\u0442\u0440\u0430\u043d\u0438\u0446\u0430\",\"item\":\"https:\\\/\\\/mybook.am\\\/\"},{\"@type\":\"ListItem\",\"position\":2,\"name\":\"Jeho vlastn\u00ed d\u011bti nechaly starce v lese bez j\u00eddla a vody kv\u016fli jeho d\u011bdictv\u00ed: ale to, co vlk ud\u011blal, \u0161okovalo v\u0161echny.\"}]},{\"@type\":\"WebSite\",\"@id\":\"https:\\\/\\\/mybook.am\\\/#website\",\"url\":\"https:\\\/\\\/mybook.am\\\/\",\"name\":\"\",\"description\":\"\",\"potentialAction\":[{\"@type\":\"SearchAction\",\"target\":{\"@type\":\"EntryPoint\",\"urlTemplate\":\"https:\\\/\\\/mybook.am\\\/?s={search_term_string}\"},\"query-input\":{\"@type\":\"PropertyValueSpecification\",\"valueRequired\":true,\"valueName\":\"search_term_string\"}}],\"inLanguage\":\"ru-RU\"},{\"@type\":\"Person\",\"@id\":\"https:\\\/\\\/mybook.am\\\/#\\\/schema\\\/person\\\/e730847942cff3a199774e803916e97e\",\"name\":\"admin\",\"image\":{\"@type\":\"ImageObject\",\"inLanguage\":\"ru-RU\",\"@id\":\"https:\\\/\\\/secure.gravatar.com\\\/avatar\\\/df64e550a0653b7be0f1bcf897f33faad9c2c8153472b2d9319beafb51370f6f?s=96&d=mm&r=g\",\"url\":\"https:\\\/\\\/secure.gravatar.com\\\/avatar\\\/df64e550a0653b7be0f1bcf897f33faad9c2c8153472b2d9319beafb51370f6f?s=96&d=mm&r=g\",\"contentUrl\":\"https:\\\/\\\/secure.gravatar.com\\\/avatar\\\/df64e550a0653b7be0f1bcf897f33faad9c2c8153472b2d9319beafb51370f6f?s=96&d=mm&r=g\",\"caption\":\"admin\"},\"sameAs\":[\"http:\\\/\\\/mybook.am\"],\"url\":\"https:\\\/\\\/mybook.am\\\/?author=1\"}]}<\/script>\n<!-- \/ Yoast SEO plugin. -->","yoast_head_json":{"title":"Jeho vlastn\u00ed d\u011bti nechaly starce v lese bez j\u00eddla a vody kv\u016fli jeho d\u011bdictv\u00ed: ale to, co vlk ud\u011blal, \u0161okovalo v\u0161echny. -","robots":{"index":"index","follow":"follow","max-snippet":"max-snippet:-1","max-image-preview":"max-image-preview:large","max-video-preview":"max-video-preview:-1"},"canonical":"https:\/\/mybook.am\/?p=20974","og_locale":"ru_RU","og_type":"article","og_title":"Jeho vlastn\u00ed d\u011bti nechaly starce v lese bez j\u00eddla a vody kv\u016fli jeho d\u011bdictv\u00ed: ale to, co vlk ud\u011blal, \u0161okovalo v\u0161echny. -","og_description":"Les byl t\u00e9 noci obzvl\u00e1\u0161t\u011b nemilosrdn\u00fd. Mokr\u00e9 v\u011btve \u0161kr\u00e1baly vzduch, ko\u0159eny se zabo\u0159ovaly do zem\u011b jako dr\u00e1py neviditeln\u00e9 p\u0159\u00ed\u0161ery a mlha halila ka\u017ed\u00fd","og_url":"https:\/\/mybook.am\/?p=20974","article_published_time":"2025-09-14T15:50:18+00:00","article_modified_time":"2025-09-14T15:50:20+00:00","og_image":[{"width":752,"height":440,"url":"https:\/\/mybook.am\/wp-content\/uploads\/2025\/09\/12121545478787.jpeg","type":"image\/jpeg"}],"author":"admin","twitter_card":"summary_large_image","twitter_misc":{"\u041d\u0430\u043f\u0438\u0441\u0430\u043d\u043e \u0430\u0432\u0442\u043e\u0440\u043e\u043c":"admin","\u041f\u0440\u0438\u043c\u0435\u0440\u043d\u043e\u0435 \u0432\u0440\u0435\u043c\u044f \u0434\u043b\u044f \u0447\u0442\u0435\u043d\u0438\u044f":"4 \u043c\u0438\u043d\u0443\u0442\u044b"},"schema":{"@context":"https:\/\/schema.org","@graph":[{"@type":"Article","@id":"https:\/\/mybook.am\/?p=20974#article","isPartOf":{"@id":"https:\/\/mybook.am\/?p=20974"},"author":{"name":"admin","@id":"https:\/\/mybook.am\/#\/schema\/person\/e730847942cff3a199774e803916e97e"},"headline":"Jeho vlastn\u00ed d\u011bti nechaly starce v lese bez j\u00eddla a vody kv\u016fli jeho d\u011bdictv\u00ed: ale to, co vlk ud\u011blal, \u0161okovalo v\u0161echny.","datePublished":"2025-09-14T15:50:18+00:00","dateModified":"2025-09-14T15:50:20+00:00","mainEntityOfPage":{"@id":"https:\/\/mybook.am\/?p=20974"},"wordCount":848,"commentCount":0,"image":{"@id":"https:\/\/mybook.am\/?p=20974#primaryimage"},"thumbnailUrl":"https:\/\/mybook.am\/wp-content\/uploads\/2025\/09\/12121545478787.jpeg","articleSection":["Amerika","\u010cesk\u00e1","FRANS"],"inLanguage":"ru-RU","potentialAction":[{"@type":"CommentAction","name":"Comment","target":["https:\/\/mybook.am\/?p=20974#respond"]}]},{"@type":"WebPage","@id":"https:\/\/mybook.am\/?p=20974","url":"https:\/\/mybook.am\/?p=20974","name":"Jeho vlastn\u00ed d\u011bti nechaly starce v lese bez j\u00eddla a vody kv\u016fli jeho d\u011bdictv\u00ed: ale to, co vlk ud\u011blal, \u0161okovalo v\u0161echny. -","isPartOf":{"@id":"https:\/\/mybook.am\/#website"},"primaryImageOfPage":{"@id":"https:\/\/mybook.am\/?p=20974#primaryimage"},"image":{"@id":"https:\/\/mybook.am\/?p=20974#primaryimage"},"thumbnailUrl":"https:\/\/mybook.am\/wp-content\/uploads\/2025\/09\/12121545478787.jpeg","datePublished":"2025-09-14T15:50:18+00:00","dateModified":"2025-09-14T15:50:20+00:00","author":{"@id":"https:\/\/mybook.am\/#\/schema\/person\/e730847942cff3a199774e803916e97e"},"breadcrumb":{"@id":"https:\/\/mybook.am\/?p=20974#breadcrumb"},"inLanguage":"ru-RU","potentialAction":[{"@type":"ReadAction","target":["https:\/\/mybook.am\/?p=20974"]}]},{"@type":"ImageObject","inLanguage":"ru-RU","@id":"https:\/\/mybook.am\/?p=20974#primaryimage","url":"https:\/\/mybook.am\/wp-content\/uploads\/2025\/09\/12121545478787.jpeg","contentUrl":"https:\/\/mybook.am\/wp-content\/uploads\/2025\/09\/12121545478787.jpeg","width":752,"height":440},{"@type":"BreadcrumbList","@id":"https:\/\/mybook.am\/?p=20974#breadcrumb","itemListElement":[{"@type":"ListItem","position":1,"name":"\u0413\u043b\u0430\u0432\u043d\u0430\u044f \u0441\u0442\u0440\u0430\u043d\u0438\u0446\u0430","item":"https:\/\/mybook.am\/"},{"@type":"ListItem","position":2,"name":"Jeho vlastn\u00ed d\u011bti nechaly starce v lese bez j\u00eddla a vody kv\u016fli jeho d\u011bdictv\u00ed: ale to, co vlk ud\u011blal, \u0161okovalo v\u0161echny."}]},{"@type":"WebSite","@id":"https:\/\/mybook.am\/#website","url":"https:\/\/mybook.am\/","name":"","description":"","potentialAction":[{"@type":"SearchAction","target":{"@type":"EntryPoint","urlTemplate":"https:\/\/mybook.am\/?s={search_term_string}"},"query-input":{"@type":"PropertyValueSpecification","valueRequired":true,"valueName":"search_term_string"}}],"inLanguage":"ru-RU"},{"@type":"Person","@id":"https:\/\/mybook.am\/#\/schema\/person\/e730847942cff3a199774e803916e97e","name":"admin","image":{"@type":"ImageObject","inLanguage":"ru-RU","@id":"https:\/\/secure.gravatar.com\/avatar\/df64e550a0653b7be0f1bcf897f33faad9c2c8153472b2d9319beafb51370f6f?s=96&d=mm&r=g","url":"https:\/\/secure.gravatar.com\/avatar\/df64e550a0653b7be0f1bcf897f33faad9c2c8153472b2d9319beafb51370f6f?s=96&d=mm&r=g","contentUrl":"https:\/\/secure.gravatar.com\/avatar\/df64e550a0653b7be0f1bcf897f33faad9c2c8153472b2d9319beafb51370f6f?s=96&d=mm&r=g","caption":"admin"},"sameAs":["http:\/\/mybook.am"],"url":"https:\/\/mybook.am\/?author=1"}]}},"views":180,"_links":{"self":[{"href":"https:\/\/mybook.am\/index.php?rest_route=\/wp\/v2\/posts\/20974","targetHints":{"allow":["GET"]}}],"collection":[{"href":"https:\/\/mybook.am\/index.php?rest_route=\/wp\/v2\/posts"}],"about":[{"href":"https:\/\/mybook.am\/index.php?rest_route=\/wp\/v2\/types\/post"}],"author":[{"embeddable":true,"href":"https:\/\/mybook.am\/index.php?rest_route=\/wp\/v2\/users\/1"}],"replies":[{"embeddable":true,"href":"https:\/\/mybook.am\/index.php?rest_route=%2Fwp%2Fv2%2Fcomments&post=20974"}],"version-history":[{"count":1,"href":"https:\/\/mybook.am\/index.php?rest_route=\/wp\/v2\/posts\/20974\/revisions"}],"predecessor-version":[{"id":20976,"href":"https:\/\/mybook.am\/index.php?rest_route=\/wp\/v2\/posts\/20974\/revisions\/20976"}],"wp:featuredmedia":[{"embeddable":true,"href":"https:\/\/mybook.am\/index.php?rest_route=\/wp\/v2\/media\/20975"}],"wp:attachment":[{"href":"https:\/\/mybook.am\/index.php?rest_route=%2Fwp%2Fv2%2Fmedia&parent=20974"}],"wp:term":[{"taxonomy":"category","embeddable":true,"href":"https:\/\/mybook.am\/index.php?rest_route=%2Fwp%2Fv2%2Fcategories&post=20974"},{"taxonomy":"post_tag","embeddable":true,"href":"https:\/\/mybook.am\/index.php?rest_route=%2Fwp%2Fv2%2Ftags&post=20974"}],"curies":[{"name":"wp","href":"https:\/\/api.w.org\/{rel}","templated":true}]}}