{"id":21001,"date":"2025-09-16T13:49:23","date_gmt":"2025-09-16T10:49:23","guid":{"rendered":"https:\/\/mybook.am\/?p=21001"},"modified":"2025-09-16T13:49:24","modified_gmt":"2025-09-16T10:49:24","slug":"zachranil-jelena-ze-smrtici-pasti-v-hlubokem-lese-ale-to-co-se-stalo-potom-otraslo-vsemi-do-morku-kosti","status":"publish","type":"post","link":"https:\/\/mybook.am\/?p=21001","title":{"rendered":"\u201eZachr\u00e1nil jelena ze smrt\u00edc\u00ed pasti v hlubok\u00e9m lese \u2013 ale to, co se stalo potom, ot\u0159\u00e1slo v\u0161emi do morku kost\u00ed.\u201c"},"content":{"rendered":"\n<p>Skupina turist\u016f se vydala na t\u00faru malebn\u00fdm lesem. Lid\u00e9 postavili stany, rozd\u011blali ohe\u0148, sm\u00e1li se, zp\u00edvali p\u00edsn\u011b a u\u017e\u00edvali si odpo\u010dinku. V\u0161echno bylo perfektn\u00ed, dokud si n\u011bkdo nev\u0161iml, \u017ee jeden z nich \u2013 mu\u017e asi p\u011btat\u0159iceti let \u2013 chyb\u00ed.<\/p>\n\n\n\n<p>Zpo\u010d\u00e1tku tomu nikdo nev\u011bnoval pozornost: usoudili, \u017ee si jen ode\u0161el vyfotit n\u011bco kr\u00e1sn\u00e9ho a brzy se vr\u00e1t\u00ed. Minuty ale plynuly a \u00fazkost s\u00edlila.<\/p>\n\n\n\n<p>Mezit\u00edm se mu\u017e s\u00e1m proch\u00e1zel lesem a v rukou dr\u017eel fotoapar\u00e1t. Jeho pozornost upoutala neobvykl\u00e1 rostlina pobl\u00ed\u017e cesty \u2013 zastavil se, ud\u011blal p\u00e1r fotek a kdy\u017e zvedl hlavu, s hr\u016fzou si uv\u011bdomil: cesta je pry\u010d. Rozhl\u00e9dl se kolem \u2013 kolem byly jen hust\u00e9 hou\u0161tiny.<\/p>\n\n\n\n<p>\u201eHej!\u201c k\u0159i\u010del. \u201eJsem tady!\u201c<\/p>\n\n\n\n<p>Ale jedinou odpov\u011bd\u00ed bylo ticho. \u0160el n\u00e1hodn\u011b a doufal, \u017ee naraz\u00ed na hlasy nebo kou\u0159 z ohn\u011b, ale s ka\u017edou minutou byl \u010d\u00edm d\u00e1l zmaten\u011bj\u0161\u00ed. Voda v l\u00e1hvi rychle do\u0161la, nem\u011bl v\u016fbec \u017e\u00e1dn\u00e9 j\u00eddlo. Les postupn\u011b potemn\u011bl, ochladlo se a jeho strach s\u00edlil.<\/p>\n\n\n\n<p>N\u011bkolik hodin k\u0159i\u010del a volal o pomoc, ale nikdo neodpov\u00eddal. A najednou se v tichu ozval zvl\u00e1\u0161tn\u00ed zvuk &#8212; jako s\u00edp\u00e1n\u00ed nebo st\u00e9n\u00e1n\u00ed. Mu\u017e ztuhl, srdce mu za\u010dalo b\u00edt rychleji. \u010cekal, \u017ee uvid\u00ed vlka nebo divo\u010d\u00e1ka, ale v k\u0159ov\u00ed se objevil jelen.<\/p>\n\n\n\n<figure class=\"wp-block-image size-full\"><img loading=\"lazy\" decoding=\"async\" width=\"800\" height=\"559\" src=\"https:\/\/mybook.am\/wp-content\/uploads\/2025\/09\/5125565.jpeg\" alt=\"\" class=\"wp-image-21002\" srcset=\"https:\/\/mybook.am\/wp-content\/uploads\/2025\/09\/5125565.jpeg 800w, https:\/\/mybook.am\/wp-content\/uploads\/2025\/09\/5125565-300x210.jpeg 300w, https:\/\/mybook.am\/wp-content\/uploads\/2025\/09\/5125565-768x537.jpeg 768w, https:\/\/mybook.am\/wp-content\/uploads\/2025\/09\/5125565-120x85.jpeg 120w\" sizes=\"auto, (max-width: 800px) 100vw, 800px\" \/><\/figure>\n\n\n\n<p>Zv\u00ed\u0159e se v\u0161ak ocitlo v kritick\u00e9 situaci: krk a t\u011blo m\u011bl pevn\u011b omotan\u00e9 provazem. Jelen se p\u0159evaloval, s\u00edpal a sotva d\u00fdchal.<\/p>\n\n\n\n<p>\u201eBo\u017ee\u2026\u201c vydechl turista a opatrn\u011b se p\u0159ibl\u00ed\u017eil. \u201eTicho, nejsem nep\u0159\u00edtel. Pom\u016f\u017eu v\u00e1m.\u201c<\/p>\n\n\n\n<p>Pomalu nat\u00e1hl ruce a sna\u017eil se zv\u00ed\u0159e nevyd\u011bsit. Jelen dupal nohama, chrochtal, ale neutekl \u2013 jako by pochopil, \u017ee mu\u017e chce opravdu pomoci.<\/p>\n\n\n\n<p>Mu\u017e vyt\u00e1hl n\u016f\u017e a s nap\u00edn\u00e1n\u00edm klen\u00ed za\u010dal st\u0159\u00edhat tlust\u00e9 lano. Poka\u017ed\u00e9, kdy\u017e \u0159ez \u0159ezal, jelen sebou \u0161kubl, ale postupn\u011b se uklidnil.<\/p>\n\n\n\n<p>Nakonec lano sklouzlo k zemi. Zv\u00ed\u0159e se zhluboka nadechlo a ztuhlo, d\u00edvaje se p\u0159\u00edmo na mu\u017ee.<\/p>\n\n\n\n<p>\u201eTo je ono, jsi voln\u00fd\u2026\u201c vydechl mu\u017e a ustoupil.<\/p>\n\n\n\n<p>A pak se stalo n\u011bco \u00fa\u017easn\u00e9ho. Jelen neutekl do lesa, jak by se dalo o\u010dek\u00e1vat. Ud\u011blal p\u00e1r krok\u016f vp\u0159ed, p\u0159ibl\u00ed\u017eil se k mu\u017ei a sotva znateln\u011b mu str\u010dil \u010denich do dlan\u011b, jako by mu d\u011bkoval. Tento okam\u017eik se zd\u00e1l neskute\u010dn\u00fd, jako by byl vytr\u017een z legendy. Mu\u017e c\u00edtil tepl\u00fd dech bestie, sly\u0161el jej\u00ed zrychlen\u00fd tep a poprv\u00e9 po mnoha hodin\u00e1ch se c\u00edtil klidn\u00fd.<\/p>\n\n\n\n<p>Jelen se oto\u010dil a \u0161el vp\u0159ed, ka\u017ed\u00fdch p\u00e1r metr\u016f se ohl\u00ed\u017eel. Mu\u017e, nech\u00e1paje pro\u010d, ho n\u00e1sledoval. \u0160li asi p\u016fl hodiny, dokud les postupn\u011b nez\u0159\u00eddl a najednou se mezi stromy objevila zn\u00e1m\u00e1 m\u00fdtina. Jeho druhov\u00e9 tam st\u00e1li a zmaten\u011b se rozhl\u00ed\u017eeli.<\/p>\n\n\n\n<p>\u201eTady jsi!\u201c k\u0159i\u010deli turist\u00e9 a \u0159\u00edtili se k n\u011bmu.<\/p>\n\n\n\n<p>Mu\u017e se ohl\u00e9dl \u2013 jelen byl pry\u010d. Pohybovaly se jen v\u011btve, jako by n\u011bkdo ti\u0161e zmizel v hlubin\u00e1ch lesa. Sna\u017eil se vysv\u011btlit, co se stalo, ukazoval n\u016f\u017e a zbytky lana, ale nikdo tomu vlastn\u011b nerozum\u011bl. Pro jeho p\u0159\u00e1tele to vypadalo jako zvl\u00e1\u0161tn\u00ed n\u00e1hoda: mu\u017e zmizel a o hodinu pozd\u011bji se s\u00e1m objevil.<\/p>\n\n\n\n<p>Ale pro n\u011bj to n\u00e1hoda nebyla. Ch\u00e1pal: neb\u00fdt toho zvuku, neb\u00fdt setk\u00e1n\u00ed s jelenem, mo\u017en\u00e1 by nikdy nena\u0161el cestu zp\u011bt. Zv\u00ed\u0159e nejen z\u00edskalo svobodu, ale tak\u00e9 ho vyvedlo z hust\u00e9ho lesa, jako by samo znalo cestu.<\/p>\n\n\n\n<p>Pozd\u011bji, ji\u017e ve m\u011bst\u011b, mu\u017e dlouho nemohl zapomenout na tento pohled &#8212; o\u010di divok\u00e9ho zv\u00ed\u0159ete, v nich\u017e nebyl ani strach, ani zloba, jen nepochopiteln\u00e1 moudrost. Za\u010dal hledat informace o tom, kde jinde byly podobn\u00e9 p\u0159\u00edpady vid\u011bny, a na\u0161el p\u0159\u00edb\u011bhy, kdy se zachr\u00e1n\u011bn\u00e1 zv\u00ed\u0159ata vr\u00e1tila, aby pomohla sv\u00fdm zachr\u00e1nc\u016fm.<\/p>\n\n\n\n<p>Od t\u00e9 doby se jeho \u017eivot zm\u011bnil. P\u0159estal vn\u00edmat p\u0159\u00edrodu jako dekoraci pro kr\u00e1sn\u00e9 fotografie, stal se dobrovoln\u00edkem v organizaci na ochranu divok\u00fdch zv\u00ed\u0159at a nyn\u00ed chod\u00ed do lesa jen s mapou a kompasem, nezapom\u00ednaje, \u017ee tam \u017eij\u00ed tvorov\u00e9, kte\u0159\u00ed dok\u00e1\u017e\u00ed c\u00edtit, pamatovat si a dokonce &#8212; jak nyn\u00ed v\u011b\u0159\u00ed &#8212; d\u011bkovat.<\/p>\n\n\n\n<p>Tato ud\u00e1lost pro n\u011bj z\u016fstala nejsiln\u011bj\u0161\u00ed a nejz\u00e1hadn\u011bj\u0161\u00ed vzpom\u00ednkou. Zachr\u00e1nil jelena, ale nakonec to byl jelen, kdo zachr\u00e1nil jeho &#8212; a p\u0159ipomn\u011bl n\u00e1m, \u017ee hranice mezi \u010dlov\u011bkem a p\u0159\u00edrodou je ten\u010d\u00ed, ne\u017e si mysl\u00edme.<\/p>\n","protected":false},"excerpt":{"rendered":"Skupina turist\u016f se vydala na t\u00faru malebn\u00fdm lesem. Lid\u00e9 postavili stany, rozd\u011blali ohe\u0148, sm\u00e1li se, zp\u00edvali p\u00edsn\u011b a u\u017e\u00edvali si odpo\u010dinku. V\u0161echno bylo \n<a class=\"moretag\" href=\"https:\/\/mybook.am\/?p=21001\"> [...]<\/a>","protected":false},"author":1,"featured_media":21002,"comment_status":"open","ping_status":"open","sticky":false,"template":"","format":"standard","meta":{"footnotes":""},"categories":[2,1,3],"tags":[],"class_list":["post-21001","post","type-post","status-publish","format-standard","has-post-thumbnail","hentry","category-amerika","category-ceska","category-fotto"],"yoast_head":"<!-- This site is optimized with the Yoast SEO plugin v27.5 - https:\/\/yoast.com\/product\/yoast-seo-wordpress\/ -->\n<title>\u201eZachr\u00e1nil jelena ze smrt\u00edc\u00ed pasti v hlubok\u00e9m lese \u2013 ale to, co se stalo potom, ot\u0159\u00e1slo v\u0161emi do morku kost\u00ed.\u201c -<\/title>\n<meta name=\"robots\" content=\"index, follow, max-snippet:-1, max-image-preview:large, max-video-preview:-1\" \/>\n<link rel=\"canonical\" href=\"https:\/\/mybook.am\/?p=21001\" \/>\n<meta property=\"og:locale\" content=\"ru_RU\" \/>\n<meta property=\"og:type\" content=\"article\" \/>\n<meta property=\"og:title\" content=\"\u201eZachr\u00e1nil jelena ze smrt\u00edc\u00ed pasti v hlubok\u00e9m lese \u2013 ale to, co se stalo potom, ot\u0159\u00e1slo v\u0161emi do morku kost\u00ed.\u201c -\" \/>\n<meta property=\"og:description\" content=\"Skupina turist\u016f se vydala na t\u00faru malebn\u00fdm lesem. Lid\u00e9 postavili stany, rozd\u011blali ohe\u0148, sm\u00e1li se, zp\u00edvali p\u00edsn\u011b a u\u017e\u00edvali si odpo\u010dinku. V\u0161echno bylo\" \/>\n<meta property=\"og:url\" content=\"https:\/\/mybook.am\/?p=21001\" \/>\n<meta property=\"article:published_time\" content=\"2025-09-16T10:49:23+00:00\" \/>\n<meta property=\"article:modified_time\" content=\"2025-09-16T10:49:24+00:00\" \/>\n<meta property=\"og:image\" content=\"https:\/\/mybook.am\/wp-content\/uploads\/2025\/09\/5125565.jpeg\" \/>\n\t<meta property=\"og:image:width\" content=\"800\" \/>\n\t<meta property=\"og:image:height\" content=\"559\" \/>\n\t<meta property=\"og:image:type\" content=\"image\/jpeg\" \/>\n<meta name=\"author\" content=\"admin\" \/>\n<meta name=\"twitter:card\" content=\"summary_large_image\" \/>\n<meta name=\"twitter:label1\" content=\"\u041d\u0430\u043f\u0438\u0441\u0430\u043d\u043e \u0430\u0432\u0442\u043e\u0440\u043e\u043c\" \/>\n\t<meta name=\"twitter:data1\" content=\"admin\" \/>\n\t<meta name=\"twitter:label2\" content=\"\u041f\u0440\u0438\u043c\u0435\u0440\u043d\u043e\u0435 \u0432\u0440\u0435\u043c\u044f \u0434\u043b\u044f \u0447\u0442\u0435\u043d\u0438\u044f\" \/>\n\t<meta name=\"twitter:data2\" content=\"4 \u043c\u0438\u043d\u0443\u0442\u044b\" \/>\n<script type=\"application\/ld+json\" class=\"yoast-schema-graph\">{\"@context\":\"https:\\\/\\\/schema.org\",\"@graph\":[{\"@type\":\"Article\",\"@id\":\"https:\\\/\\\/mybook.am\\\/?p=21001#article\",\"isPartOf\":{\"@id\":\"https:\\\/\\\/mybook.am\\\/?p=21001\"},\"author\":{\"name\":\"admin\",\"@id\":\"https:\\\/\\\/mybook.am\\\/#\\\/schema\\\/person\\\/e730847942cff3a199774e803916e97e\"},\"headline\":\"\u201eZachr\u00e1nil jelena ze smrt\u00edc\u00ed pasti v hlubok\u00e9m lese \u2013 ale to, co se stalo potom, ot\u0159\u00e1slo v\u0161emi do morku kost\u00ed.\u201c\",\"datePublished\":\"2025-09-16T10:49:23+00:00\",\"dateModified\":\"2025-09-16T10:49:24+00:00\",\"mainEntityOfPage\":{\"@id\":\"https:\\\/\\\/mybook.am\\\/?p=21001\"},\"wordCount\":843,\"commentCount\":0,\"image\":{\"@id\":\"https:\\\/\\\/mybook.am\\\/?p=21001#primaryimage\"},\"thumbnailUrl\":\"https:\\\/\\\/mybook.am\\\/wp-content\\\/uploads\\\/2025\\\/09\\\/5125565.jpeg\",\"articleSection\":[\"Amerika\",\"\u010cesk\u00e1\",\"FRANS\"],\"inLanguage\":\"ru-RU\",\"potentialAction\":[{\"@type\":\"CommentAction\",\"name\":\"Comment\",\"target\":[\"https:\\\/\\\/mybook.am\\\/?p=21001#respond\"]}]},{\"@type\":\"WebPage\",\"@id\":\"https:\\\/\\\/mybook.am\\\/?p=21001\",\"url\":\"https:\\\/\\\/mybook.am\\\/?p=21001\",\"name\":\"\u201eZachr\u00e1nil jelena ze smrt\u00edc\u00ed pasti v hlubok\u00e9m lese \u2013 ale to, co se stalo potom, ot\u0159\u00e1slo v\u0161emi do morku kost\u00ed.\u201c -\",\"isPartOf\":{\"@id\":\"https:\\\/\\\/mybook.am\\\/#website\"},\"primaryImageOfPage\":{\"@id\":\"https:\\\/\\\/mybook.am\\\/?p=21001#primaryimage\"},\"image\":{\"@id\":\"https:\\\/\\\/mybook.am\\\/?p=21001#primaryimage\"},\"thumbnailUrl\":\"https:\\\/\\\/mybook.am\\\/wp-content\\\/uploads\\\/2025\\\/09\\\/5125565.jpeg\",\"datePublished\":\"2025-09-16T10:49:23+00:00\",\"dateModified\":\"2025-09-16T10:49:24+00:00\",\"author\":{\"@id\":\"https:\\\/\\\/mybook.am\\\/#\\\/schema\\\/person\\\/e730847942cff3a199774e803916e97e\"},\"breadcrumb\":{\"@id\":\"https:\\\/\\\/mybook.am\\\/?p=21001#breadcrumb\"},\"inLanguage\":\"ru-RU\",\"potentialAction\":[{\"@type\":\"ReadAction\",\"target\":[\"https:\\\/\\\/mybook.am\\\/?p=21001\"]}]},{\"@type\":\"ImageObject\",\"inLanguage\":\"ru-RU\",\"@id\":\"https:\\\/\\\/mybook.am\\\/?p=21001#primaryimage\",\"url\":\"https:\\\/\\\/mybook.am\\\/wp-content\\\/uploads\\\/2025\\\/09\\\/5125565.jpeg\",\"contentUrl\":\"https:\\\/\\\/mybook.am\\\/wp-content\\\/uploads\\\/2025\\\/09\\\/5125565.jpeg\",\"width\":800,\"height\":559},{\"@type\":\"BreadcrumbList\",\"@id\":\"https:\\\/\\\/mybook.am\\\/?p=21001#breadcrumb\",\"itemListElement\":[{\"@type\":\"ListItem\",\"position\":1,\"name\":\"\u0413\u043b\u0430\u0432\u043d\u0430\u044f \u0441\u0442\u0440\u0430\u043d\u0438\u0446\u0430\",\"item\":\"https:\\\/\\\/mybook.am\\\/\"},{\"@type\":\"ListItem\",\"position\":2,\"name\":\"\u201eZachr\u00e1nil jelena ze smrt\u00edc\u00ed pasti v hlubok\u00e9m lese \u2013 ale to, co se stalo potom, ot\u0159\u00e1slo v\u0161emi do morku kost\u00ed.\u201c\"}]},{\"@type\":\"WebSite\",\"@id\":\"https:\\\/\\\/mybook.am\\\/#website\",\"url\":\"https:\\\/\\\/mybook.am\\\/\",\"name\":\"\",\"description\":\"\",\"potentialAction\":[{\"@type\":\"SearchAction\",\"target\":{\"@type\":\"EntryPoint\",\"urlTemplate\":\"https:\\\/\\\/mybook.am\\\/?s={search_term_string}\"},\"query-input\":{\"@type\":\"PropertyValueSpecification\",\"valueRequired\":true,\"valueName\":\"search_term_string\"}}],\"inLanguage\":\"ru-RU\"},{\"@type\":\"Person\",\"@id\":\"https:\\\/\\\/mybook.am\\\/#\\\/schema\\\/person\\\/e730847942cff3a199774e803916e97e\",\"name\":\"admin\",\"image\":{\"@type\":\"ImageObject\",\"inLanguage\":\"ru-RU\",\"@id\":\"https:\\\/\\\/secure.gravatar.com\\\/avatar\\\/df64e550a0653b7be0f1bcf897f33faad9c2c8153472b2d9319beafb51370f6f?s=96&d=mm&r=g\",\"url\":\"https:\\\/\\\/secure.gravatar.com\\\/avatar\\\/df64e550a0653b7be0f1bcf897f33faad9c2c8153472b2d9319beafb51370f6f?s=96&d=mm&r=g\",\"contentUrl\":\"https:\\\/\\\/secure.gravatar.com\\\/avatar\\\/df64e550a0653b7be0f1bcf897f33faad9c2c8153472b2d9319beafb51370f6f?s=96&d=mm&r=g\",\"caption\":\"admin\"},\"sameAs\":[\"http:\\\/\\\/mybook.am\"],\"url\":\"https:\\\/\\\/mybook.am\\\/?author=1\"}]}<\/script>\n<!-- \/ Yoast SEO plugin. -->","yoast_head_json":{"title":"\u201eZachr\u00e1nil jelena ze smrt\u00edc\u00ed pasti v hlubok\u00e9m lese \u2013 ale to, co se stalo potom, ot\u0159\u00e1slo v\u0161emi do morku kost\u00ed.\u201c -","robots":{"index":"index","follow":"follow","max-snippet":"max-snippet:-1","max-image-preview":"max-image-preview:large","max-video-preview":"max-video-preview:-1"},"canonical":"https:\/\/mybook.am\/?p=21001","og_locale":"ru_RU","og_type":"article","og_title":"\u201eZachr\u00e1nil jelena ze smrt\u00edc\u00ed pasti v hlubok\u00e9m lese \u2013 ale to, co se stalo potom, ot\u0159\u00e1slo v\u0161emi do morku kost\u00ed.\u201c -","og_description":"Skupina turist\u016f se vydala na t\u00faru malebn\u00fdm lesem. Lid\u00e9 postavili stany, rozd\u011blali ohe\u0148, sm\u00e1li se, zp\u00edvali p\u00edsn\u011b a u\u017e\u00edvali si odpo\u010dinku. V\u0161echno bylo","og_url":"https:\/\/mybook.am\/?p=21001","article_published_time":"2025-09-16T10:49:23+00:00","article_modified_time":"2025-09-16T10:49:24+00:00","og_image":[{"width":800,"height":559,"url":"https:\/\/mybook.am\/wp-content\/uploads\/2025\/09\/5125565.jpeg","type":"image\/jpeg"}],"author":"admin","twitter_card":"summary_large_image","twitter_misc":{"\u041d\u0430\u043f\u0438\u0441\u0430\u043d\u043e \u0430\u0432\u0442\u043e\u0440\u043e\u043c":"admin","\u041f\u0440\u0438\u043c\u0435\u0440\u043d\u043e\u0435 \u0432\u0440\u0435\u043c\u044f \u0434\u043b\u044f \u0447\u0442\u0435\u043d\u0438\u044f":"4 \u043c\u0438\u043d\u0443\u0442\u044b"},"schema":{"@context":"https:\/\/schema.org","@graph":[{"@type":"Article","@id":"https:\/\/mybook.am\/?p=21001#article","isPartOf":{"@id":"https:\/\/mybook.am\/?p=21001"},"author":{"name":"admin","@id":"https:\/\/mybook.am\/#\/schema\/person\/e730847942cff3a199774e803916e97e"},"headline":"\u201eZachr\u00e1nil jelena ze smrt\u00edc\u00ed pasti v hlubok\u00e9m lese \u2013 ale to, co se stalo potom, ot\u0159\u00e1slo v\u0161emi do morku kost\u00ed.\u201c","datePublished":"2025-09-16T10:49:23+00:00","dateModified":"2025-09-16T10:49:24+00:00","mainEntityOfPage":{"@id":"https:\/\/mybook.am\/?p=21001"},"wordCount":843,"commentCount":0,"image":{"@id":"https:\/\/mybook.am\/?p=21001#primaryimage"},"thumbnailUrl":"https:\/\/mybook.am\/wp-content\/uploads\/2025\/09\/5125565.jpeg","articleSection":["Amerika","\u010cesk\u00e1","FRANS"],"inLanguage":"ru-RU","potentialAction":[{"@type":"CommentAction","name":"Comment","target":["https:\/\/mybook.am\/?p=21001#respond"]}]},{"@type":"WebPage","@id":"https:\/\/mybook.am\/?p=21001","url":"https:\/\/mybook.am\/?p=21001","name":"\u201eZachr\u00e1nil jelena ze smrt\u00edc\u00ed pasti v hlubok\u00e9m lese \u2013 ale to, co se stalo potom, ot\u0159\u00e1slo v\u0161emi do morku kost\u00ed.\u201c -","isPartOf":{"@id":"https:\/\/mybook.am\/#website"},"primaryImageOfPage":{"@id":"https:\/\/mybook.am\/?p=21001#primaryimage"},"image":{"@id":"https:\/\/mybook.am\/?p=21001#primaryimage"},"thumbnailUrl":"https:\/\/mybook.am\/wp-content\/uploads\/2025\/09\/5125565.jpeg","datePublished":"2025-09-16T10:49:23+00:00","dateModified":"2025-09-16T10:49:24+00:00","author":{"@id":"https:\/\/mybook.am\/#\/schema\/person\/e730847942cff3a199774e803916e97e"},"breadcrumb":{"@id":"https:\/\/mybook.am\/?p=21001#breadcrumb"},"inLanguage":"ru-RU","potentialAction":[{"@type":"ReadAction","target":["https:\/\/mybook.am\/?p=21001"]}]},{"@type":"ImageObject","inLanguage":"ru-RU","@id":"https:\/\/mybook.am\/?p=21001#primaryimage","url":"https:\/\/mybook.am\/wp-content\/uploads\/2025\/09\/5125565.jpeg","contentUrl":"https:\/\/mybook.am\/wp-content\/uploads\/2025\/09\/5125565.jpeg","width":800,"height":559},{"@type":"BreadcrumbList","@id":"https:\/\/mybook.am\/?p=21001#breadcrumb","itemListElement":[{"@type":"ListItem","position":1,"name":"\u0413\u043b\u0430\u0432\u043d\u0430\u044f \u0441\u0442\u0440\u0430\u043d\u0438\u0446\u0430","item":"https:\/\/mybook.am\/"},{"@type":"ListItem","position":2,"name":"\u201eZachr\u00e1nil jelena ze smrt\u00edc\u00ed pasti v hlubok\u00e9m lese \u2013 ale to, co se stalo potom, ot\u0159\u00e1slo v\u0161emi do morku kost\u00ed.\u201c"}]},{"@type":"WebSite","@id":"https:\/\/mybook.am\/#website","url":"https:\/\/mybook.am\/","name":"","description":"","potentialAction":[{"@type":"SearchAction","target":{"@type":"EntryPoint","urlTemplate":"https:\/\/mybook.am\/?s={search_term_string}"},"query-input":{"@type":"PropertyValueSpecification","valueRequired":true,"valueName":"search_term_string"}}],"inLanguage":"ru-RU"},{"@type":"Person","@id":"https:\/\/mybook.am\/#\/schema\/person\/e730847942cff3a199774e803916e97e","name":"admin","image":{"@type":"ImageObject","inLanguage":"ru-RU","@id":"https:\/\/secure.gravatar.com\/avatar\/df64e550a0653b7be0f1bcf897f33faad9c2c8153472b2d9319beafb51370f6f?s=96&d=mm&r=g","url":"https:\/\/secure.gravatar.com\/avatar\/df64e550a0653b7be0f1bcf897f33faad9c2c8153472b2d9319beafb51370f6f?s=96&d=mm&r=g","contentUrl":"https:\/\/secure.gravatar.com\/avatar\/df64e550a0653b7be0f1bcf897f33faad9c2c8153472b2d9319beafb51370f6f?s=96&d=mm&r=g","caption":"admin"},"sameAs":["http:\/\/mybook.am"],"url":"https:\/\/mybook.am\/?author=1"}]}},"views":167,"_links":{"self":[{"href":"https:\/\/mybook.am\/index.php?rest_route=\/wp\/v2\/posts\/21001","targetHints":{"allow":["GET"]}}],"collection":[{"href":"https:\/\/mybook.am\/index.php?rest_route=\/wp\/v2\/posts"}],"about":[{"href":"https:\/\/mybook.am\/index.php?rest_route=\/wp\/v2\/types\/post"}],"author":[{"embeddable":true,"href":"https:\/\/mybook.am\/index.php?rest_route=\/wp\/v2\/users\/1"}],"replies":[{"embeddable":true,"href":"https:\/\/mybook.am\/index.php?rest_route=%2Fwp%2Fv2%2Fcomments&post=21001"}],"version-history":[{"count":1,"href":"https:\/\/mybook.am\/index.php?rest_route=\/wp\/v2\/posts\/21001\/revisions"}],"predecessor-version":[{"id":21003,"href":"https:\/\/mybook.am\/index.php?rest_route=\/wp\/v2\/posts\/21001\/revisions\/21003"}],"wp:featuredmedia":[{"embeddable":true,"href":"https:\/\/mybook.am\/index.php?rest_route=\/wp\/v2\/media\/21002"}],"wp:attachment":[{"href":"https:\/\/mybook.am\/index.php?rest_route=%2Fwp%2Fv2%2Fmedia&parent=21001"}],"wp:term":[{"taxonomy":"category","embeddable":true,"href":"https:\/\/mybook.am\/index.php?rest_route=%2Fwp%2Fv2%2Fcategories&post=21001"},{"taxonomy":"post_tag","embeddable":true,"href":"https:\/\/mybook.am\/index.php?rest_route=%2Fwp%2Fv2%2Ftags&post=21001"}],"curies":[{"name":"wp","href":"https:\/\/api.w.org\/{rel}","templated":true}]}}