{"id":21015,"date":"2025-09-17T13:58:59","date_gmt":"2025-09-17T10:58:59","guid":{"rendered":"https:\/\/mybook.am\/?p=21015"},"modified":"2025-09-17T13:59:00","modified_gmt":"2025-09-17T10:59:00","slug":"muj-syn-nechal-sveho-petileteho-syna-venku-v-zime-na-ctyri-hodiny-to-co-jsem-udelala-potom-navzdy-zmenilo-nasi-rodinu","status":"publish","type":"post","link":"https:\/\/mybook.am\/?p=21015","title":{"rendered":"M\u016fj syn nechal sv\u00e9ho p\u011btilet\u00e9ho syna venku v zim\u011b na \u010dty\u0159i hodiny: to, co jsem ud\u011blala potom, nav\u017edy zm\u011bnilo na\u0161i rodinu."},"content":{"rendered":"\n<p>M\u011bla to b\u00fdt rutinn\u00ed n\u00e1v\u0161t\u011bva \u2013 cht\u011bla jsem jen pop\u0159\u00e1t vnukovi k narozenin\u00e1m, d\u00e1t mu d\u00e1rek a str\u00e1vit s n\u00edm p\u00e1r hodin. M\u00edsto radosti m\u011b ale \u010dekal \u0161ok, ze kter\u00e9ho se dodnes nem\u016f\u017eu vzpamatovat. Kdy\u017e jsem zastavila u synova domu, prvn\u00ed pohled na verandu m\u011b ohromil: m\u016fj p\u011btilet\u00fd vnuk tam st\u00e1l v tenk\u00e9 bund\u011b, bez \u010depice a \u0161\u00e1ly, s modr\u00fdmi prsty. T\u0159\u00e1sl se, ruce m\u011bl p\u0159itisknut\u00e9 k hrudi, rty se mu sotva h\u00fdbaly.<\/p>\n\n\n\n<p>\u201eD\u011bdo\u2026 Nem\u016f\u017eu dovnit\u0159,\u201c zask\u0159ehotal a sotva m\u011b vid\u011bl.<\/p>\n\n\n\n<p>Naklonila jsem se k n\u011bmu a c\u00edtila jeho ledov\u00e9 prsty. Z oken domu se linul sm\u00edch, cink\u00e1n\u00ed sklenic a hudba. Venku bylo teplo a slavnostn\u011b. M\u016fj vnuk tam st\u00e1l, mal\u00fd a bezbrann\u00fd.<\/p>\n\n\n\n<p>\u201eJak dlouho u\u017e tu jsi?\u201c zeptala jsem se. \u201eOd dne\u0161n\u00edho r\u00e1na\u2026 jsem doma,\u201c odpov\u011bd\u011bl sotva sly\u0161iteln\u011b.<\/p>\n\n\n\n<p>Slova p\u011btilet\u00e9ho d\u00edt\u011bte m\u011b zas\u00e1hla siln\u011bji ne\u017e jak\u00fdkoli v\u00fdk\u0159ik. V\u00edce ne\u017e \u010dty\u0159i hodiny v chladu. \u017d\u00e1dn\u00e9 j\u00eddlo, \u017e\u00e1dn\u00e1 voda, \u017e\u00e1dn\u00e1 p\u00e9\u010de. Prost\u011b proto, \u017ee se \u201e\u0161patn\u011b choval\u201c. V\u011bd\u011bl jsem, \u017ee se m\u016fj syn po smrti matky znovu o\u017eenil, ale nedok\u00e1zal jsem si p\u0159edstavit, \u017ee by ho jeho nov\u00e1 \u017eena takhle vychov\u00e1vala, nebo \u017ee by to syn dovolil.<\/p>\n\n\n\n<figure class=\"wp-block-image size-full\"><img loading=\"lazy\" decoding=\"async\" width=\"800\" height=\"631\" src=\"https:\/\/mybook.am\/wp-content\/uploads\/2025\/09\/12158556.jpeg\" alt=\"\" class=\"wp-image-21016\" srcset=\"https:\/\/mybook.am\/wp-content\/uploads\/2025\/09\/12158556.jpeg 800w, https:\/\/mybook.am\/wp-content\/uploads\/2025\/09\/12158556-300x237.jpeg 300w, https:\/\/mybook.am\/wp-content\/uploads\/2025\/09\/12158556-768x606.jpeg 768w\" sizes=\"auto, (max-width: 800px) 100vw, 800px\" \/><\/figure>\n\n\n\n<p>Ztratil jsem nervy. Popadl jsem vnuka a vb\u011bhl do domu. Tam, u velk\u00e9ho stolu, m\u016fj syn, jeho \u017eena a host\u00e9 zvedali skleni\u010dky. Ztuhli, kdy\u017e jsem vtrhl dovnit\u0159:<\/p>\n\n\n\n<p>\u201eCh\u00e1pe\u0161, co jsi provedl?!\u201c M\u016fj hlas se t\u0159\u00e1sl vzteky. \u201eZat\u00edmco ty pije\u0161 a sm\u011bje\u0161 se, d\u00edt\u011b stoj\u00ed venku a mrzne!\u201c<\/p>\n\n\n\n<p>M\u016fj syn vstal a sna\u017eil se vzpamatovat:<\/p>\n\n\n\n<p>\u201eJe to na\u0161e v\u011bc, tati. Je trestan\u00fd. Nevm\u011b\u0161 se do toho.\u201c<\/p>\n\n\n\n<p>P\u0159eru\u0161il jsem ho:<\/p>\n\n\n\n<p>\u201eTvoje v\u011bc? Tv\u00fdm \u00fakolem je ho chr\u00e1nit a milovat.\u201c Opustil jsi ho v zim\u011b jako toulav\u00e9ho psa!<\/p>\n\n\n\n<p>Jeho \u017eena se ke mn\u011b p\u0159ibl\u00ed\u017eila s chladn\u00fdm pohledem a sev\u0159en\u00fdmi rty:<\/p>\n\n\n\n<p>\u201eToto je m\u016fj domov. Vychov\u00e1m ho, jak uzn\u00e1m za vhodn\u00e9.\u201c<\/p>\n\n\n\n<p>V tu chv\u00edli se ve mn\u011b n\u011bco zlomilo. Uv\u011bdomil jsem si, \u017ee u\u017e d\u00e9le nem\u016f\u017eu ml\u010det. Vnuk se mi t\u0159\u00e1sl v n\u00e1ru\u010d\u00ed a dosp\u011bl\u00ed se chovali, jako by se nic nestalo. Pod\u00edval jsem se synovi p\u0159\u00edmo do o\u010d\u00ed a \u0159ekl:<\/p>\n\n\n\n<p>\u201eNez\u016fstane tu ani minutu d\u00e9le. Vezmu si ho.\u201c<\/p>\n\n\n\n<p>Syn se nejd\u0159\u00edv sna\u017eil h\u00e1dat, ale kdy\u017e vid\u011bl m\u00e9 odhodl\u00e1n\u00ed, sklopil zrak. Host\u00e9 odstr\u010dili br\u00fdle a v m\u00edstnosti se rozhostilo t\u011b\u017ek\u00e9 ticho. Ode\u0161el jsem, ani\u017e bych \u010dekal na odpov\u011b\u010f, a chlapce jsem pevn\u011b objal.<\/p>\n\n\n\n<p>T\u00e9m\u011b\u0159 okam\u017eit\u011b usnul v aut\u011b a h\u0159\u00e1l se pod m\u00fdm kab\u00e1tem. D\u00edval jsem se mu do tv\u00e1\u0159e a \u017easl, jak snadno mohou dosp\u011bl\u00ed prom\u011bnit \u017eivot d\u00edt\u011bte v no\u010dn\u00ed m\u016fru, kdy\u017e ztrat\u00ed smysl pro zodpov\u011bdnost.<\/p>\n\n\n\n<p>Od t\u00e9 doby uplynulo n\u011bkolik m\u011bs\u00edc\u016f. Zas\u00e1hly slu\u017eby ochrany d\u011bt\u00ed a m\u016fj syn i jeho \u017eena museli podstoupit vy\u0161et\u0159en\u00ed a \u0161kolen\u00ed. M\u016fj vnuk te\u010f bydl\u00ed se mnou a poprv\u00e9 po dlouh\u00e9 dob\u011b se znovu usm\u00edv\u00e1, us\u00edn\u00e1 bez strachu a probouz\u00ed se v teple.<\/p>\n\n\n\n<p>N\u011bkdy si \u0159\u00edk\u00e1m: co by se stalo, kdybych p\u0159i\u0161la pozd\u011bji, o hodinu nebo dv\u011b? Zvl\u00e1dla bych to? Ale v\u017edycky se vrac\u00edm k jedn\u00e9 v\u011bci: ten den jsem ud\u011blala to, co by m\u011bl d\u011blat ka\u017ed\u00fd \u010dlov\u011bk. A mo\u017en\u00e1 pr\u00e1v\u011b toto rozhodnut\u00ed zachr\u00e1nilo m\u00e9ho vnuka nejen p\u0159ed zimou, ale i p\u0159ed \u017eivotem, ve kter\u00e9m by se c\u00edtil necht\u011bn\u00fd.<\/p>\n\n\n\n<p>Te\u010f tento p\u0159\u00edb\u011bh vypr\u00e1v\u00edm ostatn\u00edm ne proto, abych vyvolala l\u00edtost, ale abych jim p\u0159ipomn\u011bla: lhostejnost zab\u00edj\u00ed rychleji ne\u017e mr\u00e1z. Nebojte se zas\u00e1hnout, pokud vid\u00edte nespravedlnost, zvl\u00e1\u0161t\u011b kdy\u017e trp\u00ed d\u00edt\u011b. N\u011bkdy jeden \u010din m\u016f\u017ee zm\u011bnit osud cel\u00e9 rodiny.<\/p>\n","protected":false},"excerpt":{"rendered":"M\u011bla to b\u00fdt rutinn\u00ed n\u00e1v\u0161t\u011bva \u2013 cht\u011bla jsem jen pop\u0159\u00e1t vnukovi k narozenin\u00e1m, d\u00e1t mu d\u00e1rek a str\u00e1vit s n\u00edm p\u00e1r hodin. M\u00edsto \n<a class=\"moretag\" href=\"https:\/\/mybook.am\/?p=21015\"> [...]<\/a>","protected":false},"author":1,"featured_media":21016,"comment_status":"open","ping_status":"open","sticky":false,"template":"","format":"standard","meta":{"footnotes":""},"categories":[2,1,3],"tags":[],"class_list":["post-21015","post","type-post","status-publish","format-standard","has-post-thumbnail","hentry","category-amerika","category-ceska","category-fotto"],"yoast_head":"<!-- This site is optimized with the Yoast SEO plugin v27.5 - https:\/\/yoast.com\/product\/yoast-seo-wordpress\/ -->\n<title>M\u016fj syn nechal sv\u00e9ho p\u011btilet\u00e9ho syna venku v zim\u011b na \u010dty\u0159i hodiny: to, co jsem ud\u011blala potom, nav\u017edy zm\u011bnilo na\u0161i rodinu. -<\/title>\n<meta name=\"robots\" content=\"index, follow, max-snippet:-1, max-image-preview:large, max-video-preview:-1\" \/>\n<link rel=\"canonical\" href=\"https:\/\/mybook.am\/?p=21015\" \/>\n<meta property=\"og:locale\" content=\"ru_RU\" \/>\n<meta property=\"og:type\" content=\"article\" \/>\n<meta property=\"og:title\" content=\"M\u016fj syn nechal sv\u00e9ho p\u011btilet\u00e9ho syna venku v zim\u011b na \u010dty\u0159i hodiny: to, co jsem ud\u011blala potom, nav\u017edy zm\u011bnilo na\u0161i rodinu. -\" \/>\n<meta property=\"og:description\" content=\"M\u011bla to b\u00fdt rutinn\u00ed n\u00e1v\u0161t\u011bva \u2013 cht\u011bla jsem jen pop\u0159\u00e1t vnukovi k narozenin\u00e1m, d\u00e1t mu d\u00e1rek a str\u00e1vit s n\u00edm p\u00e1r hodin. M\u00edsto\" \/>\n<meta property=\"og:url\" content=\"https:\/\/mybook.am\/?p=21015\" \/>\n<meta property=\"article:published_time\" content=\"2025-09-17T10:58:59+00:00\" \/>\n<meta property=\"article:modified_time\" content=\"2025-09-17T10:59:00+00:00\" \/>\n<meta property=\"og:image\" content=\"https:\/\/mybook.am\/wp-content\/uploads\/2025\/09\/12158556.jpeg\" \/>\n\t<meta property=\"og:image:width\" content=\"800\" \/>\n\t<meta property=\"og:image:height\" content=\"631\" \/>\n\t<meta property=\"og:image:type\" content=\"image\/jpeg\" \/>\n<meta name=\"author\" content=\"admin\" \/>\n<meta name=\"twitter:card\" content=\"summary_large_image\" \/>\n<meta name=\"twitter:label1\" content=\"\u041d\u0430\u043f\u0438\u0441\u0430\u043d\u043e \u0430\u0432\u0442\u043e\u0440\u043e\u043c\" \/>\n\t<meta name=\"twitter:data1\" content=\"admin\" \/>\n\t<meta name=\"twitter:label2\" content=\"\u041f\u0440\u0438\u043c\u0435\u0440\u043d\u043e\u0435 \u0432\u0440\u0435\u043c\u044f \u0434\u043b\u044f \u0447\u0442\u0435\u043d\u0438\u044f\" \/>\n\t<meta name=\"twitter:data2\" content=\"4 \u043c\u0438\u043d\u0443\u0442\u044b\" \/>\n<script type=\"application\/ld+json\" class=\"yoast-schema-graph\">{\"@context\":\"https:\\\/\\\/schema.org\",\"@graph\":[{\"@type\":\"Article\",\"@id\":\"https:\\\/\\\/mybook.am\\\/?p=21015#article\",\"isPartOf\":{\"@id\":\"https:\\\/\\\/mybook.am\\\/?p=21015\"},\"author\":{\"name\":\"admin\",\"@id\":\"https:\\\/\\\/mybook.am\\\/#\\\/schema\\\/person\\\/e730847942cff3a199774e803916e97e\"},\"headline\":\"M\u016fj syn nechal sv\u00e9ho p\u011btilet\u00e9ho syna venku v zim\u011b na \u010dty\u0159i hodiny: to, co jsem ud\u011blala potom, nav\u017edy zm\u011bnilo na\u0161i rodinu.\",\"datePublished\":\"2025-09-17T10:58:59+00:00\",\"dateModified\":\"2025-09-17T10:59:00+00:00\",\"mainEntityOfPage\":{\"@id\":\"https:\\\/\\\/mybook.am\\\/?p=21015\"},\"wordCount\":751,\"commentCount\":0,\"image\":{\"@id\":\"https:\\\/\\\/mybook.am\\\/?p=21015#primaryimage\"},\"thumbnailUrl\":\"https:\\\/\\\/mybook.am\\\/wp-content\\\/uploads\\\/2025\\\/09\\\/12158556.jpeg\",\"articleSection\":[\"Amerika\",\"\u010cesk\u00e1\",\"FRANS\"],\"inLanguage\":\"ru-RU\",\"potentialAction\":[{\"@type\":\"CommentAction\",\"name\":\"Comment\",\"target\":[\"https:\\\/\\\/mybook.am\\\/?p=21015#respond\"]}]},{\"@type\":\"WebPage\",\"@id\":\"https:\\\/\\\/mybook.am\\\/?p=21015\",\"url\":\"https:\\\/\\\/mybook.am\\\/?p=21015\",\"name\":\"M\u016fj syn nechal sv\u00e9ho p\u011btilet\u00e9ho syna venku v zim\u011b na \u010dty\u0159i hodiny: to, co jsem ud\u011blala potom, nav\u017edy zm\u011bnilo na\u0161i rodinu. -\",\"isPartOf\":{\"@id\":\"https:\\\/\\\/mybook.am\\\/#website\"},\"primaryImageOfPage\":{\"@id\":\"https:\\\/\\\/mybook.am\\\/?p=21015#primaryimage\"},\"image\":{\"@id\":\"https:\\\/\\\/mybook.am\\\/?p=21015#primaryimage\"},\"thumbnailUrl\":\"https:\\\/\\\/mybook.am\\\/wp-content\\\/uploads\\\/2025\\\/09\\\/12158556.jpeg\",\"datePublished\":\"2025-09-17T10:58:59+00:00\",\"dateModified\":\"2025-09-17T10:59:00+00:00\",\"author\":{\"@id\":\"https:\\\/\\\/mybook.am\\\/#\\\/schema\\\/person\\\/e730847942cff3a199774e803916e97e\"},\"breadcrumb\":{\"@id\":\"https:\\\/\\\/mybook.am\\\/?p=21015#breadcrumb\"},\"inLanguage\":\"ru-RU\",\"potentialAction\":[{\"@type\":\"ReadAction\",\"target\":[\"https:\\\/\\\/mybook.am\\\/?p=21015\"]}]},{\"@type\":\"ImageObject\",\"inLanguage\":\"ru-RU\",\"@id\":\"https:\\\/\\\/mybook.am\\\/?p=21015#primaryimage\",\"url\":\"https:\\\/\\\/mybook.am\\\/wp-content\\\/uploads\\\/2025\\\/09\\\/12158556.jpeg\",\"contentUrl\":\"https:\\\/\\\/mybook.am\\\/wp-content\\\/uploads\\\/2025\\\/09\\\/12158556.jpeg\",\"width\":800,\"height\":631},{\"@type\":\"BreadcrumbList\",\"@id\":\"https:\\\/\\\/mybook.am\\\/?p=21015#breadcrumb\",\"itemListElement\":[{\"@type\":\"ListItem\",\"position\":1,\"name\":\"\u0413\u043b\u0430\u0432\u043d\u0430\u044f \u0441\u0442\u0440\u0430\u043d\u0438\u0446\u0430\",\"item\":\"https:\\\/\\\/mybook.am\\\/\"},{\"@type\":\"ListItem\",\"position\":2,\"name\":\"M\u016fj syn nechal sv\u00e9ho p\u011btilet\u00e9ho syna venku v zim\u011b na \u010dty\u0159i hodiny: to, co jsem ud\u011blala potom, nav\u017edy zm\u011bnilo na\u0161i rodinu.\"}]},{\"@type\":\"WebSite\",\"@id\":\"https:\\\/\\\/mybook.am\\\/#website\",\"url\":\"https:\\\/\\\/mybook.am\\\/\",\"name\":\"\",\"description\":\"\",\"potentialAction\":[{\"@type\":\"SearchAction\",\"target\":{\"@type\":\"EntryPoint\",\"urlTemplate\":\"https:\\\/\\\/mybook.am\\\/?s={search_term_string}\"},\"query-input\":{\"@type\":\"PropertyValueSpecification\",\"valueRequired\":true,\"valueName\":\"search_term_string\"}}],\"inLanguage\":\"ru-RU\"},{\"@type\":\"Person\",\"@id\":\"https:\\\/\\\/mybook.am\\\/#\\\/schema\\\/person\\\/e730847942cff3a199774e803916e97e\",\"name\":\"admin\",\"image\":{\"@type\":\"ImageObject\",\"inLanguage\":\"ru-RU\",\"@id\":\"https:\\\/\\\/secure.gravatar.com\\\/avatar\\\/df64e550a0653b7be0f1bcf897f33faad9c2c8153472b2d9319beafb51370f6f?s=96&d=mm&r=g\",\"url\":\"https:\\\/\\\/secure.gravatar.com\\\/avatar\\\/df64e550a0653b7be0f1bcf897f33faad9c2c8153472b2d9319beafb51370f6f?s=96&d=mm&r=g\",\"contentUrl\":\"https:\\\/\\\/secure.gravatar.com\\\/avatar\\\/df64e550a0653b7be0f1bcf897f33faad9c2c8153472b2d9319beafb51370f6f?s=96&d=mm&r=g\",\"caption\":\"admin\"},\"sameAs\":[\"http:\\\/\\\/mybook.am\"],\"url\":\"https:\\\/\\\/mybook.am\\\/?author=1\"}]}<\/script>\n<!-- \/ Yoast SEO plugin. -->","yoast_head_json":{"title":"M\u016fj syn nechal sv\u00e9ho p\u011btilet\u00e9ho syna venku v zim\u011b na \u010dty\u0159i hodiny: to, co jsem ud\u011blala potom, nav\u017edy zm\u011bnilo na\u0161i rodinu. -","robots":{"index":"index","follow":"follow","max-snippet":"max-snippet:-1","max-image-preview":"max-image-preview:large","max-video-preview":"max-video-preview:-1"},"canonical":"https:\/\/mybook.am\/?p=21015","og_locale":"ru_RU","og_type":"article","og_title":"M\u016fj syn nechal sv\u00e9ho p\u011btilet\u00e9ho syna venku v zim\u011b na \u010dty\u0159i hodiny: to, co jsem ud\u011blala potom, nav\u017edy zm\u011bnilo na\u0161i rodinu. -","og_description":"M\u011bla to b\u00fdt rutinn\u00ed n\u00e1v\u0161t\u011bva \u2013 cht\u011bla jsem jen pop\u0159\u00e1t vnukovi k narozenin\u00e1m, d\u00e1t mu d\u00e1rek a str\u00e1vit s n\u00edm p\u00e1r hodin. M\u00edsto","og_url":"https:\/\/mybook.am\/?p=21015","article_published_time":"2025-09-17T10:58:59+00:00","article_modified_time":"2025-09-17T10:59:00+00:00","og_image":[{"width":800,"height":631,"url":"https:\/\/mybook.am\/wp-content\/uploads\/2025\/09\/12158556.jpeg","type":"image\/jpeg"}],"author":"admin","twitter_card":"summary_large_image","twitter_misc":{"\u041d\u0430\u043f\u0438\u0441\u0430\u043d\u043e \u0430\u0432\u0442\u043e\u0440\u043e\u043c":"admin","\u041f\u0440\u0438\u043c\u0435\u0440\u043d\u043e\u0435 \u0432\u0440\u0435\u043c\u044f \u0434\u043b\u044f \u0447\u0442\u0435\u043d\u0438\u044f":"4 \u043c\u0438\u043d\u0443\u0442\u044b"},"schema":{"@context":"https:\/\/schema.org","@graph":[{"@type":"Article","@id":"https:\/\/mybook.am\/?p=21015#article","isPartOf":{"@id":"https:\/\/mybook.am\/?p=21015"},"author":{"name":"admin","@id":"https:\/\/mybook.am\/#\/schema\/person\/e730847942cff3a199774e803916e97e"},"headline":"M\u016fj syn nechal sv\u00e9ho p\u011btilet\u00e9ho syna venku v zim\u011b na \u010dty\u0159i hodiny: to, co jsem ud\u011blala potom, nav\u017edy zm\u011bnilo na\u0161i rodinu.","datePublished":"2025-09-17T10:58:59+00:00","dateModified":"2025-09-17T10:59:00+00:00","mainEntityOfPage":{"@id":"https:\/\/mybook.am\/?p=21015"},"wordCount":751,"commentCount":0,"image":{"@id":"https:\/\/mybook.am\/?p=21015#primaryimage"},"thumbnailUrl":"https:\/\/mybook.am\/wp-content\/uploads\/2025\/09\/12158556.jpeg","articleSection":["Amerika","\u010cesk\u00e1","FRANS"],"inLanguage":"ru-RU","potentialAction":[{"@type":"CommentAction","name":"Comment","target":["https:\/\/mybook.am\/?p=21015#respond"]}]},{"@type":"WebPage","@id":"https:\/\/mybook.am\/?p=21015","url":"https:\/\/mybook.am\/?p=21015","name":"M\u016fj syn nechal sv\u00e9ho p\u011btilet\u00e9ho syna venku v zim\u011b na \u010dty\u0159i hodiny: to, co jsem ud\u011blala potom, nav\u017edy zm\u011bnilo na\u0161i rodinu. -","isPartOf":{"@id":"https:\/\/mybook.am\/#website"},"primaryImageOfPage":{"@id":"https:\/\/mybook.am\/?p=21015#primaryimage"},"image":{"@id":"https:\/\/mybook.am\/?p=21015#primaryimage"},"thumbnailUrl":"https:\/\/mybook.am\/wp-content\/uploads\/2025\/09\/12158556.jpeg","datePublished":"2025-09-17T10:58:59+00:00","dateModified":"2025-09-17T10:59:00+00:00","author":{"@id":"https:\/\/mybook.am\/#\/schema\/person\/e730847942cff3a199774e803916e97e"},"breadcrumb":{"@id":"https:\/\/mybook.am\/?p=21015#breadcrumb"},"inLanguage":"ru-RU","potentialAction":[{"@type":"ReadAction","target":["https:\/\/mybook.am\/?p=21015"]}]},{"@type":"ImageObject","inLanguage":"ru-RU","@id":"https:\/\/mybook.am\/?p=21015#primaryimage","url":"https:\/\/mybook.am\/wp-content\/uploads\/2025\/09\/12158556.jpeg","contentUrl":"https:\/\/mybook.am\/wp-content\/uploads\/2025\/09\/12158556.jpeg","width":800,"height":631},{"@type":"BreadcrumbList","@id":"https:\/\/mybook.am\/?p=21015#breadcrumb","itemListElement":[{"@type":"ListItem","position":1,"name":"\u0413\u043b\u0430\u0432\u043d\u0430\u044f \u0441\u0442\u0440\u0430\u043d\u0438\u0446\u0430","item":"https:\/\/mybook.am\/"},{"@type":"ListItem","position":2,"name":"M\u016fj syn nechal sv\u00e9ho p\u011btilet\u00e9ho syna venku v zim\u011b na \u010dty\u0159i hodiny: to, co jsem ud\u011blala potom, nav\u017edy zm\u011bnilo na\u0161i rodinu."}]},{"@type":"WebSite","@id":"https:\/\/mybook.am\/#website","url":"https:\/\/mybook.am\/","name":"","description":"","potentialAction":[{"@type":"SearchAction","target":{"@type":"EntryPoint","urlTemplate":"https:\/\/mybook.am\/?s={search_term_string}"},"query-input":{"@type":"PropertyValueSpecification","valueRequired":true,"valueName":"search_term_string"}}],"inLanguage":"ru-RU"},{"@type":"Person","@id":"https:\/\/mybook.am\/#\/schema\/person\/e730847942cff3a199774e803916e97e","name":"admin","image":{"@type":"ImageObject","inLanguage":"ru-RU","@id":"https:\/\/secure.gravatar.com\/avatar\/df64e550a0653b7be0f1bcf897f33faad9c2c8153472b2d9319beafb51370f6f?s=96&d=mm&r=g","url":"https:\/\/secure.gravatar.com\/avatar\/df64e550a0653b7be0f1bcf897f33faad9c2c8153472b2d9319beafb51370f6f?s=96&d=mm&r=g","contentUrl":"https:\/\/secure.gravatar.com\/avatar\/df64e550a0653b7be0f1bcf897f33faad9c2c8153472b2d9319beafb51370f6f?s=96&d=mm&r=g","caption":"admin"},"sameAs":["http:\/\/mybook.am"],"url":"https:\/\/mybook.am\/?author=1"}]}},"views":138,"_links":{"self":[{"href":"https:\/\/mybook.am\/index.php?rest_route=\/wp\/v2\/posts\/21015","targetHints":{"allow":["GET"]}}],"collection":[{"href":"https:\/\/mybook.am\/index.php?rest_route=\/wp\/v2\/posts"}],"about":[{"href":"https:\/\/mybook.am\/index.php?rest_route=\/wp\/v2\/types\/post"}],"author":[{"embeddable":true,"href":"https:\/\/mybook.am\/index.php?rest_route=\/wp\/v2\/users\/1"}],"replies":[{"embeddable":true,"href":"https:\/\/mybook.am\/index.php?rest_route=%2Fwp%2Fv2%2Fcomments&post=21015"}],"version-history":[{"count":1,"href":"https:\/\/mybook.am\/index.php?rest_route=\/wp\/v2\/posts\/21015\/revisions"}],"predecessor-version":[{"id":21017,"href":"https:\/\/mybook.am\/index.php?rest_route=\/wp\/v2\/posts\/21015\/revisions\/21017"}],"wp:featuredmedia":[{"embeddable":true,"href":"https:\/\/mybook.am\/index.php?rest_route=\/wp\/v2\/media\/21016"}],"wp:attachment":[{"href":"https:\/\/mybook.am\/index.php?rest_route=%2Fwp%2Fv2%2Fmedia&parent=21015"}],"wp:term":[{"taxonomy":"category","embeddable":true,"href":"https:\/\/mybook.am\/index.php?rest_route=%2Fwp%2Fv2%2Fcategories&post=21015"},{"taxonomy":"post_tag","embeddable":true,"href":"https:\/\/mybook.am\/index.php?rest_route=%2Fwp%2Fv2%2Ftags&post=21015"}],"curies":[{"name":"wp","href":"https:\/\/api.w.org\/{rel}","templated":true}]}}