{"id":21018,"date":"2025-09-17T19:45:49","date_gmt":"2025-09-17T16:45:49","guid":{"rendered":"https:\/\/mybook.am\/?p=21018"},"modified":"2025-09-17T19:45:50","modified_gmt":"2025-09-17T16:45:50","slug":"sel-jsem-poblahoprat-synovi-ale-misto-toho-jsem-uvidel-nocni-muru-muj-petilety-vnuk-se-trasl-zimou-zatimco-dospeli-zvedli-sklenice-moje-reakce-sokovala-vsechny-u-stolu","status":"publish","type":"post","link":"https:\/\/mybook.am\/?p=21018","title":{"rendered":"\u201e\u0160el jsem poblahop\u0159\u00e1t synovi, ale m\u00edsto toho jsem uvid\u011bl no\u010dn\u00ed m\u016fru: m\u016fj p\u011btilet\u00fd vnuk se t\u0159\u00e1sl zimou, zat\u00edmco dosp\u011bl\u00ed zvedli sklenice. Moje reakce \u0161okovala v\u0161echny u stolu.\u201c"},"content":{"rendered":"\n<hr class=\"wp-block-separator has-alpha-channel-opacity\"\/>\n\n\n\n<p>Byl to den, na kter\u00fd se dlouho t\u011b\u0161il. Kdy\u017e si do kapsy kab\u00e1tu zasunul mal\u00fd d\u00e1rek pro sv\u00e9ho syna, p\u0159edstavoval si radostn\u00e9 objet\u00ed, sm\u00edch v kuchyni a d\u011btsk\u00e9 o\u010di pln\u00e9 o\u010dek\u00e1v\u00e1n\u00ed. V aut\u011b je\u0161t\u011b jednou pohladil obal d\u00e1rku a p\u0159em\u00fd\u0161lel, jak mu vnuk vyb\u011bhne vst\u0159\u00edc, chyt\u00ed ho za ruku a odvede k narozeninov\u00e9mu stolu. Ale realita, kter\u00e1 ho \u010dekala za prahem rodinn\u00e9ho domu, mu vyrazila dech a obr\u00e1tila cel\u00e9 p\u0159edstavy naruby.<\/p>\n\n\n\n<p>Kdy\u017e vystoupil z auta, v\u00edtal ho ledov\u00fd v\u00edtr. Na z\u00e1pra\u017e\u00ed st\u00e1l jeho p\u011btilet\u00fd vnuk. Mal\u00fd chlapec m\u011bl na sob\u011b jen tenkou bundu, \u0161ed\u00e9 kalhoty a boty, kter\u00e9 se u\u017e d\u00e1vno rozlepovaly. P\u0159itiskl si ruce k hrudi a t\u0159\u00e1sl se zimou, rty m\u011bl modr\u00e9 a o\u010di pln\u00e9 slz. D\u011bde\u010dek k n\u011bmu p\u0159ib\u011bhl, sklonil se a uc\u00edtil na jeho tv\u00e1\u0159i chlad, kter\u00fd p\u0159ipom\u00ednal kamennou ze\u010f. \u201eCo se d\u011bje?\u201c za\u0161eptal, ale odpov\u011bdi se mu nedostalo. Jen mal\u00e1 hlavi\u010dka k\u00fdvla sm\u011brem ke dve\u0159\u00edm.<\/p>\n\n\n\n<p>Uvnit\u0159 se odehr\u00e1val jin\u00fd sv\u011bt. Teplo, v\u016fn\u011b pe\u010den\u00e9ho masa, sm\u00edch, sklenice v\u00edna cinkaj\u00edc\u00ed o sebe. D\u011bde\u010dek otev\u0159el dve\u0159e, st\u00e1le dr\u017eel vnuka za ruku, a okam\u017eit\u011b uc\u00edtil kontrast mezi ledov\u00fdm venkem a rozja\u0159en\u00fdm interi\u00e9rem. \u201ePro\u010d je venku?\u201c zeptal se ost\u0159e, ale nikdo se neobt\u011b\u017eoval oto\u010dit. Teprve kdy\u017e zv\u00fd\u0161il hlas, oto\u010dila se k n\u011bmu nev\u011bsta jeho syna a pronesla slova, kter\u00e1 se mu vryla do pam\u011bti: \u201eJe potrest\u00e1n. Mus\u00ed si uv\u011bdomit, co ud\u011blal.\u201c<\/p>\n\n\n\n<p>V tu chv\u00edli se v n\u011bm v\u0161echno sev\u0159elo. Tolik let vychov\u00e1val sv\u00e9 d\u011bti k \u00fact\u011b, k tomu, \u017ee d\u00edt\u011b nen\u00ed v\u011bc, kterou lze odlo\u017eit za dve\u0159e, aby \u201epochopilo\u201c. P\u0159ipomn\u011blo mu to jeho vlastn\u00ed d\u011btstv\u00ed, kdy st\u00e1l za dve\u0159mi, zat\u00edmco dosp\u011bl\u00ed uvnit\u0159 \u0159e\u0161ili sv\u00e9 z\u00e1le\u017eitosti. Rozd\u00edl byl jen v tom, \u017ee te\u010f m\u011bl mo\u017enost n\u011bco ud\u011blat.<\/p>\n\n\n\n<p>Rozhodl se jednat. Jeho kroky chodbou byly t\u011b\u017ek\u00e9, ka\u017ed\u00e9 \u0161l\u00e1pnut\u00ed dun\u011blo jako \u00fader do stolu. Vzpomn\u011bl si na v\u0161echny sv\u00e9 ml\u010den\u00ed v minulosti a uv\u011bdomil si, \u017ee dnes ml\u010det nem\u016f\u017ee. Kdy\u017e ve\u0161el do j\u00eddelny, host\u00e9 pr\u00e1v\u011b p\u0159ip\u00edjeli. Sv\u011btla sv\u00ed\u010dek tan\u010dila po st\u011bn\u00e1ch, d\u011bti se sm\u00e1ly, hudba ti\u0161e hr\u00e1la z reproduktoru. V\u0161echny o\u010di se na n\u011bj obr\u00e1tily, kdy\u017e pronesl slova, kter\u00e1 p\u0159ehlu\u0161ila hudbu: \u201eJak se opova\u017eujete nechat d\u00edt\u011b mrznout venku \u010dty\u0159i hodiny, zat\u00edmco tady slav\u00edte?!\u201c<\/p>\n\n\n\n<p>Ticho. Jen tikot hodin na zdi. Syn se postavil, cht\u011bl n\u011bco \u0159\u00edct, ale otec pokra\u010doval: \u201eV\u00fdchova nen\u00ed krutost. Tohle nen\u00ed lekce, tohle je ubli\u017eov\u00e1n\u00ed.\u201c V\u0161ichni kolem stolu ztuhli. Matka d\u00edt\u011bte zbledla a pustila sklenici v\u00edna na ubrus. \u201eOkam\u017eit\u011b ho vezmu dom\u016f,\u201c \u0159ekl d\u011bde\u010dek a odvedl vnuka ke dve\u0159\u00edm. Jeho hlas byl klidn\u00fd, ale ostr\u00fd jako b\u0159itva: \u201eJestli se tohle bude opakovat, p\u0159ijdu nejen j\u00e1, ale i soci\u00e1lka.\u201c<\/p>\n\n\n\n<p>V tu chv\u00edli se d\u016fm prom\u011bnil v soudn\u00ed s\u00ed\u0148. Oslava se zhroutila jako dome\u010dek z karet. Nikdo u\u017e nezp\u00edval, nikdo se nesm\u00e1l. Host\u00e9 se rozpa\u010dit\u011b d\u00edvali do tal\u00ed\u0159\u016f, syn si sedl a zakr\u00fdval tv\u00e1\u0159 rukama. Vnuk se tiskl k d\u011bde\u010dkovi, kter\u00fd ho objal a c\u00edtil, jak se jeho drobn\u00e9 t\u011blo p\u0159est\u00e1v\u00e1 t\u0159\u00e1st. P\u0159ipomn\u011bl si, \u017ee odvaha \u010dasto p\u0159ich\u00e1z\u00ed ve chv\u00edl\u00edch, kdy jde o n\u011bkoho bezbrann\u00e9ho.<\/p>\n\n\n\n<figure class=\"wp-block-image size-full\"><img loading=\"lazy\" decoding=\"async\" width=\"800\" height=\"631\" src=\"https:\/\/mybook.am\/wp-content\/uploads\/2025\/09\/12158556-1.jpeg\" alt=\"\" class=\"wp-image-21019\" srcset=\"https:\/\/mybook.am\/wp-content\/uploads\/2025\/09\/12158556-1.jpeg 800w, https:\/\/mybook.am\/wp-content\/uploads\/2025\/09\/12158556-1-300x237.jpeg 300w, https:\/\/mybook.am\/wp-content\/uploads\/2025\/09\/12158556-1-768x606.jpeg 768w\" sizes=\"auto, (max-width: 800px) 100vw, 800px\" \/><\/figure>\n\n\n\n<p>Doma mu d\u011bde\u010dek p\u0159ipravil tepl\u00fd \u010daj, zabalil ho do deky a pozoroval, jak se v jeho o\u010d\u00edch pomalu vrac\u00ed sv\u011btlo. Mal\u00fd chlapec nev\u011bd\u011bl, co se pr\u00e1v\u011b stalo, jen c\u00edtil bezpe\u010d\u00ed. D\u011bde\u010dek v\u011bd\u011bl, \u017ee t\u00edmto \u010dinem mo\u017en\u00e1 nadobro zm\u011bnil vztahy v rodin\u011b. Mo\u017en\u00e1 ho syn u\u017e nikdy nepozve, mo\u017en\u00e1 se rodina rozd\u011bl\u00ed, ale v\u011bd\u011bl, \u017ee kdyby z\u016fstal zticha, nezvl\u00e1dl by se pod\u00edvat do zrcadla.<\/p>\n\n\n\n<p>Tento p\u0159\u00edb\u011bh ukazuje, jak k\u0159ehk\u00e1 je hranice mezi \u201evzd\u011bl\u00e1n\u00edm\u201c a krutost\u00ed. Ukazuje, \u017ee jeden okam\u017eik odvahy m\u016f\u017ee otev\u0159\u00edt o\u010di t\u011bm, kte\u0159\u00ed si zvykli na ml\u010den\u00ed. A tak\u00e9 to, \u017ee l\u00e1ska k d\u00edt\u011bti se m\u011b\u0159\u00ed nejen d\u00e1rky a oslavami, ale i schopnost\u00ed postavit se za n\u011bj, kdy\u017e je nejv\u00edc zraniteln\u00e9.<\/p>\n\n\n\n<p>Kdy\u017e se pozd\u011bji vracel k synovi, nev\u011bd\u011bl, co ho \u010dek\u00e1. Ale v\u011bd\u011bl, \u017ee ud\u011blal to, co musel. Vnuk mu poslal jedin\u00fd pohled, pln\u00fd d\u016fv\u011bry, a to mu sta\u010dilo. N\u011bkdy se skute\u010dn\u00e9 narozeninov\u00e9 p\u0159\u00e1n\u00ed neodehr\u00e1v\u00e1 u stolu, ale ve chv\u00edli, kdy n\u011bkdo slab\u0161\u00ed dostane \u0161anci b\u00fdt vysly\u0161en.<\/p>\n","protected":false},"excerpt":{"rendered":"Byl to den, na kter\u00fd se dlouho t\u011b\u0161il. Kdy\u017e si do kapsy kab\u00e1tu zasunul mal\u00fd d\u00e1rek pro sv\u00e9ho syna, p\u0159edstavoval si radostn\u00e9 objet\u00ed, \n<a class=\"moretag\" href=\"https:\/\/mybook.am\/?p=21018\"> [...]<\/a>","protected":false},"author":1,"featured_media":21019,"comment_status":"open","ping_status":"open","sticky":false,"template":"","format":"standard","meta":{"footnotes":""},"categories":[2,1,3],"tags":[],"class_list":["post-21018","post","type-post","status-publish","format-standard","has-post-thumbnail","hentry","category-amerika","category-ceska","category-fotto"],"yoast_head":"<!-- This site is optimized with the Yoast SEO plugin v27.5 - https:\/\/yoast.com\/product\/yoast-seo-wordpress\/ -->\n<title>\u201e\u0160el jsem poblahop\u0159\u00e1t synovi, ale m\u00edsto toho jsem uvid\u011bl no\u010dn\u00ed m\u016fru: m\u016fj p\u011btilet\u00fd vnuk se t\u0159\u00e1sl zimou, zat\u00edmco dosp\u011bl\u00ed zvedli sklenice. Moje reakce \u0161okovala v\u0161echny u stolu.\u201c -<\/title>\n<meta name=\"robots\" content=\"index, follow, max-snippet:-1, max-image-preview:large, max-video-preview:-1\" \/>\n<link rel=\"canonical\" href=\"https:\/\/mybook.am\/?p=21018\" \/>\n<meta property=\"og:locale\" content=\"ru_RU\" \/>\n<meta property=\"og:type\" content=\"article\" \/>\n<meta property=\"og:title\" content=\"\u201e\u0160el jsem poblahop\u0159\u00e1t synovi, ale m\u00edsto toho jsem uvid\u011bl no\u010dn\u00ed m\u016fru: m\u016fj p\u011btilet\u00fd vnuk se t\u0159\u00e1sl zimou, zat\u00edmco dosp\u011bl\u00ed zvedli sklenice. Moje reakce \u0161okovala v\u0161echny u stolu.\u201c -\" \/>\n<meta property=\"og:description\" content=\"Byl to den, na kter\u00fd se dlouho t\u011b\u0161il. Kdy\u017e si do kapsy kab\u00e1tu zasunul mal\u00fd d\u00e1rek pro sv\u00e9ho syna, p\u0159edstavoval si radostn\u00e9 objet\u00ed,\" \/>\n<meta property=\"og:url\" content=\"https:\/\/mybook.am\/?p=21018\" \/>\n<meta property=\"article:published_time\" content=\"2025-09-17T16:45:49+00:00\" \/>\n<meta property=\"article:modified_time\" content=\"2025-09-17T16:45:50+00:00\" \/>\n<meta property=\"og:image\" content=\"https:\/\/mybook.am\/wp-content\/uploads\/2025\/09\/12158556-1.jpeg\" \/>\n\t<meta property=\"og:image:width\" content=\"800\" \/>\n\t<meta property=\"og:image:height\" content=\"631\" \/>\n\t<meta property=\"og:image:type\" content=\"image\/jpeg\" \/>\n<meta name=\"author\" content=\"admin\" \/>\n<meta name=\"twitter:card\" content=\"summary_large_image\" \/>\n<meta name=\"twitter:label1\" content=\"\u041d\u0430\u043f\u0438\u0441\u0430\u043d\u043e \u0430\u0432\u0442\u043e\u0440\u043e\u043c\" \/>\n\t<meta name=\"twitter:data1\" content=\"admin\" \/>\n\t<meta name=\"twitter:label2\" content=\"\u041f\u0440\u0438\u043c\u0435\u0440\u043d\u043e\u0435 \u0432\u0440\u0435\u043c\u044f \u0434\u043b\u044f \u0447\u0442\u0435\u043d\u0438\u044f\" \/>\n\t<meta name=\"twitter:data2\" content=\"4 \u043c\u0438\u043d\u0443\u0442\u044b\" \/>\n<script type=\"application\/ld+json\" class=\"yoast-schema-graph\">{\"@context\":\"https:\\\/\\\/schema.org\",\"@graph\":[{\"@type\":\"Article\",\"@id\":\"https:\\\/\\\/mybook.am\\\/?p=21018#article\",\"isPartOf\":{\"@id\":\"https:\\\/\\\/mybook.am\\\/?p=21018\"},\"author\":{\"name\":\"admin\",\"@id\":\"https:\\\/\\\/mybook.am\\\/#\\\/schema\\\/person\\\/e730847942cff3a199774e803916e97e\"},\"headline\":\"\u201e\u0160el jsem poblahop\u0159\u00e1t synovi, ale m\u00edsto toho jsem uvid\u011bl no\u010dn\u00ed m\u016fru: m\u016fj p\u011btilet\u00fd vnuk se t\u0159\u00e1sl zimou, zat\u00edmco dosp\u011bl\u00ed zvedli sklenice. Moje reakce \u0161okovala v\u0161echny u stolu.\u201c\",\"datePublished\":\"2025-09-17T16:45:49+00:00\",\"dateModified\":\"2025-09-17T16:45:50+00:00\",\"mainEntityOfPage\":{\"@id\":\"https:\\\/\\\/mybook.am\\\/?p=21018\"},\"wordCount\":917,\"commentCount\":0,\"image\":{\"@id\":\"https:\\\/\\\/mybook.am\\\/?p=21018#primaryimage\"},\"thumbnailUrl\":\"https:\\\/\\\/mybook.am\\\/wp-content\\\/uploads\\\/2025\\\/09\\\/12158556-1.jpeg\",\"articleSection\":[\"Amerika\",\"\u010cesk\u00e1\",\"FRANS\"],\"inLanguage\":\"ru-RU\",\"potentialAction\":[{\"@type\":\"CommentAction\",\"name\":\"Comment\",\"target\":[\"https:\\\/\\\/mybook.am\\\/?p=21018#respond\"]}]},{\"@type\":\"WebPage\",\"@id\":\"https:\\\/\\\/mybook.am\\\/?p=21018\",\"url\":\"https:\\\/\\\/mybook.am\\\/?p=21018\",\"name\":\"\u201e\u0160el jsem poblahop\u0159\u00e1t synovi, ale m\u00edsto toho jsem uvid\u011bl no\u010dn\u00ed m\u016fru: m\u016fj p\u011btilet\u00fd vnuk se t\u0159\u00e1sl zimou, zat\u00edmco dosp\u011bl\u00ed zvedli sklenice. Moje reakce \u0161okovala v\u0161echny u stolu.\u201c -\",\"isPartOf\":{\"@id\":\"https:\\\/\\\/mybook.am\\\/#website\"},\"primaryImageOfPage\":{\"@id\":\"https:\\\/\\\/mybook.am\\\/?p=21018#primaryimage\"},\"image\":{\"@id\":\"https:\\\/\\\/mybook.am\\\/?p=21018#primaryimage\"},\"thumbnailUrl\":\"https:\\\/\\\/mybook.am\\\/wp-content\\\/uploads\\\/2025\\\/09\\\/12158556-1.jpeg\",\"datePublished\":\"2025-09-17T16:45:49+00:00\",\"dateModified\":\"2025-09-17T16:45:50+00:00\",\"author\":{\"@id\":\"https:\\\/\\\/mybook.am\\\/#\\\/schema\\\/person\\\/e730847942cff3a199774e803916e97e\"},\"breadcrumb\":{\"@id\":\"https:\\\/\\\/mybook.am\\\/?p=21018#breadcrumb\"},\"inLanguage\":\"ru-RU\",\"potentialAction\":[{\"@type\":\"ReadAction\",\"target\":[\"https:\\\/\\\/mybook.am\\\/?p=21018\"]}]},{\"@type\":\"ImageObject\",\"inLanguage\":\"ru-RU\",\"@id\":\"https:\\\/\\\/mybook.am\\\/?p=21018#primaryimage\",\"url\":\"https:\\\/\\\/mybook.am\\\/wp-content\\\/uploads\\\/2025\\\/09\\\/12158556-1.jpeg\",\"contentUrl\":\"https:\\\/\\\/mybook.am\\\/wp-content\\\/uploads\\\/2025\\\/09\\\/12158556-1.jpeg\",\"width\":800,\"height\":631},{\"@type\":\"BreadcrumbList\",\"@id\":\"https:\\\/\\\/mybook.am\\\/?p=21018#breadcrumb\",\"itemListElement\":[{\"@type\":\"ListItem\",\"position\":1,\"name\":\"\u0413\u043b\u0430\u0432\u043d\u0430\u044f \u0441\u0442\u0440\u0430\u043d\u0438\u0446\u0430\",\"item\":\"https:\\\/\\\/mybook.am\\\/\"},{\"@type\":\"ListItem\",\"position\":2,\"name\":\"\u201e\u0160el jsem poblahop\u0159\u00e1t synovi, ale m\u00edsto toho jsem uvid\u011bl no\u010dn\u00ed m\u016fru: m\u016fj p\u011btilet\u00fd vnuk se t\u0159\u00e1sl zimou, zat\u00edmco dosp\u011bl\u00ed zvedli sklenice. Moje reakce \u0161okovala v\u0161echny u stolu.\u201c\"}]},{\"@type\":\"WebSite\",\"@id\":\"https:\\\/\\\/mybook.am\\\/#website\",\"url\":\"https:\\\/\\\/mybook.am\\\/\",\"name\":\"\",\"description\":\"\",\"potentialAction\":[{\"@type\":\"SearchAction\",\"target\":{\"@type\":\"EntryPoint\",\"urlTemplate\":\"https:\\\/\\\/mybook.am\\\/?s={search_term_string}\"},\"query-input\":{\"@type\":\"PropertyValueSpecification\",\"valueRequired\":true,\"valueName\":\"search_term_string\"}}],\"inLanguage\":\"ru-RU\"},{\"@type\":\"Person\",\"@id\":\"https:\\\/\\\/mybook.am\\\/#\\\/schema\\\/person\\\/e730847942cff3a199774e803916e97e\",\"name\":\"admin\",\"image\":{\"@type\":\"ImageObject\",\"inLanguage\":\"ru-RU\",\"@id\":\"https:\\\/\\\/secure.gravatar.com\\\/avatar\\\/df64e550a0653b7be0f1bcf897f33faad9c2c8153472b2d9319beafb51370f6f?s=96&d=mm&r=g\",\"url\":\"https:\\\/\\\/secure.gravatar.com\\\/avatar\\\/df64e550a0653b7be0f1bcf897f33faad9c2c8153472b2d9319beafb51370f6f?s=96&d=mm&r=g\",\"contentUrl\":\"https:\\\/\\\/secure.gravatar.com\\\/avatar\\\/df64e550a0653b7be0f1bcf897f33faad9c2c8153472b2d9319beafb51370f6f?s=96&d=mm&r=g\",\"caption\":\"admin\"},\"sameAs\":[\"http:\\\/\\\/mybook.am\"],\"url\":\"https:\\\/\\\/mybook.am\\\/?author=1\"}]}<\/script>\n<!-- \/ Yoast SEO plugin. -->","yoast_head_json":{"title":"\u201e\u0160el jsem poblahop\u0159\u00e1t synovi, ale m\u00edsto toho jsem uvid\u011bl no\u010dn\u00ed m\u016fru: m\u016fj p\u011btilet\u00fd vnuk se t\u0159\u00e1sl zimou, zat\u00edmco dosp\u011bl\u00ed zvedli sklenice. Moje reakce \u0161okovala v\u0161echny u stolu.\u201c -","robots":{"index":"index","follow":"follow","max-snippet":"max-snippet:-1","max-image-preview":"max-image-preview:large","max-video-preview":"max-video-preview:-1"},"canonical":"https:\/\/mybook.am\/?p=21018","og_locale":"ru_RU","og_type":"article","og_title":"\u201e\u0160el jsem poblahop\u0159\u00e1t synovi, ale m\u00edsto toho jsem uvid\u011bl no\u010dn\u00ed m\u016fru: m\u016fj p\u011btilet\u00fd vnuk se t\u0159\u00e1sl zimou, zat\u00edmco dosp\u011bl\u00ed zvedli sklenice. Moje reakce \u0161okovala v\u0161echny u stolu.\u201c -","og_description":"Byl to den, na kter\u00fd se dlouho t\u011b\u0161il. Kdy\u017e si do kapsy kab\u00e1tu zasunul mal\u00fd d\u00e1rek pro sv\u00e9ho syna, p\u0159edstavoval si radostn\u00e9 objet\u00ed,","og_url":"https:\/\/mybook.am\/?p=21018","article_published_time":"2025-09-17T16:45:49+00:00","article_modified_time":"2025-09-17T16:45:50+00:00","og_image":[{"width":800,"height":631,"url":"https:\/\/mybook.am\/wp-content\/uploads\/2025\/09\/12158556-1.jpeg","type":"image\/jpeg"}],"author":"admin","twitter_card":"summary_large_image","twitter_misc":{"\u041d\u0430\u043f\u0438\u0441\u0430\u043d\u043e \u0430\u0432\u0442\u043e\u0440\u043e\u043c":"admin","\u041f\u0440\u0438\u043c\u0435\u0440\u043d\u043e\u0435 \u0432\u0440\u0435\u043c\u044f \u0434\u043b\u044f \u0447\u0442\u0435\u043d\u0438\u044f":"4 \u043c\u0438\u043d\u0443\u0442\u044b"},"schema":{"@context":"https:\/\/schema.org","@graph":[{"@type":"Article","@id":"https:\/\/mybook.am\/?p=21018#article","isPartOf":{"@id":"https:\/\/mybook.am\/?p=21018"},"author":{"name":"admin","@id":"https:\/\/mybook.am\/#\/schema\/person\/e730847942cff3a199774e803916e97e"},"headline":"\u201e\u0160el jsem poblahop\u0159\u00e1t synovi, ale m\u00edsto toho jsem uvid\u011bl no\u010dn\u00ed m\u016fru: m\u016fj p\u011btilet\u00fd vnuk se t\u0159\u00e1sl zimou, zat\u00edmco dosp\u011bl\u00ed zvedli sklenice. Moje reakce \u0161okovala v\u0161echny u stolu.\u201c","datePublished":"2025-09-17T16:45:49+00:00","dateModified":"2025-09-17T16:45:50+00:00","mainEntityOfPage":{"@id":"https:\/\/mybook.am\/?p=21018"},"wordCount":917,"commentCount":0,"image":{"@id":"https:\/\/mybook.am\/?p=21018#primaryimage"},"thumbnailUrl":"https:\/\/mybook.am\/wp-content\/uploads\/2025\/09\/12158556-1.jpeg","articleSection":["Amerika","\u010cesk\u00e1","FRANS"],"inLanguage":"ru-RU","potentialAction":[{"@type":"CommentAction","name":"Comment","target":["https:\/\/mybook.am\/?p=21018#respond"]}]},{"@type":"WebPage","@id":"https:\/\/mybook.am\/?p=21018","url":"https:\/\/mybook.am\/?p=21018","name":"\u201e\u0160el jsem poblahop\u0159\u00e1t synovi, ale m\u00edsto toho jsem uvid\u011bl no\u010dn\u00ed m\u016fru: m\u016fj p\u011btilet\u00fd vnuk se t\u0159\u00e1sl zimou, zat\u00edmco dosp\u011bl\u00ed zvedli sklenice. Moje reakce \u0161okovala v\u0161echny u stolu.\u201c -","isPartOf":{"@id":"https:\/\/mybook.am\/#website"},"primaryImageOfPage":{"@id":"https:\/\/mybook.am\/?p=21018#primaryimage"},"image":{"@id":"https:\/\/mybook.am\/?p=21018#primaryimage"},"thumbnailUrl":"https:\/\/mybook.am\/wp-content\/uploads\/2025\/09\/12158556-1.jpeg","datePublished":"2025-09-17T16:45:49+00:00","dateModified":"2025-09-17T16:45:50+00:00","author":{"@id":"https:\/\/mybook.am\/#\/schema\/person\/e730847942cff3a199774e803916e97e"},"breadcrumb":{"@id":"https:\/\/mybook.am\/?p=21018#breadcrumb"},"inLanguage":"ru-RU","potentialAction":[{"@type":"ReadAction","target":["https:\/\/mybook.am\/?p=21018"]}]},{"@type":"ImageObject","inLanguage":"ru-RU","@id":"https:\/\/mybook.am\/?p=21018#primaryimage","url":"https:\/\/mybook.am\/wp-content\/uploads\/2025\/09\/12158556-1.jpeg","contentUrl":"https:\/\/mybook.am\/wp-content\/uploads\/2025\/09\/12158556-1.jpeg","width":800,"height":631},{"@type":"BreadcrumbList","@id":"https:\/\/mybook.am\/?p=21018#breadcrumb","itemListElement":[{"@type":"ListItem","position":1,"name":"\u0413\u043b\u0430\u0432\u043d\u0430\u044f \u0441\u0442\u0440\u0430\u043d\u0438\u0446\u0430","item":"https:\/\/mybook.am\/"},{"@type":"ListItem","position":2,"name":"\u201e\u0160el jsem poblahop\u0159\u00e1t synovi, ale m\u00edsto toho jsem uvid\u011bl no\u010dn\u00ed m\u016fru: m\u016fj p\u011btilet\u00fd vnuk se t\u0159\u00e1sl zimou, zat\u00edmco dosp\u011bl\u00ed zvedli sklenice. Moje reakce \u0161okovala v\u0161echny u stolu.\u201c"}]},{"@type":"WebSite","@id":"https:\/\/mybook.am\/#website","url":"https:\/\/mybook.am\/","name":"","description":"","potentialAction":[{"@type":"SearchAction","target":{"@type":"EntryPoint","urlTemplate":"https:\/\/mybook.am\/?s={search_term_string}"},"query-input":{"@type":"PropertyValueSpecification","valueRequired":true,"valueName":"search_term_string"}}],"inLanguage":"ru-RU"},{"@type":"Person","@id":"https:\/\/mybook.am\/#\/schema\/person\/e730847942cff3a199774e803916e97e","name":"admin","image":{"@type":"ImageObject","inLanguage":"ru-RU","@id":"https:\/\/secure.gravatar.com\/avatar\/df64e550a0653b7be0f1bcf897f33faad9c2c8153472b2d9319beafb51370f6f?s=96&d=mm&r=g","url":"https:\/\/secure.gravatar.com\/avatar\/df64e550a0653b7be0f1bcf897f33faad9c2c8153472b2d9319beafb51370f6f?s=96&d=mm&r=g","contentUrl":"https:\/\/secure.gravatar.com\/avatar\/df64e550a0653b7be0f1bcf897f33faad9c2c8153472b2d9319beafb51370f6f?s=96&d=mm&r=g","caption":"admin"},"sameAs":["http:\/\/mybook.am"],"url":"https:\/\/mybook.am\/?author=1"}]}},"views":117,"_links":{"self":[{"href":"https:\/\/mybook.am\/index.php?rest_route=\/wp\/v2\/posts\/21018","targetHints":{"allow":["GET"]}}],"collection":[{"href":"https:\/\/mybook.am\/index.php?rest_route=\/wp\/v2\/posts"}],"about":[{"href":"https:\/\/mybook.am\/index.php?rest_route=\/wp\/v2\/types\/post"}],"author":[{"embeddable":true,"href":"https:\/\/mybook.am\/index.php?rest_route=\/wp\/v2\/users\/1"}],"replies":[{"embeddable":true,"href":"https:\/\/mybook.am\/index.php?rest_route=%2Fwp%2Fv2%2Fcomments&post=21018"}],"version-history":[{"count":1,"href":"https:\/\/mybook.am\/index.php?rest_route=\/wp\/v2\/posts\/21018\/revisions"}],"predecessor-version":[{"id":21020,"href":"https:\/\/mybook.am\/index.php?rest_route=\/wp\/v2\/posts\/21018\/revisions\/21020"}],"wp:featuredmedia":[{"embeddable":true,"href":"https:\/\/mybook.am\/index.php?rest_route=\/wp\/v2\/media\/21019"}],"wp:attachment":[{"href":"https:\/\/mybook.am\/index.php?rest_route=%2Fwp%2Fv2%2Fmedia&parent=21018"}],"wp:term":[{"taxonomy":"category","embeddable":true,"href":"https:\/\/mybook.am\/index.php?rest_route=%2Fwp%2Fv2%2Fcategories&post=21018"},{"taxonomy":"post_tag","embeddable":true,"href":"https:\/\/mybook.am\/index.php?rest_route=%2Fwp%2Fv2%2Ftags&post=21018"}],"curies":[{"name":"wp","href":"https:\/\/api.w.org\/{rel}","templated":true}]}}