{"id":21025,"date":"2025-09-17T22:48:26","date_gmt":"2025-09-17T19:48:26","guid":{"rendered":"https:\/\/mybook.am\/?p=21025"},"modified":"2025-09-17T22:48:26","modified_gmt":"2025-09-17T19:48:26","slug":"chuda-nevesta-a-tajemstvi-svatebni-noci-co-sedesatilety-zenich-pozadoval-az-ji-naskocila-husi-kuze","status":"publish","type":"post","link":"https:\/\/mybook.am\/?p=21025","title":{"rendered":"\u201eChud\u00e1 nev\u011bsta a tajemstv\u00ed svatebn\u00ed noci: Co \u0161edes\u00e1tilet\u00fd \u017eenich po\u017eadoval, a\u017e j\u00ed nasko\u010dila hus\u00ed k\u016f\u017ee\u201c"},"content":{"rendered":"\n<p>Anna, dvacetilet\u00e1 studentka pedagogiky, se sv\u00e9mu okol\u00ed v\u017edycky zd\u00e1la skromn\u00e1 a stydliv\u00e1. Poch\u00e1zela z mal\u00e9 vesnice, brzy ztratila rodi\u010de a od ml\u00e1d\u00ed byla nucena hledat si lep\u0161\u00ed \u017eivot sama. Pro ni se \u017e\u00e1dost Ivana Sergejevi\u010de, bohat\u00e9ho obchodn\u00edka s dobrou pov\u011bst\u00ed, jevila jako v\u00edc ne\u017e jen p\u0159\u00edle\u017eitost \u2013 byla to sp\u00e1sa. Sl\u00edbil j\u00ed nov\u00fd byt, placen\u00e9 \u0161koln\u00e9 a cestov\u00e1n\u00ed, \u017eivot pln\u00fd p\u00e9\u010de. Za touto vn\u011bj\u0161\u00ed \u00factyhodnost\u00ed se v\u0161ak skr\u00fdvalo n\u011bco, co nedok\u00e1zala p\u0159edv\u00eddat.<\/p>\n\n\n\n<p>Svatebn\u00ed ve\u010der ub\u011bhl jako v mlze. Anna v b\u00edl\u00fdch krajkov\u00fdch \u0161atech, obklopen\u00e1 kyticemi r\u016f\u017e\u00ed a \u00fasm\u011bvy host\u016f, piln\u011b p\u0159edst\u00edrala \u0161t\u011bst\u00ed. Ivan Sergejevi\u010d v drah\u00e9m obleku a se st\u0159\u00edbrn\u00fdmi man\u017eetov\u00fdmi knofl\u00ed\u010dky ji sebev\u011bdom\u011b dr\u017eel za ruku. V\u0161ichni kolem vid\u011bli kr\u00e1sn\u00fd obraz \u2013 spojen\u00ed ml\u00e1d\u00ed a zku\u0161enost\u00ed, bohatstv\u00ed a naivity. Ale Anna, d\u00edvaje se do jeho chladn\u00fdch o\u010d\u00ed, u\u017e c\u00edtila neklid, jako p\u0159edzv\u011bst bou\u0159e.<\/p>\n\n\n\n<p>Kdy\u017e host\u00e9 ode\u0161li a dve\u0159e jejich nov\u00e9ho bytu se s bouchnut\u00edm zav\u0159ely, Anna c\u00edtila ve vzduchu zvl\u00e1\u0161tn\u00ed t\u00edhu. M\u00edstnost, zalit\u00e1 m\u011bkk\u00fdm sv\u011btlem lampy, vypadala jako divadeln\u00ed jevi\u0161t\u011b. Ivan Sergejevi\u010d si sundal bundu, p\u0159istoupil k n\u00ed a s \u00fasm\u011bvem bez tepla pronesl slova, kter\u00e1 si bude pamatovat nav\u017edy. Polo\u017eil ot\u00e1zku, kter\u00e1 ji paralyzovala: souhlas\u00ed nyn\u00ed se zvl\u00e1\u0161tn\u00edmi podm\u00ednkami, na kter\u00e9 \u201enazna\u010dil\u201c p\u0159ed svatbou, ale nikdy je nevyslovil? Jeho hlas byl hroziv\u00fd a jeho o\u010di chladn\u011b vypo\u010d\u00edtav\u00e9.<\/p>\n\n\n\n<p>Anna on\u011bm\u011bla. Srdce j\u00ed bu\u0161ilo tak siln\u011b, \u017ee j\u00ed to hu\u010delo v u\u0161\u00edch. Uv\u011bdomila si: toto man\u017eelstv\u00ed nikdy nebylo o l\u00e1sce. On byl transakc\u00ed, kde ona byla kr\u00e1sn\u00fdm objektem a on byl majitelem. Ivan Sergejevi\u010d mluvil o tom, jak je te\u010f \u201esou\u010d\u00e1st\u00ed jeho obrazu\u201c, \u017ee mus\u00ed dodr\u017eovat rozvrh, setk\u00e1vat se s t\u011bmi spr\u00e1vn\u00fdmi lidmi, podepisovat dokumenty, \u00fa\u010dastnit se akc\u00ed a b\u00fdt \u201edokonalou spole\u010dnic\u00ed\u201c \u2013 i za cenu vlastn\u00edch z\u00e1sad. Nab\u00eddl j\u00ed ji\u017e p\u0159ipravenou smlouvu a postavil ji p\u0159ed hotovou v\u011bc: bu\u010f ji podep\u00ed\u0161e, nebo m\u016f\u017ee okam\u017eit\u011b odej\u00edt \u2013 bez pen\u011bz, bez podpory, bez budoucnosti.<\/p>\n\n\n\n<figure class=\"wp-block-image size-full\"><img loading=\"lazy\" decoding=\"async\" width=\"526\" height=\"790\" src=\"https:\/\/mybook.am\/wp-content\/uploads\/2025\/09\/121245456265-1.jpg\" alt=\"\" class=\"wp-image-21026\" srcset=\"https:\/\/mybook.am\/wp-content\/uploads\/2025\/09\/121245456265-1.jpg 526w, https:\/\/mybook.am\/wp-content\/uploads\/2025\/09\/121245456265-1-200x300.jpg 200w\" sizes=\"auto, (max-width: 526px) 100vw, 526px\" \/><\/figure>\n\n\n\n<p>Ann\u011b se do o\u010d\u00ed vhrkly slzy. Najednou si vzpomn\u011bla na sv\u00e9 d\u011btstv\u00ed, na svobodu, na sv\u00e9 sny o opravdov\u00e9 l\u00e1sce. V\u0161echno, co pova\u017eovala za kr\u00e1sn\u00e9 v Ivanov\u00fdch Sergejevi\u010dov\u00fdch slibech, se v tu chv\u00edli rozt\u0159\u00ed\u0161tilo jako sklo. Ale spolu s hr\u016fzou se v n\u00ed probudilo i n\u011bco nov\u00e9ho \u2013 odhodl\u00e1n\u00ed. Pochopila, \u017ee kdy\u017e te\u010f povol\u00ed, nav\u017edy ztrat\u00ed sama sebe. A Anna, sebrav posledn\u00ed zbytky odvahy, ti\u0161e, ale pevn\u011b \u0159ekla: \u201eNe.\u201c<\/p>\n\n\n\n<p>Ivan Sergejevi\u010d takovou odpov\u011b\u010f ne\u010dekal. Jeho tv\u00e1\u0159 se zk\u0159ivila, ale emoce udr\u017eel na uzd\u011b. Byl zvykl\u00fd na to, \u017ee lid\u00e9 souhlas\u00ed. V m\u00edstnosti se rozhostilo ticho. P\u00e1r minut na sebe z\u00edrali jako dva soupe\u0159i v z\u00e1pasnick\u00e9m ringu. Anna c\u00edtila, \u017ee cel\u00e1 jej\u00ed budoucnost vis\u00ed na vl\u00e1sku. Ruce se j\u00ed t\u0159\u00e1sly, ale pohled m\u011bla pevn\u00fd. V\u011bd\u011bla: pokud te\u010f neodejde, nav\u017edy ztrat\u00ed svobodu.<\/p>\n\n\n\n<p>Sbalila si kufr a vy\u0161la do noci. Venku mrholilo, ale v hrudi j\u00ed u\u017e doutnal zvl\u00e1\u0161tn\u00ed pocit \u2013 \u00faleva. Proch\u00e1zela se pr\u00e1zdn\u00fdmi ulicemi a nebyla si jist\u00e1, kde str\u00e1v\u00ed noc, ale poprv\u00e9 po dlouh\u00e9 dob\u011b c\u00edtila, \u017ee m\u00e1 sv\u016fj \u017eivot pod kontrolou. Ten ve\u010der se pro ni stal zlomov\u00fdm bodem, symbolem toho, \u017ee pen\u00edze a sliby nestoj\u00ed za svobodu, kterou prodala.<\/p>\n\n\n\n<p>Pozd\u011bji si Anna na\u0161la pr\u00e1ci, pronajala si mal\u00fd pokoj, dokon\u010dila studium a za\u010dala si budovat \u017eivot od nuly. Jej\u00ed p\u0159\u00edb\u011bh se stal varov\u00e1n\u00edm pro mnoho d\u00edvek, kter\u00e9 v\u011b\u0159\u00ed, \u017ee bohatstv\u00ed a v\u011bk mohou nahradit l\u00e1sku a respekt. Uv\u011bdomila si, \u017ee \u017e\u00e1dn\u00e9 dary ani byty nestoj\u00ed za jej\u00ed du\u0161i.<\/p>\n\n\n\n<p>Tento p\u0159\u00edb\u011bh nen\u00ed o skand\u00e1lu, ale o s\u00edle volby. Je to o d\u016fle\u017eitosti naslouchat s\u00e1m sob\u011b a neb\u00e1t se \u0159\u00edct \u201ene\u201c, i kdy\u017e v\u00e1s okoln\u00ed sv\u011bt ozna\u010duje za hloup\u00e9. A o tom, jak skute\u010dn\u00e1 svoboda za\u010d\u00edn\u00e1, kdy\u017e \u010dlov\u011bk p\u0159estane b\u00fdt v\u011bc\u00ed v rukou n\u011bkoho jin\u00e9ho.<\/p>\n","protected":false},"excerpt":{"rendered":"Anna, dvacetilet\u00e1 studentka pedagogiky, se sv\u00e9mu okol\u00ed v\u017edycky zd\u00e1la skromn\u00e1 a stydliv\u00e1. Poch\u00e1zela z mal\u00e9 vesnice, brzy ztratila rodi\u010de a od ml\u00e1d\u00ed byla \n<a class=\"moretag\" href=\"https:\/\/mybook.am\/?p=21025\"> [...]<\/a>","protected":false},"author":1,"featured_media":21026,"comment_status":"open","ping_status":"open","sticky":false,"template":"","format":"standard","meta":{"footnotes":""},"categories":[2,1,3],"tags":[],"class_list":["post-21025","post","type-post","status-publish","format-standard","has-post-thumbnail","hentry","category-amerika","category-ceska","category-fotto"],"yoast_head":"<!-- This site is optimized with the Yoast SEO plugin v27.5 - https:\/\/yoast.com\/product\/yoast-seo-wordpress\/ -->\n<title>\u201eChud\u00e1 nev\u011bsta a tajemstv\u00ed svatebn\u00ed noci: Co \u0161edes\u00e1tilet\u00fd \u017eenich po\u017eadoval, a\u017e j\u00ed nasko\u010dila hus\u00ed k\u016f\u017ee\u201c -<\/title>\n<meta name=\"robots\" content=\"index, follow, max-snippet:-1, max-image-preview:large, max-video-preview:-1\" \/>\n<link rel=\"canonical\" href=\"https:\/\/mybook.am\/?p=21025\" \/>\n<meta property=\"og:locale\" content=\"ru_RU\" \/>\n<meta property=\"og:type\" content=\"article\" \/>\n<meta property=\"og:title\" content=\"\u201eChud\u00e1 nev\u011bsta a tajemstv\u00ed svatebn\u00ed noci: Co \u0161edes\u00e1tilet\u00fd \u017eenich po\u017eadoval, a\u017e j\u00ed nasko\u010dila hus\u00ed k\u016f\u017ee\u201c -\" \/>\n<meta property=\"og:description\" content=\"Anna, dvacetilet\u00e1 studentka pedagogiky, se sv\u00e9mu okol\u00ed v\u017edycky zd\u00e1la skromn\u00e1 a stydliv\u00e1. Poch\u00e1zela z mal\u00e9 vesnice, brzy ztratila rodi\u010de a od ml\u00e1d\u00ed byla\" \/>\n<meta property=\"og:url\" content=\"https:\/\/mybook.am\/?p=21025\" \/>\n<meta property=\"article:published_time\" content=\"2025-09-17T19:48:26+00:00\" \/>\n<meta property=\"og:image\" content=\"https:\/\/mybook.am\/wp-content\/uploads\/2025\/09\/121245456265-1.jpg\" \/>\n\t<meta property=\"og:image:width\" content=\"526\" \/>\n\t<meta property=\"og:image:height\" content=\"790\" \/>\n\t<meta property=\"og:image:type\" content=\"image\/jpeg\" \/>\n<meta name=\"author\" content=\"admin\" \/>\n<meta name=\"twitter:card\" content=\"summary_large_image\" \/>\n<meta name=\"twitter:label1\" content=\"\u041d\u0430\u043f\u0438\u0441\u0430\u043d\u043e \u0430\u0432\u0442\u043e\u0440\u043e\u043c\" \/>\n\t<meta name=\"twitter:data1\" content=\"admin\" \/>\n\t<meta name=\"twitter:label2\" content=\"\u041f\u0440\u0438\u043c\u0435\u0440\u043d\u043e\u0435 \u0432\u0440\u0435\u043c\u044f \u0434\u043b\u044f \u0447\u0442\u0435\u043d\u0438\u044f\" \/>\n\t<meta name=\"twitter:data2\" content=\"4 \u043c\u0438\u043d\u0443\u0442\u044b\" \/>\n<script type=\"application\/ld+json\" class=\"yoast-schema-graph\">{\"@context\":\"https:\\\/\\\/schema.org\",\"@graph\":[{\"@type\":\"Article\",\"@id\":\"https:\\\/\\\/mybook.am\\\/?p=21025#article\",\"isPartOf\":{\"@id\":\"https:\\\/\\\/mybook.am\\\/?p=21025\"},\"author\":{\"name\":\"admin\",\"@id\":\"https:\\\/\\\/mybook.am\\\/#\\\/schema\\\/person\\\/e730847942cff3a199774e803916e97e\"},\"headline\":\"\u201eChud\u00e1 nev\u011bsta a tajemstv\u00ed svatebn\u00ed noci: Co \u0161edes\u00e1tilet\u00fd \u017eenich po\u017eadoval, a\u017e j\u00ed nasko\u010dila hus\u00ed k\u016f\u017ee\u201c\",\"datePublished\":\"2025-09-17T19:48:26+00:00\",\"mainEntityOfPage\":{\"@id\":\"https:\\\/\\\/mybook.am\\\/?p=21025\"},\"wordCount\":784,\"commentCount\":0,\"image\":{\"@id\":\"https:\\\/\\\/mybook.am\\\/?p=21025#primaryimage\"},\"thumbnailUrl\":\"https:\\\/\\\/mybook.am\\\/wp-content\\\/uploads\\\/2025\\\/09\\\/121245456265-1.jpg\",\"articleSection\":[\"Amerika\",\"\u010cesk\u00e1\",\"FRANS\"],\"inLanguage\":\"ru-RU\",\"potentialAction\":[{\"@type\":\"CommentAction\",\"name\":\"Comment\",\"target\":[\"https:\\\/\\\/mybook.am\\\/?p=21025#respond\"]}]},{\"@type\":\"WebPage\",\"@id\":\"https:\\\/\\\/mybook.am\\\/?p=21025\",\"url\":\"https:\\\/\\\/mybook.am\\\/?p=21025\",\"name\":\"\u201eChud\u00e1 nev\u011bsta a tajemstv\u00ed svatebn\u00ed noci: Co \u0161edes\u00e1tilet\u00fd \u017eenich po\u017eadoval, a\u017e j\u00ed nasko\u010dila hus\u00ed k\u016f\u017ee\u201c -\",\"isPartOf\":{\"@id\":\"https:\\\/\\\/mybook.am\\\/#website\"},\"primaryImageOfPage\":{\"@id\":\"https:\\\/\\\/mybook.am\\\/?p=21025#primaryimage\"},\"image\":{\"@id\":\"https:\\\/\\\/mybook.am\\\/?p=21025#primaryimage\"},\"thumbnailUrl\":\"https:\\\/\\\/mybook.am\\\/wp-content\\\/uploads\\\/2025\\\/09\\\/121245456265-1.jpg\",\"datePublished\":\"2025-09-17T19:48:26+00:00\",\"author\":{\"@id\":\"https:\\\/\\\/mybook.am\\\/#\\\/schema\\\/person\\\/e730847942cff3a199774e803916e97e\"},\"breadcrumb\":{\"@id\":\"https:\\\/\\\/mybook.am\\\/?p=21025#breadcrumb\"},\"inLanguage\":\"ru-RU\",\"potentialAction\":[{\"@type\":\"ReadAction\",\"target\":[\"https:\\\/\\\/mybook.am\\\/?p=21025\"]}]},{\"@type\":\"ImageObject\",\"inLanguage\":\"ru-RU\",\"@id\":\"https:\\\/\\\/mybook.am\\\/?p=21025#primaryimage\",\"url\":\"https:\\\/\\\/mybook.am\\\/wp-content\\\/uploads\\\/2025\\\/09\\\/121245456265-1.jpg\",\"contentUrl\":\"https:\\\/\\\/mybook.am\\\/wp-content\\\/uploads\\\/2025\\\/09\\\/121245456265-1.jpg\",\"width\":526,\"height\":790},{\"@type\":\"BreadcrumbList\",\"@id\":\"https:\\\/\\\/mybook.am\\\/?p=21025#breadcrumb\",\"itemListElement\":[{\"@type\":\"ListItem\",\"position\":1,\"name\":\"\u0413\u043b\u0430\u0432\u043d\u0430\u044f \u0441\u0442\u0440\u0430\u043d\u0438\u0446\u0430\",\"item\":\"https:\\\/\\\/mybook.am\\\/\"},{\"@type\":\"ListItem\",\"position\":2,\"name\":\"\u201eChud\u00e1 nev\u011bsta a tajemstv\u00ed svatebn\u00ed noci: Co \u0161edes\u00e1tilet\u00fd \u017eenich po\u017eadoval, a\u017e j\u00ed nasko\u010dila hus\u00ed k\u016f\u017ee\u201c\"}]},{\"@type\":\"WebSite\",\"@id\":\"https:\\\/\\\/mybook.am\\\/#website\",\"url\":\"https:\\\/\\\/mybook.am\\\/\",\"name\":\"\",\"description\":\"\",\"potentialAction\":[{\"@type\":\"SearchAction\",\"target\":{\"@type\":\"EntryPoint\",\"urlTemplate\":\"https:\\\/\\\/mybook.am\\\/?s={search_term_string}\"},\"query-input\":{\"@type\":\"PropertyValueSpecification\",\"valueRequired\":true,\"valueName\":\"search_term_string\"}}],\"inLanguage\":\"ru-RU\"},{\"@type\":\"Person\",\"@id\":\"https:\\\/\\\/mybook.am\\\/#\\\/schema\\\/person\\\/e730847942cff3a199774e803916e97e\",\"name\":\"admin\",\"image\":{\"@type\":\"ImageObject\",\"inLanguage\":\"ru-RU\",\"@id\":\"https:\\\/\\\/secure.gravatar.com\\\/avatar\\\/df64e550a0653b7be0f1bcf897f33faad9c2c8153472b2d9319beafb51370f6f?s=96&d=mm&r=g\",\"url\":\"https:\\\/\\\/secure.gravatar.com\\\/avatar\\\/df64e550a0653b7be0f1bcf897f33faad9c2c8153472b2d9319beafb51370f6f?s=96&d=mm&r=g\",\"contentUrl\":\"https:\\\/\\\/secure.gravatar.com\\\/avatar\\\/df64e550a0653b7be0f1bcf897f33faad9c2c8153472b2d9319beafb51370f6f?s=96&d=mm&r=g\",\"caption\":\"admin\"},\"sameAs\":[\"http:\\\/\\\/mybook.am\"],\"url\":\"https:\\\/\\\/mybook.am\\\/?author=1\"}]}<\/script>\n<!-- \/ Yoast SEO plugin. -->","yoast_head_json":{"title":"\u201eChud\u00e1 nev\u011bsta a tajemstv\u00ed svatebn\u00ed noci: Co \u0161edes\u00e1tilet\u00fd \u017eenich po\u017eadoval, a\u017e j\u00ed nasko\u010dila hus\u00ed k\u016f\u017ee\u201c -","robots":{"index":"index","follow":"follow","max-snippet":"max-snippet:-1","max-image-preview":"max-image-preview:large","max-video-preview":"max-video-preview:-1"},"canonical":"https:\/\/mybook.am\/?p=21025","og_locale":"ru_RU","og_type":"article","og_title":"\u201eChud\u00e1 nev\u011bsta a tajemstv\u00ed svatebn\u00ed noci: Co \u0161edes\u00e1tilet\u00fd \u017eenich po\u017eadoval, a\u017e j\u00ed nasko\u010dila hus\u00ed k\u016f\u017ee\u201c -","og_description":"Anna, dvacetilet\u00e1 studentka pedagogiky, se sv\u00e9mu okol\u00ed v\u017edycky zd\u00e1la skromn\u00e1 a stydliv\u00e1. Poch\u00e1zela z mal\u00e9 vesnice, brzy ztratila rodi\u010de a od ml\u00e1d\u00ed byla","og_url":"https:\/\/mybook.am\/?p=21025","article_published_time":"2025-09-17T19:48:26+00:00","og_image":[{"width":526,"height":790,"url":"https:\/\/mybook.am\/wp-content\/uploads\/2025\/09\/121245456265-1.jpg","type":"image\/jpeg"}],"author":"admin","twitter_card":"summary_large_image","twitter_misc":{"\u041d\u0430\u043f\u0438\u0441\u0430\u043d\u043e \u0430\u0432\u0442\u043e\u0440\u043e\u043c":"admin","\u041f\u0440\u0438\u043c\u0435\u0440\u043d\u043e\u0435 \u0432\u0440\u0435\u043c\u044f \u0434\u043b\u044f \u0447\u0442\u0435\u043d\u0438\u044f":"4 \u043c\u0438\u043d\u0443\u0442\u044b"},"schema":{"@context":"https:\/\/schema.org","@graph":[{"@type":"Article","@id":"https:\/\/mybook.am\/?p=21025#article","isPartOf":{"@id":"https:\/\/mybook.am\/?p=21025"},"author":{"name":"admin","@id":"https:\/\/mybook.am\/#\/schema\/person\/e730847942cff3a199774e803916e97e"},"headline":"\u201eChud\u00e1 nev\u011bsta a tajemstv\u00ed svatebn\u00ed noci: Co \u0161edes\u00e1tilet\u00fd \u017eenich po\u017eadoval, a\u017e j\u00ed nasko\u010dila hus\u00ed k\u016f\u017ee\u201c","datePublished":"2025-09-17T19:48:26+00:00","mainEntityOfPage":{"@id":"https:\/\/mybook.am\/?p=21025"},"wordCount":784,"commentCount":0,"image":{"@id":"https:\/\/mybook.am\/?p=21025#primaryimage"},"thumbnailUrl":"https:\/\/mybook.am\/wp-content\/uploads\/2025\/09\/121245456265-1.jpg","articleSection":["Amerika","\u010cesk\u00e1","FRANS"],"inLanguage":"ru-RU","potentialAction":[{"@type":"CommentAction","name":"Comment","target":["https:\/\/mybook.am\/?p=21025#respond"]}]},{"@type":"WebPage","@id":"https:\/\/mybook.am\/?p=21025","url":"https:\/\/mybook.am\/?p=21025","name":"\u201eChud\u00e1 nev\u011bsta a tajemstv\u00ed svatebn\u00ed noci: Co \u0161edes\u00e1tilet\u00fd \u017eenich po\u017eadoval, a\u017e j\u00ed nasko\u010dila hus\u00ed k\u016f\u017ee\u201c -","isPartOf":{"@id":"https:\/\/mybook.am\/#website"},"primaryImageOfPage":{"@id":"https:\/\/mybook.am\/?p=21025#primaryimage"},"image":{"@id":"https:\/\/mybook.am\/?p=21025#primaryimage"},"thumbnailUrl":"https:\/\/mybook.am\/wp-content\/uploads\/2025\/09\/121245456265-1.jpg","datePublished":"2025-09-17T19:48:26+00:00","author":{"@id":"https:\/\/mybook.am\/#\/schema\/person\/e730847942cff3a199774e803916e97e"},"breadcrumb":{"@id":"https:\/\/mybook.am\/?p=21025#breadcrumb"},"inLanguage":"ru-RU","potentialAction":[{"@type":"ReadAction","target":["https:\/\/mybook.am\/?p=21025"]}]},{"@type":"ImageObject","inLanguage":"ru-RU","@id":"https:\/\/mybook.am\/?p=21025#primaryimage","url":"https:\/\/mybook.am\/wp-content\/uploads\/2025\/09\/121245456265-1.jpg","contentUrl":"https:\/\/mybook.am\/wp-content\/uploads\/2025\/09\/121245456265-1.jpg","width":526,"height":790},{"@type":"BreadcrumbList","@id":"https:\/\/mybook.am\/?p=21025#breadcrumb","itemListElement":[{"@type":"ListItem","position":1,"name":"\u0413\u043b\u0430\u0432\u043d\u0430\u044f \u0441\u0442\u0440\u0430\u043d\u0438\u0446\u0430","item":"https:\/\/mybook.am\/"},{"@type":"ListItem","position":2,"name":"\u201eChud\u00e1 nev\u011bsta a tajemstv\u00ed svatebn\u00ed noci: Co \u0161edes\u00e1tilet\u00fd \u017eenich po\u017eadoval, a\u017e j\u00ed nasko\u010dila hus\u00ed k\u016f\u017ee\u201c"}]},{"@type":"WebSite","@id":"https:\/\/mybook.am\/#website","url":"https:\/\/mybook.am\/","name":"","description":"","potentialAction":[{"@type":"SearchAction","target":{"@type":"EntryPoint","urlTemplate":"https:\/\/mybook.am\/?s={search_term_string}"},"query-input":{"@type":"PropertyValueSpecification","valueRequired":true,"valueName":"search_term_string"}}],"inLanguage":"ru-RU"},{"@type":"Person","@id":"https:\/\/mybook.am\/#\/schema\/person\/e730847942cff3a199774e803916e97e","name":"admin","image":{"@type":"ImageObject","inLanguage":"ru-RU","@id":"https:\/\/secure.gravatar.com\/avatar\/df64e550a0653b7be0f1bcf897f33faad9c2c8153472b2d9319beafb51370f6f?s=96&d=mm&r=g","url":"https:\/\/secure.gravatar.com\/avatar\/df64e550a0653b7be0f1bcf897f33faad9c2c8153472b2d9319beafb51370f6f?s=96&d=mm&r=g","contentUrl":"https:\/\/secure.gravatar.com\/avatar\/df64e550a0653b7be0f1bcf897f33faad9c2c8153472b2d9319beafb51370f6f?s=96&d=mm&r=g","caption":"admin"},"sameAs":["http:\/\/mybook.am"],"url":"https:\/\/mybook.am\/?author=1"}]}},"views":133,"_links":{"self":[{"href":"https:\/\/mybook.am\/index.php?rest_route=\/wp\/v2\/posts\/21025","targetHints":{"allow":["GET"]}}],"collection":[{"href":"https:\/\/mybook.am\/index.php?rest_route=\/wp\/v2\/posts"}],"about":[{"href":"https:\/\/mybook.am\/index.php?rest_route=\/wp\/v2\/types\/post"}],"author":[{"embeddable":true,"href":"https:\/\/mybook.am\/index.php?rest_route=\/wp\/v2\/users\/1"}],"replies":[{"embeddable":true,"href":"https:\/\/mybook.am\/index.php?rest_route=%2Fwp%2Fv2%2Fcomments&post=21025"}],"version-history":[{"count":1,"href":"https:\/\/mybook.am\/index.php?rest_route=\/wp\/v2\/posts\/21025\/revisions"}],"predecessor-version":[{"id":21027,"href":"https:\/\/mybook.am\/index.php?rest_route=\/wp\/v2\/posts\/21025\/revisions\/21027"}],"wp:featuredmedia":[{"embeddable":true,"href":"https:\/\/mybook.am\/index.php?rest_route=\/wp\/v2\/media\/21026"}],"wp:attachment":[{"href":"https:\/\/mybook.am\/index.php?rest_route=%2Fwp%2Fv2%2Fmedia&parent=21025"}],"wp:term":[{"taxonomy":"category","embeddable":true,"href":"https:\/\/mybook.am\/index.php?rest_route=%2Fwp%2Fv2%2Fcategories&post=21025"},{"taxonomy":"post_tag","embeddable":true,"href":"https:\/\/mybook.am\/index.php?rest_route=%2Fwp%2Fv2%2Ftags&post=21025"}],"curies":[{"name":"wp","href":"https:\/\/api.w.org\/{rel}","templated":true}]}}