{"id":21040,"date":"2025-09-18T10:36:25","date_gmt":"2025-09-18T07:36:25","guid":{"rendered":"https:\/\/mybook.am\/?p=21040"},"modified":"2025-09-18T10:36:26","modified_gmt":"2025-09-18T07:36:26","slug":"prisla-si-po-chemoterapii-oholit-hlavu-ale-ten-den-se-stalo-neco-co-ji-navzdy-zmenilo","status":"publish","type":"post","link":"https:\/\/mybook.am\/?p=21040","title":{"rendered":"\u201eP\u0159i\u0161la si po chemoterapii oholit hlavu, ale ten den se stalo n\u011bco, co ji nav\u017edy zm\u011bnilo.\u201c"},"content":{"rendered":"\n<p>V\u017edycky se pova\u017eovala za silnou. Nemoc se j\u00ed sna\u017eila dok\u00e1zat, \u017ee se m\u00fdl\u00ed, ale ona se tvrdohlav\u011b dr\u017eela sv\u00e9ho zn\u00e1m\u00e9ho \u017eivota \u2013 rann\u00ed k\u00e1vy, sv\u00e9ho obl\u00edben\u00e9ho televizn\u00edho seri\u00e1lu, vlas\u016f, kter\u00e9 kdysi byly jej\u00ed p\u00fdchou. Byly dlouh\u00e9, hust\u00e9, barvy zral\u00e9ho ka\u0161tanu a tolikr\u00e1t p\u0159edm\u011btem obdivu mezi jej\u00edmi p\u0159\u00e1teli. Nyn\u00ed j\u00ed ka\u017ed\u00e9 r\u00e1no p\u0159ipom\u00ednalo, \u017ee nemoc v\u00edt\u011bz\u00ed: chuchvalce vlas\u016f na pol\u0161t\u00e1\u0159i, prameny v rukou, \u00fasm\u011bv v zrcadle, kter\u00fd se s ka\u017ed\u00fdm dal\u0161\u00edm dnem st\u00e1valo \u010d\u00edm d\u00e1l m\u00e9n\u011b \u010dast\u00fdm.<\/p>\n\n\n\n<p>Rozhodnut\u00ed p\u0159i\u0161lo n\u00e1hle. Necht\u011bla \u010dekat, a\u017e nemoc rozhodne za ni. Cht\u011bla tomu skoncovat sama. St\u00e1t se siln\u011bj\u0161\u00ed ne\u017e jej\u00ed strach. Zavolala do holi\u010dstv\u00ed, do toho sam\u00e9ho, kam si chodila zast\u0159ih\u00e1vat vlasy, a po\u017e\u00e1dala o co nejbli\u017e\u0161\u00ed sch\u016fzku.<\/p>\n\n\n\n<p>Toho dne byla obloha n\u00edzk\u00e1 a \u0161ed\u00e1, jako by se i ona chystala plakat. Nat\u00e1hla si kapuci, ne aby unikla de\u0161ti \u2013 jen cht\u011bla skr\u00fdt sv\u00e9 posledn\u00ed pram\u00ednky vlas\u016f p\u0159ed sv\u011btem.<\/p>\n\n\n\n<p>Holi\u010dstv\u00ed von\u011blo k\u00e1vou a d\u0159evem a hr\u00e1la tich\u00e1 hudba. P\u0159\u00edsn\u00ed mu\u017ei s tetov\u00e1n\u00edm a vousy, kte\u0159\u00ed j\u00ed v\u017edycky p\u0159ipadali jako filmov\u00ed hrdinov\u00e9, j\u00ed najednou p\u0159ipadali bolestn\u011b pov\u011bdom\u00ed. V\u0161imli si jej\u00edho pohledu \u2013 unaven\u00e9ho, \u200b\u200bzlomen\u00e9ho \u2013 a zmlkli.<\/p>\n\n\n\n<p>\u201ePot\u0159ebuji\u2026\u201c za\u010dala, ale hlas se j\u00ed chv\u011bl. \u201eChci si oholit hlavu. Vlasy mi padaj\u00ed kv\u016fli chemik\u00e1li\u00edm. U\u017e se na to nem\u016f\u017eu d\u00edvat.\u201c<\/p>\n\n\n\n<p>Obvykle se holi\u010dstv\u00ed plnilo sm\u00edchem, vtipy a hlasit\u00fdmi rozhovory. Tentokr\u00e1t se rozhostilo hrobov\u00e9 ticho. Holi\u010d, star\u00fd zn\u00e1m\u00fd, jen p\u0159ik\u00fdvl a vyt\u00e1hl strojek. Vzduchem se rozl\u00e9hal hukot strojku.<\/p>\n\n\n\n<p>Pod\u00edvala se do zrcadla a vid\u011bla, jak na podlahu padaj\u00ed pram\u00ednky vlas\u016f. S ka\u017ed\u00fdm z nich odch\u00e1zel kousek jej\u00ed minulosti. Jakmile se strojek dotkl zadn\u00ed \u010d\u00e1sti jej\u00ed hlavy, c\u00edtila, jak se j\u00ed na k\u016f\u017ei ot\u0159el studen\u00fd vzduch. Slzy j\u00ed st\u00e9kaly po tv\u00e1\u0159\u00edch, ale ona je neut\u0159ela \u2013 nechala je t\u00e9ct.<\/p>\n\n\n\n<figure class=\"wp-block-image size-full\"><img loading=\"lazy\" decoding=\"async\" width=\"800\" height=\"597\" src=\"https:\/\/mybook.am\/wp-content\/uploads\/2025\/09\/121548755.jpeg\" alt=\"\" class=\"wp-image-21041\" srcset=\"https:\/\/mybook.am\/wp-content\/uploads\/2025\/09\/121548755.jpeg 800w, https:\/\/mybook.am\/wp-content\/uploads\/2025\/09\/121548755-300x224.jpeg 300w, https:\/\/mybook.am\/wp-content\/uploads\/2025\/09\/121548755-768x573.jpeg 768w\" sizes=\"auto, (max-width: 800px) 100vw, 800px\" \/><\/figure>\n\n\n\n<p>Najednou se strojky zastavily. Kade\u0159n\u00edk je vypnul, pod\u00edval se j\u00ed do o\u010d\u00ed a \u0159ekl: \u201ePo\u010dkejte.\u201c<\/p>\n\n\n\n<p>Pokynul sv\u00fdm koleg\u016fm. Vym\u011bnili si pohledy, p\u0159ik\u00fdvli a\u2026 jeden po druh\u00e9m si za\u010dali sund\u00e1vat \u010depice a klobouky. A pak se stalo n\u011bco, co ne\u010dekala.<\/p>\n\n\n\n<p>Nejprve si jeden chlap p\u0159inesl strojky k vlas\u016fm a p\u0159ejel si s nimi po sp\u00e1nku, oholil si pramen. Pak druh\u00fd. Pak t\u0159et\u00ed. Za\u010dali si holit hlavy vedle jej\u00edch, jako by projevovali solidaritu, jako by \u0159\u00edkali: \u201eNejsi s\u00e1m.\u201c<\/p>\n\n\n\n<p>Sledovala, jak jim vlasy padaj\u00ed na podlahu vedle t\u011bch jej\u00edch. Zd\u00e1lo se, \u017ee se podlaha stala kobercem symbol\u016f podpory. S ka\u017ed\u00fdm tahem strojk\u016f se jej\u00ed dech st\u00e1val rovnom\u011brn\u011bj\u0161\u00edm. M\u00edsto strachu se objevila tepl\u00e1 vlna vd\u011b\u010dnosti. \u201ePro\u010d to d\u011bl\u00e1te?\u201c zeptala se a sotva zadr\u017eovala slzy.<\/p>\n\n\n\n<p>\u201eProto\u017ee jste sou\u010d\u00e1st\u00ed na\u0161\u00ed rodiny,\u201c odpov\u011bd\u011bl kade\u0159n\u00edk. \u201eA proto\u017ee vlasy jsou jen vlasy. A ty jsi ty.\u201c<\/p>\n\n\n\n<p>V tu chv\u00edli se poprv\u00e9 po dlouh\u00e9 dob\u011b usm\u00e1la. Pod\u00edvala se na sv\u016fj odraz, uvid\u011bla svou holou hlavu, ale u\u017e se nec\u00edtila zlomen\u00e1. Naopak, c\u00edtila se, jako by se zbavila star\u00e9 bolesti.<\/p>\n\n\n\n<p>Kdy\u017e bylo po v\u0161em, vstala a v\u0161echny objala. Ruce se j\u00ed t\u0159\u00e1sly, ale srdce j\u00ed tlouklo pravideln\u011b. Pochopila: toho dne p\u0159i\u0161la o vlasy, ale z\u00edskala n\u011bco v\u00edc \u2013 pocit, \u017ee kolem n\u00ed jsou lid\u00e9, kter\u00fdm na n\u00ed z\u00e1le\u017e\u00ed.<\/p>\n\n\n\n<p>Vy\u0161la ven a zhluboka se nadechla chladn\u00e9ho vzduchu. Sv\u011bt kolem n\u00ed byl st\u00e1le \u0161ed\u00fd, ale uvnit\u0159 ji napl\u0148oval leh\u010d\u00ed pocit. \u0160la po ulici bez kapuce a c\u00edtila na hlav\u011b jemn\u00fd v\u00e1nek. A poprv\u00e9 po mnoha m\u011bs\u00edc\u00edch se ten dotek nec\u00edtil jako chlad, ale jako svoboda.<\/p>\n\n\n\n<p>V\u011bd\u011bla: \u010dek\u00e1 ji mnoho zkou\u0161ek. Ale te\u010f m\u011bla v zrcadle nov\u00fd obraz \u2013 a nov\u00fd symbol s\u00edly. U\u017e se neb\u00e1la. A tato nov\u00e1, oholen\u00e1, ale nezlomen\u00e1 \u017eena \u0161la dom\u016f s hlavou vzty\u010denou, jako by jej\u00ed star\u00e9 nejistoty zmizely spolu s vlasy.<\/p>\n\n\n\n<p>Toho dne \u0161la do holi\u010dstv\u00ed, aby si oholila hlavu. A ode\u0161la nejen s nov\u00fdm \u00fa\u010desem, ale s v\u00edrou v lidi, s nov\u00fdmi z\u00e1klady v \u017eivot\u011b a s pocitem, \u017ee na sv\u011bt\u011b je m\u00edsto pro opravdovou oporu.<\/p>\n","protected":false},"excerpt":{"rendered":"V\u017edycky se pova\u017eovala za silnou. Nemoc se j\u00ed sna\u017eila dok\u00e1zat, \u017ee se m\u00fdl\u00ed, ale ona se tvrdohlav\u011b dr\u017eela sv\u00e9ho zn\u00e1m\u00e9ho \u017eivota \u2013 rann\u00ed \n<a class=\"moretag\" href=\"https:\/\/mybook.am\/?p=21040\"> [...]<\/a>","protected":false},"author":1,"featured_media":21041,"comment_status":"open","ping_status":"open","sticky":false,"template":"","format":"standard","meta":{"footnotes":""},"categories":[2,1,3],"tags":[],"class_list":["post-21040","post","type-post","status-publish","format-standard","has-post-thumbnail","hentry","category-amerika","category-ceska","category-fotto"],"yoast_head":"<!-- This site is optimized with the Yoast SEO plugin v27.5 - https:\/\/yoast.com\/product\/yoast-seo-wordpress\/ -->\n<title>\u201eP\u0159i\u0161la si po chemoterapii oholit hlavu, ale ten den se stalo n\u011bco, co ji nav\u017edy zm\u011bnilo.\u201c -<\/title>\n<meta name=\"robots\" content=\"index, follow, max-snippet:-1, max-image-preview:large, max-video-preview:-1\" \/>\n<link rel=\"canonical\" href=\"https:\/\/mybook.am\/?p=21040\" \/>\n<meta property=\"og:locale\" content=\"ru_RU\" \/>\n<meta property=\"og:type\" content=\"article\" \/>\n<meta property=\"og:title\" content=\"\u201eP\u0159i\u0161la si po chemoterapii oholit hlavu, ale ten den se stalo n\u011bco, co ji nav\u017edy zm\u011bnilo.\u201c -\" \/>\n<meta property=\"og:description\" content=\"V\u017edycky se pova\u017eovala za silnou. Nemoc se j\u00ed sna\u017eila dok\u00e1zat, \u017ee se m\u00fdl\u00ed, ale ona se tvrdohlav\u011b dr\u017eela sv\u00e9ho zn\u00e1m\u00e9ho \u017eivota \u2013 rann\u00ed\" \/>\n<meta property=\"og:url\" content=\"https:\/\/mybook.am\/?p=21040\" \/>\n<meta property=\"article:published_time\" content=\"2025-09-18T07:36:25+00:00\" \/>\n<meta property=\"article:modified_time\" content=\"2025-09-18T07:36:26+00:00\" \/>\n<meta property=\"og:image\" content=\"https:\/\/mybook.am\/wp-content\/uploads\/2025\/09\/121548755.jpeg\" \/>\n\t<meta property=\"og:image:width\" content=\"800\" \/>\n\t<meta property=\"og:image:height\" content=\"597\" \/>\n\t<meta property=\"og:image:type\" content=\"image\/jpeg\" \/>\n<meta name=\"author\" content=\"admin\" \/>\n<meta name=\"twitter:card\" content=\"summary_large_image\" \/>\n<meta name=\"twitter:label1\" content=\"\u041d\u0430\u043f\u0438\u0441\u0430\u043d\u043e \u0430\u0432\u0442\u043e\u0440\u043e\u043c\" \/>\n\t<meta name=\"twitter:data1\" content=\"admin\" \/>\n\t<meta name=\"twitter:label2\" content=\"\u041f\u0440\u0438\u043c\u0435\u0440\u043d\u043e\u0435 \u0432\u0440\u0435\u043c\u044f \u0434\u043b\u044f \u0447\u0442\u0435\u043d\u0438\u044f\" \/>\n\t<meta name=\"twitter:data2\" content=\"4 \u043c\u0438\u043d\u0443\u0442\u044b\" \/>\n<script type=\"application\/ld+json\" class=\"yoast-schema-graph\">{\"@context\":\"https:\\\/\\\/schema.org\",\"@graph\":[{\"@type\":\"Article\",\"@id\":\"https:\\\/\\\/mybook.am\\\/?p=21040#article\",\"isPartOf\":{\"@id\":\"https:\\\/\\\/mybook.am\\\/?p=21040\"},\"author\":{\"name\":\"admin\",\"@id\":\"https:\\\/\\\/mybook.am\\\/#\\\/schema\\\/person\\\/e730847942cff3a199774e803916e97e\"},\"headline\":\"\u201eP\u0159i\u0161la si po chemoterapii oholit hlavu, ale ten den se stalo n\u011bco, co ji nav\u017edy zm\u011bnilo.\u201c\",\"datePublished\":\"2025-09-18T07:36:25+00:00\",\"dateModified\":\"2025-09-18T07:36:26+00:00\",\"mainEntityOfPage\":{\"@id\":\"https:\\\/\\\/mybook.am\\\/?p=21040\"},\"wordCount\":816,\"commentCount\":0,\"image\":{\"@id\":\"https:\\\/\\\/mybook.am\\\/?p=21040#primaryimage\"},\"thumbnailUrl\":\"https:\\\/\\\/mybook.am\\\/wp-content\\\/uploads\\\/2025\\\/09\\\/121548755.jpeg\",\"articleSection\":[\"Amerika\",\"\u010cesk\u00e1\",\"FRANS\"],\"inLanguage\":\"ru-RU\",\"potentialAction\":[{\"@type\":\"CommentAction\",\"name\":\"Comment\",\"target\":[\"https:\\\/\\\/mybook.am\\\/?p=21040#respond\"]}]},{\"@type\":\"WebPage\",\"@id\":\"https:\\\/\\\/mybook.am\\\/?p=21040\",\"url\":\"https:\\\/\\\/mybook.am\\\/?p=21040\",\"name\":\"\u201eP\u0159i\u0161la si po chemoterapii oholit hlavu, ale ten den se stalo n\u011bco, co ji nav\u017edy zm\u011bnilo.\u201c -\",\"isPartOf\":{\"@id\":\"https:\\\/\\\/mybook.am\\\/#website\"},\"primaryImageOfPage\":{\"@id\":\"https:\\\/\\\/mybook.am\\\/?p=21040#primaryimage\"},\"image\":{\"@id\":\"https:\\\/\\\/mybook.am\\\/?p=21040#primaryimage\"},\"thumbnailUrl\":\"https:\\\/\\\/mybook.am\\\/wp-content\\\/uploads\\\/2025\\\/09\\\/121548755.jpeg\",\"datePublished\":\"2025-09-18T07:36:25+00:00\",\"dateModified\":\"2025-09-18T07:36:26+00:00\",\"author\":{\"@id\":\"https:\\\/\\\/mybook.am\\\/#\\\/schema\\\/person\\\/e730847942cff3a199774e803916e97e\"},\"breadcrumb\":{\"@id\":\"https:\\\/\\\/mybook.am\\\/?p=21040#breadcrumb\"},\"inLanguage\":\"ru-RU\",\"potentialAction\":[{\"@type\":\"ReadAction\",\"target\":[\"https:\\\/\\\/mybook.am\\\/?p=21040\"]}]},{\"@type\":\"ImageObject\",\"inLanguage\":\"ru-RU\",\"@id\":\"https:\\\/\\\/mybook.am\\\/?p=21040#primaryimage\",\"url\":\"https:\\\/\\\/mybook.am\\\/wp-content\\\/uploads\\\/2025\\\/09\\\/121548755.jpeg\",\"contentUrl\":\"https:\\\/\\\/mybook.am\\\/wp-content\\\/uploads\\\/2025\\\/09\\\/121548755.jpeg\",\"width\":800,\"height\":597},{\"@type\":\"BreadcrumbList\",\"@id\":\"https:\\\/\\\/mybook.am\\\/?p=21040#breadcrumb\",\"itemListElement\":[{\"@type\":\"ListItem\",\"position\":1,\"name\":\"\u0413\u043b\u0430\u0432\u043d\u0430\u044f \u0441\u0442\u0440\u0430\u043d\u0438\u0446\u0430\",\"item\":\"https:\\\/\\\/mybook.am\\\/\"},{\"@type\":\"ListItem\",\"position\":2,\"name\":\"\u201eP\u0159i\u0161la si po chemoterapii oholit hlavu, ale ten den se stalo n\u011bco, co ji nav\u017edy zm\u011bnilo.\u201c\"}]},{\"@type\":\"WebSite\",\"@id\":\"https:\\\/\\\/mybook.am\\\/#website\",\"url\":\"https:\\\/\\\/mybook.am\\\/\",\"name\":\"\",\"description\":\"\",\"potentialAction\":[{\"@type\":\"SearchAction\",\"target\":{\"@type\":\"EntryPoint\",\"urlTemplate\":\"https:\\\/\\\/mybook.am\\\/?s={search_term_string}\"},\"query-input\":{\"@type\":\"PropertyValueSpecification\",\"valueRequired\":true,\"valueName\":\"search_term_string\"}}],\"inLanguage\":\"ru-RU\"},{\"@type\":\"Person\",\"@id\":\"https:\\\/\\\/mybook.am\\\/#\\\/schema\\\/person\\\/e730847942cff3a199774e803916e97e\",\"name\":\"admin\",\"image\":{\"@type\":\"ImageObject\",\"inLanguage\":\"ru-RU\",\"@id\":\"https:\\\/\\\/secure.gravatar.com\\\/avatar\\\/df64e550a0653b7be0f1bcf897f33faad9c2c8153472b2d9319beafb51370f6f?s=96&d=mm&r=g\",\"url\":\"https:\\\/\\\/secure.gravatar.com\\\/avatar\\\/df64e550a0653b7be0f1bcf897f33faad9c2c8153472b2d9319beafb51370f6f?s=96&d=mm&r=g\",\"contentUrl\":\"https:\\\/\\\/secure.gravatar.com\\\/avatar\\\/df64e550a0653b7be0f1bcf897f33faad9c2c8153472b2d9319beafb51370f6f?s=96&d=mm&r=g\",\"caption\":\"admin\"},\"sameAs\":[\"http:\\\/\\\/mybook.am\"],\"url\":\"https:\\\/\\\/mybook.am\\\/?author=1\"}]}<\/script>\n<!-- \/ Yoast SEO plugin. -->","yoast_head_json":{"title":"\u201eP\u0159i\u0161la si po chemoterapii oholit hlavu, ale ten den se stalo n\u011bco, co ji nav\u017edy zm\u011bnilo.\u201c -","robots":{"index":"index","follow":"follow","max-snippet":"max-snippet:-1","max-image-preview":"max-image-preview:large","max-video-preview":"max-video-preview:-1"},"canonical":"https:\/\/mybook.am\/?p=21040","og_locale":"ru_RU","og_type":"article","og_title":"\u201eP\u0159i\u0161la si po chemoterapii oholit hlavu, ale ten den se stalo n\u011bco, co ji nav\u017edy zm\u011bnilo.\u201c -","og_description":"V\u017edycky se pova\u017eovala za silnou. Nemoc se j\u00ed sna\u017eila dok\u00e1zat, \u017ee se m\u00fdl\u00ed, ale ona se tvrdohlav\u011b dr\u017eela sv\u00e9ho zn\u00e1m\u00e9ho \u017eivota \u2013 rann\u00ed","og_url":"https:\/\/mybook.am\/?p=21040","article_published_time":"2025-09-18T07:36:25+00:00","article_modified_time":"2025-09-18T07:36:26+00:00","og_image":[{"width":800,"height":597,"url":"https:\/\/mybook.am\/wp-content\/uploads\/2025\/09\/121548755.jpeg","type":"image\/jpeg"}],"author":"admin","twitter_card":"summary_large_image","twitter_misc":{"\u041d\u0430\u043f\u0438\u0441\u0430\u043d\u043e \u0430\u0432\u0442\u043e\u0440\u043e\u043c":"admin","\u041f\u0440\u0438\u043c\u0435\u0440\u043d\u043e\u0435 \u0432\u0440\u0435\u043c\u044f \u0434\u043b\u044f \u0447\u0442\u0435\u043d\u0438\u044f":"4 \u043c\u0438\u043d\u0443\u0442\u044b"},"schema":{"@context":"https:\/\/schema.org","@graph":[{"@type":"Article","@id":"https:\/\/mybook.am\/?p=21040#article","isPartOf":{"@id":"https:\/\/mybook.am\/?p=21040"},"author":{"name":"admin","@id":"https:\/\/mybook.am\/#\/schema\/person\/e730847942cff3a199774e803916e97e"},"headline":"\u201eP\u0159i\u0161la si po chemoterapii oholit hlavu, ale ten den se stalo n\u011bco, co ji nav\u017edy zm\u011bnilo.\u201c","datePublished":"2025-09-18T07:36:25+00:00","dateModified":"2025-09-18T07:36:26+00:00","mainEntityOfPage":{"@id":"https:\/\/mybook.am\/?p=21040"},"wordCount":816,"commentCount":0,"image":{"@id":"https:\/\/mybook.am\/?p=21040#primaryimage"},"thumbnailUrl":"https:\/\/mybook.am\/wp-content\/uploads\/2025\/09\/121548755.jpeg","articleSection":["Amerika","\u010cesk\u00e1","FRANS"],"inLanguage":"ru-RU","potentialAction":[{"@type":"CommentAction","name":"Comment","target":["https:\/\/mybook.am\/?p=21040#respond"]}]},{"@type":"WebPage","@id":"https:\/\/mybook.am\/?p=21040","url":"https:\/\/mybook.am\/?p=21040","name":"\u201eP\u0159i\u0161la si po chemoterapii oholit hlavu, ale ten den se stalo n\u011bco, co ji nav\u017edy zm\u011bnilo.\u201c -","isPartOf":{"@id":"https:\/\/mybook.am\/#website"},"primaryImageOfPage":{"@id":"https:\/\/mybook.am\/?p=21040#primaryimage"},"image":{"@id":"https:\/\/mybook.am\/?p=21040#primaryimage"},"thumbnailUrl":"https:\/\/mybook.am\/wp-content\/uploads\/2025\/09\/121548755.jpeg","datePublished":"2025-09-18T07:36:25+00:00","dateModified":"2025-09-18T07:36:26+00:00","author":{"@id":"https:\/\/mybook.am\/#\/schema\/person\/e730847942cff3a199774e803916e97e"},"breadcrumb":{"@id":"https:\/\/mybook.am\/?p=21040#breadcrumb"},"inLanguage":"ru-RU","potentialAction":[{"@type":"ReadAction","target":["https:\/\/mybook.am\/?p=21040"]}]},{"@type":"ImageObject","inLanguage":"ru-RU","@id":"https:\/\/mybook.am\/?p=21040#primaryimage","url":"https:\/\/mybook.am\/wp-content\/uploads\/2025\/09\/121548755.jpeg","contentUrl":"https:\/\/mybook.am\/wp-content\/uploads\/2025\/09\/121548755.jpeg","width":800,"height":597},{"@type":"BreadcrumbList","@id":"https:\/\/mybook.am\/?p=21040#breadcrumb","itemListElement":[{"@type":"ListItem","position":1,"name":"\u0413\u043b\u0430\u0432\u043d\u0430\u044f \u0441\u0442\u0440\u0430\u043d\u0438\u0446\u0430","item":"https:\/\/mybook.am\/"},{"@type":"ListItem","position":2,"name":"\u201eP\u0159i\u0161la si po chemoterapii oholit hlavu, ale ten den se stalo n\u011bco, co ji nav\u017edy zm\u011bnilo.\u201c"}]},{"@type":"WebSite","@id":"https:\/\/mybook.am\/#website","url":"https:\/\/mybook.am\/","name":"","description":"","potentialAction":[{"@type":"SearchAction","target":{"@type":"EntryPoint","urlTemplate":"https:\/\/mybook.am\/?s={search_term_string}"},"query-input":{"@type":"PropertyValueSpecification","valueRequired":true,"valueName":"search_term_string"}}],"inLanguage":"ru-RU"},{"@type":"Person","@id":"https:\/\/mybook.am\/#\/schema\/person\/e730847942cff3a199774e803916e97e","name":"admin","image":{"@type":"ImageObject","inLanguage":"ru-RU","@id":"https:\/\/secure.gravatar.com\/avatar\/df64e550a0653b7be0f1bcf897f33faad9c2c8153472b2d9319beafb51370f6f?s=96&d=mm&r=g","url":"https:\/\/secure.gravatar.com\/avatar\/df64e550a0653b7be0f1bcf897f33faad9c2c8153472b2d9319beafb51370f6f?s=96&d=mm&r=g","contentUrl":"https:\/\/secure.gravatar.com\/avatar\/df64e550a0653b7be0f1bcf897f33faad9c2c8153472b2d9319beafb51370f6f?s=96&d=mm&r=g","caption":"admin"},"sameAs":["http:\/\/mybook.am"],"url":"https:\/\/mybook.am\/?author=1"}]}},"views":145,"_links":{"self":[{"href":"https:\/\/mybook.am\/index.php?rest_route=\/wp\/v2\/posts\/21040","targetHints":{"allow":["GET"]}}],"collection":[{"href":"https:\/\/mybook.am\/index.php?rest_route=\/wp\/v2\/posts"}],"about":[{"href":"https:\/\/mybook.am\/index.php?rest_route=\/wp\/v2\/types\/post"}],"author":[{"embeddable":true,"href":"https:\/\/mybook.am\/index.php?rest_route=\/wp\/v2\/users\/1"}],"replies":[{"embeddable":true,"href":"https:\/\/mybook.am\/index.php?rest_route=%2Fwp%2Fv2%2Fcomments&post=21040"}],"version-history":[{"count":1,"href":"https:\/\/mybook.am\/index.php?rest_route=\/wp\/v2\/posts\/21040\/revisions"}],"predecessor-version":[{"id":21042,"href":"https:\/\/mybook.am\/index.php?rest_route=\/wp\/v2\/posts\/21040\/revisions\/21042"}],"wp:featuredmedia":[{"embeddable":true,"href":"https:\/\/mybook.am\/index.php?rest_route=\/wp\/v2\/media\/21041"}],"wp:attachment":[{"href":"https:\/\/mybook.am\/index.php?rest_route=%2Fwp%2Fv2%2Fmedia&parent=21040"}],"wp:term":[{"taxonomy":"category","embeddable":true,"href":"https:\/\/mybook.am\/index.php?rest_route=%2Fwp%2Fv2%2Fcategories&post=21040"},{"taxonomy":"post_tag","embeddable":true,"href":"https:\/\/mybook.am\/index.php?rest_route=%2Fwp%2Fv2%2Ftags&post=21040"}],"curies":[{"name":"wp","href":"https:\/\/api.w.org\/{rel}","templated":true}]}}