{"id":21049,"date":"2025-09-19T09:21:54","date_gmt":"2025-09-19T06:21:54","guid":{"rendered":"https:\/\/mybook.am\/?p=21049"},"modified":"2025-09-19T09:21:54","modified_gmt":"2025-09-19T06:21:54","slug":"kousala-postylku-jejich-novorozence-rodice-k-ni-s-hruzou-pribehli-ale-kdyz-videli-co-se-doopravdy-stalo-propukli-v-plac-s-pocitem-na-ktery-nikdy-nezapomenou","status":"publish","type":"post","link":"https:\/\/mybook.am\/?p=21049","title":{"rendered":"Kousala post\u00fdlku jejich novorozence \u2013 rodi\u010de k n\u00ed s hr\u016fzou p\u0159ib\u011bhli, ale kdy\u017e vid\u011bli, co se doopravdy stalo, propukli v pl\u00e1\u010d s pocitem, na kter\u00fd nikdy nezapomenou."},"content":{"rendered":"\n<p>Noc byla tich\u00e1, jako by m\u011bla zajistit v dom\u011b klid. Nov\u00fd \u017eivot, kter\u00fd p\u0159i\u0161el jen o dva t\u00fddny d\u0159\u00edve, p\u0159in\u00e1\u0161el radost i \u00fazkost \u2013 rodi\u010de se budili p\u0159i sebemen\u0161\u00edm \u0161ust\u011bn\u00ed. D\u016fm byl pln\u00fd v\u016fn\u011b d\u011btsk\u00e9ho oble\u010den\u00ed, \u0161epotu ukol\u00e9bavek a dokonce i star\u00e9 hodiny na zdi jako by tikaly ti\u0161eji. Ned\u00e1vno do domu p\u0159ijela nov\u00e1 obyvatelka \u2013 toulav\u00fd pes, kter\u00e9ho si adoptovali p\u0159ed m\u011bs\u00edcem. \u0160t\u00edhl\u00e1, s inteligentn\u00edma o\u010dima, jako by si \u017e\u00e1dala o \u0161anci na norm\u00e1ln\u00ed \u017eivot.<\/p>\n\n\n\n<p>Zpo\u010d\u00e1tku v\u00e1hali, zda nechat zv\u00ed\u0159e v dom\u011b s miminkem. Laskavost v\u0161ak p\u0159ev\u00e1\u017eila opatrnost: pes se k rodin\u011b rychle p\u0159ipoutal, stal se poslu\u0161n\u00fdm a vd\u011b\u010dn\u00fdm a nikdy ne\u0161t\u011bkal bezd\u016fvodn\u011b. Mysleli si, \u017ee maj\u00ed v\u0161echno pod kontrolou.<\/p>\n\n\n\n<p>Tu noc rodi\u010de spali neklidn\u011b. Bylo sly\u0161et tich\u00e9 vrz\u00e1n\u00ed, jako by d\u00edt\u011b n\u011bco mumlalo ze sp\u00e1nku. Pak se ozval sotva sly\u0161iteln\u00fd zvuk: \u0161kr\u00e1b\u00e1n\u00ed, vrz\u00e1n\u00ed d\u0159eva, \u0161ust\u011bn\u00ed tlapek. \u017dena otev\u0159ela o\u010di a ztuhla. Jej\u00ed pohled padl na d\u011btskou post\u00fdlku. V tlumen\u00e9m sv\u011btle no\u010dn\u00ed lampi\u010dky uvid\u011bla psa, toho zachr\u00e1n\u011bn\u00e9ho, \u200b\u200bjak stoj\u00ed u post\u00fdlky a zuby tah\u00e1 za p\u0159\u00ed\u010dku. D\u0159evo vrzalo a sliny padaly kapku po kapce.<\/p>\n\n\n\n<figure class=\"wp-block-image size-full\"><img loading=\"lazy\" decoding=\"async\" width=\"682\" height=\"440\" src=\"https:\/\/mybook.am\/wp-content\/uploads\/2025\/09\/1215487.png\" alt=\"\" class=\"wp-image-21050\" srcset=\"https:\/\/mybook.am\/wp-content\/uploads\/2025\/09\/1215487.png 682w, https:\/\/mybook.am\/wp-content\/uploads\/2025\/09\/1215487-300x194.png 300w\" sizes=\"auto, (max-width: 682px) 100vw, 682px\" \/><\/figure>\n\n\n\n<p>Matka se sev\u0159ela. Vyk\u0159ikla a sp\u011bchala k post\u00fdlce. Jej\u00ed man\u017eel se za n\u00ed rozb\u011bhl. Hlavou j\u00ed probleskla my\u0161lenka: \u201eZa\u00fato\u010dila? Kou\u0161e post\u00fdlku, aby se dostala k d\u00edt\u011bti?\u201c Obraz ji ude\u0159il jako blesk. V tu chv\u00edli se ve\u0161ker\u00fd jejich soucit, ve\u0161ker\u00e1 jejich v\u00edra v dobro zd\u00e1la b\u00fdt stra\u0161livou chybou.<\/p>\n\n\n\n<p>Ale o vte\u0159inu pozd\u011bji, kdy\u017e byli vedle sebe, se pohled v jej\u00edch o\u010d\u00edch zm\u011bnil. D\u00edt\u011b neplakalo \u2013 ve skute\u010dnosti klidn\u011b spal a zat\u00ednal p\u011bsti. Pes se na d\u00edt\u011b ned\u00edval; ona se d\u00edvala na n\u011b, se zoufalstv\u00edm a \u00fazkost\u00ed. Jej\u00ed o\u010di t\u011bkaly od d\u00edt\u011bte k jejich tv\u00e1\u0159\u00edm, jako by se sna\u017eily n\u011bco \u0159\u00edct. Pak si matka v\u0161imla tenk\u00e9 nitky \u2013 t\u00e9m\u011b\u0159 neviditeln\u00e9 \u2013 pobl\u00ed\u017e krku d\u00edt\u011bte.<\/p>\n\n\n\n<p>Byl to \u0159em\u00ednek od hra\u010dky, kter\u00fd se n\u00e1hodou zachytil o roh post\u00fdlky. Ut\u00e1hl se a zkroutil jako smy\u010dka, t\u00e9m\u011b\u0159 se dot\u00fdkal krku d\u00edt\u011bte. Pes hlodal d\u0159evo, ne aby ho zni\u010dil, ale aby se k \u0159em\u00ednku dostal a p\u0159etrhl ho. Zuby hledala slab\u00e9 m\u00edsto a tlapky se sna\u017eily ho dos\u00e1hnout.<\/p>\n\n\n\n<p>Uv\u011bdomili si to ve stejnou chv\u00edli. Man\u017eel opatrn\u011b odh\u00e1\u010dkoval \u0159em\u00ednek, odstr\u010dil ho a \u017eena zvedla d\u00edt\u011b. Oba se t\u0159\u00e1sli. Teplo, \u00fazkost, vina \u2013 to v\u0161e se m\u00edsilo dohromady. Pod\u00edvali se na pejska. Sedla si s u\u0161ima sv\u011b\u0161en\u00fdmi, jako by p\u0159izn\u00e1vala svou \u201evinu\u201c, i kdy\u017e ve skute\u010dnosti pr\u00e1v\u011b zachr\u00e1nila \u017eivot jejich synovi.<\/p>\n\n\n\n<p>Po tv\u00e1\u0159\u00edch j\u00ed st\u00e9kaly slzy. Matka objala sv\u00e9 d\u00edt\u011b, pak si klekla a pohladila psa po hlav\u011b. Pes se zachv\u011bl a pak pomalu ol\u00edzl \u017een\u011b ruku. Man\u017eel si zakryl obli\u010dej rukama a sna\u017eil se potla\u010dit vzlyky.<\/p>\n\n\n\n<p>Tato sc\u00e9na jim nav\u017edy utkv\u011bla v pam\u011bti. Uv\u011bdomili si, \u017ee d\u016fv\u011bra ve zv\u00ed\u0159e nebyla chyba \u2013 stala se jejich sp\u00e1sou. Pes, kter\u00e9ho pova\u017eovali za slab\u00e9ho a pot\u0159ebuj\u00edc\u00edho ochranu, se uk\u00e1zal b\u00fdt ochr\u00e1ncem jejich d\u00edt\u011bte. T\u00e9 noci se jejich p\u0159edstavy o loajalit\u011b a v\u00fdznamu \u201erodiny\u201c obr\u00e1tily vzh\u016fru nohama.<\/p>\n\n\n\n<p>Pozd\u011bji si vzpom\u00ednali na ka\u017ed\u00fd okam\u017eik: jak ji na\u0161li pobl\u00ed\u017e obchodu, hubenou a t\u0159esouc\u00ed se zimou. Jak nesm\u011ble vstoupila do domu, jak dlouho j\u00ed trvalo, ne\u017e si zvykla na m\u011bkkou podest\u00fdlku a lidskou n\u00e1klonnost. A jak navzdory vlastn\u00edmu strachu a minul\u00fdm zku\u0161enostem tato fena bez v\u00e1h\u00e1n\u00ed zaryla zuby do stromu, jen aby z pasti vyt\u00e1hla tu, kterou pova\u017eovala za svou.<\/p>\n\n\n\n<p>N\u00e1sleduj\u00edc\u00edho r\u00e1na na\u0161li na p\u0159\u00ed\u010dn\u00edku stopy po zubech a \u0161kr\u00e1bance, jako by do\u0161lo k prudk\u00e9mu z\u00e1pasu. To se pro n\u011b stalo symbolem \u2013 p\u0159ipom\u00ednkou toho, \u017ee opravdov\u00e1 p\u00e9\u010de nen\u00ed v\u017edy kr\u00e1sn\u00e1. M\u016f\u017ee to b\u00fdt hlasit\u00e9, drsn\u00e9, dokonce d\u011bsiv\u00e9, ale za t\u00edm se m\u016f\u017ee skr\u00fdvat l\u00e1ska, siln\u011bj\u0161\u00ed ne\u017e strach.<\/p>\n\n\n\n<p>Od t\u00e9 doby se pes nestal jen dom\u00e1c\u00edm mazl\u00ed\u010dkem, ale plnohodnotn\u00fdm \u010dlenem rodiny. Vypr\u00e1v\u011bli tento p\u0159\u00edb\u011bh sv\u00fdm p\u0159\u00e1tel\u016fm a mnoz\u00ed nev\u011b\u0159ili: jak m\u016f\u017ee pes, zvl\u00e1\u0161t\u011b b\u00fdval\u00fd toulav\u00fd pes, zachr\u00e1nit d\u00edt\u011b? Pro n\u011b to ale nebyl z\u00e1zrak, ale vzorec: laskavost, jednou projeven\u00e1, se vrac\u00ed v tu nejneo\u010dek\u00e1van\u011bj\u0161\u00ed chv\u00edli.<\/p>\n\n\n\n<p>Ub\u00edhaly roky. D\u00edt\u011b rostlo a pes st\u00e1rl. Na rodinn\u00fdch fotografi\u00edch je v\u017edy pobl\u00ed\u017e \u2013 s t\u011bmi sam\u00fdmi inteligentn\u00edma o\u010dima. Rodi\u010de si st\u00e1le pamatuj\u00ed tu noc, kdy se sv\u011bt mohl zhroutit, ale m\u00edsto toho jim uk\u00e1zal svou nejlep\u0161\u00ed str\u00e1nku. Pochopili: sp\u00e1sa n\u011bkdy p\u0159ich\u00e1z\u00ed odkud ji nejm\u00e9n\u011b \u010dek\u00e1te, a n\u011bkdy hrdina nenos\u00ed pl\u00e1\u0161\u0165, ale srst a tlapky.<\/p>\n\n\n\n<p>Plakali tedy ne ze strachu, ale z vd\u011b\u010dnosti. A jejich slzy se staly tou nejup\u0159\u00edmn\u011bj\u0161\u00ed odm\u011bnou za toho, koho kdysi zachr\u00e1nili.<\/p>\n","protected":false},"excerpt":{"rendered":"Noc byla tich\u00e1, jako by m\u011bla zajistit v dom\u011b klid. Nov\u00fd \u017eivot, kter\u00fd p\u0159i\u0161el jen o dva t\u00fddny d\u0159\u00edve, p\u0159in\u00e1\u0161el radost i \u00fazkost \n<a class=\"moretag\" href=\"https:\/\/mybook.am\/?p=21049\"> [...]<\/a>","protected":false},"author":1,"featured_media":21050,"comment_status":"open","ping_status":"open","sticky":false,"template":"","format":"standard","meta":{"footnotes":""},"categories":[2,1,3],"tags":[],"class_list":["post-21049","post","type-post","status-publish","format-standard","has-post-thumbnail","hentry","category-amerika","category-ceska","category-fotto"],"yoast_head":"<!-- This site is optimized with the Yoast SEO plugin v27.5 - https:\/\/yoast.com\/product\/yoast-seo-wordpress\/ -->\n<title>Kousala post\u00fdlku jejich novorozence \u2013 rodi\u010de k n\u00ed s hr\u016fzou p\u0159ib\u011bhli, ale kdy\u017e vid\u011bli, co se doopravdy stalo, propukli v pl\u00e1\u010d s pocitem, na kter\u00fd nikdy nezapomenou. -<\/title>\n<meta name=\"robots\" content=\"index, follow, max-snippet:-1, max-image-preview:large, max-video-preview:-1\" \/>\n<link rel=\"canonical\" href=\"https:\/\/mybook.am\/?p=21049\" \/>\n<meta property=\"og:locale\" content=\"ru_RU\" \/>\n<meta property=\"og:type\" content=\"article\" \/>\n<meta property=\"og:title\" content=\"Kousala post\u00fdlku jejich novorozence \u2013 rodi\u010de k n\u00ed s hr\u016fzou p\u0159ib\u011bhli, ale kdy\u017e vid\u011bli, co se doopravdy stalo, propukli v pl\u00e1\u010d s pocitem, na kter\u00fd nikdy nezapomenou. -\" \/>\n<meta property=\"og:description\" content=\"Noc byla tich\u00e1, jako by m\u011bla zajistit v dom\u011b klid. Nov\u00fd \u017eivot, kter\u00fd p\u0159i\u0161el jen o dva t\u00fddny d\u0159\u00edve, p\u0159in\u00e1\u0161el radost i \u00fazkost\" \/>\n<meta property=\"og:url\" content=\"https:\/\/mybook.am\/?p=21049\" \/>\n<meta property=\"article:published_time\" content=\"2025-09-19T06:21:54+00:00\" \/>\n<meta property=\"og:image\" content=\"https:\/\/mybook.am\/wp-content\/uploads\/2025\/09\/1215487.png\" \/>\n\t<meta property=\"og:image:width\" content=\"682\" \/>\n\t<meta property=\"og:image:height\" content=\"440\" \/>\n\t<meta property=\"og:image:type\" content=\"image\/png\" \/>\n<meta name=\"author\" content=\"admin\" \/>\n<meta name=\"twitter:card\" content=\"summary_large_image\" \/>\n<meta name=\"twitter:label1\" content=\"\u041d\u0430\u043f\u0438\u0441\u0430\u043d\u043e \u0430\u0432\u0442\u043e\u0440\u043e\u043c\" \/>\n\t<meta name=\"twitter:data1\" content=\"admin\" \/>\n\t<meta name=\"twitter:label2\" content=\"\u041f\u0440\u0438\u043c\u0435\u0440\u043d\u043e\u0435 \u0432\u0440\u0435\u043c\u044f \u0434\u043b\u044f \u0447\u0442\u0435\u043d\u0438\u044f\" \/>\n\t<meta name=\"twitter:data2\" content=\"5 \u043c\u0438\u043d\u0443\u0442\" \/>\n<script type=\"application\/ld+json\" class=\"yoast-schema-graph\">{\"@context\":\"https:\\\/\\\/schema.org\",\"@graph\":[{\"@type\":\"Article\",\"@id\":\"https:\\\/\\\/mybook.am\\\/?p=21049#article\",\"isPartOf\":{\"@id\":\"https:\\\/\\\/mybook.am\\\/?p=21049\"},\"author\":{\"name\":\"admin\",\"@id\":\"https:\\\/\\\/mybook.am\\\/#\\\/schema\\\/person\\\/e730847942cff3a199774e803916e97e\"},\"headline\":\"Kousala post\u00fdlku jejich novorozence \u2013 rodi\u010de k n\u00ed s hr\u016fzou p\u0159ib\u011bhli, ale kdy\u017e vid\u011bli, co se doopravdy stalo, propukli v pl\u00e1\u010d s pocitem, na kter\u00fd nikdy nezapomenou.\",\"datePublished\":\"2025-09-19T06:21:54+00:00\",\"mainEntityOfPage\":{\"@id\":\"https:\\\/\\\/mybook.am\\\/?p=21049\"},\"wordCount\":999,\"commentCount\":0,\"image\":{\"@id\":\"https:\\\/\\\/mybook.am\\\/?p=21049#primaryimage\"},\"thumbnailUrl\":\"https:\\\/\\\/mybook.am\\\/wp-content\\\/uploads\\\/2025\\\/09\\\/1215487.png\",\"articleSection\":[\"Amerika\",\"\u010cesk\u00e1\",\"FRANS\"],\"inLanguage\":\"ru-RU\",\"potentialAction\":[{\"@type\":\"CommentAction\",\"name\":\"Comment\",\"target\":[\"https:\\\/\\\/mybook.am\\\/?p=21049#respond\"]}]},{\"@type\":\"WebPage\",\"@id\":\"https:\\\/\\\/mybook.am\\\/?p=21049\",\"url\":\"https:\\\/\\\/mybook.am\\\/?p=21049\",\"name\":\"Kousala post\u00fdlku jejich novorozence \u2013 rodi\u010de k n\u00ed s hr\u016fzou p\u0159ib\u011bhli, ale kdy\u017e vid\u011bli, co se doopravdy stalo, propukli v pl\u00e1\u010d s pocitem, na kter\u00fd nikdy nezapomenou. -\",\"isPartOf\":{\"@id\":\"https:\\\/\\\/mybook.am\\\/#website\"},\"primaryImageOfPage\":{\"@id\":\"https:\\\/\\\/mybook.am\\\/?p=21049#primaryimage\"},\"image\":{\"@id\":\"https:\\\/\\\/mybook.am\\\/?p=21049#primaryimage\"},\"thumbnailUrl\":\"https:\\\/\\\/mybook.am\\\/wp-content\\\/uploads\\\/2025\\\/09\\\/1215487.png\",\"datePublished\":\"2025-09-19T06:21:54+00:00\",\"author\":{\"@id\":\"https:\\\/\\\/mybook.am\\\/#\\\/schema\\\/person\\\/e730847942cff3a199774e803916e97e\"},\"breadcrumb\":{\"@id\":\"https:\\\/\\\/mybook.am\\\/?p=21049#breadcrumb\"},\"inLanguage\":\"ru-RU\",\"potentialAction\":[{\"@type\":\"ReadAction\",\"target\":[\"https:\\\/\\\/mybook.am\\\/?p=21049\"]}]},{\"@type\":\"ImageObject\",\"inLanguage\":\"ru-RU\",\"@id\":\"https:\\\/\\\/mybook.am\\\/?p=21049#primaryimage\",\"url\":\"https:\\\/\\\/mybook.am\\\/wp-content\\\/uploads\\\/2025\\\/09\\\/1215487.png\",\"contentUrl\":\"https:\\\/\\\/mybook.am\\\/wp-content\\\/uploads\\\/2025\\\/09\\\/1215487.png\",\"width\":682,\"height\":440},{\"@type\":\"BreadcrumbList\",\"@id\":\"https:\\\/\\\/mybook.am\\\/?p=21049#breadcrumb\",\"itemListElement\":[{\"@type\":\"ListItem\",\"position\":1,\"name\":\"\u0413\u043b\u0430\u0432\u043d\u0430\u044f \u0441\u0442\u0440\u0430\u043d\u0438\u0446\u0430\",\"item\":\"https:\\\/\\\/mybook.am\\\/\"},{\"@type\":\"ListItem\",\"position\":2,\"name\":\"Kousala post\u00fdlku jejich novorozence \u2013 rodi\u010de k n\u00ed s hr\u016fzou p\u0159ib\u011bhli, ale kdy\u017e vid\u011bli, co se doopravdy stalo, propukli v pl\u00e1\u010d s pocitem, na kter\u00fd nikdy nezapomenou.\"}]},{\"@type\":\"WebSite\",\"@id\":\"https:\\\/\\\/mybook.am\\\/#website\",\"url\":\"https:\\\/\\\/mybook.am\\\/\",\"name\":\"\",\"description\":\"\",\"potentialAction\":[{\"@type\":\"SearchAction\",\"target\":{\"@type\":\"EntryPoint\",\"urlTemplate\":\"https:\\\/\\\/mybook.am\\\/?s={search_term_string}\"},\"query-input\":{\"@type\":\"PropertyValueSpecification\",\"valueRequired\":true,\"valueName\":\"search_term_string\"}}],\"inLanguage\":\"ru-RU\"},{\"@type\":\"Person\",\"@id\":\"https:\\\/\\\/mybook.am\\\/#\\\/schema\\\/person\\\/e730847942cff3a199774e803916e97e\",\"name\":\"admin\",\"image\":{\"@type\":\"ImageObject\",\"inLanguage\":\"ru-RU\",\"@id\":\"https:\\\/\\\/secure.gravatar.com\\\/avatar\\\/df64e550a0653b7be0f1bcf897f33faad9c2c8153472b2d9319beafb51370f6f?s=96&d=mm&r=g\",\"url\":\"https:\\\/\\\/secure.gravatar.com\\\/avatar\\\/df64e550a0653b7be0f1bcf897f33faad9c2c8153472b2d9319beafb51370f6f?s=96&d=mm&r=g\",\"contentUrl\":\"https:\\\/\\\/secure.gravatar.com\\\/avatar\\\/df64e550a0653b7be0f1bcf897f33faad9c2c8153472b2d9319beafb51370f6f?s=96&d=mm&r=g\",\"caption\":\"admin\"},\"sameAs\":[\"http:\\\/\\\/mybook.am\"],\"url\":\"https:\\\/\\\/mybook.am\\\/?author=1\"}]}<\/script>\n<!-- \/ Yoast SEO plugin. -->","yoast_head_json":{"title":"Kousala post\u00fdlku jejich novorozence \u2013 rodi\u010de k n\u00ed s hr\u016fzou p\u0159ib\u011bhli, ale kdy\u017e vid\u011bli, co se doopravdy stalo, propukli v pl\u00e1\u010d s pocitem, na kter\u00fd nikdy nezapomenou. -","robots":{"index":"index","follow":"follow","max-snippet":"max-snippet:-1","max-image-preview":"max-image-preview:large","max-video-preview":"max-video-preview:-1"},"canonical":"https:\/\/mybook.am\/?p=21049","og_locale":"ru_RU","og_type":"article","og_title":"Kousala post\u00fdlku jejich novorozence \u2013 rodi\u010de k n\u00ed s hr\u016fzou p\u0159ib\u011bhli, ale kdy\u017e vid\u011bli, co se doopravdy stalo, propukli v pl\u00e1\u010d s pocitem, na kter\u00fd nikdy nezapomenou. -","og_description":"Noc byla tich\u00e1, jako by m\u011bla zajistit v dom\u011b klid. Nov\u00fd \u017eivot, kter\u00fd p\u0159i\u0161el jen o dva t\u00fddny d\u0159\u00edve, p\u0159in\u00e1\u0161el radost i \u00fazkost","og_url":"https:\/\/mybook.am\/?p=21049","article_published_time":"2025-09-19T06:21:54+00:00","og_image":[{"width":682,"height":440,"url":"https:\/\/mybook.am\/wp-content\/uploads\/2025\/09\/1215487.png","type":"image\/png"}],"author":"admin","twitter_card":"summary_large_image","twitter_misc":{"\u041d\u0430\u043f\u0438\u0441\u0430\u043d\u043e \u0430\u0432\u0442\u043e\u0440\u043e\u043c":"admin","\u041f\u0440\u0438\u043c\u0435\u0440\u043d\u043e\u0435 \u0432\u0440\u0435\u043c\u044f \u0434\u043b\u044f \u0447\u0442\u0435\u043d\u0438\u044f":"5 \u043c\u0438\u043d\u0443\u0442"},"schema":{"@context":"https:\/\/schema.org","@graph":[{"@type":"Article","@id":"https:\/\/mybook.am\/?p=21049#article","isPartOf":{"@id":"https:\/\/mybook.am\/?p=21049"},"author":{"name":"admin","@id":"https:\/\/mybook.am\/#\/schema\/person\/e730847942cff3a199774e803916e97e"},"headline":"Kousala post\u00fdlku jejich novorozence \u2013 rodi\u010de k n\u00ed s hr\u016fzou p\u0159ib\u011bhli, ale kdy\u017e vid\u011bli, co se doopravdy stalo, propukli v pl\u00e1\u010d s pocitem, na kter\u00fd nikdy nezapomenou.","datePublished":"2025-09-19T06:21:54+00:00","mainEntityOfPage":{"@id":"https:\/\/mybook.am\/?p=21049"},"wordCount":999,"commentCount":0,"image":{"@id":"https:\/\/mybook.am\/?p=21049#primaryimage"},"thumbnailUrl":"https:\/\/mybook.am\/wp-content\/uploads\/2025\/09\/1215487.png","articleSection":["Amerika","\u010cesk\u00e1","FRANS"],"inLanguage":"ru-RU","potentialAction":[{"@type":"CommentAction","name":"Comment","target":["https:\/\/mybook.am\/?p=21049#respond"]}]},{"@type":"WebPage","@id":"https:\/\/mybook.am\/?p=21049","url":"https:\/\/mybook.am\/?p=21049","name":"Kousala post\u00fdlku jejich novorozence \u2013 rodi\u010de k n\u00ed s hr\u016fzou p\u0159ib\u011bhli, ale kdy\u017e vid\u011bli, co se doopravdy stalo, propukli v pl\u00e1\u010d s pocitem, na kter\u00fd nikdy nezapomenou. -","isPartOf":{"@id":"https:\/\/mybook.am\/#website"},"primaryImageOfPage":{"@id":"https:\/\/mybook.am\/?p=21049#primaryimage"},"image":{"@id":"https:\/\/mybook.am\/?p=21049#primaryimage"},"thumbnailUrl":"https:\/\/mybook.am\/wp-content\/uploads\/2025\/09\/1215487.png","datePublished":"2025-09-19T06:21:54+00:00","author":{"@id":"https:\/\/mybook.am\/#\/schema\/person\/e730847942cff3a199774e803916e97e"},"breadcrumb":{"@id":"https:\/\/mybook.am\/?p=21049#breadcrumb"},"inLanguage":"ru-RU","potentialAction":[{"@type":"ReadAction","target":["https:\/\/mybook.am\/?p=21049"]}]},{"@type":"ImageObject","inLanguage":"ru-RU","@id":"https:\/\/mybook.am\/?p=21049#primaryimage","url":"https:\/\/mybook.am\/wp-content\/uploads\/2025\/09\/1215487.png","contentUrl":"https:\/\/mybook.am\/wp-content\/uploads\/2025\/09\/1215487.png","width":682,"height":440},{"@type":"BreadcrumbList","@id":"https:\/\/mybook.am\/?p=21049#breadcrumb","itemListElement":[{"@type":"ListItem","position":1,"name":"\u0413\u043b\u0430\u0432\u043d\u0430\u044f \u0441\u0442\u0440\u0430\u043d\u0438\u0446\u0430","item":"https:\/\/mybook.am\/"},{"@type":"ListItem","position":2,"name":"Kousala post\u00fdlku jejich novorozence \u2013 rodi\u010de k n\u00ed s hr\u016fzou p\u0159ib\u011bhli, ale kdy\u017e vid\u011bli, co se doopravdy stalo, propukli v pl\u00e1\u010d s pocitem, na kter\u00fd nikdy nezapomenou."}]},{"@type":"WebSite","@id":"https:\/\/mybook.am\/#website","url":"https:\/\/mybook.am\/","name":"","description":"","potentialAction":[{"@type":"SearchAction","target":{"@type":"EntryPoint","urlTemplate":"https:\/\/mybook.am\/?s={search_term_string}"},"query-input":{"@type":"PropertyValueSpecification","valueRequired":true,"valueName":"search_term_string"}}],"inLanguage":"ru-RU"},{"@type":"Person","@id":"https:\/\/mybook.am\/#\/schema\/person\/e730847942cff3a199774e803916e97e","name":"admin","image":{"@type":"ImageObject","inLanguage":"ru-RU","@id":"https:\/\/secure.gravatar.com\/avatar\/df64e550a0653b7be0f1bcf897f33faad9c2c8153472b2d9319beafb51370f6f?s=96&d=mm&r=g","url":"https:\/\/secure.gravatar.com\/avatar\/df64e550a0653b7be0f1bcf897f33faad9c2c8153472b2d9319beafb51370f6f?s=96&d=mm&r=g","contentUrl":"https:\/\/secure.gravatar.com\/avatar\/df64e550a0653b7be0f1bcf897f33faad9c2c8153472b2d9319beafb51370f6f?s=96&d=mm&r=g","caption":"admin"},"sameAs":["http:\/\/mybook.am"],"url":"https:\/\/mybook.am\/?author=1"}]}},"views":155,"_links":{"self":[{"href":"https:\/\/mybook.am\/index.php?rest_route=\/wp\/v2\/posts\/21049","targetHints":{"allow":["GET"]}}],"collection":[{"href":"https:\/\/mybook.am\/index.php?rest_route=\/wp\/v2\/posts"}],"about":[{"href":"https:\/\/mybook.am\/index.php?rest_route=\/wp\/v2\/types\/post"}],"author":[{"embeddable":true,"href":"https:\/\/mybook.am\/index.php?rest_route=\/wp\/v2\/users\/1"}],"replies":[{"embeddable":true,"href":"https:\/\/mybook.am\/index.php?rest_route=%2Fwp%2Fv2%2Fcomments&post=21049"}],"version-history":[{"count":1,"href":"https:\/\/mybook.am\/index.php?rest_route=\/wp\/v2\/posts\/21049\/revisions"}],"predecessor-version":[{"id":21051,"href":"https:\/\/mybook.am\/index.php?rest_route=\/wp\/v2\/posts\/21049\/revisions\/21051"}],"wp:featuredmedia":[{"embeddable":true,"href":"https:\/\/mybook.am\/index.php?rest_route=\/wp\/v2\/media\/21050"}],"wp:attachment":[{"href":"https:\/\/mybook.am\/index.php?rest_route=%2Fwp%2Fv2%2Fmedia&parent=21049"}],"wp:term":[{"taxonomy":"category","embeddable":true,"href":"https:\/\/mybook.am\/index.php?rest_route=%2Fwp%2Fv2%2Fcategories&post=21049"},{"taxonomy":"post_tag","embeddable":true,"href":"https:\/\/mybook.am\/index.php?rest_route=%2Fwp%2Fv2%2Ftags&post=21049"}],"curies":[{"name":"wp","href":"https:\/\/api.w.org\/{rel}","templated":true}]}}