{"id":22238,"date":"2025-10-26T13:36:48","date_gmt":"2025-10-26T10:36:48","guid":{"rendered":"https:\/\/mybook.am\/?p=22238"},"modified":"2025-10-26T13:36:48","modified_gmt":"2025-10-26T10:36:48","slug":"kdyz-zeme-vzdychala-a-more-kricelo-jak-jedna-rodina-prosla-koncem-sveta-a-zustala-clovekem","status":"publish","type":"post","link":"https:\/\/mybook.am\/?p=22238","title":{"rendered":"\u201eKdy\u017e Zem\u011b vzdychala a mo\u0159e k\u0159i\u010delo: Jak jedna rodina pro\u0161la koncem sv\u011bta a z\u016fstala \u010dlov\u011bkem\u201c"},"content":{"rendered":"\n<p>Pamatuji si ten zvuk. Ne v u\u0161\u00edch, ale v t\u011ble. Jako by se sama zem\u011b rozhodla vzdychnout a zhluboka se nadechnout. V\u0161echno se chv\u011blo. Vzduch zhoustl, jako p\u0159ed bou\u0159kou. A najednou \u2013 ticho. Tak hust\u00e9, \u017ee se mi na okam\u017eik zastavilo i srdce. A pak\u2026 r\u00e1na. Ne voda \u2013 ze\u010f. S\u00edla, kter\u00e1 nen\u00ed zlomysln\u00e1, ale absolutn\u00ed. P\u0159\u00edroda nek\u0159i\u010d\u00ed \u2013 ona jedn\u00e1.<\/p>\n\n\n\n<p>Marii se poda\u0159ilo oto\u010dit se p\u0159i synov\u011b pl\u00e1\u010di \u2013 a v\u0161echno zmizelo. Sv\u011btlo, p\u00edsek, k\u0159ik, sv\u011bt \u2013 spl\u00e1chnut\u00e9. Jej\u00ed t\u011blo nar\u00e1\u017eelo do zd\u00ed, v\u011btv\u00ed, trosek. Hrudn\u00edk ji p\u00e1lil, pl\u00edce j\u00ed pro\u0159\u00edzla slan\u00e1 voda, v\u0161ude kolem \u2013 \u0161pinav\u00fd chaos, je\u010div\u00fd zvuk jako tis\u00edc \u017eelezn\u00fdch vlak\u016f. N\u011bkde tam venku, v \u0159vouc\u00ed mas\u011b, byly jej\u00ed d\u011bti.<\/p>\n\n\n\n<p>Nepamatovala si, jak se vyno\u0159ila. Jen \u010derven\u00e1 skvrna na vod\u011b \u2013 krev, jej\u00ed vlastn\u00ed nebo ciz\u00ed. A chlapec. Nejstar\u0161\u00ed, \u017eiv\u00fd. Sv\u00edral v\u011btvi\u010dku. Jeho o\u010di \u2013 ne d\u011btsk\u00e9, ale star\u00e9. V nich byl strach a odhodl\u00e1n\u00ed, kter\u00e9 by v tom v\u011bku nem\u011bly b\u00fdt.<\/p>\n\n\n\n<figure class=\"wp-block-image size-full is-resized\"><img loading=\"lazy\" decoding=\"async\" width=\"512\" height=\"640\" src=\"https:\/\/mybook.am\/wp-content\/uploads\/2025\/10\/12328484.jpg\" alt=\"\" class=\"wp-image-22239\" style=\"width:747px;height:auto\" srcset=\"https:\/\/mybook.am\/wp-content\/uploads\/2025\/10\/12328484.jpg 512w, https:\/\/mybook.am\/wp-content\/uploads\/2025\/10\/12328484-240x300.jpg 240w\" sizes=\"auto, (max-width: 512px) 100vw, 512px\" \/><\/figure>\n\n\n\n\n\n<p>\u201eMami, zem\u0159eme?\u201c<\/p>\n\n\n\n<p>\u201eNe. \u017dijeme. Sly\u0161\u00ed\u0161 m\u011b? \u017dijeme.\u201c<\/p>\n\n\n\n<p>Nev\u011bd\u011bla, jestli je to pravda. Ale slova byla jedin\u00e1 v\u011bc, kterou mohla \u0159\u00edct sv\u011btu, kde v\u0161echny z\u00e1kony zmizely.<\/p>\n\n\n\n<p>\u0160li \u2013 bos\u00ed, po\u0159ezan\u00ed, dehydratovan\u00ed. S ka\u017ed\u00fdm krokem se v\u0161echno kolem nich zti\u0161ovalo. Tam, kde kdysi b\u00fdval \u017eivot, nyn\u00ed vl\u00e1dlo steriln\u00ed ticho \u2013 jako po v\u00fdk\u0159iku, kter\u00fd v\u0161echno sp\u00e1lil. V d\u00e1lce byla na v\u011btvi zaseknut\u00e1 panenka. Jako by se vzdala samotn\u00e9 pam\u011bti a rozhodla se skr\u00fdt.<\/p>\n\n\n\n<p>A pak \u2013 ciz\u00ed ruce. Nezn\u00e1m\u00e9, \u0161pinav\u00e9, t\u0159esouc\u00ed se. Lid\u00e9, kter\u00e9 neznali, se k nim natahovali, pom\u00e1hali, sd\u00edleli vodu, obvazy, st\u00edn. A uprost\u0159ed bolesti \u2013 to byla ta nejnemo\u017en\u011bj\u0161\u00ed v\u011bc. Soucit.<\/p>\n\n\n\n<p>Paradoxem tsunami nen\u00ed jej\u00ed ni\u010div\u00e1 s\u00edla, ale to, \u017ee odhaluje v\u0161e lidsk\u00e9. Bez make-upu, bez iluz\u00ed. Kdy\u017e zdi a status zmiz\u00ed, z\u016fstanou jen ruce. A tyto ruce se zvedaj\u00ed.<\/p>\n\n\n\n<p>Kdy\u017e o tom Maria pozd\u011bji mluvila, nemluvila o vln\u011b. Mluvila o laskavosti. \u201eTsunami byla obrovsk\u00e1,\u201c \u0159ekla, \u201eale laskavost lid\u00ed byla v\u011bt\u0161\u00ed.\u201c To nen\u00ed metafora. Je to fakt, pro\u017e\u00edvan\u00fd k\u016f\u017e\u00ed, krv\u00ed a strachem.<\/p>\n\n\n\n<p>A p\u0159esto \u2013 byl okam\u017eik, kdy si myslela, \u017ee to nesnese. Kdy\u017e se jej\u00ed t\u011blo rozkl\u00e1dalo od ran a pach soli a smrti ji pron\u00e1sledoval i ve snech. Kdy\u017e ka\u017ed\u00fd zvuk p\u0159ipom\u00ednal ten \u0159vouc\u00ed rachot \u2013 tis\u00edc vlak\u016f \u0159\u00edt\u00edc\u00edch se nikam. Zav\u0159ela o\u010di \u2013 a znovu uvid\u011bla vlny. A pak se zd\u00e1lo, \u017ee p\u0159\u00edtomnost nikdy nep\u0159ekon\u00e1 pam\u011b\u0165.<\/p>\n\n\n\n<p>Ale \u017eivot um\u00ed \u010dekat. P\u0159ich\u00e1z\u00ed ti\u0161e \u2013 s v\u011btrem, v\u016fn\u00ed zem\u011b, dechem d\u00edt\u011bte nabl\u00edzku. A jednoho dne pochop\u00edte: mo\u0159e st\u00e1le \u0159ve, ale vy se u\u017e netop\u00edte.<\/p>\n\n\n\n<p>\u201ePro\u010d jste na\u017eivu?\u201c zeptal se jeden z novin\u00e1\u0159\u016f.<br>\u201eProto\u017ee mi n\u011bkdo podal ruku,\u201c odpov\u011bd\u011bla. \u201eA j\u00e1 jsem podala svou d\u00e1l.\u201c<\/p>\n\n\n\n<p>To je pravda tohoto p\u0159\u00edb\u011bhu. Ne v katastrof\u011b. Ne v z\u00e1zraku p\u0159e\u017eit\u00ed. Ale v \u0159et\u011bzu rukou, kter\u00fd se st\u00e1le t\u00e1hne bolest\u00ed, \u010dasem, strachem.<\/p>\n\n\n\n<p>Film neuk\u00e1zal katastrofu, ale lidskou ozv\u011bnu. Proto\u017ee i kdy\u017e se sv\u011bt zhrout\u00ed, lid\u00e9 st\u00e1le mohou b\u00fdt sv\u011btlem.<\/p>\n\n\n\n<p>A kdy\u017e se Naomi Watts setkala s Mari\u00ed Belon, pozd\u011bji \u0159ekla:<br>\u201eToto nen\u00ed p\u0159\u00edb\u011bh o vod\u011b. Toto je p\u0159\u00edb\u011bh o pam\u011bti, kter\u00e1 n\u00e1m br\u00e1n\u00ed zapomenout, kdo jsme.\u201c<\/p>\n\n\n\n<p>Mo\u017en\u00e1 je pr\u00e1v\u011b to nemo\u017en\u00e9: nep\u0159e\u017e\u00edt katastrofu, ale z\u016fstat po n\u00ed \u010dlov\u011bkem.<\/p>\n","protected":false},"excerpt":{"rendered":"Pamatuji si ten zvuk. Ne v u\u0161\u00edch, ale v t\u011ble. Jako by se sama zem\u011b rozhodla vzdychnout a zhluboka se nadechnout. V\u0161echno se \n<a class=\"moretag\" href=\"https:\/\/mybook.am\/?p=22238\"> [...]<\/a>","protected":false},"author":1,"featured_media":22239,"comment_status":"open","ping_status":"open","sticky":false,"template":"","format":"standard","meta":{"footnotes":""},"categories":[1],"tags":[],"class_list":["post-22238","post","type-post","status-publish","format-standard","has-post-thumbnail","hentry","category-ceska"],"yoast_head":"<!-- This site is optimized with the Yoast SEO plugin v27.4 - https:\/\/yoast.com\/product\/yoast-seo-wordpress\/ -->\n<title>\u201eKdy\u017e Zem\u011b vzdychala a mo\u0159e k\u0159i\u010delo: Jak jedna rodina pro\u0161la koncem sv\u011bta a z\u016fstala \u010dlov\u011bkem\u201c -<\/title>\n<meta name=\"robots\" content=\"index, follow, max-snippet:-1, max-image-preview:large, max-video-preview:-1\" \/>\n<link rel=\"canonical\" href=\"https:\/\/mybook.am\/?p=22238\" \/>\n<meta property=\"og:locale\" content=\"ru_RU\" \/>\n<meta property=\"og:type\" content=\"article\" \/>\n<meta property=\"og:title\" content=\"\u201eKdy\u017e Zem\u011b vzdychala a mo\u0159e k\u0159i\u010delo: Jak jedna rodina pro\u0161la koncem sv\u011bta a z\u016fstala \u010dlov\u011bkem\u201c -\" \/>\n<meta property=\"og:description\" content=\"Pamatuji si ten zvuk. Ne v u\u0161\u00edch, ale v t\u011ble. Jako by se sama zem\u011b rozhodla vzdychnout a zhluboka se nadechnout. V\u0161echno se\" \/>\n<meta property=\"og:url\" content=\"https:\/\/mybook.am\/?p=22238\" \/>\n<meta property=\"article:published_time\" content=\"2025-10-26T10:36:48+00:00\" \/>\n<meta property=\"og:image\" content=\"https:\/\/mybook.am\/wp-content\/uploads\/2025\/10\/12328484.jpg\" \/>\n\t<meta property=\"og:image:width\" content=\"512\" \/>\n\t<meta property=\"og:image:height\" content=\"640\" \/>\n\t<meta property=\"og:image:type\" content=\"image\/jpeg\" \/>\n<meta name=\"author\" content=\"admin\" \/>\n<meta name=\"twitter:card\" content=\"summary_large_image\" \/>\n<meta name=\"twitter:label1\" content=\"\u041d\u0430\u043f\u0438\u0441\u0430\u043d\u043e \u0430\u0432\u0442\u043e\u0440\u043e\u043c\" \/>\n\t<meta name=\"twitter:data1\" content=\"admin\" \/>\n\t<meta name=\"twitter:label2\" content=\"\u041f\u0440\u0438\u043c\u0435\u0440\u043d\u043e\u0435 \u0432\u0440\u0435\u043c\u044f \u0434\u043b\u044f \u0447\u0442\u0435\u043d\u0438\u044f\" \/>\n\t<meta name=\"twitter:data2\" content=\"4 \u043c\u0438\u043d\u0443\u0442\u044b\" \/>\n<script type=\"application\/ld+json\" class=\"yoast-schema-graph\">{\"@context\":\"https:\\\/\\\/schema.org\",\"@graph\":[{\"@type\":\"Article\",\"@id\":\"https:\\\/\\\/mybook.am\\\/?p=22238#article\",\"isPartOf\":{\"@id\":\"https:\\\/\\\/mybook.am\\\/?p=22238\"},\"author\":{\"name\":\"admin\",\"@id\":\"https:\\\/\\\/mybook.am\\\/#\\\/schema\\\/person\\\/e730847942cff3a199774e803916e97e\"},\"headline\":\"\u201eKdy\u017e Zem\u011b vzdychala a mo\u0159e k\u0159i\u010delo: Jak jedna rodina pro\u0161la koncem sv\u011bta a z\u016fstala \u010dlov\u011bkem\u201c\",\"datePublished\":\"2025-10-26T10:36:48+00:00\",\"mainEntityOfPage\":{\"@id\":\"https:\\\/\\\/mybook.am\\\/?p=22238\"},\"wordCount\":654,\"commentCount\":0,\"image\":{\"@id\":\"https:\\\/\\\/mybook.am\\\/?p=22238#primaryimage\"},\"thumbnailUrl\":\"https:\\\/\\\/mybook.am\\\/wp-content\\\/uploads\\\/2025\\\/10\\\/12328484.jpg\",\"articleSection\":[\"\u010cesk\u00e1\"],\"inLanguage\":\"ru-RU\",\"potentialAction\":[{\"@type\":\"CommentAction\",\"name\":\"Comment\",\"target\":[\"https:\\\/\\\/mybook.am\\\/?p=22238#respond\"]}]},{\"@type\":\"WebPage\",\"@id\":\"https:\\\/\\\/mybook.am\\\/?p=22238\",\"url\":\"https:\\\/\\\/mybook.am\\\/?p=22238\",\"name\":\"\u201eKdy\u017e Zem\u011b vzdychala a mo\u0159e k\u0159i\u010delo: Jak jedna rodina pro\u0161la koncem sv\u011bta a z\u016fstala \u010dlov\u011bkem\u201c -\",\"isPartOf\":{\"@id\":\"https:\\\/\\\/mybook.am\\\/#website\"},\"primaryImageOfPage\":{\"@id\":\"https:\\\/\\\/mybook.am\\\/?p=22238#primaryimage\"},\"image\":{\"@id\":\"https:\\\/\\\/mybook.am\\\/?p=22238#primaryimage\"},\"thumbnailUrl\":\"https:\\\/\\\/mybook.am\\\/wp-content\\\/uploads\\\/2025\\\/10\\\/12328484.jpg\",\"datePublished\":\"2025-10-26T10:36:48+00:00\",\"author\":{\"@id\":\"https:\\\/\\\/mybook.am\\\/#\\\/schema\\\/person\\\/e730847942cff3a199774e803916e97e\"},\"breadcrumb\":{\"@id\":\"https:\\\/\\\/mybook.am\\\/?p=22238#breadcrumb\"},\"inLanguage\":\"ru-RU\",\"potentialAction\":[{\"@type\":\"ReadAction\",\"target\":[\"https:\\\/\\\/mybook.am\\\/?p=22238\"]}]},{\"@type\":\"ImageObject\",\"inLanguage\":\"ru-RU\",\"@id\":\"https:\\\/\\\/mybook.am\\\/?p=22238#primaryimage\",\"url\":\"https:\\\/\\\/mybook.am\\\/wp-content\\\/uploads\\\/2025\\\/10\\\/12328484.jpg\",\"contentUrl\":\"https:\\\/\\\/mybook.am\\\/wp-content\\\/uploads\\\/2025\\\/10\\\/12328484.jpg\",\"width\":512,\"height\":640},{\"@type\":\"BreadcrumbList\",\"@id\":\"https:\\\/\\\/mybook.am\\\/?p=22238#breadcrumb\",\"itemListElement\":[{\"@type\":\"ListItem\",\"position\":1,\"name\":\"\u0413\u043b\u0430\u0432\u043d\u0430\u044f \u0441\u0442\u0440\u0430\u043d\u0438\u0446\u0430\",\"item\":\"https:\\\/\\\/mybook.am\\\/\"},{\"@type\":\"ListItem\",\"position\":2,\"name\":\"\u201eKdy\u017e Zem\u011b vzdychala a mo\u0159e k\u0159i\u010delo: Jak jedna rodina pro\u0161la koncem sv\u011bta a z\u016fstala \u010dlov\u011bkem\u201c\"}]},{\"@type\":\"WebSite\",\"@id\":\"https:\\\/\\\/mybook.am\\\/#website\",\"url\":\"https:\\\/\\\/mybook.am\\\/\",\"name\":\"\",\"description\":\"\",\"potentialAction\":[{\"@type\":\"SearchAction\",\"target\":{\"@type\":\"EntryPoint\",\"urlTemplate\":\"https:\\\/\\\/mybook.am\\\/?s={search_term_string}\"},\"query-input\":{\"@type\":\"PropertyValueSpecification\",\"valueRequired\":true,\"valueName\":\"search_term_string\"}}],\"inLanguage\":\"ru-RU\"},{\"@type\":\"Person\",\"@id\":\"https:\\\/\\\/mybook.am\\\/#\\\/schema\\\/person\\\/e730847942cff3a199774e803916e97e\",\"name\":\"admin\",\"image\":{\"@type\":\"ImageObject\",\"inLanguage\":\"ru-RU\",\"@id\":\"https:\\\/\\\/secure.gravatar.com\\\/avatar\\\/df64e550a0653b7be0f1bcf897f33faad9c2c8153472b2d9319beafb51370f6f?s=96&d=mm&r=g\",\"url\":\"https:\\\/\\\/secure.gravatar.com\\\/avatar\\\/df64e550a0653b7be0f1bcf897f33faad9c2c8153472b2d9319beafb51370f6f?s=96&d=mm&r=g\",\"contentUrl\":\"https:\\\/\\\/secure.gravatar.com\\\/avatar\\\/df64e550a0653b7be0f1bcf897f33faad9c2c8153472b2d9319beafb51370f6f?s=96&d=mm&r=g\",\"caption\":\"admin\"},\"sameAs\":[\"http:\\\/\\\/mybook.am\"],\"url\":\"https:\\\/\\\/mybook.am\\\/?author=1\"}]}<\/script>\n<!-- \/ Yoast SEO plugin. -->","yoast_head_json":{"title":"\u201eKdy\u017e Zem\u011b vzdychala a mo\u0159e k\u0159i\u010delo: Jak jedna rodina pro\u0161la koncem sv\u011bta a z\u016fstala \u010dlov\u011bkem\u201c -","robots":{"index":"index","follow":"follow","max-snippet":"max-snippet:-1","max-image-preview":"max-image-preview:large","max-video-preview":"max-video-preview:-1"},"canonical":"https:\/\/mybook.am\/?p=22238","og_locale":"ru_RU","og_type":"article","og_title":"\u201eKdy\u017e Zem\u011b vzdychala a mo\u0159e k\u0159i\u010delo: Jak jedna rodina pro\u0161la koncem sv\u011bta a z\u016fstala \u010dlov\u011bkem\u201c -","og_description":"Pamatuji si ten zvuk. Ne v u\u0161\u00edch, ale v t\u011ble. Jako by se sama zem\u011b rozhodla vzdychnout a zhluboka se nadechnout. V\u0161echno se","og_url":"https:\/\/mybook.am\/?p=22238","article_published_time":"2025-10-26T10:36:48+00:00","og_image":[{"width":512,"height":640,"url":"https:\/\/mybook.am\/wp-content\/uploads\/2025\/10\/12328484.jpg","type":"image\/jpeg"}],"author":"admin","twitter_card":"summary_large_image","twitter_misc":{"\u041d\u0430\u043f\u0438\u0441\u0430\u043d\u043e \u0430\u0432\u0442\u043e\u0440\u043e\u043c":"admin","\u041f\u0440\u0438\u043c\u0435\u0440\u043d\u043e\u0435 \u0432\u0440\u0435\u043c\u044f \u0434\u043b\u044f \u0447\u0442\u0435\u043d\u0438\u044f":"4 \u043c\u0438\u043d\u0443\u0442\u044b"},"schema":{"@context":"https:\/\/schema.org","@graph":[{"@type":"Article","@id":"https:\/\/mybook.am\/?p=22238#article","isPartOf":{"@id":"https:\/\/mybook.am\/?p=22238"},"author":{"name":"admin","@id":"https:\/\/mybook.am\/#\/schema\/person\/e730847942cff3a199774e803916e97e"},"headline":"\u201eKdy\u017e Zem\u011b vzdychala a mo\u0159e k\u0159i\u010delo: Jak jedna rodina pro\u0161la koncem sv\u011bta a z\u016fstala \u010dlov\u011bkem\u201c","datePublished":"2025-10-26T10:36:48+00:00","mainEntityOfPage":{"@id":"https:\/\/mybook.am\/?p=22238"},"wordCount":654,"commentCount":0,"image":{"@id":"https:\/\/mybook.am\/?p=22238#primaryimage"},"thumbnailUrl":"https:\/\/mybook.am\/wp-content\/uploads\/2025\/10\/12328484.jpg","articleSection":["\u010cesk\u00e1"],"inLanguage":"ru-RU","potentialAction":[{"@type":"CommentAction","name":"Comment","target":["https:\/\/mybook.am\/?p=22238#respond"]}]},{"@type":"WebPage","@id":"https:\/\/mybook.am\/?p=22238","url":"https:\/\/mybook.am\/?p=22238","name":"\u201eKdy\u017e Zem\u011b vzdychala a mo\u0159e k\u0159i\u010delo: Jak jedna rodina pro\u0161la koncem sv\u011bta a z\u016fstala \u010dlov\u011bkem\u201c -","isPartOf":{"@id":"https:\/\/mybook.am\/#website"},"primaryImageOfPage":{"@id":"https:\/\/mybook.am\/?p=22238#primaryimage"},"image":{"@id":"https:\/\/mybook.am\/?p=22238#primaryimage"},"thumbnailUrl":"https:\/\/mybook.am\/wp-content\/uploads\/2025\/10\/12328484.jpg","datePublished":"2025-10-26T10:36:48+00:00","author":{"@id":"https:\/\/mybook.am\/#\/schema\/person\/e730847942cff3a199774e803916e97e"},"breadcrumb":{"@id":"https:\/\/mybook.am\/?p=22238#breadcrumb"},"inLanguage":"ru-RU","potentialAction":[{"@type":"ReadAction","target":["https:\/\/mybook.am\/?p=22238"]}]},{"@type":"ImageObject","inLanguage":"ru-RU","@id":"https:\/\/mybook.am\/?p=22238#primaryimage","url":"https:\/\/mybook.am\/wp-content\/uploads\/2025\/10\/12328484.jpg","contentUrl":"https:\/\/mybook.am\/wp-content\/uploads\/2025\/10\/12328484.jpg","width":512,"height":640},{"@type":"BreadcrumbList","@id":"https:\/\/mybook.am\/?p=22238#breadcrumb","itemListElement":[{"@type":"ListItem","position":1,"name":"\u0413\u043b\u0430\u0432\u043d\u0430\u044f \u0441\u0442\u0440\u0430\u043d\u0438\u0446\u0430","item":"https:\/\/mybook.am\/"},{"@type":"ListItem","position":2,"name":"\u201eKdy\u017e Zem\u011b vzdychala a mo\u0159e k\u0159i\u010delo: Jak jedna rodina pro\u0161la koncem sv\u011bta a z\u016fstala \u010dlov\u011bkem\u201c"}]},{"@type":"WebSite","@id":"https:\/\/mybook.am\/#website","url":"https:\/\/mybook.am\/","name":"","description":"","potentialAction":[{"@type":"SearchAction","target":{"@type":"EntryPoint","urlTemplate":"https:\/\/mybook.am\/?s={search_term_string}"},"query-input":{"@type":"PropertyValueSpecification","valueRequired":true,"valueName":"search_term_string"}}],"inLanguage":"ru-RU"},{"@type":"Person","@id":"https:\/\/mybook.am\/#\/schema\/person\/e730847942cff3a199774e803916e97e","name":"admin","image":{"@type":"ImageObject","inLanguage":"ru-RU","@id":"https:\/\/secure.gravatar.com\/avatar\/df64e550a0653b7be0f1bcf897f33faad9c2c8153472b2d9319beafb51370f6f?s=96&d=mm&r=g","url":"https:\/\/secure.gravatar.com\/avatar\/df64e550a0653b7be0f1bcf897f33faad9c2c8153472b2d9319beafb51370f6f?s=96&d=mm&r=g","contentUrl":"https:\/\/secure.gravatar.com\/avatar\/df64e550a0653b7be0f1bcf897f33faad9c2c8153472b2d9319beafb51370f6f?s=96&d=mm&r=g","caption":"admin"},"sameAs":["http:\/\/mybook.am"],"url":"https:\/\/mybook.am\/?author=1"}]}},"views":130,"_links":{"self":[{"href":"https:\/\/mybook.am\/index.php?rest_route=\/wp\/v2\/posts\/22238","targetHints":{"allow":["GET"]}}],"collection":[{"href":"https:\/\/mybook.am\/index.php?rest_route=\/wp\/v2\/posts"}],"about":[{"href":"https:\/\/mybook.am\/index.php?rest_route=\/wp\/v2\/types\/post"}],"author":[{"embeddable":true,"href":"https:\/\/mybook.am\/index.php?rest_route=\/wp\/v2\/users\/1"}],"replies":[{"embeddable":true,"href":"https:\/\/mybook.am\/index.php?rest_route=%2Fwp%2Fv2%2Fcomments&post=22238"}],"version-history":[{"count":1,"href":"https:\/\/mybook.am\/index.php?rest_route=\/wp\/v2\/posts\/22238\/revisions"}],"predecessor-version":[{"id":22240,"href":"https:\/\/mybook.am\/index.php?rest_route=\/wp\/v2\/posts\/22238\/revisions\/22240"}],"wp:featuredmedia":[{"embeddable":true,"href":"https:\/\/mybook.am\/index.php?rest_route=\/wp\/v2\/media\/22239"}],"wp:attachment":[{"href":"https:\/\/mybook.am\/index.php?rest_route=%2Fwp%2Fv2%2Fmedia&parent=22238"}],"wp:term":[{"taxonomy":"category","embeddable":true,"href":"https:\/\/mybook.am\/index.php?rest_route=%2Fwp%2Fv2%2Fcategories&post=22238"},{"taxonomy":"post_tag","embeddable":true,"href":"https:\/\/mybook.am\/index.php?rest_route=%2Fwp%2Fv2%2Ftags&post=22238"}],"curies":[{"name":"wp","href":"https:\/\/api.w.org\/{rel}","templated":true}]}}