{"id":22241,"date":"2025-10-26T13:50:36","date_gmt":"2025-10-26T10:50:36","guid":{"rendered":"https:\/\/mybook.am\/?p=22241"},"modified":"2025-10-26T13:50:37","modified_gmt":"2025-10-26T10:50:37","slug":"quand-la-terre-soupira-et-la-mer-hurla-comment-une-famille-traversa-la-fin-du-monde-et-resta-humaine","status":"publish","type":"post","link":"https:\/\/mybook.am\/?p=22241","title":{"rendered":"\u00ab Quand la Terre soupira et la Mer hurla : Comment une famille traversa la fin du monde et resta humaine \u00bb"},"content":{"rendered":"\n<p>Je me souviens de ce son. Non pas dans mes oreilles, mais dans mon corps. Comme si la Terre elle-m\u00eame avait d\u00e9cid\u00e9 de soupirer et de prendre une inspiration profonde. Tout trembla. L&#8217;air devint lourd, comme avant un orage. Et soudain, le silence. Si lourd que m\u00eame mon c\u0153ur s&#8217;arr\u00eata un instant. Et puis\u2026 un choc. Pas de l&#8217;eau, un mur. Une force non pas malveillante, mais absolue. La nature ne crie pas, elle agit.<\/p>\n\n\n\n<p>Maria r\u00e9ussit \u00e0 se retourner au cri de son fils, et tout disparut. Lumi\u00e8re, sable, cris, le monde, emport\u00e9s. Son corps heurta les murs, les branches, les d\u00e9bris. Sa poitrine br\u00fblait, ses poumons \u00e9taient transperc\u00e9s par l&#8217;eau sal\u00e9e, tout autour \u2013 un chaos sale, un bruit strident comme celui de mille trains en fer. Quelque part, au milieu de cette masse rugissante, se trouvaient ses enfants.<\/p>\n\n\n\n<figure class=\"wp-block-image size-full is-resized\"><img loading=\"lazy\" decoding=\"async\" width=\"512\" height=\"640\" src=\"https:\/\/mybook.am\/wp-content\/uploads\/2025\/10\/12328484-1.jpg\" alt=\"\" class=\"wp-image-22242\" style=\"width:747px;height:auto\" srcset=\"https:\/\/mybook.am\/wp-content\/uploads\/2025\/10\/12328484-1.jpg 512w, https:\/\/mybook.am\/wp-content\/uploads\/2025\/10\/12328484-1-240x300.jpg 240w\" sizes=\"auto, (max-width: 512px) 100vw, 512px\" \/><\/figure>\n\n\n\n<p>Elle ne se souvenait plus comment elle en \u00e9tait ressortie. Seulement une tache rouge sur l&#8217;eau \u2013 du sang, le sien ou celui d&#8217;un autre. Et un gar\u00e7on. L&#8217;a\u00een\u00e9, vivant. Il s&#8217;agrippait \u00e0 une branche. Ses yeux \u2013 non pas ceux d&#8217;un enfant, mais ceux d&#8217;un vieux. Ils exprimaient une peur et une d\u00e9termination qui n&#8217;auraient pas d\u00fb \u00eatre l\u00e0 \u00e0 cet \u00e2ge.<\/p>\n\n\n\n<p>\u00ab Maman, on va mourir ? \u00bb<br>\u00ab Non. On est vivants. Tu m&#8217;entends ? On est vivants. \u00bb<\/p>\n\n\n\n<p>Elle ne savait pas si c&#8217;\u00e9tait vrai. Mais les mots \u00e9taient la seule chose qu&#8217;elle pouvait dire \u00e0 un monde o\u00f9 toutes les lois avaient disparu.<\/p>\n\n\n\n<p>Ils marchaient \u2013 \u200b\u200bpieds nus, bless\u00e9s, d\u00e9shydrat\u00e9s. \u00c0 chaque pas, tout autour d&#8217;eux devenait plus silencieux. L\u00e0 o\u00f9 la vie avait \u00e9t\u00e9 autrefois, r\u00e9gnait maintenant un silence st\u00e9rile \u2013 comme apr\u00e8s un cri qui avait tout br\u00fbl\u00e9. Au loin, une poup\u00e9e \u00e9tait accroch\u00e9e \u00e0 une branche. C&#8217;\u00e9tait comme si la m\u00e9moire elle-m\u00eame avait c\u00e9d\u00e9 et d\u00e9cid\u00e9 de se cacher.<\/p>\n\n\n\n<p>Et puis \u2013 des mains \u00e9tranges. Inconnues, sales, tremblantes. Des inconnus leur tendirent la main, les aid\u00e8rent, leur offrirent de l&#8217;eau, des pansements, de l&#8217;ombre. Et au milieu de la douleur, c&#8217;\u00e9tait la chose la plus impossible : la compassion.<\/p>\n\n\n\n<p>Le paradoxe du tsunami ne r\u00e9side pas dans son pouvoir destructeur, mais dans le fait qu&#8217;il r\u00e9v\u00e8le tout ce qui est humain. Sans maquillage, sans illusions. Quand les murs et le statut disparaissent, seules les mains subsistent. Et ces mains se l\u00e8vent.<\/p>\n\n\n\n<p>Quand Maria en parla plus tard, elle ne parlait pas de la vague. Elle parlait de gentillesse. \u00ab Le tsunami \u00e9tait \u00e9norme \u00bb, dit-elle, \u00ab mais la gentillesse des gens \u00e9tait plus grande. \u00bb Ce n&#8217;est pas une m\u00e9taphore. C&#8217;est un fait, v\u00e9cu avec la peau, le sang et la peur.<\/p>\n\n\n\n<p>Et pourtant, il y eut un moment o\u00f9 elle crut ne pas pouvoir le supporter. Quand son corps pourrissait sous les blessures, et que l&#8217;odeur du sel et de la mort la hantait jusque dans ses r\u00eaves. Quand chaque son ressemblait \u00e0 ce grondement rugissant \u2013 un millier de trains fon\u00e7ant vers nulle part. Elle ferma les yeux et revit les vagues. Et puis, il lui sembla que le pr\u00e9sent ne triompherait jamais de la m\u00e9moire.<\/p>\n\n\n\n<p>Mais la vie sait attendre. Elle vient doucement, avec le vent, l&#8217;odeur de la terre, le souffle d&#8217;un enfant \u00e0 proximit\u00e9. Et un jour, on comprend : la mer gronde encore, mais on ne se noie plus.<\/p>\n\n\n\n<p>\u00ab&nbsp;Pourquoi \u00eates-vous en vie&nbsp;?\u00bb demanda l&#8217;un des journalistes.<br>\u00ab&nbsp;Parce que quelqu&#8217;un m&#8217;a tendu la main&nbsp;\u00bb, r\u00e9pondit-elle. \u00ab&nbsp;Et j&#8217;ai tendu la mienne.\u00bb<\/p>\n\n\n\n<p>Telle est la v\u00e9rit\u00e9 de cette histoire. Non pas dans la catastrophe. Non pas dans le miracle de la survie. Mais dans la cha\u00eene de mains qui continue de se tendre \u00e0 travers la douleur, le temps, la peur.<\/p>\n\n\n\n<p>Le film ne montrait pas une catastrophe, mais un \u00e9cho humain. Car m\u00eame si le monde s&#8217;est effondr\u00e9, les gens peuvent encore \u00eatre une lumi\u00e8re.<\/p>\n\n\n\n<p>Et lorsque Naomi Watts rencontra Maria Belon, elle dit plus tard&nbsp;:<br>\u00ab&nbsp;Ce n&#8217;est pas une histoire d&#8217;eau. C&#8217;est une histoire de m\u00e9moire, qui nous emp\u00eache d&#8217;oublier qui nous sommes.\u00bb<\/p>\n\n\n\n<p>C&#8217;est peut-\u00eatre pr\u00e9cis\u00e9ment l\u00e0 l&#8217;impossible&nbsp;: non pas survivre \u00e0 une catastrophe, mais rester humain apr\u00e8s.<\/p>\n","protected":false},"excerpt":{"rendered":"Je me souviens de ce son. Non pas dans mes oreilles, mais dans mon corps. Comme si la Terre elle-m\u00eame avait d\u00e9cid\u00e9 de \n<a class=\"moretag\" href=\"https:\/\/mybook.am\/?p=22241\"> [...]<\/a>","protected":false},"author":1,"featured_media":22242,"comment_status":"open","ping_status":"open","sticky":false,"template":"","format":"standard","meta":{"footnotes":""},"categories":[3],"tags":[],"class_list":["post-22241","post","type-post","status-publish","format-standard","has-post-thumbnail","hentry","category-fotto"],"yoast_head":"<!-- This site is optimized with the Yoast SEO plugin v27.4 - https:\/\/yoast.com\/product\/yoast-seo-wordpress\/ -->\n<title>\u00ab Quand la Terre soupira et la Mer hurla : Comment une famille traversa la fin du monde et resta humaine \u00bb -<\/title>\n<meta name=\"robots\" content=\"index, follow, max-snippet:-1, max-image-preview:large, max-video-preview:-1\" \/>\n<link rel=\"canonical\" href=\"https:\/\/mybook.am\/?p=22241\" \/>\n<meta property=\"og:locale\" content=\"ru_RU\" \/>\n<meta property=\"og:type\" content=\"article\" \/>\n<meta property=\"og:title\" content=\"\u00ab Quand la Terre soupira et la Mer hurla : Comment une famille traversa la fin du monde et resta humaine \u00bb -\" \/>\n<meta property=\"og:description\" content=\"Je me souviens de ce son. Non pas dans mes oreilles, mais dans mon corps. Comme si la Terre elle-m\u00eame avait d\u00e9cid\u00e9 de\" \/>\n<meta property=\"og:url\" content=\"https:\/\/mybook.am\/?p=22241\" \/>\n<meta property=\"article:published_time\" content=\"2025-10-26T10:50:36+00:00\" \/>\n<meta property=\"article:modified_time\" content=\"2025-10-26T10:50:37+00:00\" \/>\n<meta property=\"og:image\" content=\"https:\/\/mybook.am\/wp-content\/uploads\/2025\/10\/12328484-1.jpg\" \/>\n\t<meta property=\"og:image:width\" content=\"512\" \/>\n\t<meta property=\"og:image:height\" content=\"640\" \/>\n\t<meta property=\"og:image:type\" content=\"image\/jpeg\" \/>\n<meta name=\"author\" content=\"admin\" \/>\n<meta name=\"twitter:card\" content=\"summary_large_image\" \/>\n<meta name=\"twitter:label1\" content=\"\u041d\u0430\u043f\u0438\u0441\u0430\u043d\u043e \u0430\u0432\u0442\u043e\u0440\u043e\u043c\" \/>\n\t<meta name=\"twitter:data1\" content=\"admin\" \/>\n\t<meta name=\"twitter:label2\" content=\"\u041f\u0440\u0438\u043c\u0435\u0440\u043d\u043e\u0435 \u0432\u0440\u0435\u043c\u044f \u0434\u043b\u044f \u0447\u0442\u0435\u043d\u0438\u044f\" \/>\n\t<meta name=\"twitter:data2\" content=\"5 \u043c\u0438\u043d\u0443\u0442\" \/>\n<script type=\"application\/ld+json\" class=\"yoast-schema-graph\">{\"@context\":\"https:\\\/\\\/schema.org\",\"@graph\":[{\"@type\":\"Article\",\"@id\":\"https:\\\/\\\/mybook.am\\\/?p=22241#article\",\"isPartOf\":{\"@id\":\"https:\\\/\\\/mybook.am\\\/?p=22241\"},\"author\":{\"name\":\"admin\",\"@id\":\"https:\\\/\\\/mybook.am\\\/#\\\/schema\\\/person\\\/e730847942cff3a199774e803916e97e\"},\"headline\":\"\u00ab Quand la Terre soupira et la Mer hurla : Comment une famille traversa la fin du monde et resta humaine \u00bb\",\"datePublished\":\"2025-10-26T10:50:36+00:00\",\"dateModified\":\"2025-10-26T10:50:37+00:00\",\"mainEntityOfPage\":{\"@id\":\"https:\\\/\\\/mybook.am\\\/?p=22241\"},\"wordCount\":767,\"commentCount\":0,\"image\":{\"@id\":\"https:\\\/\\\/mybook.am\\\/?p=22241#primaryimage\"},\"thumbnailUrl\":\"https:\\\/\\\/mybook.am\\\/wp-content\\\/uploads\\\/2025\\\/10\\\/12328484-1.jpg\",\"articleSection\":[\"FRANS\"],\"inLanguage\":\"ru-RU\",\"potentialAction\":[{\"@type\":\"CommentAction\",\"name\":\"Comment\",\"target\":[\"https:\\\/\\\/mybook.am\\\/?p=22241#respond\"]}]},{\"@type\":\"WebPage\",\"@id\":\"https:\\\/\\\/mybook.am\\\/?p=22241\",\"url\":\"https:\\\/\\\/mybook.am\\\/?p=22241\",\"name\":\"\u00ab Quand la Terre soupira et la Mer hurla : Comment une famille traversa la fin du monde et resta humaine \u00bb -\",\"isPartOf\":{\"@id\":\"https:\\\/\\\/mybook.am\\\/#website\"},\"primaryImageOfPage\":{\"@id\":\"https:\\\/\\\/mybook.am\\\/?p=22241#primaryimage\"},\"image\":{\"@id\":\"https:\\\/\\\/mybook.am\\\/?p=22241#primaryimage\"},\"thumbnailUrl\":\"https:\\\/\\\/mybook.am\\\/wp-content\\\/uploads\\\/2025\\\/10\\\/12328484-1.jpg\",\"datePublished\":\"2025-10-26T10:50:36+00:00\",\"dateModified\":\"2025-10-26T10:50:37+00:00\",\"author\":{\"@id\":\"https:\\\/\\\/mybook.am\\\/#\\\/schema\\\/person\\\/e730847942cff3a199774e803916e97e\"},\"breadcrumb\":{\"@id\":\"https:\\\/\\\/mybook.am\\\/?p=22241#breadcrumb\"},\"inLanguage\":\"ru-RU\",\"potentialAction\":[{\"@type\":\"ReadAction\",\"target\":[\"https:\\\/\\\/mybook.am\\\/?p=22241\"]}]},{\"@type\":\"ImageObject\",\"inLanguage\":\"ru-RU\",\"@id\":\"https:\\\/\\\/mybook.am\\\/?p=22241#primaryimage\",\"url\":\"https:\\\/\\\/mybook.am\\\/wp-content\\\/uploads\\\/2025\\\/10\\\/12328484-1.jpg\",\"contentUrl\":\"https:\\\/\\\/mybook.am\\\/wp-content\\\/uploads\\\/2025\\\/10\\\/12328484-1.jpg\",\"width\":512,\"height\":640},{\"@type\":\"BreadcrumbList\",\"@id\":\"https:\\\/\\\/mybook.am\\\/?p=22241#breadcrumb\",\"itemListElement\":[{\"@type\":\"ListItem\",\"position\":1,\"name\":\"\u0413\u043b\u0430\u0432\u043d\u0430\u044f \u0441\u0442\u0440\u0430\u043d\u0438\u0446\u0430\",\"item\":\"https:\\\/\\\/mybook.am\\\/\"},{\"@type\":\"ListItem\",\"position\":2,\"name\":\"\u00ab Quand la Terre soupira et la Mer hurla : Comment une famille traversa la fin du monde et resta humaine \u00bb\"}]},{\"@type\":\"WebSite\",\"@id\":\"https:\\\/\\\/mybook.am\\\/#website\",\"url\":\"https:\\\/\\\/mybook.am\\\/\",\"name\":\"\",\"description\":\"\",\"potentialAction\":[{\"@type\":\"SearchAction\",\"target\":{\"@type\":\"EntryPoint\",\"urlTemplate\":\"https:\\\/\\\/mybook.am\\\/?s={search_term_string}\"},\"query-input\":{\"@type\":\"PropertyValueSpecification\",\"valueRequired\":true,\"valueName\":\"search_term_string\"}}],\"inLanguage\":\"ru-RU\"},{\"@type\":\"Person\",\"@id\":\"https:\\\/\\\/mybook.am\\\/#\\\/schema\\\/person\\\/e730847942cff3a199774e803916e97e\",\"name\":\"admin\",\"image\":{\"@type\":\"ImageObject\",\"inLanguage\":\"ru-RU\",\"@id\":\"https:\\\/\\\/secure.gravatar.com\\\/avatar\\\/df64e550a0653b7be0f1bcf897f33faad9c2c8153472b2d9319beafb51370f6f?s=96&d=mm&r=g\",\"url\":\"https:\\\/\\\/secure.gravatar.com\\\/avatar\\\/df64e550a0653b7be0f1bcf897f33faad9c2c8153472b2d9319beafb51370f6f?s=96&d=mm&r=g\",\"contentUrl\":\"https:\\\/\\\/secure.gravatar.com\\\/avatar\\\/df64e550a0653b7be0f1bcf897f33faad9c2c8153472b2d9319beafb51370f6f?s=96&d=mm&r=g\",\"caption\":\"admin\"},\"sameAs\":[\"http:\\\/\\\/mybook.am\"],\"url\":\"https:\\\/\\\/mybook.am\\\/?author=1\"}]}<\/script>\n<!-- \/ Yoast SEO plugin. -->","yoast_head_json":{"title":"\u00ab Quand la Terre soupira et la Mer hurla : Comment une famille traversa la fin du monde et resta humaine \u00bb -","robots":{"index":"index","follow":"follow","max-snippet":"max-snippet:-1","max-image-preview":"max-image-preview:large","max-video-preview":"max-video-preview:-1"},"canonical":"https:\/\/mybook.am\/?p=22241","og_locale":"ru_RU","og_type":"article","og_title":"\u00ab Quand la Terre soupira et la Mer hurla : Comment une famille traversa la fin du monde et resta humaine \u00bb -","og_description":"Je me souviens de ce son. Non pas dans mes oreilles, mais dans mon corps. Comme si la Terre elle-m\u00eame avait d\u00e9cid\u00e9 de","og_url":"https:\/\/mybook.am\/?p=22241","article_published_time":"2025-10-26T10:50:36+00:00","article_modified_time":"2025-10-26T10:50:37+00:00","og_image":[{"width":512,"height":640,"url":"https:\/\/mybook.am\/wp-content\/uploads\/2025\/10\/12328484-1.jpg","type":"image\/jpeg"}],"author":"admin","twitter_card":"summary_large_image","twitter_misc":{"\u041d\u0430\u043f\u0438\u0441\u0430\u043d\u043e \u0430\u0432\u0442\u043e\u0440\u043e\u043c":"admin","\u041f\u0440\u0438\u043c\u0435\u0440\u043d\u043e\u0435 \u0432\u0440\u0435\u043c\u044f \u0434\u043b\u044f \u0447\u0442\u0435\u043d\u0438\u044f":"5 \u043c\u0438\u043d\u0443\u0442"},"schema":{"@context":"https:\/\/schema.org","@graph":[{"@type":"Article","@id":"https:\/\/mybook.am\/?p=22241#article","isPartOf":{"@id":"https:\/\/mybook.am\/?p=22241"},"author":{"name":"admin","@id":"https:\/\/mybook.am\/#\/schema\/person\/e730847942cff3a199774e803916e97e"},"headline":"\u00ab Quand la Terre soupira et la Mer hurla : Comment une famille traversa la fin du monde et resta humaine \u00bb","datePublished":"2025-10-26T10:50:36+00:00","dateModified":"2025-10-26T10:50:37+00:00","mainEntityOfPage":{"@id":"https:\/\/mybook.am\/?p=22241"},"wordCount":767,"commentCount":0,"image":{"@id":"https:\/\/mybook.am\/?p=22241#primaryimage"},"thumbnailUrl":"https:\/\/mybook.am\/wp-content\/uploads\/2025\/10\/12328484-1.jpg","articleSection":["FRANS"],"inLanguage":"ru-RU","potentialAction":[{"@type":"CommentAction","name":"Comment","target":["https:\/\/mybook.am\/?p=22241#respond"]}]},{"@type":"WebPage","@id":"https:\/\/mybook.am\/?p=22241","url":"https:\/\/mybook.am\/?p=22241","name":"\u00ab Quand la Terre soupira et la Mer hurla : Comment une famille traversa la fin du monde et resta humaine \u00bb -","isPartOf":{"@id":"https:\/\/mybook.am\/#website"},"primaryImageOfPage":{"@id":"https:\/\/mybook.am\/?p=22241#primaryimage"},"image":{"@id":"https:\/\/mybook.am\/?p=22241#primaryimage"},"thumbnailUrl":"https:\/\/mybook.am\/wp-content\/uploads\/2025\/10\/12328484-1.jpg","datePublished":"2025-10-26T10:50:36+00:00","dateModified":"2025-10-26T10:50:37+00:00","author":{"@id":"https:\/\/mybook.am\/#\/schema\/person\/e730847942cff3a199774e803916e97e"},"breadcrumb":{"@id":"https:\/\/mybook.am\/?p=22241#breadcrumb"},"inLanguage":"ru-RU","potentialAction":[{"@type":"ReadAction","target":["https:\/\/mybook.am\/?p=22241"]}]},{"@type":"ImageObject","inLanguage":"ru-RU","@id":"https:\/\/mybook.am\/?p=22241#primaryimage","url":"https:\/\/mybook.am\/wp-content\/uploads\/2025\/10\/12328484-1.jpg","contentUrl":"https:\/\/mybook.am\/wp-content\/uploads\/2025\/10\/12328484-1.jpg","width":512,"height":640},{"@type":"BreadcrumbList","@id":"https:\/\/mybook.am\/?p=22241#breadcrumb","itemListElement":[{"@type":"ListItem","position":1,"name":"\u0413\u043b\u0430\u0432\u043d\u0430\u044f \u0441\u0442\u0440\u0430\u043d\u0438\u0446\u0430","item":"https:\/\/mybook.am\/"},{"@type":"ListItem","position":2,"name":"\u00ab Quand la Terre soupira et la Mer hurla : Comment une famille traversa la fin du monde et resta humaine \u00bb"}]},{"@type":"WebSite","@id":"https:\/\/mybook.am\/#website","url":"https:\/\/mybook.am\/","name":"","description":"","potentialAction":[{"@type":"SearchAction","target":{"@type":"EntryPoint","urlTemplate":"https:\/\/mybook.am\/?s={search_term_string}"},"query-input":{"@type":"PropertyValueSpecification","valueRequired":true,"valueName":"search_term_string"}}],"inLanguage":"ru-RU"},{"@type":"Person","@id":"https:\/\/mybook.am\/#\/schema\/person\/e730847942cff3a199774e803916e97e","name":"admin","image":{"@type":"ImageObject","inLanguage":"ru-RU","@id":"https:\/\/secure.gravatar.com\/avatar\/df64e550a0653b7be0f1bcf897f33faad9c2c8153472b2d9319beafb51370f6f?s=96&d=mm&r=g","url":"https:\/\/secure.gravatar.com\/avatar\/df64e550a0653b7be0f1bcf897f33faad9c2c8153472b2d9319beafb51370f6f?s=96&d=mm&r=g","contentUrl":"https:\/\/secure.gravatar.com\/avatar\/df64e550a0653b7be0f1bcf897f33faad9c2c8153472b2d9319beafb51370f6f?s=96&d=mm&r=g","caption":"admin"},"sameAs":["http:\/\/mybook.am"],"url":"https:\/\/mybook.am\/?author=1"}]}},"views":120,"_links":{"self":[{"href":"https:\/\/mybook.am\/index.php?rest_route=\/wp\/v2\/posts\/22241","targetHints":{"allow":["GET"]}}],"collection":[{"href":"https:\/\/mybook.am\/index.php?rest_route=\/wp\/v2\/posts"}],"about":[{"href":"https:\/\/mybook.am\/index.php?rest_route=\/wp\/v2\/types\/post"}],"author":[{"embeddable":true,"href":"https:\/\/mybook.am\/index.php?rest_route=\/wp\/v2\/users\/1"}],"replies":[{"embeddable":true,"href":"https:\/\/mybook.am\/index.php?rest_route=%2Fwp%2Fv2%2Fcomments&post=22241"}],"version-history":[{"count":1,"href":"https:\/\/mybook.am\/index.php?rest_route=\/wp\/v2\/posts\/22241\/revisions"}],"predecessor-version":[{"id":22243,"href":"https:\/\/mybook.am\/index.php?rest_route=\/wp\/v2\/posts\/22241\/revisions\/22243"}],"wp:featuredmedia":[{"embeddable":true,"href":"https:\/\/mybook.am\/index.php?rest_route=\/wp\/v2\/media\/22242"}],"wp:attachment":[{"href":"https:\/\/mybook.am\/index.php?rest_route=%2Fwp%2Fv2%2Fmedia&parent=22241"}],"wp:term":[{"taxonomy":"category","embeddable":true,"href":"https:\/\/mybook.am\/index.php?rest_route=%2Fwp%2Fv2%2Fcategories&post=22241"},{"taxonomy":"post_tag","embeddable":true,"href":"https:\/\/mybook.am\/index.php?rest_route=%2Fwp%2Fv2%2Ftags&post=22241"}],"curies":[{"name":"wp","href":"https:\/\/api.w.org\/{rel}","templated":true}]}}