{"id":22256,"date":"2025-10-26T14:39:30","date_gmt":"2025-10-26T11:39:30","guid":{"rendered":"https:\/\/mybook.am\/?p=22256"},"modified":"2025-10-26T14:39:31","modified_gmt":"2025-10-26T11:39:31","slug":"kdyz-tma-uderila-jako-kladivo","status":"publish","type":"post","link":"https:\/\/mybook.am\/?p=22256","title":{"rendered":"Kdy\u017e tma ude\u0159ila jako kladivo"},"content":{"rendered":"\n<p>Probudil se ne z bolesti, ale ze zvuku. Tup\u00e9ho, kovov\u00e9ho, jako by n\u011bkdo bouchal do radi\u00e1toru. Ale nebyl to radi\u00e1tor. Byla to jeho lebka. Prvn\u00ed r\u00e1na mu nedala \u010das ji zpracovat \u2013 jen z\u00e1blesk b\u00edl\u00e9ho sv\u011btla p\u0159ed o\u010dima a zvl\u00e1\u0161tn\u00ed pocit, jako by mu do hlavy vtloukala my\u0161lenka, na kterou nepomyslel. Pak druh\u00e1. A t\u0159et\u00ed. Sv\u011bt se z\u00fa\u017eil na dutou ozv\u011bnu jeho vlastn\u00edho pulsu. Connor Huntley si uv\u011bdomil: um\u00edr\u00e1.<\/p>\n\n\n\n<p>Vzduch von\u011bl \u017eelezem \u2013 \u010derstv\u00fdm, jako mokr\u00e9 mince. Krev st\u00e9kala po pol\u0161t\u00e1\u0159i, po pa\u017ei, po podlaze. Skrz hu\u010den\u00ed v u\u0161\u00edch sly\u0161el d\u00fdch\u00e1n\u00ed. Ciz\u00ed. T\u011b\u017ek\u00e9, chraplav\u00e9. A hlas \u2013 chladn\u00fd jako ocel, kterou ho bili:<br>\u201eSlou\u017e\u00ed ti to.\u201c<\/p>\n\n\n\n<p>Nem\u011bl \u010das se zeptat pro\u010d. Odpov\u011b\u010f v\u0161ak byla z\u0159ejm\u00e1. Za to, k\u00fdm byl. Za to, \u017ee se neskr\u00fdval.<\/p>\n\n\n\n<p>Pak \u2013 ticho. O n\u011bkolik minut pozd\u011bji ho na\u0161li, jak se vzn\u00e1\u0161\u00ed mezi \u017eivotem a smrt\u00ed. V nemocnici chirurgov\u00e9 ztuhli: v hlav\u011b m\u011bl zara\u017een\u00e9 kladivo. Vyt\u00e1hnout ho znamenalo riskovat v\u0161echno. Ale rozhodli se. A Connor, navzdory v\u0161emu, p\u0159e\u017eil.<\/p>\n\n\n\n<figure class=\"wp-block-image size-large\"><img loading=\"lazy\" decoding=\"async\" width=\"1024\" height=\"573\" src=\"https:\/\/mybook.am\/wp-content\/uploads\/2025\/10\/62659-1024x573.jpg\" alt=\"\" class=\"wp-image-22257\" srcset=\"https:\/\/mybook.am\/wp-content\/uploads\/2025\/10\/62659-1024x573.jpg 1024w, https:\/\/mybook.am\/wp-content\/uploads\/2025\/10\/62659-300x168.jpg 300w, https:\/\/mybook.am\/wp-content\/uploads\/2025\/10\/62659-768x430.jpg 768w, https:\/\/mybook.am\/wp-content\/uploads\/2025\/10\/62659.jpg 1435w\" sizes=\"auto, (max-width: 1024px) 100vw, 1024px\" \/><\/figure>\n\n\n\n\n\n<p>Kdy\u017e se probral, bylo denn\u00ed sv\u011btlo. Jasn\u00e1 sv\u011btla nemocni\u010dn\u00edho pokoje ho bolela v o\u010d\u00edch, jako by se mu posm\u00edvala. C\u00edtil se, jako by byl znovu napaden. \u201eJste v bezpe\u010d\u00ed,\u201c \u0159ekli l\u00e9ka\u0159i. Nev\u011b\u0159il tomu. Bezpe\u010d\u00ed zem\u0159elo tu noc, kdy\u017e mu kladivo vniklo do lebky.<\/p>\n\n\n\n<p>\u010cas plynul. Nau\u010dil se znovu mluvit, i kdy\u017e slova te\u010f zn\u011bla nerovnom\u011brn\u011b, jako rozbit\u00e9 sklo. Nau\u010dil se chodit, i kdy\u017e ho t\u011blo zradilo \u2013 noha se mu t\u0159\u00e1sla, ruka neposlouchala. Jeho spole\u010dnic\u00ed se stala epilepsie. Ale to nebylo to nejhor\u0161\u00ed. Hor\u0161\u00ed bylo vid\u011bt, jak se lid\u00e9 odvracej\u00ed. Jako by r\u00e1na nezas\u00e1hla jeho, ale jejich sv\u011bdom\u00ed.<\/p>\n\n\n\n<p>\u010casto se ptal s\u00e1m sebe: pro\u010d zrovna zrovna on? Mo\u017en\u00e1 si ho osud vybral, aby \u017eil n\u011bkdo jin\u00fd. Nebo aby mu to p\u0159ipomn\u011bl \u2013 nen\u00e1vist nezmizela, jen se p\u0159evl\u00e9kla. Zdvo\u0159il\u00fd, usm\u011bvav\u00fd, ospravedl\u0148uj\u00edc\u00ed \u201esvobodu n\u00e1zoru\u201c. Ale st\u00e1le stejn\u00fd, jen te\u010f neude\u0159\u00ed v\u017edycky kladivem \u2013 \u010dast\u011bji slovy, pohledy, vtipy.<\/p>\n\n\n\n<p>N\u011bkdy v noci sly\u0161\u00ed ten zvuk znovu. Kov na kosti. A v tu chv\u00edli se zd\u00e1, jako by se minulost vr\u00e1tila. Ale vstane. Nadechne se. A \u0159\u00edk\u00e1 si: \u201e\u017diji. Po\u0159\u00e1d jsem to j\u00e1.\u201c<\/p>\n\n\n\n<p>Jeho p\u0159\u00edb\u011bh byl v\u0161ude ve zpr\u00e1v\u00e1ch. Titulky se p\u0159edh\u00e1n\u011bly v dramatu, ale chyb\u011blo jim to nejd\u016fle\u017eit\u011bj\u0161\u00ed \u2013 ticho mezi \u00fadery. Ta pauza, kde se rod\u00ed strach. A s\u00edla. Nen\u00ed hrdina v tradi\u010dn\u00edm slova smyslu. Je to jen chlap, kter\u00fd p\u0159e\u017eil.<\/p>\n\n\n\n<p>A jeho \u00fato\u010dn\u00edk \u2013 Joseph Williams \u2013 je nyn\u00ed ve v\u011bzen\u00ed. \u0158\u00edk\u00e1 se, \u017ee nelitoval. Mo\u017en\u00e1 skute\u010dn\u011b v\u011b\u0159\u00ed, \u017ee ud\u011blal spr\u00e1vnou v\u011bc. A v tom je to nejstra\u0161ideln\u011bj\u0161\u00ed. Koneckonc\u016f, ka\u017ed\u00fd Williams \u017eije mezi n\u00e1mi a na chv\u00edli se schov\u00e1v\u00e1 za norm\u00e1lnost. A\u017e do prvn\u00ed v\u00fdmluvy.<\/p>\n\n\n\n<p>N\u011bkdy se Connor pod\u00edv\u00e1 do zrcadla a uvid\u00ed jizvu. Tenk\u00e1 linie odd\u011bluj\u00edc\u00ed jeho star\u00e9 a nov\u00e9 j\u00e1. A on si mysl\u00ed: tato jizva nen\u00ed zn\u00e1mkou slabosti, ale d\u016fkazem toho, \u017ee zlo ne v\u017edy v\u00edt\u011bz\u00ed. M\u016f\u017ee ude\u0159it, m\u016f\u017ee zmrza\u010dit, ale nikdy nem\u016f\u017ee zni\u010dit smysl byt\u00ed s\u00e1m sebou.<\/p>\n\n\n\n<p>\u0158\u00edk\u00e1: \u201eNejsem ob\u011b\u0165. Jsem p\u0159ipom\u00ednka.\u201c<br>P\u0159ipom\u00ednka, \u017ee bolest nen\u00ed konec. \u017de i po temnot\u011b m\u016f\u017eete uniknout, pokud je uvnit\u0159 jen jedna jiskra.<\/p>\n\n\n\n<p>A kdy\u017e poslouch\u00e1te, usly\u0161\u00edte ji.<br>Ne jako r\u00e1nu. Jako d\u00fdch\u00e1n\u00ed.<\/p>\n","protected":false},"excerpt":{"rendered":"Probudil se ne z bolesti, ale ze zvuku. Tup\u00e9ho, kovov\u00e9ho, jako by n\u011bkdo bouchal do radi\u00e1toru. Ale nebyl to radi\u00e1tor. Byla to jeho \n<a class=\"moretag\" href=\"https:\/\/mybook.am\/?p=22256\"> [...]<\/a>","protected":false},"author":1,"featured_media":22257,"comment_status":"open","ping_status":"open","sticky":false,"template":"","format":"standard","meta":{"footnotes":""},"categories":[1],"tags":[],"class_list":["post-22256","post","type-post","status-publish","format-standard","has-post-thumbnail","hentry","category-ceska"],"yoast_head":"<!-- This site is optimized with the Yoast SEO plugin v27.4 - https:\/\/yoast.com\/product\/yoast-seo-wordpress\/ -->\n<title>Kdy\u017e tma ude\u0159ila jako kladivo -<\/title>\n<meta name=\"robots\" content=\"index, follow, max-snippet:-1, max-image-preview:large, max-video-preview:-1\" \/>\n<link rel=\"canonical\" href=\"https:\/\/mybook.am\/?p=22256\" \/>\n<meta property=\"og:locale\" content=\"ru_RU\" \/>\n<meta property=\"og:type\" content=\"article\" \/>\n<meta property=\"og:title\" content=\"Kdy\u017e tma ude\u0159ila jako kladivo -\" \/>\n<meta property=\"og:description\" content=\"Probudil se ne z bolesti, ale ze zvuku. Tup\u00e9ho, kovov\u00e9ho, jako by n\u011bkdo bouchal do radi\u00e1toru. Ale nebyl to radi\u00e1tor. Byla to jeho\" \/>\n<meta property=\"og:url\" content=\"https:\/\/mybook.am\/?p=22256\" \/>\n<meta property=\"article:published_time\" content=\"2025-10-26T11:39:30+00:00\" \/>\n<meta property=\"article:modified_time\" content=\"2025-10-26T11:39:31+00:00\" \/>\n<meta property=\"og:image\" content=\"https:\/\/mybook.am\/wp-content\/uploads\/2025\/10\/62659.jpg\" \/>\n\t<meta property=\"og:image:width\" content=\"1435\" \/>\n\t<meta property=\"og:image:height\" content=\"803\" \/>\n\t<meta property=\"og:image:type\" content=\"image\/jpeg\" \/>\n<meta name=\"author\" content=\"admin\" \/>\n<meta name=\"twitter:card\" content=\"summary_large_image\" \/>\n<meta name=\"twitter:label1\" content=\"\u041d\u0430\u043f\u0438\u0441\u0430\u043d\u043e \u0430\u0432\u0442\u043e\u0440\u043e\u043c\" \/>\n\t<meta name=\"twitter:data1\" content=\"admin\" \/>\n\t<meta name=\"twitter:label2\" content=\"\u041f\u0440\u0438\u043c\u0435\u0440\u043d\u043e\u0435 \u0432\u0440\u0435\u043c\u044f \u0434\u043b\u044f \u0447\u0442\u0435\u043d\u0438\u044f\" \/>\n\t<meta name=\"twitter:data2\" content=\"4 \u043c\u0438\u043d\u0443\u0442\u044b\" \/>\n<script type=\"application\/ld+json\" class=\"yoast-schema-graph\">{\"@context\":\"https:\\\/\\\/schema.org\",\"@graph\":[{\"@type\":\"Article\",\"@id\":\"https:\\\/\\\/mybook.am\\\/?p=22256#article\",\"isPartOf\":{\"@id\":\"https:\\\/\\\/mybook.am\\\/?p=22256\"},\"author\":{\"name\":\"admin\",\"@id\":\"https:\\\/\\\/mybook.am\\\/#\\\/schema\\\/person\\\/e730847942cff3a199774e803916e97e\"},\"headline\":\"Kdy\u017e tma ude\u0159ila jako kladivo\",\"datePublished\":\"2025-10-26T11:39:30+00:00\",\"dateModified\":\"2025-10-26T11:39:31+00:00\",\"mainEntityOfPage\":{\"@id\":\"https:\\\/\\\/mybook.am\\\/?p=22256\"},\"wordCount\":648,\"commentCount\":0,\"image\":{\"@id\":\"https:\\\/\\\/mybook.am\\\/?p=22256#primaryimage\"},\"thumbnailUrl\":\"https:\\\/\\\/mybook.am\\\/wp-content\\\/uploads\\\/2025\\\/10\\\/62659.jpg\",\"articleSection\":[\"\u010cesk\u00e1\"],\"inLanguage\":\"ru-RU\",\"potentialAction\":[{\"@type\":\"CommentAction\",\"name\":\"Comment\",\"target\":[\"https:\\\/\\\/mybook.am\\\/?p=22256#respond\"]}]},{\"@type\":\"WebPage\",\"@id\":\"https:\\\/\\\/mybook.am\\\/?p=22256\",\"url\":\"https:\\\/\\\/mybook.am\\\/?p=22256\",\"name\":\"Kdy\u017e tma ude\u0159ila jako kladivo -\",\"isPartOf\":{\"@id\":\"https:\\\/\\\/mybook.am\\\/#website\"},\"primaryImageOfPage\":{\"@id\":\"https:\\\/\\\/mybook.am\\\/?p=22256#primaryimage\"},\"image\":{\"@id\":\"https:\\\/\\\/mybook.am\\\/?p=22256#primaryimage\"},\"thumbnailUrl\":\"https:\\\/\\\/mybook.am\\\/wp-content\\\/uploads\\\/2025\\\/10\\\/62659.jpg\",\"datePublished\":\"2025-10-26T11:39:30+00:00\",\"dateModified\":\"2025-10-26T11:39:31+00:00\",\"author\":{\"@id\":\"https:\\\/\\\/mybook.am\\\/#\\\/schema\\\/person\\\/e730847942cff3a199774e803916e97e\"},\"breadcrumb\":{\"@id\":\"https:\\\/\\\/mybook.am\\\/?p=22256#breadcrumb\"},\"inLanguage\":\"ru-RU\",\"potentialAction\":[{\"@type\":\"ReadAction\",\"target\":[\"https:\\\/\\\/mybook.am\\\/?p=22256\"]}]},{\"@type\":\"ImageObject\",\"inLanguage\":\"ru-RU\",\"@id\":\"https:\\\/\\\/mybook.am\\\/?p=22256#primaryimage\",\"url\":\"https:\\\/\\\/mybook.am\\\/wp-content\\\/uploads\\\/2025\\\/10\\\/62659.jpg\",\"contentUrl\":\"https:\\\/\\\/mybook.am\\\/wp-content\\\/uploads\\\/2025\\\/10\\\/62659.jpg\",\"width\":1435,\"height\":803},{\"@type\":\"BreadcrumbList\",\"@id\":\"https:\\\/\\\/mybook.am\\\/?p=22256#breadcrumb\",\"itemListElement\":[{\"@type\":\"ListItem\",\"position\":1,\"name\":\"\u0413\u043b\u0430\u0432\u043d\u0430\u044f \u0441\u0442\u0440\u0430\u043d\u0438\u0446\u0430\",\"item\":\"https:\\\/\\\/mybook.am\\\/\"},{\"@type\":\"ListItem\",\"position\":2,\"name\":\"Kdy\u017e tma ude\u0159ila jako kladivo\"}]},{\"@type\":\"WebSite\",\"@id\":\"https:\\\/\\\/mybook.am\\\/#website\",\"url\":\"https:\\\/\\\/mybook.am\\\/\",\"name\":\"\",\"description\":\"\",\"potentialAction\":[{\"@type\":\"SearchAction\",\"target\":{\"@type\":\"EntryPoint\",\"urlTemplate\":\"https:\\\/\\\/mybook.am\\\/?s={search_term_string}\"},\"query-input\":{\"@type\":\"PropertyValueSpecification\",\"valueRequired\":true,\"valueName\":\"search_term_string\"}}],\"inLanguage\":\"ru-RU\"},{\"@type\":\"Person\",\"@id\":\"https:\\\/\\\/mybook.am\\\/#\\\/schema\\\/person\\\/e730847942cff3a199774e803916e97e\",\"name\":\"admin\",\"image\":{\"@type\":\"ImageObject\",\"inLanguage\":\"ru-RU\",\"@id\":\"https:\\\/\\\/secure.gravatar.com\\\/avatar\\\/df64e550a0653b7be0f1bcf897f33faad9c2c8153472b2d9319beafb51370f6f?s=96&d=mm&r=g\",\"url\":\"https:\\\/\\\/secure.gravatar.com\\\/avatar\\\/df64e550a0653b7be0f1bcf897f33faad9c2c8153472b2d9319beafb51370f6f?s=96&d=mm&r=g\",\"contentUrl\":\"https:\\\/\\\/secure.gravatar.com\\\/avatar\\\/df64e550a0653b7be0f1bcf897f33faad9c2c8153472b2d9319beafb51370f6f?s=96&d=mm&r=g\",\"caption\":\"admin\"},\"sameAs\":[\"http:\\\/\\\/mybook.am\"],\"url\":\"https:\\\/\\\/mybook.am\\\/?author=1\"}]}<\/script>\n<!-- \/ Yoast SEO plugin. -->","yoast_head_json":{"title":"Kdy\u017e tma ude\u0159ila jako kladivo -","robots":{"index":"index","follow":"follow","max-snippet":"max-snippet:-1","max-image-preview":"max-image-preview:large","max-video-preview":"max-video-preview:-1"},"canonical":"https:\/\/mybook.am\/?p=22256","og_locale":"ru_RU","og_type":"article","og_title":"Kdy\u017e tma ude\u0159ila jako kladivo -","og_description":"Probudil se ne z bolesti, ale ze zvuku. Tup\u00e9ho, kovov\u00e9ho, jako by n\u011bkdo bouchal do radi\u00e1toru. Ale nebyl to radi\u00e1tor. Byla to jeho","og_url":"https:\/\/mybook.am\/?p=22256","article_published_time":"2025-10-26T11:39:30+00:00","article_modified_time":"2025-10-26T11:39:31+00:00","og_image":[{"width":1435,"height":803,"url":"https:\/\/mybook.am\/wp-content\/uploads\/2025\/10\/62659.jpg","type":"image\/jpeg"}],"author":"admin","twitter_card":"summary_large_image","twitter_misc":{"\u041d\u0430\u043f\u0438\u0441\u0430\u043d\u043e \u0430\u0432\u0442\u043e\u0440\u043e\u043c":"admin","\u041f\u0440\u0438\u043c\u0435\u0440\u043d\u043e\u0435 \u0432\u0440\u0435\u043c\u044f \u0434\u043b\u044f \u0447\u0442\u0435\u043d\u0438\u044f":"4 \u043c\u0438\u043d\u0443\u0442\u044b"},"schema":{"@context":"https:\/\/schema.org","@graph":[{"@type":"Article","@id":"https:\/\/mybook.am\/?p=22256#article","isPartOf":{"@id":"https:\/\/mybook.am\/?p=22256"},"author":{"name":"admin","@id":"https:\/\/mybook.am\/#\/schema\/person\/e730847942cff3a199774e803916e97e"},"headline":"Kdy\u017e tma ude\u0159ila jako kladivo","datePublished":"2025-10-26T11:39:30+00:00","dateModified":"2025-10-26T11:39:31+00:00","mainEntityOfPage":{"@id":"https:\/\/mybook.am\/?p=22256"},"wordCount":648,"commentCount":0,"image":{"@id":"https:\/\/mybook.am\/?p=22256#primaryimage"},"thumbnailUrl":"https:\/\/mybook.am\/wp-content\/uploads\/2025\/10\/62659.jpg","articleSection":["\u010cesk\u00e1"],"inLanguage":"ru-RU","potentialAction":[{"@type":"CommentAction","name":"Comment","target":["https:\/\/mybook.am\/?p=22256#respond"]}]},{"@type":"WebPage","@id":"https:\/\/mybook.am\/?p=22256","url":"https:\/\/mybook.am\/?p=22256","name":"Kdy\u017e tma ude\u0159ila jako kladivo -","isPartOf":{"@id":"https:\/\/mybook.am\/#website"},"primaryImageOfPage":{"@id":"https:\/\/mybook.am\/?p=22256#primaryimage"},"image":{"@id":"https:\/\/mybook.am\/?p=22256#primaryimage"},"thumbnailUrl":"https:\/\/mybook.am\/wp-content\/uploads\/2025\/10\/62659.jpg","datePublished":"2025-10-26T11:39:30+00:00","dateModified":"2025-10-26T11:39:31+00:00","author":{"@id":"https:\/\/mybook.am\/#\/schema\/person\/e730847942cff3a199774e803916e97e"},"breadcrumb":{"@id":"https:\/\/mybook.am\/?p=22256#breadcrumb"},"inLanguage":"ru-RU","potentialAction":[{"@type":"ReadAction","target":["https:\/\/mybook.am\/?p=22256"]}]},{"@type":"ImageObject","inLanguage":"ru-RU","@id":"https:\/\/mybook.am\/?p=22256#primaryimage","url":"https:\/\/mybook.am\/wp-content\/uploads\/2025\/10\/62659.jpg","contentUrl":"https:\/\/mybook.am\/wp-content\/uploads\/2025\/10\/62659.jpg","width":1435,"height":803},{"@type":"BreadcrumbList","@id":"https:\/\/mybook.am\/?p=22256#breadcrumb","itemListElement":[{"@type":"ListItem","position":1,"name":"\u0413\u043b\u0430\u0432\u043d\u0430\u044f \u0441\u0442\u0440\u0430\u043d\u0438\u0446\u0430","item":"https:\/\/mybook.am\/"},{"@type":"ListItem","position":2,"name":"Kdy\u017e tma ude\u0159ila jako kladivo"}]},{"@type":"WebSite","@id":"https:\/\/mybook.am\/#website","url":"https:\/\/mybook.am\/","name":"","description":"","potentialAction":[{"@type":"SearchAction","target":{"@type":"EntryPoint","urlTemplate":"https:\/\/mybook.am\/?s={search_term_string}"},"query-input":{"@type":"PropertyValueSpecification","valueRequired":true,"valueName":"search_term_string"}}],"inLanguage":"ru-RU"},{"@type":"Person","@id":"https:\/\/mybook.am\/#\/schema\/person\/e730847942cff3a199774e803916e97e","name":"admin","image":{"@type":"ImageObject","inLanguage":"ru-RU","@id":"https:\/\/secure.gravatar.com\/avatar\/df64e550a0653b7be0f1bcf897f33faad9c2c8153472b2d9319beafb51370f6f?s=96&d=mm&r=g","url":"https:\/\/secure.gravatar.com\/avatar\/df64e550a0653b7be0f1bcf897f33faad9c2c8153472b2d9319beafb51370f6f?s=96&d=mm&r=g","contentUrl":"https:\/\/secure.gravatar.com\/avatar\/df64e550a0653b7be0f1bcf897f33faad9c2c8153472b2d9319beafb51370f6f?s=96&d=mm&r=g","caption":"admin"},"sameAs":["http:\/\/mybook.am"],"url":"https:\/\/mybook.am\/?author=1"}]}},"views":830,"_links":{"self":[{"href":"https:\/\/mybook.am\/index.php?rest_route=\/wp\/v2\/posts\/22256","targetHints":{"allow":["GET"]}}],"collection":[{"href":"https:\/\/mybook.am\/index.php?rest_route=\/wp\/v2\/posts"}],"about":[{"href":"https:\/\/mybook.am\/index.php?rest_route=\/wp\/v2\/types\/post"}],"author":[{"embeddable":true,"href":"https:\/\/mybook.am\/index.php?rest_route=\/wp\/v2\/users\/1"}],"replies":[{"embeddable":true,"href":"https:\/\/mybook.am\/index.php?rest_route=%2Fwp%2Fv2%2Fcomments&post=22256"}],"version-history":[{"count":1,"href":"https:\/\/mybook.am\/index.php?rest_route=\/wp\/v2\/posts\/22256\/revisions"}],"predecessor-version":[{"id":22258,"href":"https:\/\/mybook.am\/index.php?rest_route=\/wp\/v2\/posts\/22256\/revisions\/22258"}],"wp:featuredmedia":[{"embeddable":true,"href":"https:\/\/mybook.am\/index.php?rest_route=\/wp\/v2\/media\/22257"}],"wp:attachment":[{"href":"https:\/\/mybook.am\/index.php?rest_route=%2Fwp%2Fv2%2Fmedia&parent=22256"}],"wp:term":[{"taxonomy":"category","embeddable":true,"href":"https:\/\/mybook.am\/index.php?rest_route=%2Fwp%2Fv2%2Fcategories&post=22256"},{"taxonomy":"post_tag","embeddable":true,"href":"https:\/\/mybook.am\/index.php?rest_route=%2Fwp%2Fv2%2Ftags&post=22256"}],"curies":[{"name":"wp","href":"https:\/\/api.w.org\/{rel}","templated":true}]}}