{"id":22278,"date":"2025-10-27T13:00:32","date_gmt":"2025-10-27T10:00:32","guid":{"rendered":"https:\/\/mybook.am\/?p=22278"},"modified":"2025-10-27T13:00:32","modified_gmt":"2025-10-27T10:00:32","slug":"quand-le-froid-tue-la-saveur-lhistoire-dun-oignon-qui-voulait-rester-le-sien","status":"publish","type":"post","link":"https:\/\/mybook.am\/?p=22278","title":{"rendered":"Quand le froid tue la saveur : L&#8217;histoire d&#8217;un oignon qui voulait rester le sien"},"content":{"rendered":"\n<p>J&#8217;ai ouvert le r\u00e9frig\u00e9rateur et l&#8217;odeur\u2026 \u00e9tait comme celle d&#8217;un sous-sol apr\u00e8s une pluie. L&#8217;oignon, qui hier \u00e9tait vif, piquant et plein de caract\u00e8re, \u00e9tait devenu une masse molle et flasque. Mon mari a hauss\u00e9 les \u00e9paules : \u00ab Au moins, il ne s&#8217;ab\u00eemera pas. \u00bb Et je suis rest\u00e9e l\u00e0, un couteau \u00e0 la main, sentant que quelque chose se g\u00e2tait, non seulement dans l&#8217;oignon, mais aussi pendant la cuisson.<\/p>\n\n\n\n<p>On se dispute toujours \u00e0 ce sujet. Il est pour l&#8217;ordre et le froid. Moi, pour le go\u00fbt et la vie. \u00ab Tout dans le r\u00e9frig\u00e9rateur est frais \u00bb, dit-il. Et je me dis toujours : frais ne veut pas dire vivant. Certains aliments ne supportent pas le froid. Ils ont une m\u00e9moire de la chaleur. Et les oignons en font partie.<\/p>\n\n\n\n<figure class=\"wp-block-image size-full\"><img loading=\"lazy\" decoding=\"async\" width=\"640\" height=\"476\" src=\"https:\/\/mybook.am\/wp-content\/uploads\/2025\/10\/45154654-1.jpg\" alt=\"\" class=\"wp-image-22279\" srcset=\"https:\/\/mybook.am\/wp-content\/uploads\/2025\/10\/45154654-1.jpg 640w, https:\/\/mybook.am\/wp-content\/uploads\/2025\/10\/45154654-1-300x223.jpg 300w\" sizes=\"auto, (max-width: 640px) 100vw, 640px\" \/><\/figure>\n\n\n\n<p>J&#8217;ai d\u00e9cid\u00e9 de v\u00e9rifier si je me trompais. J&#8217;ai dispos\u00e9 les oignons : une partie dans le garde-manger, une autre au r\u00e9frig\u00e9rateur. Une semaine plus tard, j&#8217;ai ouvert le tiroir. Ils \u00e9taient froids \u2013 humides, moelleux, avec une odeur \u00e2cre, presque chimique. Ceux expos\u00e9s \u00e0 l&#8217;air sont secs, fermes, avec ce m\u00eame \u00ab c\u0153ur d&#8217;oignon \u00bb. Quand on les coupe, le jus craque comme du verre sous un couteau.<\/p>\n\n\n\n<p>Pourquoi ? C&#8217;est simple et \u00e0 la fois choquant. Le froid d\u00e9truit les cellules, et l&#8217;humidit\u00e9 les fait pourrir de l&#8217;int\u00e9rieur. L&#8217;humidit\u00e9 est comme un faux soin : elle semble prot\u00e9ger, mais elle affaiblit. Les oignons ne sont pas des fleurs ; ils n&#8217;ont pas besoin de serre. Ils aiment la fra\u00eecheur, mais pas le froid. L&#8217;air frais, l&#8217;ombre, l&#8217;espace. Pas un r\u00e9cipient en plastique o\u00f9 ils ne peuvent pas respirer.<\/p>\n\n\n\n<p>Je me suis souvenue comment ma grand-m\u00e8re conservait les oignons. Dans un vieux panier en osier, pr\u00e8s de la fen\u00eatre. Parfois, elle les retournait et les triait, comme un \u00eatre vivant. Jamais au r\u00e9frig\u00e9rateur. Et le go\u00fbt de son bortsch est impossible \u00e0 reproduire. Peut-\u00eatre n&#8217;\u00e9tait-ce pas la recette, mais son respect des choses simples ?<\/p>\n\n\n\n<p>Un jour, j&#8217;ai finalement essay\u00e9 de convaincre mon mari. \u00ab&nbsp;Go\u00fbte-la toi-m\u00eame&nbsp;\u00bb, dis-je en lui tendant deux assiettes identiques. L\u2019une \u00e9tait faite avec des oignons du r\u00e9frig\u00e9rateur, l\u2019autre avec ceux du garde-manger. Il go\u00fbta les deux en silence. Il resta silencieux un long moment. Puis il dit&nbsp;: \u00ab&nbsp;La premi\u00e8re avait un go\u00fbt st\u00e9rile. La seconde sentait bon la maison.\u00bb<\/p>\n\n\n\n<p>Nous avons ri, mais quelque chose en moi a fait tilt. Il ne s\u2019agit pas d\u2019oignons. Il s\u2019agit de la fa\u00e7on dont nous tuons les \u00eatres vivants par commodit\u00e9. Comment nous \u00e9changeons le go\u00fbt contre la conservation, l\u2019ar\u00f4me contre l\u2019ordre, la vie contre le contr\u00f4le. Le froid n\u2019est pas toujours une b\u00e9n\u00e9diction. Parfois, il rend le monde un peu plus mort.<\/p>\n\n\n\n<p>Avez-vous d\u00e9j\u00e0 remarqu\u00e9 comme la nourriture qui tra\u00eene au r\u00e9frig\u00e9rateur perd sa voix&nbsp;? Elle ne crie pas, ne chante pas, ne sent pas. Elle devient \u00ab&nbsp;fonctionnelle&nbsp;\u00bb. Et pourtant, la cuisine est une sc\u00e8ne o\u00f9 les ingr\u00e9dients devraient faire du bruit.<\/p>\n\n\n\n<p>Maintenant, mes oignons sont dans le panier, comme il se doit. Parfois, ils germent, et je ne me f\u00e2che pas, au contraire. C&#8217;est leur fa\u00e7on de me le rappeler&nbsp;: ils sont vivants. J&#8217;adore cette sensation&nbsp;: quand on coupe un oignon et que l&#8217;air devient vif, comme une r\u00e9v\u00e9lation.<\/p>\n\n\n\n<p>Mon mari met encore de temps en temps quelques oignons au r\u00e9frig\u00e9rateur. Je ne discute pas. Qu&#8217;il voie par lui-m\u00eame. Qu&#8217;il ressente la diff\u00e9rence entre un repas froid et une vie bien au chaud.<\/p>\n\n\n\n<p>Et peut-\u00eatre comprendra-t-il, comme moi \u00e0 l&#8217;\u00e9poque&nbsp;:<br>certaines choses ont juste besoin d&#8217;\u00eatre laiss\u00e9es tranquilles,<br>pour qu&#8217;elles puissent \u00eatre elles-m\u00eames.<\/p>\n","protected":false},"excerpt":{"rendered":"J&#8217;ai ouvert le r\u00e9frig\u00e9rateur et l&#8217;odeur\u2026 \u00e9tait comme celle d&#8217;un sous-sol apr\u00e8s une pluie. L&#8217;oignon, qui hier \u00e9tait vif, piquant et plein de \n<a class=\"moretag\" href=\"https:\/\/mybook.am\/?p=22278\"> [...]<\/a>","protected":false},"author":1,"featured_media":22279,"comment_status":"open","ping_status":"open","sticky":false,"template":"","format":"standard","meta":{"footnotes":""},"categories":[3],"tags":[],"class_list":["post-22278","post","type-post","status-publish","format-standard","has-post-thumbnail","hentry","category-fotto"],"yoast_head":"<!-- This site is optimized with the Yoast SEO plugin v27.4 - https:\/\/yoast.com\/product\/yoast-seo-wordpress\/ -->\n<title>Quand le froid tue la saveur : L&#039;histoire d&#039;un oignon qui voulait rester le sien -<\/title>\n<meta name=\"robots\" content=\"index, follow, max-snippet:-1, max-image-preview:large, max-video-preview:-1\" \/>\n<link rel=\"canonical\" href=\"https:\/\/mybook.am\/?p=22278\" \/>\n<meta property=\"og:locale\" content=\"ru_RU\" \/>\n<meta property=\"og:type\" content=\"article\" \/>\n<meta property=\"og:title\" content=\"Quand le froid tue la saveur : L&#039;histoire d&#039;un oignon qui voulait rester le sien -\" \/>\n<meta property=\"og:description\" content=\"J&#8217;ai ouvert le r\u00e9frig\u00e9rateur et l&#8217;odeur\u2026 \u00e9tait comme celle d&#8217;un sous-sol apr\u00e8s une pluie. L&#8217;oignon, qui hier \u00e9tait vif, piquant et plein de\" \/>\n<meta property=\"og:url\" content=\"https:\/\/mybook.am\/?p=22278\" \/>\n<meta property=\"article:published_time\" content=\"2025-10-27T10:00:32+00:00\" \/>\n<meta property=\"og:image\" content=\"https:\/\/mybook.am\/wp-content\/uploads\/2025\/10\/45154654-1.jpg\" \/>\n\t<meta property=\"og:image:width\" content=\"640\" \/>\n\t<meta property=\"og:image:height\" content=\"476\" \/>\n\t<meta property=\"og:image:type\" content=\"image\/jpeg\" \/>\n<meta name=\"author\" content=\"admin\" \/>\n<meta name=\"twitter:card\" content=\"summary_large_image\" \/>\n<meta name=\"twitter:label1\" content=\"\u041d\u0430\u043f\u0438\u0441\u0430\u043d\u043e \u0430\u0432\u0442\u043e\u0440\u043e\u043c\" \/>\n\t<meta name=\"twitter:data1\" content=\"admin\" \/>\n\t<meta name=\"twitter:label2\" content=\"\u041f\u0440\u0438\u043c\u0435\u0440\u043d\u043e\u0435 \u0432\u0440\u0435\u043c\u044f \u0434\u043b\u044f \u0447\u0442\u0435\u043d\u0438\u044f\" \/>\n\t<meta name=\"twitter:data2\" content=\"4 \u043c\u0438\u043d\u0443\u0442\u044b\" \/>\n<script type=\"application\/ld+json\" class=\"yoast-schema-graph\">{\"@context\":\"https:\\\/\\\/schema.org\",\"@graph\":[{\"@type\":\"Article\",\"@id\":\"https:\\\/\\\/mybook.am\\\/?p=22278#article\",\"isPartOf\":{\"@id\":\"https:\\\/\\\/mybook.am\\\/?p=22278\"},\"author\":{\"name\":\"admin\",\"@id\":\"https:\\\/\\\/mybook.am\\\/#\\\/schema\\\/person\\\/e730847942cff3a199774e803916e97e\"},\"headline\":\"Quand le froid tue la saveur : L&#8217;histoire d&#8217;un oignon qui voulait rester le sien\",\"datePublished\":\"2025-10-27T10:00:32+00:00\",\"mainEntityOfPage\":{\"@id\":\"https:\\\/\\\/mybook.am\\\/?p=22278\"},\"wordCount\":695,\"commentCount\":0,\"image\":{\"@id\":\"https:\\\/\\\/mybook.am\\\/?p=22278#primaryimage\"},\"thumbnailUrl\":\"https:\\\/\\\/mybook.am\\\/wp-content\\\/uploads\\\/2025\\\/10\\\/45154654-1.jpg\",\"articleSection\":[\"FRANS\"],\"inLanguage\":\"ru-RU\",\"potentialAction\":[{\"@type\":\"CommentAction\",\"name\":\"Comment\",\"target\":[\"https:\\\/\\\/mybook.am\\\/?p=22278#respond\"]}]},{\"@type\":\"WebPage\",\"@id\":\"https:\\\/\\\/mybook.am\\\/?p=22278\",\"url\":\"https:\\\/\\\/mybook.am\\\/?p=22278\",\"name\":\"Quand le froid tue la saveur : L'histoire d'un oignon qui voulait rester le sien -\",\"isPartOf\":{\"@id\":\"https:\\\/\\\/mybook.am\\\/#website\"},\"primaryImageOfPage\":{\"@id\":\"https:\\\/\\\/mybook.am\\\/?p=22278#primaryimage\"},\"image\":{\"@id\":\"https:\\\/\\\/mybook.am\\\/?p=22278#primaryimage\"},\"thumbnailUrl\":\"https:\\\/\\\/mybook.am\\\/wp-content\\\/uploads\\\/2025\\\/10\\\/45154654-1.jpg\",\"datePublished\":\"2025-10-27T10:00:32+00:00\",\"author\":{\"@id\":\"https:\\\/\\\/mybook.am\\\/#\\\/schema\\\/person\\\/e730847942cff3a199774e803916e97e\"},\"breadcrumb\":{\"@id\":\"https:\\\/\\\/mybook.am\\\/?p=22278#breadcrumb\"},\"inLanguage\":\"ru-RU\",\"potentialAction\":[{\"@type\":\"ReadAction\",\"target\":[\"https:\\\/\\\/mybook.am\\\/?p=22278\"]}]},{\"@type\":\"ImageObject\",\"inLanguage\":\"ru-RU\",\"@id\":\"https:\\\/\\\/mybook.am\\\/?p=22278#primaryimage\",\"url\":\"https:\\\/\\\/mybook.am\\\/wp-content\\\/uploads\\\/2025\\\/10\\\/45154654-1.jpg\",\"contentUrl\":\"https:\\\/\\\/mybook.am\\\/wp-content\\\/uploads\\\/2025\\\/10\\\/45154654-1.jpg\",\"width\":640,\"height\":476},{\"@type\":\"BreadcrumbList\",\"@id\":\"https:\\\/\\\/mybook.am\\\/?p=22278#breadcrumb\",\"itemListElement\":[{\"@type\":\"ListItem\",\"position\":1,\"name\":\"\u0413\u043b\u0430\u0432\u043d\u0430\u044f \u0441\u0442\u0440\u0430\u043d\u0438\u0446\u0430\",\"item\":\"https:\\\/\\\/mybook.am\\\/\"},{\"@type\":\"ListItem\",\"position\":2,\"name\":\"Quand le froid tue la saveur : L&#8217;histoire d&#8217;un oignon qui voulait rester le sien\"}]},{\"@type\":\"WebSite\",\"@id\":\"https:\\\/\\\/mybook.am\\\/#website\",\"url\":\"https:\\\/\\\/mybook.am\\\/\",\"name\":\"\",\"description\":\"\",\"potentialAction\":[{\"@type\":\"SearchAction\",\"target\":{\"@type\":\"EntryPoint\",\"urlTemplate\":\"https:\\\/\\\/mybook.am\\\/?s={search_term_string}\"},\"query-input\":{\"@type\":\"PropertyValueSpecification\",\"valueRequired\":true,\"valueName\":\"search_term_string\"}}],\"inLanguage\":\"ru-RU\"},{\"@type\":\"Person\",\"@id\":\"https:\\\/\\\/mybook.am\\\/#\\\/schema\\\/person\\\/e730847942cff3a199774e803916e97e\",\"name\":\"admin\",\"image\":{\"@type\":\"ImageObject\",\"inLanguage\":\"ru-RU\",\"@id\":\"https:\\\/\\\/secure.gravatar.com\\\/avatar\\\/df64e550a0653b7be0f1bcf897f33faad9c2c8153472b2d9319beafb51370f6f?s=96&d=mm&r=g\",\"url\":\"https:\\\/\\\/secure.gravatar.com\\\/avatar\\\/df64e550a0653b7be0f1bcf897f33faad9c2c8153472b2d9319beafb51370f6f?s=96&d=mm&r=g\",\"contentUrl\":\"https:\\\/\\\/secure.gravatar.com\\\/avatar\\\/df64e550a0653b7be0f1bcf897f33faad9c2c8153472b2d9319beafb51370f6f?s=96&d=mm&r=g\",\"caption\":\"admin\"},\"sameAs\":[\"http:\\\/\\\/mybook.am\"],\"url\":\"https:\\\/\\\/mybook.am\\\/?author=1\"}]}<\/script>\n<!-- \/ Yoast SEO plugin. -->","yoast_head_json":{"title":"Quand le froid tue la saveur : L'histoire d'un oignon qui voulait rester le sien -","robots":{"index":"index","follow":"follow","max-snippet":"max-snippet:-1","max-image-preview":"max-image-preview:large","max-video-preview":"max-video-preview:-1"},"canonical":"https:\/\/mybook.am\/?p=22278","og_locale":"ru_RU","og_type":"article","og_title":"Quand le froid tue la saveur : L'histoire d'un oignon qui voulait rester le sien -","og_description":"J&#8217;ai ouvert le r\u00e9frig\u00e9rateur et l&#8217;odeur\u2026 \u00e9tait comme celle d&#8217;un sous-sol apr\u00e8s une pluie. L&#8217;oignon, qui hier \u00e9tait vif, piquant et plein de","og_url":"https:\/\/mybook.am\/?p=22278","article_published_time":"2025-10-27T10:00:32+00:00","og_image":[{"width":640,"height":476,"url":"https:\/\/mybook.am\/wp-content\/uploads\/2025\/10\/45154654-1.jpg","type":"image\/jpeg"}],"author":"admin","twitter_card":"summary_large_image","twitter_misc":{"\u041d\u0430\u043f\u0438\u0441\u0430\u043d\u043e \u0430\u0432\u0442\u043e\u0440\u043e\u043c":"admin","\u041f\u0440\u0438\u043c\u0435\u0440\u043d\u043e\u0435 \u0432\u0440\u0435\u043c\u044f \u0434\u043b\u044f \u0447\u0442\u0435\u043d\u0438\u044f":"4 \u043c\u0438\u043d\u0443\u0442\u044b"},"schema":{"@context":"https:\/\/schema.org","@graph":[{"@type":"Article","@id":"https:\/\/mybook.am\/?p=22278#article","isPartOf":{"@id":"https:\/\/mybook.am\/?p=22278"},"author":{"name":"admin","@id":"https:\/\/mybook.am\/#\/schema\/person\/e730847942cff3a199774e803916e97e"},"headline":"Quand le froid tue la saveur : L&#8217;histoire d&#8217;un oignon qui voulait rester le sien","datePublished":"2025-10-27T10:00:32+00:00","mainEntityOfPage":{"@id":"https:\/\/mybook.am\/?p=22278"},"wordCount":695,"commentCount":0,"image":{"@id":"https:\/\/mybook.am\/?p=22278#primaryimage"},"thumbnailUrl":"https:\/\/mybook.am\/wp-content\/uploads\/2025\/10\/45154654-1.jpg","articleSection":["FRANS"],"inLanguage":"ru-RU","potentialAction":[{"@type":"CommentAction","name":"Comment","target":["https:\/\/mybook.am\/?p=22278#respond"]}]},{"@type":"WebPage","@id":"https:\/\/mybook.am\/?p=22278","url":"https:\/\/mybook.am\/?p=22278","name":"Quand le froid tue la saveur : L'histoire d'un oignon qui voulait rester le sien -","isPartOf":{"@id":"https:\/\/mybook.am\/#website"},"primaryImageOfPage":{"@id":"https:\/\/mybook.am\/?p=22278#primaryimage"},"image":{"@id":"https:\/\/mybook.am\/?p=22278#primaryimage"},"thumbnailUrl":"https:\/\/mybook.am\/wp-content\/uploads\/2025\/10\/45154654-1.jpg","datePublished":"2025-10-27T10:00:32+00:00","author":{"@id":"https:\/\/mybook.am\/#\/schema\/person\/e730847942cff3a199774e803916e97e"},"breadcrumb":{"@id":"https:\/\/mybook.am\/?p=22278#breadcrumb"},"inLanguage":"ru-RU","potentialAction":[{"@type":"ReadAction","target":["https:\/\/mybook.am\/?p=22278"]}]},{"@type":"ImageObject","inLanguage":"ru-RU","@id":"https:\/\/mybook.am\/?p=22278#primaryimage","url":"https:\/\/mybook.am\/wp-content\/uploads\/2025\/10\/45154654-1.jpg","contentUrl":"https:\/\/mybook.am\/wp-content\/uploads\/2025\/10\/45154654-1.jpg","width":640,"height":476},{"@type":"BreadcrumbList","@id":"https:\/\/mybook.am\/?p=22278#breadcrumb","itemListElement":[{"@type":"ListItem","position":1,"name":"\u0413\u043b\u0430\u0432\u043d\u0430\u044f \u0441\u0442\u0440\u0430\u043d\u0438\u0446\u0430","item":"https:\/\/mybook.am\/"},{"@type":"ListItem","position":2,"name":"Quand le froid tue la saveur : L&#8217;histoire d&#8217;un oignon qui voulait rester le sien"}]},{"@type":"WebSite","@id":"https:\/\/mybook.am\/#website","url":"https:\/\/mybook.am\/","name":"","description":"","potentialAction":[{"@type":"SearchAction","target":{"@type":"EntryPoint","urlTemplate":"https:\/\/mybook.am\/?s={search_term_string}"},"query-input":{"@type":"PropertyValueSpecification","valueRequired":true,"valueName":"search_term_string"}}],"inLanguage":"ru-RU"},{"@type":"Person","@id":"https:\/\/mybook.am\/#\/schema\/person\/e730847942cff3a199774e803916e97e","name":"admin","image":{"@type":"ImageObject","inLanguage":"ru-RU","@id":"https:\/\/secure.gravatar.com\/avatar\/df64e550a0653b7be0f1bcf897f33faad9c2c8153472b2d9319beafb51370f6f?s=96&d=mm&r=g","url":"https:\/\/secure.gravatar.com\/avatar\/df64e550a0653b7be0f1bcf897f33faad9c2c8153472b2d9319beafb51370f6f?s=96&d=mm&r=g","contentUrl":"https:\/\/secure.gravatar.com\/avatar\/df64e550a0653b7be0f1bcf897f33faad9c2c8153472b2d9319beafb51370f6f?s=96&d=mm&r=g","caption":"admin"},"sameAs":["http:\/\/mybook.am"],"url":"https:\/\/mybook.am\/?author=1"}]}},"views":131,"_links":{"self":[{"href":"https:\/\/mybook.am\/index.php?rest_route=\/wp\/v2\/posts\/22278","targetHints":{"allow":["GET"]}}],"collection":[{"href":"https:\/\/mybook.am\/index.php?rest_route=\/wp\/v2\/posts"}],"about":[{"href":"https:\/\/mybook.am\/index.php?rest_route=\/wp\/v2\/types\/post"}],"author":[{"embeddable":true,"href":"https:\/\/mybook.am\/index.php?rest_route=\/wp\/v2\/users\/1"}],"replies":[{"embeddable":true,"href":"https:\/\/mybook.am\/index.php?rest_route=%2Fwp%2Fv2%2Fcomments&post=22278"}],"version-history":[{"count":1,"href":"https:\/\/mybook.am\/index.php?rest_route=\/wp\/v2\/posts\/22278\/revisions"}],"predecessor-version":[{"id":22280,"href":"https:\/\/mybook.am\/index.php?rest_route=\/wp\/v2\/posts\/22278\/revisions\/22280"}],"wp:featuredmedia":[{"embeddable":true,"href":"https:\/\/mybook.am\/index.php?rest_route=\/wp\/v2\/media\/22279"}],"wp:attachment":[{"href":"https:\/\/mybook.am\/index.php?rest_route=%2Fwp%2Fv2%2Fmedia&parent=22278"}],"wp:term":[{"taxonomy":"category","embeddable":true,"href":"https:\/\/mybook.am\/index.php?rest_route=%2Fwp%2Fv2%2Fcategories&post=22278"},{"taxonomy":"post_tag","embeddable":true,"href":"https:\/\/mybook.am\/index.php?rest_route=%2Fwp%2Fv2%2Ftags&post=22278"}],"curies":[{"name":"wp","href":"https:\/\/api.w.org\/{rel}","templated":true}]}}