{"id":22287,"date":"2025-10-27T13:20:55","date_gmt":"2025-10-27T10:20:55","guid":{"rendered":"https:\/\/mybook.am\/?p=22287"},"modified":"2025-10-27T13:20:55","modified_gmt":"2025-10-27T10:20:55","slug":"kdyz-se-zivot-rozpadne-a-najednou-si-vzpomenete-koho-milujete-pribeh-ktery-se-nestal-na-obloze-ale-uvnitr-cloveka","status":"publish","type":"post","link":"https:\/\/mybook.am\/?p=22287","title":{"rendered":"Kdy\u017e se \u017eivot rozpadne \u2013 a najednou si vzpomenete, koho milujete. P\u0159\u00edb\u011bh, kter\u00fd se nestal na obloze, ale uvnit\u0159 \u010dlov\u011bka."},"content":{"rendered":"\n<p>Pamatuji si ten okam\u017eik, jako bych sed\u011bl ve stejn\u00e9 \u0159ad\u011b u okna. Studen\u00e9 lednov\u00e9 sv\u011btlo pronikalo oknem, zat\u00edmco se letadlo chv\u011blo, jako srdce, kter\u00e9 se chyst\u00e1 k\u0159i\u010det. Nikdo je\u0161t\u011b nech\u00e1pal, co se d\u011bje, ale vzduch se u\u017e zm\u011bnil \u2013 stal se hust\u0161\u00edm, t\u011b\u017e\u0161\u00edm, von\u011bl n\u011b\u010d\u00edm kovov\u00fdm, zlov\u011bstn\u00fdm. Pak se ozval zvuk \u2013 ne hlasit\u00fd, ale zlov\u011bstn\u00fd, jako by obloha vydechla: \u201eTo je ono.\u201c<\/p>\n\n\n\n<p>Motory utichly. Jen hv\u00edzd\u00e1n\u00ed v\u011btru a dun\u011bn\u00ed strachu. Lid\u00e9 ztuhli \u2013 jako z\u00e1b\u011bry, kde \u010das st\u00e1le plyne, ale v\u00fdznam se ji\u017e zastavil. A pak hlas pilota \u2013 klidn\u00fd, t\u00e9m\u011b\u0159 otcovsk\u00fd: \u201eP\u0159ipravte se na n\u00e1raz.\u201c Ani n\u00e1znak paniky, jen zdr\u017eenliv\u00e9 odhodl\u00e1n\u00ed mu\u017ee, kter\u00fd v\u00ed, \u017ee jeho slovo je posledn\u00ed nit\u00ed mezi chaosem a nad\u011bj\u00ed.<\/p>\n\n\n\n<p>N\u011bkdo se modlil. N\u011bkdo dr\u017eel cizince za ruku, jako by to v\u011bd\u011bl odjak\u017eiva. A mu\u017e u okna, ten sam\u00fd, jeho\u017e p\u0159\u00edb\u011bh se pozd\u011bji roz\u0161\u00ed\u0159il po cel\u00e9m sv\u011bt\u011b, prost\u011b zav\u0159el o\u010di a myslel na sv\u00e9ho syna. Ne na dluhy, ne na nezodpov\u011bzen\u00e9 dopisy, ne na nedokon\u010den\u00e9 projekty. Jen na chlapce, kter\u00fd se sm\u011bje, kdy\u017e sk\u00e1\u010de do list\u00ed. A na svou \u017eenu, kter\u00e1 st\u00e1le \u010dek\u00e1, a\u017e se kone\u010dn\u011b vr\u00e1t\u00ed dom\u016f bez telefonu v ruce.<\/p>\n\n\n\n<figure class=\"wp-block-image size-large\"><img loading=\"lazy\" decoding=\"async\" width=\"1024\" height=\"724\" src=\"https:\/\/mybook.am\/wp-content\/uploads\/2025\/10\/124121-1024x724.jpeg\" alt=\"\" class=\"wp-image-22289\" srcset=\"https:\/\/mybook.am\/wp-content\/uploads\/2025\/10\/124121-1024x724.jpeg 1024w, https:\/\/mybook.am\/wp-content\/uploads\/2025\/10\/124121-300x212.jpeg 300w, https:\/\/mybook.am\/wp-content\/uploads\/2025\/10\/124121-768x543.jpeg 768w, https:\/\/mybook.am\/wp-content\/uploads\/2025\/10\/124121-120x85.jpeg 120w, https:\/\/mybook.am\/wp-content\/uploads\/2025\/10\/124121.jpeg 1200w\" sizes=\"auto, (max-width: 1024px) 100vw, 1024px\" \/><\/figure>\n\n\n\n<p>Za\u0161eptal: \u201ePromi\u0148, \u017ee jsem to nestihl v\u010das\u2026\u201c a sklonil hlavu. M\u011bl pocit, jako by se sv\u011bt z\u00fa\u017eil na puls v jeho sp\u00e1nc\u00edch. Studen\u00fd vzduch, v\u016fn\u011b paliva, sv\u011btlo z ledov\u00fdch k\u0159\u00eddel. V\u0161echno se stalo naprosto skute\u010dn\u00fdm \u2013 jako by se \u017eivot rozhodl uk\u00e1zat film bez speci\u00e1ln\u00edch efekt\u016f, ale s pravdou v ka\u017ed\u00e9m z\u00e1b\u011bru.<\/p>\n\n\n\n<p>A pak \u2013 dopad. Ani ohe\u0148, ani exploze. Jen z\u00e1zrak. Voda vzala letadlo, jako by se rozhodla: dob\u0159e, tentokr\u00e1t to pust\u00edm. Hudson se nestal hrobem, ale kol\u00e9bkou. Lid\u00e9 k\u0159i\u010deli, plakali, sm\u00e1li se. A v tomto chaosu se tent\u00fd\u017e mu\u017e \u2013 ten, kdo se rozlou\u010dil se \u017eivotem \u2013 zvedl a za\u010dal pom\u00e1hat druh\u00fdm. I kdy\u017e sotva c\u00edtil vlastn\u00ed nohy. Vyt\u00e1hl ven \u017eeny, d\u011bti, ty, kte\u0159\u00ed se t\u0159\u00e1sli a nemohli uv\u011b\u0159it, \u017ee jsou na\u017eivu.<\/p>\n\n\n\n<p>\u201eJd\u011bte prvn\u00ed,\u201c \u0159ekl letu\u0161ce s tak klidn\u00fdm \u00fasm\u011bvem, jako by v\u0161echno, co se d\u011blo, byla jen zkou\u0161ka lidskosti.<\/p>\n\n\n\n<p>Fale\u0161n\u00fd obrat \u017eivota: n\u011bkdy katastrofa nen\u00ed konec, ale za\u010d\u00e1tek. Nikdo z t\u011bch, kte\u0159\u00ed sed\u011bli na letu 1549, nebyl stejn\u00fd. Proto\u017ee smrt u\u017e d\u00fdchala bl\u00edzko a tento dech v nich o\u017eivil n\u011bco, co dlouho d\u0159\u00edmalo \u2013 vd\u011b\u010dnost.<\/p>\n\n\n\n<p>\u010casto na to mysl\u00edm. Jak promar\u0148ujeme dny st\u011b\u017eov\u00e1n\u00edm si na dopravn\u00ed z\u00e1cpy, \u00fa\u010dty, mali\u010dkosti. Jak se roz\u010dilujeme na milovan\u00e9, kter\u00e9 u\u017e jednou mo\u017en\u00e1 nikdy neuvid\u00edme. Pro\u010d si lid\u00e9 vzpomenou na l\u00e1sku, jen kdy\u017e spadne z nebe?<\/p>\n\n\n\n<p>Kdy\u017e mu\u017e pozd\u011bji vypr\u00e1v\u011bl o sv\u00e9m z\u00e1\u017eitku, jeho hlas se t\u0159\u00e1sl: \u201eUv\u011bdomil jsem si, \u017ee jsem \u017eil \u0161patn\u011b. Honil jsem \u010das a celou tu dobu \u010dekal, a\u017e se pod\u00edv\u00e1m na sv\u00e9ho syna.\u201c<\/p>\n\n\n\n<p>\u017divot n\u00e1s nemus\u00ed varovat. Jednoho dne prost\u011b vypne motory \u2013 a bu\u010f l\u00e9t\u00e1te ve strachu, nebo se nau\u010d\u00edte plavat.<\/p>\n\n\n\n<p>Od t\u00e9 doby c\u00edt\u00edm ka\u017ed\u00e9 rann\u00ed v\u016fni k\u00e1vy, ka\u017ed\u00fd tepl\u00fd pohled. Ne proto, \u017ee bych se b\u00e1l p\u00e1du, ale proto, \u017ee v\u00edm \u2013 z\u00e1zrak je v\u017edycky bl\u00edzko. Je tich\u00fd, nen\u00e1padn\u00fd. Sta\u010d\u00ed b\u00fdt na\u017eivu, abyste si ho v\u0161imli.<\/p>\n\n\n\n<p>A te\u010f, kdy\u017e letadlo ve mn\u011b najednou za\u010dne klesat, sly\u0161\u00edm stejn\u00fd hlas, jak\u00fd sly\u0161eli nad Hudsonem:<\/p>\n\n\n\n<p>\u201eP\u0159ipravte se na n\u00e1raz.\u201c<\/p>\n\n\n\n<p>Ale te\u010f v\u00edm \u2013 nejde o konec. Jde o \u0161anci. Druhou.<\/p>\n","protected":false},"excerpt":{"rendered":"Pamatuji si ten okam\u017eik, jako bych sed\u011bl ve stejn\u00e9 \u0159ad\u011b u okna. Studen\u00e9 lednov\u00e9 sv\u011btlo pronikalo oknem, zat\u00edmco se letadlo chv\u011blo, jako srdce, \n<a class=\"moretag\" href=\"https:\/\/mybook.am\/?p=22287\"> [...]<\/a>","protected":false},"author":1,"featured_media":22289,"comment_status":"open","ping_status":"open","sticky":false,"template":"","format":"standard","meta":{"footnotes":""},"categories":[1],"tags":[],"class_list":["post-22287","post","type-post","status-publish","format-standard","has-post-thumbnail","hentry","category-ceska"],"yoast_head":"<!-- This site is optimized with the Yoast SEO plugin v27.4 - https:\/\/yoast.com\/product\/yoast-seo-wordpress\/ -->\n<title>Kdy\u017e se \u017eivot rozpadne \u2013 a najednou si vzpomenete, koho milujete. P\u0159\u00edb\u011bh, kter\u00fd se nestal na obloze, ale uvnit\u0159 \u010dlov\u011bka. -<\/title>\n<meta name=\"robots\" content=\"index, follow, max-snippet:-1, max-image-preview:large, max-video-preview:-1\" \/>\n<link rel=\"canonical\" href=\"https:\/\/mybook.am\/?p=22287\" \/>\n<meta property=\"og:locale\" content=\"ru_RU\" \/>\n<meta property=\"og:type\" content=\"article\" \/>\n<meta property=\"og:title\" content=\"Kdy\u017e se \u017eivot rozpadne \u2013 a najednou si vzpomenete, koho milujete. P\u0159\u00edb\u011bh, kter\u00fd se nestal na obloze, ale uvnit\u0159 \u010dlov\u011bka. -\" \/>\n<meta property=\"og:description\" content=\"Pamatuji si ten okam\u017eik, jako bych sed\u011bl ve stejn\u00e9 \u0159ad\u011b u okna. Studen\u00e9 lednov\u00e9 sv\u011btlo pronikalo oknem, zat\u00edmco se letadlo chv\u011blo, jako srdce,\" \/>\n<meta property=\"og:url\" content=\"https:\/\/mybook.am\/?p=22287\" \/>\n<meta property=\"article:published_time\" content=\"2025-10-27T10:20:55+00:00\" \/>\n<meta property=\"og:image\" content=\"https:\/\/mybook.am\/wp-content\/uploads\/2025\/10\/124121.jpeg\" \/>\n\t<meta property=\"og:image:width\" content=\"1200\" \/>\n\t<meta property=\"og:image:height\" content=\"849\" \/>\n\t<meta property=\"og:image:type\" content=\"image\/jpeg\" \/>\n<meta name=\"author\" content=\"admin\" \/>\n<meta name=\"twitter:card\" content=\"summary_large_image\" \/>\n<meta name=\"twitter:label1\" content=\"\u041d\u0430\u043f\u0438\u0441\u0430\u043d\u043e \u0430\u0432\u0442\u043e\u0440\u043e\u043c\" \/>\n\t<meta name=\"twitter:data1\" content=\"admin\" \/>\n\t<meta name=\"twitter:label2\" content=\"\u041f\u0440\u0438\u043c\u0435\u0440\u043d\u043e\u0435 \u0432\u0440\u0435\u043c\u044f \u0434\u043b\u044f \u0447\u0442\u0435\u043d\u0438\u044f\" \/>\n\t<meta name=\"twitter:data2\" content=\"4 \u043c\u0438\u043d\u0443\u0442\u044b\" \/>\n<script type=\"application\/ld+json\" class=\"yoast-schema-graph\">{\"@context\":\"https:\\\/\\\/schema.org\",\"@graph\":[{\"@type\":\"Article\",\"@id\":\"https:\\\/\\\/mybook.am\\\/?p=22287#article\",\"isPartOf\":{\"@id\":\"https:\\\/\\\/mybook.am\\\/?p=22287\"},\"author\":{\"name\":\"admin\",\"@id\":\"https:\\\/\\\/mybook.am\\\/#\\\/schema\\\/person\\\/e730847942cff3a199774e803916e97e\"},\"headline\":\"Kdy\u017e se \u017eivot rozpadne \u2013 a najednou si vzpomenete, koho milujete. P\u0159\u00edb\u011bh, kter\u00fd se nestal na obloze, ale uvnit\u0159 \u010dlov\u011bka.\",\"datePublished\":\"2025-10-27T10:20:55+00:00\",\"mainEntityOfPage\":{\"@id\":\"https:\\\/\\\/mybook.am\\\/?p=22287\"},\"wordCount\":692,\"commentCount\":0,\"image\":{\"@id\":\"https:\\\/\\\/mybook.am\\\/?p=22287#primaryimage\"},\"thumbnailUrl\":\"https:\\\/\\\/mybook.am\\\/wp-content\\\/uploads\\\/2025\\\/10\\\/124121.jpeg\",\"articleSection\":[\"\u010cesk\u00e1\"],\"inLanguage\":\"ru-RU\",\"potentialAction\":[{\"@type\":\"CommentAction\",\"name\":\"Comment\",\"target\":[\"https:\\\/\\\/mybook.am\\\/?p=22287#respond\"]}]},{\"@type\":\"WebPage\",\"@id\":\"https:\\\/\\\/mybook.am\\\/?p=22287\",\"url\":\"https:\\\/\\\/mybook.am\\\/?p=22287\",\"name\":\"Kdy\u017e se \u017eivot rozpadne \u2013 a najednou si vzpomenete, koho milujete. P\u0159\u00edb\u011bh, kter\u00fd se nestal na obloze, ale uvnit\u0159 \u010dlov\u011bka. -\",\"isPartOf\":{\"@id\":\"https:\\\/\\\/mybook.am\\\/#website\"},\"primaryImageOfPage\":{\"@id\":\"https:\\\/\\\/mybook.am\\\/?p=22287#primaryimage\"},\"image\":{\"@id\":\"https:\\\/\\\/mybook.am\\\/?p=22287#primaryimage\"},\"thumbnailUrl\":\"https:\\\/\\\/mybook.am\\\/wp-content\\\/uploads\\\/2025\\\/10\\\/124121.jpeg\",\"datePublished\":\"2025-10-27T10:20:55+00:00\",\"author\":{\"@id\":\"https:\\\/\\\/mybook.am\\\/#\\\/schema\\\/person\\\/e730847942cff3a199774e803916e97e\"},\"breadcrumb\":{\"@id\":\"https:\\\/\\\/mybook.am\\\/?p=22287#breadcrumb\"},\"inLanguage\":\"ru-RU\",\"potentialAction\":[{\"@type\":\"ReadAction\",\"target\":[\"https:\\\/\\\/mybook.am\\\/?p=22287\"]}]},{\"@type\":\"ImageObject\",\"inLanguage\":\"ru-RU\",\"@id\":\"https:\\\/\\\/mybook.am\\\/?p=22287#primaryimage\",\"url\":\"https:\\\/\\\/mybook.am\\\/wp-content\\\/uploads\\\/2025\\\/10\\\/124121.jpeg\",\"contentUrl\":\"https:\\\/\\\/mybook.am\\\/wp-content\\\/uploads\\\/2025\\\/10\\\/124121.jpeg\",\"width\":1200,\"height\":849},{\"@type\":\"BreadcrumbList\",\"@id\":\"https:\\\/\\\/mybook.am\\\/?p=22287#breadcrumb\",\"itemListElement\":[{\"@type\":\"ListItem\",\"position\":1,\"name\":\"\u0413\u043b\u0430\u0432\u043d\u0430\u044f \u0441\u0442\u0440\u0430\u043d\u0438\u0446\u0430\",\"item\":\"https:\\\/\\\/mybook.am\\\/\"},{\"@type\":\"ListItem\",\"position\":2,\"name\":\"Kdy\u017e se \u017eivot rozpadne \u2013 a najednou si vzpomenete, koho milujete. P\u0159\u00edb\u011bh, kter\u00fd se nestal na obloze, ale uvnit\u0159 \u010dlov\u011bka.\"}]},{\"@type\":\"WebSite\",\"@id\":\"https:\\\/\\\/mybook.am\\\/#website\",\"url\":\"https:\\\/\\\/mybook.am\\\/\",\"name\":\"\",\"description\":\"\",\"potentialAction\":[{\"@type\":\"SearchAction\",\"target\":{\"@type\":\"EntryPoint\",\"urlTemplate\":\"https:\\\/\\\/mybook.am\\\/?s={search_term_string}\"},\"query-input\":{\"@type\":\"PropertyValueSpecification\",\"valueRequired\":true,\"valueName\":\"search_term_string\"}}],\"inLanguage\":\"ru-RU\"},{\"@type\":\"Person\",\"@id\":\"https:\\\/\\\/mybook.am\\\/#\\\/schema\\\/person\\\/e730847942cff3a199774e803916e97e\",\"name\":\"admin\",\"image\":{\"@type\":\"ImageObject\",\"inLanguage\":\"ru-RU\",\"@id\":\"https:\\\/\\\/secure.gravatar.com\\\/avatar\\\/df64e550a0653b7be0f1bcf897f33faad9c2c8153472b2d9319beafb51370f6f?s=96&d=mm&r=g\",\"url\":\"https:\\\/\\\/secure.gravatar.com\\\/avatar\\\/df64e550a0653b7be0f1bcf897f33faad9c2c8153472b2d9319beafb51370f6f?s=96&d=mm&r=g\",\"contentUrl\":\"https:\\\/\\\/secure.gravatar.com\\\/avatar\\\/df64e550a0653b7be0f1bcf897f33faad9c2c8153472b2d9319beafb51370f6f?s=96&d=mm&r=g\",\"caption\":\"admin\"},\"sameAs\":[\"http:\\\/\\\/mybook.am\"],\"url\":\"https:\\\/\\\/mybook.am\\\/?author=1\"}]}<\/script>\n<!-- \/ Yoast SEO plugin. -->","yoast_head_json":{"title":"Kdy\u017e se \u017eivot rozpadne \u2013 a najednou si vzpomenete, koho milujete. P\u0159\u00edb\u011bh, kter\u00fd se nestal na obloze, ale uvnit\u0159 \u010dlov\u011bka. -","robots":{"index":"index","follow":"follow","max-snippet":"max-snippet:-1","max-image-preview":"max-image-preview:large","max-video-preview":"max-video-preview:-1"},"canonical":"https:\/\/mybook.am\/?p=22287","og_locale":"ru_RU","og_type":"article","og_title":"Kdy\u017e se \u017eivot rozpadne \u2013 a najednou si vzpomenete, koho milujete. P\u0159\u00edb\u011bh, kter\u00fd se nestal na obloze, ale uvnit\u0159 \u010dlov\u011bka. -","og_description":"Pamatuji si ten okam\u017eik, jako bych sed\u011bl ve stejn\u00e9 \u0159ad\u011b u okna. Studen\u00e9 lednov\u00e9 sv\u011btlo pronikalo oknem, zat\u00edmco se letadlo chv\u011blo, jako srdce,","og_url":"https:\/\/mybook.am\/?p=22287","article_published_time":"2025-10-27T10:20:55+00:00","og_image":[{"width":1200,"height":849,"url":"https:\/\/mybook.am\/wp-content\/uploads\/2025\/10\/124121.jpeg","type":"image\/jpeg"}],"author":"admin","twitter_card":"summary_large_image","twitter_misc":{"\u041d\u0430\u043f\u0438\u0441\u0430\u043d\u043e \u0430\u0432\u0442\u043e\u0440\u043e\u043c":"admin","\u041f\u0440\u0438\u043c\u0435\u0440\u043d\u043e\u0435 \u0432\u0440\u0435\u043c\u044f \u0434\u043b\u044f \u0447\u0442\u0435\u043d\u0438\u044f":"4 \u043c\u0438\u043d\u0443\u0442\u044b"},"schema":{"@context":"https:\/\/schema.org","@graph":[{"@type":"Article","@id":"https:\/\/mybook.am\/?p=22287#article","isPartOf":{"@id":"https:\/\/mybook.am\/?p=22287"},"author":{"name":"admin","@id":"https:\/\/mybook.am\/#\/schema\/person\/e730847942cff3a199774e803916e97e"},"headline":"Kdy\u017e se \u017eivot rozpadne \u2013 a najednou si vzpomenete, koho milujete. P\u0159\u00edb\u011bh, kter\u00fd se nestal na obloze, ale uvnit\u0159 \u010dlov\u011bka.","datePublished":"2025-10-27T10:20:55+00:00","mainEntityOfPage":{"@id":"https:\/\/mybook.am\/?p=22287"},"wordCount":692,"commentCount":0,"image":{"@id":"https:\/\/mybook.am\/?p=22287#primaryimage"},"thumbnailUrl":"https:\/\/mybook.am\/wp-content\/uploads\/2025\/10\/124121.jpeg","articleSection":["\u010cesk\u00e1"],"inLanguage":"ru-RU","potentialAction":[{"@type":"CommentAction","name":"Comment","target":["https:\/\/mybook.am\/?p=22287#respond"]}]},{"@type":"WebPage","@id":"https:\/\/mybook.am\/?p=22287","url":"https:\/\/mybook.am\/?p=22287","name":"Kdy\u017e se \u017eivot rozpadne \u2013 a najednou si vzpomenete, koho milujete. P\u0159\u00edb\u011bh, kter\u00fd se nestal na obloze, ale uvnit\u0159 \u010dlov\u011bka. -","isPartOf":{"@id":"https:\/\/mybook.am\/#website"},"primaryImageOfPage":{"@id":"https:\/\/mybook.am\/?p=22287#primaryimage"},"image":{"@id":"https:\/\/mybook.am\/?p=22287#primaryimage"},"thumbnailUrl":"https:\/\/mybook.am\/wp-content\/uploads\/2025\/10\/124121.jpeg","datePublished":"2025-10-27T10:20:55+00:00","author":{"@id":"https:\/\/mybook.am\/#\/schema\/person\/e730847942cff3a199774e803916e97e"},"breadcrumb":{"@id":"https:\/\/mybook.am\/?p=22287#breadcrumb"},"inLanguage":"ru-RU","potentialAction":[{"@type":"ReadAction","target":["https:\/\/mybook.am\/?p=22287"]}]},{"@type":"ImageObject","inLanguage":"ru-RU","@id":"https:\/\/mybook.am\/?p=22287#primaryimage","url":"https:\/\/mybook.am\/wp-content\/uploads\/2025\/10\/124121.jpeg","contentUrl":"https:\/\/mybook.am\/wp-content\/uploads\/2025\/10\/124121.jpeg","width":1200,"height":849},{"@type":"BreadcrumbList","@id":"https:\/\/mybook.am\/?p=22287#breadcrumb","itemListElement":[{"@type":"ListItem","position":1,"name":"\u0413\u043b\u0430\u0432\u043d\u0430\u044f \u0441\u0442\u0440\u0430\u043d\u0438\u0446\u0430","item":"https:\/\/mybook.am\/"},{"@type":"ListItem","position":2,"name":"Kdy\u017e se \u017eivot rozpadne \u2013 a najednou si vzpomenete, koho milujete. P\u0159\u00edb\u011bh, kter\u00fd se nestal na obloze, ale uvnit\u0159 \u010dlov\u011bka."}]},{"@type":"WebSite","@id":"https:\/\/mybook.am\/#website","url":"https:\/\/mybook.am\/","name":"","description":"","potentialAction":[{"@type":"SearchAction","target":{"@type":"EntryPoint","urlTemplate":"https:\/\/mybook.am\/?s={search_term_string}"},"query-input":{"@type":"PropertyValueSpecification","valueRequired":true,"valueName":"search_term_string"}}],"inLanguage":"ru-RU"},{"@type":"Person","@id":"https:\/\/mybook.am\/#\/schema\/person\/e730847942cff3a199774e803916e97e","name":"admin","image":{"@type":"ImageObject","inLanguage":"ru-RU","@id":"https:\/\/secure.gravatar.com\/avatar\/df64e550a0653b7be0f1bcf897f33faad9c2c8153472b2d9319beafb51370f6f?s=96&d=mm&r=g","url":"https:\/\/secure.gravatar.com\/avatar\/df64e550a0653b7be0f1bcf897f33faad9c2c8153472b2d9319beafb51370f6f?s=96&d=mm&r=g","contentUrl":"https:\/\/secure.gravatar.com\/avatar\/df64e550a0653b7be0f1bcf897f33faad9c2c8153472b2d9319beafb51370f6f?s=96&d=mm&r=g","caption":"admin"},"sameAs":["http:\/\/mybook.am"],"url":"https:\/\/mybook.am\/?author=1"}]}},"views":125,"_links":{"self":[{"href":"https:\/\/mybook.am\/index.php?rest_route=\/wp\/v2\/posts\/22287","targetHints":{"allow":["GET"]}}],"collection":[{"href":"https:\/\/mybook.am\/index.php?rest_route=\/wp\/v2\/posts"}],"about":[{"href":"https:\/\/mybook.am\/index.php?rest_route=\/wp\/v2\/types\/post"}],"author":[{"embeddable":true,"href":"https:\/\/mybook.am\/index.php?rest_route=\/wp\/v2\/users\/1"}],"replies":[{"embeddable":true,"href":"https:\/\/mybook.am\/index.php?rest_route=%2Fwp%2Fv2%2Fcomments&post=22287"}],"version-history":[{"count":1,"href":"https:\/\/mybook.am\/index.php?rest_route=\/wp\/v2\/posts\/22287\/revisions"}],"predecessor-version":[{"id":22290,"href":"https:\/\/mybook.am\/index.php?rest_route=\/wp\/v2\/posts\/22287\/revisions\/22290"}],"wp:featuredmedia":[{"embeddable":true,"href":"https:\/\/mybook.am\/index.php?rest_route=\/wp\/v2\/media\/22289"}],"wp:attachment":[{"href":"https:\/\/mybook.am\/index.php?rest_route=%2Fwp%2Fv2%2Fmedia&parent=22287"}],"wp:term":[{"taxonomy":"category","embeddable":true,"href":"https:\/\/mybook.am\/index.php?rest_route=%2Fwp%2Fv2%2Fcategories&post=22287"},{"taxonomy":"post_tag","embeddable":true,"href":"https:\/\/mybook.am\/index.php?rest_route=%2Fwp%2Fv2%2Ftags&post=22287"}],"curies":[{"name":"wp","href":"https:\/\/api.w.org\/{rel}","templated":true}]}}