{"id":22314,"date":"2025-10-28T15:39:55","date_gmt":"2025-10-28T12:39:55","guid":{"rendered":"https:\/\/mybook.am\/?p=22314"},"modified":"2025-10-28T15:39:55","modified_gmt":"2025-10-28T12:39:55","slug":"nemyl-se-60-let-a-zemrel-poprve-co-se-rozhodl-byt-cisty","status":"publish","type":"post","link":"https:\/\/mybook.am\/?p=22314","title":{"rendered":"Nemyl se 60 let \u2013 a zem\u0159el poprv\u00e9, co se rozhodl b\u00fdt \u010dist\u00fd."},"content":{"rendered":"\n<p>St\u00e1l bos\u00fd v sluncem rozp\u00e1len\u00e9 zemi, s \u0161edou k\u016f\u017e\u00ed, jako by do n\u011bj nas\u00e1kla samotn\u00e1 pou\u0161\u0165. Nem\u011bl na sob\u011b nic ne\u017e \u00fatr\u017eky l\u00e1tky a des\u00edtky let starou krustu hl\u00edny, ztvrdlou jako druh\u00e1 k\u016f\u017ee. P\u00e1chl kou\u0159em, zem\u00ed a n\u011b\u010d\u00edm zv\u00ed\u0159ec\u00edm \u2013 sm\u011bsic\u00ed smrti a \u017eivota. Tak vypadal mu\u017e, kter\u00fd \u0161edes\u00e1t let nepoznal vodu.<\/p>\n\n\n\n<p>Amu Had\u017ei \u017eil v \u00edr\u00e1nsk\u00e9 vesnici De\u017ega, ale sp\u00ed\u0161e odd\u011blen\u011b od n\u00ed \u2013 v d\u00ed\u0159e vykopan\u00e9 v p\u00edsku. Jeho d\u016fm p\u0159ipom\u00ednal doup\u011b divok\u00e9ho zv\u00ed\u0159ete: p\u00e1r rezav\u00fdch kanystr\u016f, oho\u0159el\u00e9 klacky, plechovka s kalnou vodou. \u0158\u00edk\u00e1 se, \u017ee v noci dok\u00e1zal hodiny z\u00edrat na oblohu a hovo\u0159it s ohn\u011bm, jako by mu rozum\u011bl l\u00e9pe ne\u017e lid\u00e9.<\/p>\n\n\n\n<p>Kdysi byl mlad\u00edk \u2013 \u010dist\u00fd, tvrdohlav\u00fd, zamilovan\u00fd. Ale jednoho dne l\u00e1ska nebyla op\u011btov\u00e1na a toto odm\u00edtnut\u00ed ho sp\u00e1lilo zevnit\u0159. Ode\u0161el. Prost\u011b zmizel. V pou\u0161ti na\u0161el ticho, v bahn\u011b klid. A pak \u2013 p\u0159esv\u011bd\u010den\u00ed: voda zab\u00edj\u00ed. N\u011bco v jeho mysli se zm\u011bnilo. P\u0159esv\u011bd\u010dil se, \u017ee \u010distota nen\u00ed po\u017eehn\u00e1n\u00ed, ale nebezpe\u010d\u00ed.<\/p>\n\n\n\n<figure class=\"wp-block-image size-large\"><img loading=\"lazy\" decoding=\"async\" width=\"853\" height=\"1024\" src=\"https:\/\/mybook.am\/wp-content\/uploads\/2025\/10\/12450248-853x1024.jpeg\" alt=\"\" class=\"wp-image-22315\" srcset=\"https:\/\/mybook.am\/wp-content\/uploads\/2025\/10\/12450248-853x1024.jpeg 853w, https:\/\/mybook.am\/wp-content\/uploads\/2025\/10\/12450248-250x300.jpeg 250w, https:\/\/mybook.am\/wp-content\/uploads\/2025\/10\/12450248-768x922.jpeg 768w, https:\/\/mybook.am\/wp-content\/uploads\/2025\/10\/12450248.jpeg 1000w\" sizes=\"auto, (max-width: 853px) 100vw, 853px\" \/><\/figure>\n\n\n\n<p>Vyh\u00fdbal se de\u0161ti a schov\u00e1val se pod plechovkami, kdy\u017e za\u010dala bou\u0159e. Nosili mu j\u00eddlo, ale jedl jen to, co s\u00e1m na\u0161el: mr\u0161inu, shnil\u00e9 maso dikobraza, odpadky. Jeho \u017ealudek se stal laborato\u0159\u00ed pro p\u0159e\u017eit\u00ed, jeho t\u011blo archivem mikrob\u016f, kter\u00e9 jako by slou\u017eily jako brn\u011bn\u00ed. L\u00e9ka\u0159i, kte\u0159\u00ed ho vy\u0161et\u0159ovali, byli ohromeni: \u017e\u00e1dn\u00e9 v\u00e1\u017en\u00e9 nemoci. Jeho krevn\u00ed tlak byl norm\u00e1ln\u00ed. Jeho srdce fungovalo. Jak?<\/p>\n\n\n\n<p>Jednoho dne se m\u00edstn\u00ed rozhodli pomoci. \u201eMus\u00ed\u0161 se um\u00fdt, d\u011bdo. Tohle nen\u00ed \u017eivot,\u201c \u0159ekli. Zasm\u00e1l se. Pak ho unavilo h\u00e1dat se. A souhlasil. Toho dne mu po t\u011ble tekla voda, jako by sm\u00fdvala ne \u0161p\u00ednu, ale samotn\u00fd p\u0159\u00edb\u011bh, kter\u00fd si nesl. Lid\u00e9 se radovali, fotili se a n\u011bkdo \u0159ekl: \u201eTe\u010f je zase \u010dlov\u011bk.\u201c<\/p>\n\n\n\n<p>A o n\u011bkolik t\u00fddn\u016f pozd\u011bji zem\u0159el.<\/p>\n\n\n\n<p>N\u00e1hoda? Mo\u017en\u00e1. Ale jak si \u010dlov\u011bk nem\u016f\u017ee vzpomenout na jeho slova: \u201eKdy\u017e se umyji, zem\u0159u.\u201c<\/p>\n\n\n\n<p>Mo\u017en\u00e1 to nen\u00ed mystika, ale biologie: po cel\u00e1 desetilet\u00ed s n\u00edm mikroby \u017eily v symbioze a tvo\u0159ily p\u0159irozen\u00fd \u0161t\u00edt. Nebo mo\u017en\u00e1 prost\u011b ztratil v\u00edru \u2013 tu zvl\u00e1\u0161tn\u00ed vnit\u0159n\u00ed energii, kter\u00e1 ho udr\u017eovala p\u0159i \u017eivot\u011b. Koneckonc\u016f, t\u011blo bez smyslu se rychle vzd\u00e1.<\/p>\n\n\n\n<p>Kdy\u017e jsem o n\u011bm \u010detla poprv\u00e9, c\u00edtila jsem se nesv\u00e1. Co je d\u011bsiv\u011bj\u0161\u00ed \u2013 \u0161p\u00edna na k\u016f\u017ei, nebo \u0161p\u00edna v du\u0161i, p\u0159ed kterou se v\u0161ichni schov\u00e1v\u00e1me pod v\u016fn\u00ed sprchov\u00e9ho gelu a \u010dist\u00fdch ko\u0161il? Myjeme si ruce po pobytu venku, ale ne po lhan\u00ed. \u010cist\u00edme si t\u011blo, ale ne my\u0161lenky. On byl prav\u00fd opak. Opou\u0161t\u00ed vn\u011bj\u0161\u00ed \u010distotu, aby neztratil svou vnit\u0159n\u00ed integritu.<\/p>\n\n\n\n<p>N\u011bkdy jsou extr\u00e9my prost\u011b jinou formou v\u00edry.<\/p>\n\n\n\n<p>V noci v pou\u0161ti, kde u\u017e nen\u00ed jeho ohe\u0148, v\u00edtr \u0161ust\u00ed p\u00edskem, jako by hledal stopy mu\u017ee, kter\u00fd se b\u00e1l vody, ale neb\u00e1l se samoty. A mo\u017en\u00e1 byl \u010dist\u0161\u00ed ne\u017e my \u2013 jen jin\u00fdm zp\u016fsobem.<\/p>\n\n\n\n<p>A n\u011bkde pod vrstvami hl\u00edny st\u00e1le \u017eije ten mlad\u00fd mu\u017e, kter\u00fd byl kdysi nemilov\u00e1n.<\/p>\n","protected":false},"excerpt":{"rendered":"St\u00e1l bos\u00fd v sluncem rozp\u00e1len\u00e9 zemi, s \u0161edou k\u016f\u017e\u00ed, jako by do n\u011bj nas\u00e1kla samotn\u00e1 pou\u0161\u0165. Nem\u011bl na sob\u011b nic ne\u017e \u00fatr\u017eky l\u00e1tky \n<a class=\"moretag\" href=\"https:\/\/mybook.am\/?p=22314\"> [...]<\/a>","protected":false},"author":1,"featured_media":22315,"comment_status":"open","ping_status":"open","sticky":false,"template":"","format":"standard","meta":{"footnotes":""},"categories":[1],"tags":[],"class_list":["post-22314","post","type-post","status-publish","format-standard","has-post-thumbnail","hentry","category-ceska"],"yoast_head":"<!-- This site is optimized with the Yoast SEO plugin v27.5 - https:\/\/yoast.com\/product\/yoast-seo-wordpress\/ -->\n<title>Nemyl se 60 let \u2013 a zem\u0159el poprv\u00e9, co se rozhodl b\u00fdt \u010dist\u00fd. -<\/title>\n<meta name=\"robots\" content=\"index, follow, max-snippet:-1, max-image-preview:large, max-video-preview:-1\" \/>\n<link rel=\"canonical\" href=\"https:\/\/mybook.am\/?p=22314\" \/>\n<meta property=\"og:locale\" content=\"ru_RU\" \/>\n<meta property=\"og:type\" content=\"article\" \/>\n<meta property=\"og:title\" content=\"Nemyl se 60 let \u2013 a zem\u0159el poprv\u00e9, co se rozhodl b\u00fdt \u010dist\u00fd. -\" \/>\n<meta property=\"og:description\" content=\"St\u00e1l bos\u00fd v sluncem rozp\u00e1len\u00e9 zemi, s \u0161edou k\u016f\u017e\u00ed, jako by do n\u011bj nas\u00e1kla samotn\u00e1 pou\u0161\u0165. Nem\u011bl na sob\u011b nic ne\u017e \u00fatr\u017eky l\u00e1tky\" \/>\n<meta property=\"og:url\" content=\"https:\/\/mybook.am\/?p=22314\" \/>\n<meta property=\"article:published_time\" content=\"2025-10-28T12:39:55+00:00\" \/>\n<meta property=\"og:image\" content=\"https:\/\/mybook.am\/wp-content\/uploads\/2025\/10\/12450248.jpeg\" \/>\n\t<meta property=\"og:image:width\" content=\"1000\" \/>\n\t<meta property=\"og:image:height\" content=\"1200\" \/>\n\t<meta property=\"og:image:type\" content=\"image\/jpeg\" \/>\n<meta name=\"author\" content=\"admin\" \/>\n<meta name=\"twitter:card\" content=\"summary_large_image\" \/>\n<meta name=\"twitter:label1\" content=\"\u041d\u0430\u043f\u0438\u0441\u0430\u043d\u043e \u0430\u0432\u0442\u043e\u0440\u043e\u043c\" \/>\n\t<meta name=\"twitter:data1\" content=\"admin\" \/>\n\t<meta name=\"twitter:label2\" content=\"\u041f\u0440\u0438\u043c\u0435\u0440\u043d\u043e\u0435 \u0432\u0440\u0435\u043c\u044f \u0434\u043b\u044f \u0447\u0442\u0435\u043d\u0438\u044f\" \/>\n\t<meta name=\"twitter:data2\" content=\"3 \u043c\u0438\u043d\u0443\u0442\u044b\" \/>\n<script type=\"application\/ld+json\" class=\"yoast-schema-graph\">{\"@context\":\"https:\\\/\\\/schema.org\",\"@graph\":[{\"@type\":\"Article\",\"@id\":\"https:\\\/\\\/mybook.am\\\/?p=22314#article\",\"isPartOf\":{\"@id\":\"https:\\\/\\\/mybook.am\\\/?p=22314\"},\"author\":{\"name\":\"admin\",\"@id\":\"https:\\\/\\\/mybook.am\\\/#\\\/schema\\\/person\\\/e730847942cff3a199774e803916e97e\"},\"headline\":\"Nemyl se 60 let \u2013 a zem\u0159el poprv\u00e9, co se rozhodl b\u00fdt \u010dist\u00fd.\",\"datePublished\":\"2025-10-28T12:39:55+00:00\",\"mainEntityOfPage\":{\"@id\":\"https:\\\/\\\/mybook.am\\\/?p=22314\"},\"wordCount\":603,\"commentCount\":0,\"image\":{\"@id\":\"https:\\\/\\\/mybook.am\\\/?p=22314#primaryimage\"},\"thumbnailUrl\":\"https:\\\/\\\/mybook.am\\\/wp-content\\\/uploads\\\/2025\\\/10\\\/12450248.jpeg\",\"articleSection\":[\"\u010cesk\u00e1\"],\"inLanguage\":\"ru-RU\",\"potentialAction\":[{\"@type\":\"CommentAction\",\"name\":\"Comment\",\"target\":[\"https:\\\/\\\/mybook.am\\\/?p=22314#respond\"]}]},{\"@type\":\"WebPage\",\"@id\":\"https:\\\/\\\/mybook.am\\\/?p=22314\",\"url\":\"https:\\\/\\\/mybook.am\\\/?p=22314\",\"name\":\"Nemyl se 60 let \u2013 a zem\u0159el poprv\u00e9, co se rozhodl b\u00fdt \u010dist\u00fd. -\",\"isPartOf\":{\"@id\":\"https:\\\/\\\/mybook.am\\\/#website\"},\"primaryImageOfPage\":{\"@id\":\"https:\\\/\\\/mybook.am\\\/?p=22314#primaryimage\"},\"image\":{\"@id\":\"https:\\\/\\\/mybook.am\\\/?p=22314#primaryimage\"},\"thumbnailUrl\":\"https:\\\/\\\/mybook.am\\\/wp-content\\\/uploads\\\/2025\\\/10\\\/12450248.jpeg\",\"datePublished\":\"2025-10-28T12:39:55+00:00\",\"author\":{\"@id\":\"https:\\\/\\\/mybook.am\\\/#\\\/schema\\\/person\\\/e730847942cff3a199774e803916e97e\"},\"breadcrumb\":{\"@id\":\"https:\\\/\\\/mybook.am\\\/?p=22314#breadcrumb\"},\"inLanguage\":\"ru-RU\",\"potentialAction\":[{\"@type\":\"ReadAction\",\"target\":[\"https:\\\/\\\/mybook.am\\\/?p=22314\"]}]},{\"@type\":\"ImageObject\",\"inLanguage\":\"ru-RU\",\"@id\":\"https:\\\/\\\/mybook.am\\\/?p=22314#primaryimage\",\"url\":\"https:\\\/\\\/mybook.am\\\/wp-content\\\/uploads\\\/2025\\\/10\\\/12450248.jpeg\",\"contentUrl\":\"https:\\\/\\\/mybook.am\\\/wp-content\\\/uploads\\\/2025\\\/10\\\/12450248.jpeg\",\"width\":1000,\"height\":1200},{\"@type\":\"BreadcrumbList\",\"@id\":\"https:\\\/\\\/mybook.am\\\/?p=22314#breadcrumb\",\"itemListElement\":[{\"@type\":\"ListItem\",\"position\":1,\"name\":\"\u0413\u043b\u0430\u0432\u043d\u0430\u044f \u0441\u0442\u0440\u0430\u043d\u0438\u0446\u0430\",\"item\":\"https:\\\/\\\/mybook.am\\\/\"},{\"@type\":\"ListItem\",\"position\":2,\"name\":\"Nemyl se 60 let \u2013 a zem\u0159el poprv\u00e9, co se rozhodl b\u00fdt \u010dist\u00fd.\"}]},{\"@type\":\"WebSite\",\"@id\":\"https:\\\/\\\/mybook.am\\\/#website\",\"url\":\"https:\\\/\\\/mybook.am\\\/\",\"name\":\"\",\"description\":\"\",\"potentialAction\":[{\"@type\":\"SearchAction\",\"target\":{\"@type\":\"EntryPoint\",\"urlTemplate\":\"https:\\\/\\\/mybook.am\\\/?s={search_term_string}\"},\"query-input\":{\"@type\":\"PropertyValueSpecification\",\"valueRequired\":true,\"valueName\":\"search_term_string\"}}],\"inLanguage\":\"ru-RU\"},{\"@type\":\"Person\",\"@id\":\"https:\\\/\\\/mybook.am\\\/#\\\/schema\\\/person\\\/e730847942cff3a199774e803916e97e\",\"name\":\"admin\",\"image\":{\"@type\":\"ImageObject\",\"inLanguage\":\"ru-RU\",\"@id\":\"https:\\\/\\\/secure.gravatar.com\\\/avatar\\\/df64e550a0653b7be0f1bcf897f33faad9c2c8153472b2d9319beafb51370f6f?s=96&d=mm&r=g\",\"url\":\"https:\\\/\\\/secure.gravatar.com\\\/avatar\\\/df64e550a0653b7be0f1bcf897f33faad9c2c8153472b2d9319beafb51370f6f?s=96&d=mm&r=g\",\"contentUrl\":\"https:\\\/\\\/secure.gravatar.com\\\/avatar\\\/df64e550a0653b7be0f1bcf897f33faad9c2c8153472b2d9319beafb51370f6f?s=96&d=mm&r=g\",\"caption\":\"admin\"},\"sameAs\":[\"http:\\\/\\\/mybook.am\"],\"url\":\"https:\\\/\\\/mybook.am\\\/?author=1\"}]}<\/script>\n<!-- \/ Yoast SEO plugin. -->","yoast_head_json":{"title":"Nemyl se 60 let \u2013 a zem\u0159el poprv\u00e9, co se rozhodl b\u00fdt \u010dist\u00fd. -","robots":{"index":"index","follow":"follow","max-snippet":"max-snippet:-1","max-image-preview":"max-image-preview:large","max-video-preview":"max-video-preview:-1"},"canonical":"https:\/\/mybook.am\/?p=22314","og_locale":"ru_RU","og_type":"article","og_title":"Nemyl se 60 let \u2013 a zem\u0159el poprv\u00e9, co se rozhodl b\u00fdt \u010dist\u00fd. -","og_description":"St\u00e1l bos\u00fd v sluncem rozp\u00e1len\u00e9 zemi, s \u0161edou k\u016f\u017e\u00ed, jako by do n\u011bj nas\u00e1kla samotn\u00e1 pou\u0161\u0165. Nem\u011bl na sob\u011b nic ne\u017e \u00fatr\u017eky l\u00e1tky","og_url":"https:\/\/mybook.am\/?p=22314","article_published_time":"2025-10-28T12:39:55+00:00","og_image":[{"width":1000,"height":1200,"url":"https:\/\/mybook.am\/wp-content\/uploads\/2025\/10\/12450248.jpeg","type":"image\/jpeg"}],"author":"admin","twitter_card":"summary_large_image","twitter_misc":{"\u041d\u0430\u043f\u0438\u0441\u0430\u043d\u043e \u0430\u0432\u0442\u043e\u0440\u043e\u043c":"admin","\u041f\u0440\u0438\u043c\u0435\u0440\u043d\u043e\u0435 \u0432\u0440\u0435\u043c\u044f \u0434\u043b\u044f \u0447\u0442\u0435\u043d\u0438\u044f":"3 \u043c\u0438\u043d\u0443\u0442\u044b"},"schema":{"@context":"https:\/\/schema.org","@graph":[{"@type":"Article","@id":"https:\/\/mybook.am\/?p=22314#article","isPartOf":{"@id":"https:\/\/mybook.am\/?p=22314"},"author":{"name":"admin","@id":"https:\/\/mybook.am\/#\/schema\/person\/e730847942cff3a199774e803916e97e"},"headline":"Nemyl se 60 let \u2013 a zem\u0159el poprv\u00e9, co se rozhodl b\u00fdt \u010dist\u00fd.","datePublished":"2025-10-28T12:39:55+00:00","mainEntityOfPage":{"@id":"https:\/\/mybook.am\/?p=22314"},"wordCount":603,"commentCount":0,"image":{"@id":"https:\/\/mybook.am\/?p=22314#primaryimage"},"thumbnailUrl":"https:\/\/mybook.am\/wp-content\/uploads\/2025\/10\/12450248.jpeg","articleSection":["\u010cesk\u00e1"],"inLanguage":"ru-RU","potentialAction":[{"@type":"CommentAction","name":"Comment","target":["https:\/\/mybook.am\/?p=22314#respond"]}]},{"@type":"WebPage","@id":"https:\/\/mybook.am\/?p=22314","url":"https:\/\/mybook.am\/?p=22314","name":"Nemyl se 60 let \u2013 a zem\u0159el poprv\u00e9, co se rozhodl b\u00fdt \u010dist\u00fd. -","isPartOf":{"@id":"https:\/\/mybook.am\/#website"},"primaryImageOfPage":{"@id":"https:\/\/mybook.am\/?p=22314#primaryimage"},"image":{"@id":"https:\/\/mybook.am\/?p=22314#primaryimage"},"thumbnailUrl":"https:\/\/mybook.am\/wp-content\/uploads\/2025\/10\/12450248.jpeg","datePublished":"2025-10-28T12:39:55+00:00","author":{"@id":"https:\/\/mybook.am\/#\/schema\/person\/e730847942cff3a199774e803916e97e"},"breadcrumb":{"@id":"https:\/\/mybook.am\/?p=22314#breadcrumb"},"inLanguage":"ru-RU","potentialAction":[{"@type":"ReadAction","target":["https:\/\/mybook.am\/?p=22314"]}]},{"@type":"ImageObject","inLanguage":"ru-RU","@id":"https:\/\/mybook.am\/?p=22314#primaryimage","url":"https:\/\/mybook.am\/wp-content\/uploads\/2025\/10\/12450248.jpeg","contentUrl":"https:\/\/mybook.am\/wp-content\/uploads\/2025\/10\/12450248.jpeg","width":1000,"height":1200},{"@type":"BreadcrumbList","@id":"https:\/\/mybook.am\/?p=22314#breadcrumb","itemListElement":[{"@type":"ListItem","position":1,"name":"\u0413\u043b\u0430\u0432\u043d\u0430\u044f \u0441\u0442\u0440\u0430\u043d\u0438\u0446\u0430","item":"https:\/\/mybook.am\/"},{"@type":"ListItem","position":2,"name":"Nemyl se 60 let \u2013 a zem\u0159el poprv\u00e9, co se rozhodl b\u00fdt \u010dist\u00fd."}]},{"@type":"WebSite","@id":"https:\/\/mybook.am\/#website","url":"https:\/\/mybook.am\/","name":"","description":"","potentialAction":[{"@type":"SearchAction","target":{"@type":"EntryPoint","urlTemplate":"https:\/\/mybook.am\/?s={search_term_string}"},"query-input":{"@type":"PropertyValueSpecification","valueRequired":true,"valueName":"search_term_string"}}],"inLanguage":"ru-RU"},{"@type":"Person","@id":"https:\/\/mybook.am\/#\/schema\/person\/e730847942cff3a199774e803916e97e","name":"admin","image":{"@type":"ImageObject","inLanguage":"ru-RU","@id":"https:\/\/secure.gravatar.com\/avatar\/df64e550a0653b7be0f1bcf897f33faad9c2c8153472b2d9319beafb51370f6f?s=96&d=mm&r=g","url":"https:\/\/secure.gravatar.com\/avatar\/df64e550a0653b7be0f1bcf897f33faad9c2c8153472b2d9319beafb51370f6f?s=96&d=mm&r=g","contentUrl":"https:\/\/secure.gravatar.com\/avatar\/df64e550a0653b7be0f1bcf897f33faad9c2c8153472b2d9319beafb51370f6f?s=96&d=mm&r=g","caption":"admin"},"sameAs":["http:\/\/mybook.am"],"url":"https:\/\/mybook.am\/?author=1"}]}},"views":141,"_links":{"self":[{"href":"https:\/\/mybook.am\/index.php?rest_route=\/wp\/v2\/posts\/22314","targetHints":{"allow":["GET"]}}],"collection":[{"href":"https:\/\/mybook.am\/index.php?rest_route=\/wp\/v2\/posts"}],"about":[{"href":"https:\/\/mybook.am\/index.php?rest_route=\/wp\/v2\/types\/post"}],"author":[{"embeddable":true,"href":"https:\/\/mybook.am\/index.php?rest_route=\/wp\/v2\/users\/1"}],"replies":[{"embeddable":true,"href":"https:\/\/mybook.am\/index.php?rest_route=%2Fwp%2Fv2%2Fcomments&post=22314"}],"version-history":[{"count":1,"href":"https:\/\/mybook.am\/index.php?rest_route=\/wp\/v2\/posts\/22314\/revisions"}],"predecessor-version":[{"id":22316,"href":"https:\/\/mybook.am\/index.php?rest_route=\/wp\/v2\/posts\/22314\/revisions\/22316"}],"wp:featuredmedia":[{"embeddable":true,"href":"https:\/\/mybook.am\/index.php?rest_route=\/wp\/v2\/media\/22315"}],"wp:attachment":[{"href":"https:\/\/mybook.am\/index.php?rest_route=%2Fwp%2Fv2%2Fmedia&parent=22314"}],"wp:term":[{"taxonomy":"category","embeddable":true,"href":"https:\/\/mybook.am\/index.php?rest_route=%2Fwp%2Fv2%2Fcategories&post=22314"},{"taxonomy":"post_tag","embeddable":true,"href":"https:\/\/mybook.am\/index.php?rest_route=%2Fwp%2Fv2%2Ftags&post=22314"}],"curies":[{"name":"wp","href":"https:\/\/api.w.org\/{rel}","templated":true}]}}