{"id":22342,"date":"2025-10-29T13:18:30","date_gmt":"2025-10-29T10:18:30","guid":{"rendered":"https:\/\/mybook.am\/?p=22342"},"modified":"2025-10-29T13:18:31","modified_gmt":"2025-10-29T10:18:31","slug":"na-marsu-byla-nalezena-kamen-ktery-tam-zrejme-byl-umyslne-umisten-ale-kdo","status":"publish","type":"post","link":"https:\/\/mybook.am\/?p=22342","title":{"rendered":"Na Marsu byla nalezena k\u00e1men, kter\u00fd tam z\u0159ejm\u011b byl \u00famysln\u011b um\u00edst\u011bn. Ale kdo?"},"content":{"rendered":"\n<p>Stoj\u00ed tam, jako by \u010dekal. Osam\u011bl\u00e1 deska v rud\u00e9 pou\u0161ti, vytesan\u00e1 v\u011btrem do rovn\u00fdch lini\u00ed, vyv\u00e1\u017een\u00e1 na t\u0159ech mal\u00fdch kamenech. Obr\u00e1zek z roveru se do 24 hodin roz\u0161\u00ed\u0159il online. Lid\u00e9 se jen ned\u00edvali \u2013 h\u00e1dali se. N\u011bkte\u0159\u00ed psali: \u201eJe to eroze, nic neobvykl\u00e9ho.\u201c Jin\u00ed \u0159\u00edkali: \u201ePod\u00edvejte! Je to dokonale hladk\u00fd okraj, jako by byl vy\u0159ez\u00e1n laserem.\u201c<\/p>\n\n\n\n<p>D\u00edval jsem se na fotku a nemohl jsem pochopit, pro\u010d je tak znepokojiv\u00e1. Byla to jen k\u00e1men. Na\u010dervenal\u00fd, \u010dtvercov\u00fd, opu\u0161t\u011bn\u00fd uprost\u0159ed ni\u010deho. Ale vyza\u0159oval\u2026 p\u0159\u00edtomnost. Jako by tam n\u011bkdo byl. Jako by ho kdysi d\u00e1vno zvedla ruka a polo\u017eila tam.<\/p>\n\n\n\n<figure class=\"wp-block-image size-full\"><img loading=\"lazy\" decoding=\"async\" width=\"1024\" height=\"1024\" src=\"https:\/\/mybook.am\/wp-content\/uploads\/2025\/10\/4584654.jpeg\" alt=\"\" class=\"wp-image-22343\" srcset=\"https:\/\/mybook.am\/wp-content\/uploads\/2025\/10\/4584654.jpeg 1024w, https:\/\/mybook.am\/wp-content\/uploads\/2025\/10\/4584654-300x300.jpeg 300w, https:\/\/mybook.am\/wp-content\/uploads\/2025\/10\/4584654-150x150.jpeg 150w, https:\/\/mybook.am\/wp-content\/uploads\/2025\/10\/4584654-768x768.jpeg 768w\" sizes=\"auto, (max-width: 1024px) 100vw, 1024px\" \/><\/figure>\n\n\n\n<p>Zat\u00edmco n\u011bkte\u0159\u00ed vym\u00fd\u0161leli hypot\u00e9zy, v\u011bdci mluvili klidn\u011b.<br>\u201eEroze,\u201c vysv\u011btlil geolog NASA, \u201ev\u011btry na Marsu jsou siln\u011bj\u0161\u00ed, ne\u017e si mysl\u00edme.\u201c Zm\u011bny teploty l\u00e1mou sk\u00e1lu, p\u00edsek ji le\u0161t\u00ed do dokonal\u00fdch hran.<br>\u201eA co dokonal\u00e1 rovnov\u00e1ha?\u201c zeptali se novin\u00e1\u0159i.<br>Pokr\u010dil rameny: \u201eN\u00e1hoda, ale kr\u00e1sn\u00e1.\u201c<\/p>\n\n\n\n<p>A p\u0159esto\u2026 m\u016f\u017ee b\u00fdt n\u00e1hoda n\u011bkdy tak esteticky p\u0159\u00edjemn\u00e1?<\/p>\n\n\n\n<p>Vzpomn\u011bl jsem si, jak jsem jako d\u00edt\u011b skl\u00e1dal ploch\u00e9 kameny na sebe na b\u0159ehu \u0159eky, dokud se v\u011b\u017e nez\u0159\u00edtila. Rovnov\u00e1ha nen\u00ed jen fyzika. Je to okam\u017eik, kdy se v\u0161e srovn\u00e1: v\u00e1ha, \u00fahel, dech. Mo\u017en\u00e1 Mars prost\u011b zachytil okam\u017eik rovnov\u00e1hy, kter\u00fd se n\u00e1m zd\u00e1l smyslupln\u00fd?<\/p>\n\n\n\n<p>Ale to je ten paradox. Nem\u016f\u017eeme si pomoct a hled\u00e1me smysl. I v zrnku p\u00edsku. I v puklin\u011b na ciz\u00ed planet\u011b. Proto\u017ee kdy\u017e se d\u00edv\u00e1me na tento k\u00e1men, nevid\u00edme geologii \u2013 vid\u00edme sami sebe. Na\u0161i touhu v\u011b\u0159it, \u017ee ne v\u0161echno v tomto chladn\u00e9m sv\u011bt\u011b je n\u00e1hodn\u00e9.<\/p>\n\n\n\n<p>O t\u00fdden pozd\u011bji byl sn\u00edmek podrobn\u011b analyzov\u00e1n: spektr\u00e1ln\u00ed data potvrzena \u2013 hornina je \u010dedi\u010dov\u00e1, bez zn\u00e1mek opracov\u00e1n\u00ed. V\u011bdeck\u00fd argument je zd\u016fvodn\u011bn. Ale uvnit\u0159 \u2013 nic. Tam, kde se rod\u00ed m\u00fdty, nefunguj\u00ed \u017e\u00e1dn\u00e9 spektrometry.<\/p>\n\n\n\n<p>\u201eTak\u017ee to tam nikdo nedal?\u201c zeptal se m\u016fj p\u0159\u00edtel.<br>\u201eNikdo,\u201c odpov\u011bd\u011bl jsem.<br>Zasm\u00e1l se. \u201eNebo n\u011bkdo, koho je\u0161t\u011b nezn\u00e1me.\u201c<\/p>\n\n\n\n<p>A najednou jsem si uv\u011bdomil: tento p\u0159\u00edb\u011bh nen\u00ed o Marsu. Je o n\u00e1s. O tom, jak t\u011b\u017ek\u00e9 je p\u0159ijmout, \u017ee kr\u00e1sa m\u016f\u017ee b\u00fdt n\u00e1hodn\u00e1, \u017ee \u0159\u00e1d m\u016f\u017ee vzniknout z chaosu bez n\u011b\u010d\u00ed v\u016fle.<\/p>\n\n\n\n<p>Fotka u\u017e d\u00e1vno zmizela ze zpravodajsk\u00fdch kan\u00e1l\u016f. Ale n\u011bkdy, kdy\u017e vid\u00edm perfektn\u011b um\u00edst\u011bnou sklenici na okraji stolu nebo pt\u00e1ka vzn\u00e1\u0161ej\u00edc\u00edho se ve vzduchu, si na tu desku vzpomenu.<\/p>\n\n\n\n<p>Stoj\u00ed tam, kam ji nikdo nikdy neum\u00edstil.<br>A p\u0159esto stoj\u00ed.<\/p>\n","protected":false},"excerpt":{"rendered":"Stoj\u00ed tam, jako by \u010dekal. Osam\u011bl\u00e1 deska v rud\u00e9 pou\u0161ti, vytesan\u00e1 v\u011btrem do rovn\u00fdch lini\u00ed, vyv\u00e1\u017een\u00e1 na t\u0159ech mal\u00fdch kamenech. Obr\u00e1zek z roveru \n<a class=\"moretag\" href=\"https:\/\/mybook.am\/?p=22342\"> [...]<\/a>","protected":false},"author":1,"featured_media":22343,"comment_status":"open","ping_status":"open","sticky":false,"template":"","format":"standard","meta":{"footnotes":""},"categories":[1],"tags":[],"class_list":["post-22342","post","type-post","status-publish","format-standard","has-post-thumbnail","hentry","category-ceska"],"yoast_head":"<!-- This site is optimized with the Yoast SEO plugin v27.4 - https:\/\/yoast.com\/product\/yoast-seo-wordpress\/ -->\n<title>Na Marsu byla nalezena k\u00e1men, kter\u00fd tam z\u0159ejm\u011b byl \u00famysln\u011b um\u00edst\u011bn. Ale kdo? -<\/title>\n<meta name=\"robots\" content=\"index, follow, max-snippet:-1, max-image-preview:large, max-video-preview:-1\" \/>\n<link rel=\"canonical\" href=\"https:\/\/mybook.am\/?p=22342\" \/>\n<meta property=\"og:locale\" content=\"ru_RU\" \/>\n<meta property=\"og:type\" content=\"article\" \/>\n<meta property=\"og:title\" content=\"Na Marsu byla nalezena k\u00e1men, kter\u00fd tam z\u0159ejm\u011b byl \u00famysln\u011b um\u00edst\u011bn. Ale kdo? -\" \/>\n<meta property=\"og:description\" content=\"Stoj\u00ed tam, jako by \u010dekal. Osam\u011bl\u00e1 deska v rud\u00e9 pou\u0161ti, vytesan\u00e1 v\u011btrem do rovn\u00fdch lini\u00ed, vyv\u00e1\u017een\u00e1 na t\u0159ech mal\u00fdch kamenech. Obr\u00e1zek z roveru\" \/>\n<meta property=\"og:url\" content=\"https:\/\/mybook.am\/?p=22342\" \/>\n<meta property=\"article:published_time\" content=\"2025-10-29T10:18:30+00:00\" \/>\n<meta property=\"article:modified_time\" content=\"2025-10-29T10:18:31+00:00\" \/>\n<meta property=\"og:image\" content=\"https:\/\/mybook.am\/wp-content\/uploads\/2025\/10\/4584654.jpeg\" \/>\n\t<meta property=\"og:image:width\" content=\"1024\" \/>\n\t<meta property=\"og:image:height\" content=\"1024\" \/>\n\t<meta property=\"og:image:type\" content=\"image\/jpeg\" \/>\n<meta name=\"author\" content=\"admin\" \/>\n<meta name=\"twitter:card\" content=\"summary_large_image\" \/>\n<meta name=\"twitter:label1\" content=\"\u041d\u0430\u043f\u0438\u0441\u0430\u043d\u043e \u0430\u0432\u0442\u043e\u0440\u043e\u043c\" \/>\n\t<meta name=\"twitter:data1\" content=\"admin\" \/>\n\t<meta name=\"twitter:label2\" content=\"\u041f\u0440\u0438\u043c\u0435\u0440\u043d\u043e\u0435 \u0432\u0440\u0435\u043c\u044f \u0434\u043b\u044f \u0447\u0442\u0435\u043d\u0438\u044f\" \/>\n\t<meta name=\"twitter:data2\" content=\"3 \u043c\u0438\u043d\u0443\u0442\u044b\" \/>\n<script type=\"application\/ld+json\" class=\"yoast-schema-graph\">{\"@context\":\"https:\\\/\\\/schema.org\",\"@graph\":[{\"@type\":\"Article\",\"@id\":\"https:\\\/\\\/mybook.am\\\/?p=22342#article\",\"isPartOf\":{\"@id\":\"https:\\\/\\\/mybook.am\\\/?p=22342\"},\"author\":{\"name\":\"admin\",\"@id\":\"https:\\\/\\\/mybook.am\\\/#\\\/schema\\\/person\\\/e730847942cff3a199774e803916e97e\"},\"headline\":\"Na Marsu byla nalezena k\u00e1men, kter\u00fd tam z\u0159ejm\u011b byl \u00famysln\u011b um\u00edst\u011bn. Ale kdo?\",\"datePublished\":\"2025-10-29T10:18:30+00:00\",\"dateModified\":\"2025-10-29T10:18:31+00:00\",\"mainEntityOfPage\":{\"@id\":\"https:\\\/\\\/mybook.am\\\/?p=22342\"},\"wordCount\":500,\"commentCount\":0,\"image\":{\"@id\":\"https:\\\/\\\/mybook.am\\\/?p=22342#primaryimage\"},\"thumbnailUrl\":\"https:\\\/\\\/mybook.am\\\/wp-content\\\/uploads\\\/2025\\\/10\\\/4584654.jpeg\",\"articleSection\":[\"\u010cesk\u00e1\"],\"inLanguage\":\"ru-RU\",\"potentialAction\":[{\"@type\":\"CommentAction\",\"name\":\"Comment\",\"target\":[\"https:\\\/\\\/mybook.am\\\/?p=22342#respond\"]}]},{\"@type\":\"WebPage\",\"@id\":\"https:\\\/\\\/mybook.am\\\/?p=22342\",\"url\":\"https:\\\/\\\/mybook.am\\\/?p=22342\",\"name\":\"Na Marsu byla nalezena k\u00e1men, kter\u00fd tam z\u0159ejm\u011b byl \u00famysln\u011b um\u00edst\u011bn. Ale kdo? -\",\"isPartOf\":{\"@id\":\"https:\\\/\\\/mybook.am\\\/#website\"},\"primaryImageOfPage\":{\"@id\":\"https:\\\/\\\/mybook.am\\\/?p=22342#primaryimage\"},\"image\":{\"@id\":\"https:\\\/\\\/mybook.am\\\/?p=22342#primaryimage\"},\"thumbnailUrl\":\"https:\\\/\\\/mybook.am\\\/wp-content\\\/uploads\\\/2025\\\/10\\\/4584654.jpeg\",\"datePublished\":\"2025-10-29T10:18:30+00:00\",\"dateModified\":\"2025-10-29T10:18:31+00:00\",\"author\":{\"@id\":\"https:\\\/\\\/mybook.am\\\/#\\\/schema\\\/person\\\/e730847942cff3a199774e803916e97e\"},\"breadcrumb\":{\"@id\":\"https:\\\/\\\/mybook.am\\\/?p=22342#breadcrumb\"},\"inLanguage\":\"ru-RU\",\"potentialAction\":[{\"@type\":\"ReadAction\",\"target\":[\"https:\\\/\\\/mybook.am\\\/?p=22342\"]}]},{\"@type\":\"ImageObject\",\"inLanguage\":\"ru-RU\",\"@id\":\"https:\\\/\\\/mybook.am\\\/?p=22342#primaryimage\",\"url\":\"https:\\\/\\\/mybook.am\\\/wp-content\\\/uploads\\\/2025\\\/10\\\/4584654.jpeg\",\"contentUrl\":\"https:\\\/\\\/mybook.am\\\/wp-content\\\/uploads\\\/2025\\\/10\\\/4584654.jpeg\",\"width\":1024,\"height\":1024},{\"@type\":\"BreadcrumbList\",\"@id\":\"https:\\\/\\\/mybook.am\\\/?p=22342#breadcrumb\",\"itemListElement\":[{\"@type\":\"ListItem\",\"position\":1,\"name\":\"\u0413\u043b\u0430\u0432\u043d\u0430\u044f \u0441\u0442\u0440\u0430\u043d\u0438\u0446\u0430\",\"item\":\"https:\\\/\\\/mybook.am\\\/\"},{\"@type\":\"ListItem\",\"position\":2,\"name\":\"Na Marsu byla nalezena k\u00e1men, kter\u00fd tam z\u0159ejm\u011b byl \u00famysln\u011b um\u00edst\u011bn. Ale kdo?\"}]},{\"@type\":\"WebSite\",\"@id\":\"https:\\\/\\\/mybook.am\\\/#website\",\"url\":\"https:\\\/\\\/mybook.am\\\/\",\"name\":\"\",\"description\":\"\",\"potentialAction\":[{\"@type\":\"SearchAction\",\"target\":{\"@type\":\"EntryPoint\",\"urlTemplate\":\"https:\\\/\\\/mybook.am\\\/?s={search_term_string}\"},\"query-input\":{\"@type\":\"PropertyValueSpecification\",\"valueRequired\":true,\"valueName\":\"search_term_string\"}}],\"inLanguage\":\"ru-RU\"},{\"@type\":\"Person\",\"@id\":\"https:\\\/\\\/mybook.am\\\/#\\\/schema\\\/person\\\/e730847942cff3a199774e803916e97e\",\"name\":\"admin\",\"image\":{\"@type\":\"ImageObject\",\"inLanguage\":\"ru-RU\",\"@id\":\"https:\\\/\\\/secure.gravatar.com\\\/avatar\\\/df64e550a0653b7be0f1bcf897f33faad9c2c8153472b2d9319beafb51370f6f?s=96&d=mm&r=g\",\"url\":\"https:\\\/\\\/secure.gravatar.com\\\/avatar\\\/df64e550a0653b7be0f1bcf897f33faad9c2c8153472b2d9319beafb51370f6f?s=96&d=mm&r=g\",\"contentUrl\":\"https:\\\/\\\/secure.gravatar.com\\\/avatar\\\/df64e550a0653b7be0f1bcf897f33faad9c2c8153472b2d9319beafb51370f6f?s=96&d=mm&r=g\",\"caption\":\"admin\"},\"sameAs\":[\"http:\\\/\\\/mybook.am\"],\"url\":\"https:\\\/\\\/mybook.am\\\/?author=1\"}]}<\/script>\n<!-- \/ Yoast SEO plugin. -->","yoast_head_json":{"title":"Na Marsu byla nalezena k\u00e1men, kter\u00fd tam z\u0159ejm\u011b byl \u00famysln\u011b um\u00edst\u011bn. Ale kdo? -","robots":{"index":"index","follow":"follow","max-snippet":"max-snippet:-1","max-image-preview":"max-image-preview:large","max-video-preview":"max-video-preview:-1"},"canonical":"https:\/\/mybook.am\/?p=22342","og_locale":"ru_RU","og_type":"article","og_title":"Na Marsu byla nalezena k\u00e1men, kter\u00fd tam z\u0159ejm\u011b byl \u00famysln\u011b um\u00edst\u011bn. Ale kdo? -","og_description":"Stoj\u00ed tam, jako by \u010dekal. Osam\u011bl\u00e1 deska v rud\u00e9 pou\u0161ti, vytesan\u00e1 v\u011btrem do rovn\u00fdch lini\u00ed, vyv\u00e1\u017een\u00e1 na t\u0159ech mal\u00fdch kamenech. Obr\u00e1zek z roveru","og_url":"https:\/\/mybook.am\/?p=22342","article_published_time":"2025-10-29T10:18:30+00:00","article_modified_time":"2025-10-29T10:18:31+00:00","og_image":[{"width":1024,"height":1024,"url":"https:\/\/mybook.am\/wp-content\/uploads\/2025\/10\/4584654.jpeg","type":"image\/jpeg"}],"author":"admin","twitter_card":"summary_large_image","twitter_misc":{"\u041d\u0430\u043f\u0438\u0441\u0430\u043d\u043e \u0430\u0432\u0442\u043e\u0440\u043e\u043c":"admin","\u041f\u0440\u0438\u043c\u0435\u0440\u043d\u043e\u0435 \u0432\u0440\u0435\u043c\u044f \u0434\u043b\u044f \u0447\u0442\u0435\u043d\u0438\u044f":"3 \u043c\u0438\u043d\u0443\u0442\u044b"},"schema":{"@context":"https:\/\/schema.org","@graph":[{"@type":"Article","@id":"https:\/\/mybook.am\/?p=22342#article","isPartOf":{"@id":"https:\/\/mybook.am\/?p=22342"},"author":{"name":"admin","@id":"https:\/\/mybook.am\/#\/schema\/person\/e730847942cff3a199774e803916e97e"},"headline":"Na Marsu byla nalezena k\u00e1men, kter\u00fd tam z\u0159ejm\u011b byl \u00famysln\u011b um\u00edst\u011bn. Ale kdo?","datePublished":"2025-10-29T10:18:30+00:00","dateModified":"2025-10-29T10:18:31+00:00","mainEntityOfPage":{"@id":"https:\/\/mybook.am\/?p=22342"},"wordCount":500,"commentCount":0,"image":{"@id":"https:\/\/mybook.am\/?p=22342#primaryimage"},"thumbnailUrl":"https:\/\/mybook.am\/wp-content\/uploads\/2025\/10\/4584654.jpeg","articleSection":["\u010cesk\u00e1"],"inLanguage":"ru-RU","potentialAction":[{"@type":"CommentAction","name":"Comment","target":["https:\/\/mybook.am\/?p=22342#respond"]}]},{"@type":"WebPage","@id":"https:\/\/mybook.am\/?p=22342","url":"https:\/\/mybook.am\/?p=22342","name":"Na Marsu byla nalezena k\u00e1men, kter\u00fd tam z\u0159ejm\u011b byl \u00famysln\u011b um\u00edst\u011bn. Ale kdo? -","isPartOf":{"@id":"https:\/\/mybook.am\/#website"},"primaryImageOfPage":{"@id":"https:\/\/mybook.am\/?p=22342#primaryimage"},"image":{"@id":"https:\/\/mybook.am\/?p=22342#primaryimage"},"thumbnailUrl":"https:\/\/mybook.am\/wp-content\/uploads\/2025\/10\/4584654.jpeg","datePublished":"2025-10-29T10:18:30+00:00","dateModified":"2025-10-29T10:18:31+00:00","author":{"@id":"https:\/\/mybook.am\/#\/schema\/person\/e730847942cff3a199774e803916e97e"},"breadcrumb":{"@id":"https:\/\/mybook.am\/?p=22342#breadcrumb"},"inLanguage":"ru-RU","potentialAction":[{"@type":"ReadAction","target":["https:\/\/mybook.am\/?p=22342"]}]},{"@type":"ImageObject","inLanguage":"ru-RU","@id":"https:\/\/mybook.am\/?p=22342#primaryimage","url":"https:\/\/mybook.am\/wp-content\/uploads\/2025\/10\/4584654.jpeg","contentUrl":"https:\/\/mybook.am\/wp-content\/uploads\/2025\/10\/4584654.jpeg","width":1024,"height":1024},{"@type":"BreadcrumbList","@id":"https:\/\/mybook.am\/?p=22342#breadcrumb","itemListElement":[{"@type":"ListItem","position":1,"name":"\u0413\u043b\u0430\u0432\u043d\u0430\u044f \u0441\u0442\u0440\u0430\u043d\u0438\u0446\u0430","item":"https:\/\/mybook.am\/"},{"@type":"ListItem","position":2,"name":"Na Marsu byla nalezena k\u00e1men, kter\u00fd tam z\u0159ejm\u011b byl \u00famysln\u011b um\u00edst\u011bn. Ale kdo?"}]},{"@type":"WebSite","@id":"https:\/\/mybook.am\/#website","url":"https:\/\/mybook.am\/","name":"","description":"","potentialAction":[{"@type":"SearchAction","target":{"@type":"EntryPoint","urlTemplate":"https:\/\/mybook.am\/?s={search_term_string}"},"query-input":{"@type":"PropertyValueSpecification","valueRequired":true,"valueName":"search_term_string"}}],"inLanguage":"ru-RU"},{"@type":"Person","@id":"https:\/\/mybook.am\/#\/schema\/person\/e730847942cff3a199774e803916e97e","name":"admin","image":{"@type":"ImageObject","inLanguage":"ru-RU","@id":"https:\/\/secure.gravatar.com\/avatar\/df64e550a0653b7be0f1bcf897f33faad9c2c8153472b2d9319beafb51370f6f?s=96&d=mm&r=g","url":"https:\/\/secure.gravatar.com\/avatar\/df64e550a0653b7be0f1bcf897f33faad9c2c8153472b2d9319beafb51370f6f?s=96&d=mm&r=g","contentUrl":"https:\/\/secure.gravatar.com\/avatar\/df64e550a0653b7be0f1bcf897f33faad9c2c8153472b2d9319beafb51370f6f?s=96&d=mm&r=g","caption":"admin"},"sameAs":["http:\/\/mybook.am"],"url":"https:\/\/mybook.am\/?author=1"}]}},"views":188,"_links":{"self":[{"href":"https:\/\/mybook.am\/index.php?rest_route=\/wp\/v2\/posts\/22342","targetHints":{"allow":["GET"]}}],"collection":[{"href":"https:\/\/mybook.am\/index.php?rest_route=\/wp\/v2\/posts"}],"about":[{"href":"https:\/\/mybook.am\/index.php?rest_route=\/wp\/v2\/types\/post"}],"author":[{"embeddable":true,"href":"https:\/\/mybook.am\/index.php?rest_route=\/wp\/v2\/users\/1"}],"replies":[{"embeddable":true,"href":"https:\/\/mybook.am\/index.php?rest_route=%2Fwp%2Fv2%2Fcomments&post=22342"}],"version-history":[{"count":1,"href":"https:\/\/mybook.am\/index.php?rest_route=\/wp\/v2\/posts\/22342\/revisions"}],"predecessor-version":[{"id":22344,"href":"https:\/\/mybook.am\/index.php?rest_route=\/wp\/v2\/posts\/22342\/revisions\/22344"}],"wp:featuredmedia":[{"embeddable":true,"href":"https:\/\/mybook.am\/index.php?rest_route=\/wp\/v2\/media\/22343"}],"wp:attachment":[{"href":"https:\/\/mybook.am\/index.php?rest_route=%2Fwp%2Fv2%2Fmedia&parent=22342"}],"wp:term":[{"taxonomy":"category","embeddable":true,"href":"https:\/\/mybook.am\/index.php?rest_route=%2Fwp%2Fv2%2Fcategories&post=22342"},{"taxonomy":"post_tag","embeddable":true,"href":"https:\/\/mybook.am\/index.php?rest_route=%2Fwp%2Fv2%2Ftags&post=22342"}],"curies":[{"name":"wp","href":"https:\/\/api.w.org\/{rel}","templated":true}]}}