{"id":22373,"date":"2025-10-29T15:17:36","date_gmt":"2025-10-29T12:17:36","guid":{"rendered":"https:\/\/mybook.am\/?p=22373"},"modified":"2025-10-29T15:17:37","modified_gmt":"2025-10-29T12:17:37","slug":"materstvi-nema-datum-splatnosti","status":"publish","type":"post","link":"https:\/\/mybook.am\/?p=22373","title":{"rendered":"Mate\u0159stv\u00ed nem\u00e1 datum splatnosti."},"content":{"rendered":"\n<p>Vzpom\u00edn\u00e1m si, jak jsem se jednoho r\u00e1na proch\u00e1zela sv\u00fdm feedem a zastavila se u fotografie \u017eeny s \u0161ediv\u00fdmi vlasy a jemn\u00fdm \u00fasm\u011bvem. Dr\u017eela miminko, drobn\u00e9, jako by utkan\u00e9 ze sv\u011btla. Popisek pod fotkou zn\u011bl: \u201eLydian Machado, 43, prvorodi\u010dka.\u201c<br>Jako by mi u srdce probodla bolest. Ne z l\u00edtosti, ne \u2013 z tich\u00e9, uctiv\u00e9 z\u00e1visti. Proto\u017ee v jej\u00edm pohledu nebyl pocit zpo\u017ed\u011bn\u00ed, ale v\u00edt\u011bzstv\u00ed.<\/p>\n\n\n\n<p>Nevymlouvala se ani nevysv\u011btlovala \u2013 prost\u011b \u017eila. Vedle post\u00fdlky, uprost\u0159ed lahvi\u010dek a d\u011btsk\u00fdch slz, nevypadala jako \u201epozdn\u00ed maminka\u201c, ale jako \u017eena, kter\u00e1 si kone\u010dn\u011b dovolila b\u00fdt \u0161\u0165astn\u00e1. Jej\u00ed rann\u00ed videa se vyzna\u010duj\u00ed m\u00edrnou le\u017e\u00e9rnost\u00ed: \u0161\u00e1lek k\u00e1vy, rozcuchan\u00e9 vlasy, hlas pln\u00fd n\u011bhy. A pod ka\u017ed\u00fdm p\u0159\u00edsp\u011bvkem byly stovky koment\u00e1\u0159\u016f, n\u011bkter\u00e9 j\u00ed d\u011bkovaly, jin\u00e9 sarkasticky: \u201eJe p\u0159\u00edli\u0161 pozd\u011b. D\u00edt\u011b vyroste bez matky.\u201c<br>A ona klidn\u011b odpov\u011bd\u011bla:<br>\u201eJe lep\u0161\u00ed b\u00fdt matkou ve \u010dty\u0159iceti ne\u017e div\u00e1kem vlastn\u00edho \u017eivota ve dvaceti.\u201c<\/p>\n\n\n\n<figure class=\"wp-block-image size-full\"><img loading=\"lazy\" decoding=\"async\" width=\"564\" height=\"907\" src=\"https:\/\/mybook.am\/wp-content\/uploads\/2025\/10\/21561.jpeg\" alt=\"\" class=\"wp-image-22374\" srcset=\"https:\/\/mybook.am\/wp-content\/uploads\/2025\/10\/21561.jpeg 564w, https:\/\/mybook.am\/wp-content\/uploads\/2025\/10\/21561-187x300.jpeg 187w\" sizes=\"auto, (max-width: 564px) 100vw, 564px\" \/><\/figure>\n\n\n\n<p>Tuto v\u011btu jsem si n\u011bkolikr\u00e1t p\u0159e\u010detla. Zd\u00e1lo se, \u017ee se dot\u00fdk\u00e1 hluboko uvnit\u0159 \u2013 tam, kde se skr\u00fdvaj\u00ed obavy ostatn\u00edch lid\u00ed, vnucen\u00e9 spole\u010dnost\u00ed. Koneckonc\u016f jsme u\u010deni b\u00e1t se \u010dasu. \u010cty\u0159icet znamen\u00e1 p\u0159\u00edli\u0161 pozd\u011b. Pades\u00e1t znamen\u00e1 neslu\u0161n\u00e9. Sedmdes\u00e1t znamen\u00e1, \u017ee u\u017e nem\u016f\u017eete sn\u00edt. Ale kdo kdy zm\u011b\u0159il, kdy \u017eivot za\u010d\u00edn\u00e1 a kdy kon\u010d\u00ed pr\u00e1vo na z\u00e1zrak?<\/p>\n\n\n\n<p>Lydian se nepl\u00e1novala st\u00e1t symbolem. Prost\u011b se rozhodla neskr\u00fdvat pravdu. Nat\u00e1\u010dela porod, mluvila o bolesti, strachu, hormonech a bezesn\u00fdch noc\u00edch. O tom, jak jej\u00ed t\u011blo nen\u00ed dokonal\u00e9, ale je to domov. V t\u011bchto slovech nebyla \u017e\u00e1dn\u00e1 p\u00f3za. Bylo tam teplo. Lidsk\u00e9 teplo, kter\u00e9 nepot\u0159ebuje \u017e\u00e1dn\u00e9 filtry. A jednoho dne se p\u0159iznala:<br>\u201eB\u00e1la jsem se. Ne smrti, ne komplikac\u00ed. B\u00e1la jsem se, \u017ee budu souzena.\u201c<br>\u201eSouzena?\u201c zeptala se kamar\u00e1dka mimo z\u00e1b\u011br.<br>\u201eSamoz\u0159ejm\u011b.\u201c Ale strach pominul. A m\u016fj syn z\u016fstal.\u201c<\/p>\n\n\n\n<p>Tento zvrat \u2013 ne v z\u00e1pletce, ale ve v\u00fdznamu \u2013 byl nejsiln\u011bj\u0161\u00ed. Nebojovala se spole\u010dnost\u00ed, nedokazovala, \u017ee m\u00e1 pravdu. Prost\u011b si vybrala \u017eivot \u2013 a t\u00edm bo\u0159ila m\u00fdty mnohem hlasit\u011bji ne\u017e stovky feministick\u00fdch manifest\u016f.<\/p>\n\n\n\n<p>Ironi\u00ed je, \u017ee zat\u00edmco n\u011bkte\u0159\u00ed ji pova\u017eovali za \u201ep\u0159\u00edli\u0161 starou\u201c, medic\u00edna ji naz\u00fdvala \u201emodern\u00ed matkou\u201c. Reproduk\u010dn\u00ed technologie, v\u011bdom\u00e9 pl\u00e1nov\u00e1n\u00ed, sebev\u011bdom\u00ed \u2013 to v\u0161e se stalo n\u00e1stroji, nikoli z\u00e1kazy.<br>Lydian uk\u00e1zala: v\u011bk nen\u00ed v\u011bta, ale kontext. A pokud srdce je\u0161t\u011b m\u016f\u017ee \u010dekat, znamen\u00e1 to, \u017ee je na\u017eivu.<\/p>\n\n\n\n<p>P\u0159em\u00fd\u0161lela jsem: kolik \u017een te\u010f sed\u00ed v tichu, dr\u017e\u00ed v sob\u011b stejn\u00fd sen, ale neodva\u017euje se ho vyslovit nahlas? Kolik se boj\u00ed pohled\u016f jin\u00fdch lid\u00ed v\u00edc ne\u017e porodn\u00edch bolest\u00ed?<br>Pro\u010d je pro n\u00e1s snaz\u0161\u00ed p\u0159ijmout \u00fanavu n\u011bkoho jin\u00e9ho ne\u017e jeho \u0161t\u011bst\u00ed?<\/p>\n\n\n\n<p>Kdy\u017e zve\u0159ejnila fotku sv\u00e9ho syna Noaha, v\u017edy k n\u00ed p\u0159idala popisek: \u201eCel\u00fd \u017eivot jsem na tebe \u010dekala.\u201c<br>Tato jednoduch\u00e1 fr\u00e1ze nen\u00ed o tom, \u017ee p\u0159ijde pozd\u011b. Je o tom, Zralost. O tom vz\u00e1cn\u00e9m okam\u017eiku, kdy l\u00e1ska p\u0159ev\u00e1\u017e\u00ed strach a touha st\u00e1t se matkou nen\u00ed o povinnosti, ale o svobod\u011b.<\/p>\n\n\n\n<p>A kdy\u017e se znovu pod\u00edv\u00e1m na tuto fotku \u2013 vr\u00e1s\u010dit\u00e1 \u017eena, d\u00edt\u011b v zavinova\u010dk\u00e1ch, r\u00e1no v m\u011bkk\u00e9m sv\u011btle \u2013 ch\u00e1pu: zde nen\u00ed \u017e\u00e1dn\u00fd v\u011bk. Je tu \u017eivot. Takov\u00fd, kter\u00fd se nept\u00e1 na svolen\u00ed. Takov\u00fd, kter\u00fd p\u0159ich\u00e1z\u00ed, kdy\u017e jste p\u0159ipraveni ho bezpodm\u00edne\u010dn\u011b p\u0159ijmout.<\/p>\n\n\n\n<p>A mo\u017en\u00e1 pr\u00e1v\u011b to je smysl mate\u0159stv\u00ed \u2013 ne v term\u00ednech, ne v \u010d\u00edslech, ne v n\u00e1zorech ostatn\u00edch lid\u00ed.<br>Ale ve schopnosti jednoho dne \u0159\u00edct:<br>\u201e\u010cekala jsem. A bylo to akor\u00e1t v\u010das.\u201c<\/p>\n\n\n\n<p>\u2026A v\u0161echno se vrac\u00ed k tomu prvn\u00edmu z\u00e1b\u011bru \u2013 \u017een\u011b s \u0161ediv\u00fdmi vlasy a d\u00edt\u011btem v n\u00e1ru\u010d\u00ed.<br>Te\u010f to nevid\u00edm jako zpo\u017ed\u011bn\u00ed, ale jako za\u010d\u00e1tek.<br>Ne jako d\u016fkaz, ale jako zjeven\u00ed.<br>Proto\u017ee mate\u0159stv\u00ed skute\u010dn\u011b nem\u00e1 datum splatnosti \u2013 existuje jen \u010das, kdy je srdce p\u0159ipraveno se otev\u0159\u00edt.<\/p>\n","protected":false},"excerpt":{"rendered":"Vzpom\u00edn\u00e1m si, jak jsem se jednoho r\u00e1na proch\u00e1zela sv\u00fdm feedem a zastavila se u fotografie \u017eeny s \u0161ediv\u00fdmi vlasy a jemn\u00fdm \u00fasm\u011bvem. Dr\u017eela \n<a class=\"moretag\" href=\"https:\/\/mybook.am\/?p=22373\"> [...]<\/a>","protected":false},"author":1,"featured_media":22374,"comment_status":"open","ping_status":"open","sticky":false,"template":"","format":"standard","meta":{"footnotes":""},"categories":[1],"tags":[],"class_list":["post-22373","post","type-post","status-publish","format-standard","has-post-thumbnail","hentry","category-ceska"],"yoast_head":"<!-- This site is optimized with the Yoast SEO plugin v27.5 - https:\/\/yoast.com\/product\/yoast-seo-wordpress\/ -->\n<title>Mate\u0159stv\u00ed nem\u00e1 datum splatnosti. -<\/title>\n<meta name=\"robots\" content=\"index, follow, max-snippet:-1, max-image-preview:large, max-video-preview:-1\" \/>\n<link rel=\"canonical\" href=\"https:\/\/mybook.am\/?p=22373\" \/>\n<meta property=\"og:locale\" content=\"ru_RU\" \/>\n<meta property=\"og:type\" content=\"article\" \/>\n<meta property=\"og:title\" content=\"Mate\u0159stv\u00ed nem\u00e1 datum splatnosti. -\" \/>\n<meta property=\"og:description\" content=\"Vzpom\u00edn\u00e1m si, jak jsem se jednoho r\u00e1na proch\u00e1zela sv\u00fdm feedem a zastavila se u fotografie \u017eeny s \u0161ediv\u00fdmi vlasy a jemn\u00fdm \u00fasm\u011bvem. Dr\u017eela\" \/>\n<meta property=\"og:url\" content=\"https:\/\/mybook.am\/?p=22373\" \/>\n<meta property=\"article:published_time\" content=\"2025-10-29T12:17:36+00:00\" \/>\n<meta property=\"article:modified_time\" content=\"2025-10-29T12:17:37+00:00\" \/>\n<meta property=\"og:image\" content=\"https:\/\/mybook.am\/wp-content\/uploads\/2025\/10\/21561.jpeg\" \/>\n\t<meta property=\"og:image:width\" content=\"564\" \/>\n\t<meta property=\"og:image:height\" content=\"907\" \/>\n\t<meta property=\"og:image:type\" content=\"image\/jpeg\" \/>\n<meta name=\"author\" content=\"admin\" \/>\n<meta name=\"twitter:card\" content=\"summary_large_image\" \/>\n<meta name=\"twitter:label1\" content=\"\u041d\u0430\u043f\u0438\u0441\u0430\u043d\u043e \u0430\u0432\u0442\u043e\u0440\u043e\u043c\" \/>\n\t<meta name=\"twitter:data1\" content=\"admin\" \/>\n\t<meta name=\"twitter:label2\" content=\"\u041f\u0440\u0438\u043c\u0435\u0440\u043d\u043e\u0435 \u0432\u0440\u0435\u043c\u044f \u0434\u043b\u044f \u0447\u0442\u0435\u043d\u0438\u044f\" \/>\n\t<meta name=\"twitter:data2\" content=\"4 \u043c\u0438\u043d\u0443\u0442\u044b\" \/>\n<script type=\"application\/ld+json\" class=\"yoast-schema-graph\">{\"@context\":\"https:\\\/\\\/schema.org\",\"@graph\":[{\"@type\":\"Article\",\"@id\":\"https:\\\/\\\/mybook.am\\\/?p=22373#article\",\"isPartOf\":{\"@id\":\"https:\\\/\\\/mybook.am\\\/?p=22373\"},\"author\":{\"name\":\"admin\",\"@id\":\"https:\\\/\\\/mybook.am\\\/#\\\/schema\\\/person\\\/e730847942cff3a199774e803916e97e\"},\"headline\":\"Mate\u0159stv\u00ed nem\u00e1 datum splatnosti.\",\"datePublished\":\"2025-10-29T12:17:36+00:00\",\"dateModified\":\"2025-10-29T12:17:37+00:00\",\"mainEntityOfPage\":{\"@id\":\"https:\\\/\\\/mybook.am\\\/?p=22373\"},\"wordCount\":741,\"commentCount\":0,\"image\":{\"@id\":\"https:\\\/\\\/mybook.am\\\/?p=22373#primaryimage\"},\"thumbnailUrl\":\"https:\\\/\\\/mybook.am\\\/wp-content\\\/uploads\\\/2025\\\/10\\\/21561.jpeg\",\"articleSection\":[\"\u010cesk\u00e1\"],\"inLanguage\":\"ru-RU\",\"potentialAction\":[{\"@type\":\"CommentAction\",\"name\":\"Comment\",\"target\":[\"https:\\\/\\\/mybook.am\\\/?p=22373#respond\"]}]},{\"@type\":\"WebPage\",\"@id\":\"https:\\\/\\\/mybook.am\\\/?p=22373\",\"url\":\"https:\\\/\\\/mybook.am\\\/?p=22373\",\"name\":\"Mate\u0159stv\u00ed nem\u00e1 datum splatnosti. -\",\"isPartOf\":{\"@id\":\"https:\\\/\\\/mybook.am\\\/#website\"},\"primaryImageOfPage\":{\"@id\":\"https:\\\/\\\/mybook.am\\\/?p=22373#primaryimage\"},\"image\":{\"@id\":\"https:\\\/\\\/mybook.am\\\/?p=22373#primaryimage\"},\"thumbnailUrl\":\"https:\\\/\\\/mybook.am\\\/wp-content\\\/uploads\\\/2025\\\/10\\\/21561.jpeg\",\"datePublished\":\"2025-10-29T12:17:36+00:00\",\"dateModified\":\"2025-10-29T12:17:37+00:00\",\"author\":{\"@id\":\"https:\\\/\\\/mybook.am\\\/#\\\/schema\\\/person\\\/e730847942cff3a199774e803916e97e\"},\"breadcrumb\":{\"@id\":\"https:\\\/\\\/mybook.am\\\/?p=22373#breadcrumb\"},\"inLanguage\":\"ru-RU\",\"potentialAction\":[{\"@type\":\"ReadAction\",\"target\":[\"https:\\\/\\\/mybook.am\\\/?p=22373\"]}]},{\"@type\":\"ImageObject\",\"inLanguage\":\"ru-RU\",\"@id\":\"https:\\\/\\\/mybook.am\\\/?p=22373#primaryimage\",\"url\":\"https:\\\/\\\/mybook.am\\\/wp-content\\\/uploads\\\/2025\\\/10\\\/21561.jpeg\",\"contentUrl\":\"https:\\\/\\\/mybook.am\\\/wp-content\\\/uploads\\\/2025\\\/10\\\/21561.jpeg\",\"width\":564,\"height\":907},{\"@type\":\"BreadcrumbList\",\"@id\":\"https:\\\/\\\/mybook.am\\\/?p=22373#breadcrumb\",\"itemListElement\":[{\"@type\":\"ListItem\",\"position\":1,\"name\":\"\u0413\u043b\u0430\u0432\u043d\u0430\u044f \u0441\u0442\u0440\u0430\u043d\u0438\u0446\u0430\",\"item\":\"https:\\\/\\\/mybook.am\\\/\"},{\"@type\":\"ListItem\",\"position\":2,\"name\":\"Mate\u0159stv\u00ed nem\u00e1 datum splatnosti.\"}]},{\"@type\":\"WebSite\",\"@id\":\"https:\\\/\\\/mybook.am\\\/#website\",\"url\":\"https:\\\/\\\/mybook.am\\\/\",\"name\":\"\",\"description\":\"\",\"potentialAction\":[{\"@type\":\"SearchAction\",\"target\":{\"@type\":\"EntryPoint\",\"urlTemplate\":\"https:\\\/\\\/mybook.am\\\/?s={search_term_string}\"},\"query-input\":{\"@type\":\"PropertyValueSpecification\",\"valueRequired\":true,\"valueName\":\"search_term_string\"}}],\"inLanguage\":\"ru-RU\"},{\"@type\":\"Person\",\"@id\":\"https:\\\/\\\/mybook.am\\\/#\\\/schema\\\/person\\\/e730847942cff3a199774e803916e97e\",\"name\":\"admin\",\"image\":{\"@type\":\"ImageObject\",\"inLanguage\":\"ru-RU\",\"@id\":\"https:\\\/\\\/secure.gravatar.com\\\/avatar\\\/df64e550a0653b7be0f1bcf897f33faad9c2c8153472b2d9319beafb51370f6f?s=96&d=mm&r=g\",\"url\":\"https:\\\/\\\/secure.gravatar.com\\\/avatar\\\/df64e550a0653b7be0f1bcf897f33faad9c2c8153472b2d9319beafb51370f6f?s=96&d=mm&r=g\",\"contentUrl\":\"https:\\\/\\\/secure.gravatar.com\\\/avatar\\\/df64e550a0653b7be0f1bcf897f33faad9c2c8153472b2d9319beafb51370f6f?s=96&d=mm&r=g\",\"caption\":\"admin\"},\"sameAs\":[\"http:\\\/\\\/mybook.am\"],\"url\":\"https:\\\/\\\/mybook.am\\\/?author=1\"}]}<\/script>\n<!-- \/ Yoast SEO plugin. -->","yoast_head_json":{"title":"Mate\u0159stv\u00ed nem\u00e1 datum splatnosti. -","robots":{"index":"index","follow":"follow","max-snippet":"max-snippet:-1","max-image-preview":"max-image-preview:large","max-video-preview":"max-video-preview:-1"},"canonical":"https:\/\/mybook.am\/?p=22373","og_locale":"ru_RU","og_type":"article","og_title":"Mate\u0159stv\u00ed nem\u00e1 datum splatnosti. -","og_description":"Vzpom\u00edn\u00e1m si, jak jsem se jednoho r\u00e1na proch\u00e1zela sv\u00fdm feedem a zastavila se u fotografie \u017eeny s \u0161ediv\u00fdmi vlasy a jemn\u00fdm \u00fasm\u011bvem. Dr\u017eela","og_url":"https:\/\/mybook.am\/?p=22373","article_published_time":"2025-10-29T12:17:36+00:00","article_modified_time":"2025-10-29T12:17:37+00:00","og_image":[{"width":564,"height":907,"url":"https:\/\/mybook.am\/wp-content\/uploads\/2025\/10\/21561.jpeg","type":"image\/jpeg"}],"author":"admin","twitter_card":"summary_large_image","twitter_misc":{"\u041d\u0430\u043f\u0438\u0441\u0430\u043d\u043e \u0430\u0432\u0442\u043e\u0440\u043e\u043c":"admin","\u041f\u0440\u0438\u043c\u0435\u0440\u043d\u043e\u0435 \u0432\u0440\u0435\u043c\u044f \u0434\u043b\u044f \u0447\u0442\u0435\u043d\u0438\u044f":"4 \u043c\u0438\u043d\u0443\u0442\u044b"},"schema":{"@context":"https:\/\/schema.org","@graph":[{"@type":"Article","@id":"https:\/\/mybook.am\/?p=22373#article","isPartOf":{"@id":"https:\/\/mybook.am\/?p=22373"},"author":{"name":"admin","@id":"https:\/\/mybook.am\/#\/schema\/person\/e730847942cff3a199774e803916e97e"},"headline":"Mate\u0159stv\u00ed nem\u00e1 datum splatnosti.","datePublished":"2025-10-29T12:17:36+00:00","dateModified":"2025-10-29T12:17:37+00:00","mainEntityOfPage":{"@id":"https:\/\/mybook.am\/?p=22373"},"wordCount":741,"commentCount":0,"image":{"@id":"https:\/\/mybook.am\/?p=22373#primaryimage"},"thumbnailUrl":"https:\/\/mybook.am\/wp-content\/uploads\/2025\/10\/21561.jpeg","articleSection":["\u010cesk\u00e1"],"inLanguage":"ru-RU","potentialAction":[{"@type":"CommentAction","name":"Comment","target":["https:\/\/mybook.am\/?p=22373#respond"]}]},{"@type":"WebPage","@id":"https:\/\/mybook.am\/?p=22373","url":"https:\/\/mybook.am\/?p=22373","name":"Mate\u0159stv\u00ed nem\u00e1 datum splatnosti. -","isPartOf":{"@id":"https:\/\/mybook.am\/#website"},"primaryImageOfPage":{"@id":"https:\/\/mybook.am\/?p=22373#primaryimage"},"image":{"@id":"https:\/\/mybook.am\/?p=22373#primaryimage"},"thumbnailUrl":"https:\/\/mybook.am\/wp-content\/uploads\/2025\/10\/21561.jpeg","datePublished":"2025-10-29T12:17:36+00:00","dateModified":"2025-10-29T12:17:37+00:00","author":{"@id":"https:\/\/mybook.am\/#\/schema\/person\/e730847942cff3a199774e803916e97e"},"breadcrumb":{"@id":"https:\/\/mybook.am\/?p=22373#breadcrumb"},"inLanguage":"ru-RU","potentialAction":[{"@type":"ReadAction","target":["https:\/\/mybook.am\/?p=22373"]}]},{"@type":"ImageObject","inLanguage":"ru-RU","@id":"https:\/\/mybook.am\/?p=22373#primaryimage","url":"https:\/\/mybook.am\/wp-content\/uploads\/2025\/10\/21561.jpeg","contentUrl":"https:\/\/mybook.am\/wp-content\/uploads\/2025\/10\/21561.jpeg","width":564,"height":907},{"@type":"BreadcrumbList","@id":"https:\/\/mybook.am\/?p=22373#breadcrumb","itemListElement":[{"@type":"ListItem","position":1,"name":"\u0413\u043b\u0430\u0432\u043d\u0430\u044f \u0441\u0442\u0440\u0430\u043d\u0438\u0446\u0430","item":"https:\/\/mybook.am\/"},{"@type":"ListItem","position":2,"name":"Mate\u0159stv\u00ed nem\u00e1 datum splatnosti."}]},{"@type":"WebSite","@id":"https:\/\/mybook.am\/#website","url":"https:\/\/mybook.am\/","name":"","description":"","potentialAction":[{"@type":"SearchAction","target":{"@type":"EntryPoint","urlTemplate":"https:\/\/mybook.am\/?s={search_term_string}"},"query-input":{"@type":"PropertyValueSpecification","valueRequired":true,"valueName":"search_term_string"}}],"inLanguage":"ru-RU"},{"@type":"Person","@id":"https:\/\/mybook.am\/#\/schema\/person\/e730847942cff3a199774e803916e97e","name":"admin","image":{"@type":"ImageObject","inLanguage":"ru-RU","@id":"https:\/\/secure.gravatar.com\/avatar\/df64e550a0653b7be0f1bcf897f33faad9c2c8153472b2d9319beafb51370f6f?s=96&d=mm&r=g","url":"https:\/\/secure.gravatar.com\/avatar\/df64e550a0653b7be0f1bcf897f33faad9c2c8153472b2d9319beafb51370f6f?s=96&d=mm&r=g","contentUrl":"https:\/\/secure.gravatar.com\/avatar\/df64e550a0653b7be0f1bcf897f33faad9c2c8153472b2d9319beafb51370f6f?s=96&d=mm&r=g","caption":"admin"},"sameAs":["http:\/\/mybook.am"],"url":"https:\/\/mybook.am\/?author=1"}]}},"views":166,"_links":{"self":[{"href":"https:\/\/mybook.am\/index.php?rest_route=\/wp\/v2\/posts\/22373","targetHints":{"allow":["GET"]}}],"collection":[{"href":"https:\/\/mybook.am\/index.php?rest_route=\/wp\/v2\/posts"}],"about":[{"href":"https:\/\/mybook.am\/index.php?rest_route=\/wp\/v2\/types\/post"}],"author":[{"embeddable":true,"href":"https:\/\/mybook.am\/index.php?rest_route=\/wp\/v2\/users\/1"}],"replies":[{"embeddable":true,"href":"https:\/\/mybook.am\/index.php?rest_route=%2Fwp%2Fv2%2Fcomments&post=22373"}],"version-history":[{"count":1,"href":"https:\/\/mybook.am\/index.php?rest_route=\/wp\/v2\/posts\/22373\/revisions"}],"predecessor-version":[{"id":22375,"href":"https:\/\/mybook.am\/index.php?rest_route=\/wp\/v2\/posts\/22373\/revisions\/22375"}],"wp:featuredmedia":[{"embeddable":true,"href":"https:\/\/mybook.am\/index.php?rest_route=\/wp\/v2\/media\/22374"}],"wp:attachment":[{"href":"https:\/\/mybook.am\/index.php?rest_route=%2Fwp%2Fv2%2Fmedia&parent=22373"}],"wp:term":[{"taxonomy":"category","embeddable":true,"href":"https:\/\/mybook.am\/index.php?rest_route=%2Fwp%2Fv2%2Fcategories&post=22373"},{"taxonomy":"post_tag","embeddable":true,"href":"https:\/\/mybook.am\/index.php?rest_route=%2Fwp%2Fv2%2Ftags&post=22373"}],"curies":[{"name":"wp","href":"https:\/\/api.w.org\/{rel}","templated":true}]}}