{"id":22382,"date":"2025-10-30T11:42:15","date_gmt":"2025-10-30T08:42:15","guid":{"rendered":"https:\/\/mybook.am\/?p=22382"},"modified":"2025-10-30T11:42:16","modified_gmt":"2025-10-30T08:42:16","slug":"elle-selanca-vers-les-ours-polaires-et-le-monde-sembla-sarreter-un-instant","status":"publish","type":"post","link":"https:\/\/mybook.am\/?p=22382","title":{"rendered":"Elle s&#8217;\u00e9lan\u00e7a vers les ours polaires \u2013 et le monde sembla s&#8217;arr\u00eater un instant."},"content":{"rendered":"\n<p class=\"has-medium-font-size\">Elle se tenait pr\u00e8s de la barri\u00e8re de verre, les yeux \u00e9carquill\u00e9s. La foule autour d&#8217;elle chuchotait, quelqu&#8217;un filmait, quelqu&#8217;un criait. La femme \u00f4ta son manteau, d\u00e9posa soigneusement son sac sur un banc et, comme entr\u00e9e dans un r\u00eave, enjamba la barri\u00e8re. Personne n&#8217;eut le temps de comprendre pourquoi. D\u00e8s que son pied toucha l&#8217;eau froide du bassin, une immense ombre blanche se pr\u00e9cipita vers elle.<\/p>\n\n\n\n<p class=\"has-medium-font-size\">Un cri strident d\u00e9chira l&#8217;air. L&#8217;ours polaire n&#8217;\u00e9tait pas un personnage de dessin anim\u00e9, ni une petite cr\u00e9ature molle du Nord, mais une force vivante. Il bondit, ses griffes lac\u00e9rant la surface de l&#8217;eau, et soudain, tout bascula dans le chaos \u2013 \u00e9claboussures, cris, sir\u00e8nes. \u00c0 cet instant, aucune peur ne se lisait dans les yeux de la femme \u2013 seulement un calme \u00e9trange. Comme si elle attendait cette rencontre depuis toujours.<\/p>\n\n\n\n<figure class=\"wp-block-image size-full is-resized\"><img loading=\"lazy\" decoding=\"async\" width=\"526\" height=\"526\" src=\"https:\/\/mybook.am\/wp-content\/uploads\/2025\/10\/1215487-1.jpeg\" alt=\"\" class=\"wp-image-22383\" style=\"width:747px;height:auto\" srcset=\"https:\/\/mybook.am\/wp-content\/uploads\/2025\/10\/1215487-1.jpeg 526w, https:\/\/mybook.am\/wp-content\/uploads\/2025\/10\/1215487-1-300x300.jpeg 300w, https:\/\/mybook.am\/wp-content\/uploads\/2025\/10\/1215487-1-150x150.jpeg 150w\" sizes=\"auto, (max-width: 526px) 100vw, 526px\" \/><\/figure>\n\n\n\n<p class=\"has-medium-font-size\">Les gardes se pr\u00e9cipit\u00e8rent, b\u00e2tons en main ; l&#8217;un d&#8217;eux tira une fl\u00e9chette tranquillisante. La foule recula, horrifi\u00e9e. Certains ferm\u00e8rent les yeux, d&#8217;autres pleur\u00e8rent. L&#8217;ours referma ses m\u00e2choires et la l\u00e2cha. La femme surv\u00e9cut. On la sortit de l&#8217;enclos, on l&#8217;enveloppa dans une couverture et on l&#8217;emporta. Pas de larmes, pas d&#8217;hyst\u00e9rie sur son visage. Juste le silence.<\/p>\n\n\n\n<p class=\"has-medium-font-size\">On apprendrait plus tard qu&#8217;elle avait trente-deux ans. Elle n&#8217;avait jamais consult\u00e9 de psychiatre. Elle travaillait dans une biblioth\u00e8que. Ce jour-l\u00e0, c&#8217;\u00e9tait un matin comme les autres : une tasse de caf\u00e9, le chemin du travail. Et puis\u2026 un tournant incompr\u00e9hensible. Qu&#8217;est-ce qui l&#8217;avait pouss\u00e9e vers l&#8217;enclos ? La curiosit\u00e9 ? Le d\u00e9sespoir ? Un besoin imp\u00e9rieux de toucher le vivant, de ressentir quelque chose ?<\/p>\n\n\n\n<p class=\"has-medium-font-size\">Parfois, on ne se jette pas dans le vide ; on cesse simplement d&#8217;avoir peur de la vie. C&#8217;est peut-\u00eatre exactement ce qui s&#8217;est pass\u00e9. Dans un monde aseptis\u00e9, pr\u00e9visible et rassurant, toucher un animal sauvage semble \u00eatre l&#8217;ultime preuve qu&#8217;on est encore en vie.<\/p>\n\n\n\n<p class=\"has-medium-font-size\">\u00ab&nbsp;Savais-tu qu\u2019elle allait faire \u00e7a&nbsp;?\u00bb demand\u00e8rent-ils \u00e0 leur amie. \u00ab&nbsp;Non&nbsp;\u00bb, r\u00e9pondit-elle. \u00ab&nbsp;Mais elle disait souvent que tout \u00e7a \u00e9tait devenu trop silencieux.\u00bb<\/p>\n\n\n\n<p class=\"has-medium-font-size\">Silencieux. Comme si la vie elle-m\u00eame l\u2019avait berc\u00e9e d\u2019un sommeil dont elle voulait s\u2019\u00e9chapper, quitte \u00e0 y laisser ses griffes. Et c\u2019est \u00e9trange&nbsp;: beaucoup l\u2019ont condamn\u00e9e, ont \u00e9crit dans les commentaires, ont ri. Et certains l\u2019ont envi\u00e9e. Parce qu\u2019au moins, elle a pris un risque.<\/p>\n\n\n\n<p class=\"has-medium-font-size\">Il y a une cage en chacun de nous, dans laquelle vit notre propre ours \u2013 affam\u00e9, \u00e9norme, exigeant la v\u00e9rit\u00e9. Nous le nourrissons de confort, de routine, de likes. Mais parfois, les barreaux tremblent. Parfois, quelqu\u2019un s\u2019approche de la vitre, regarde la b\u00eate droit dans les yeux et r\u00e9alise soudain qu\u2019il n\u2019y a pas de mur entre eux \u2013 elle est tout enti\u00e8re \u00e0 l\u2019int\u00e9rieur.<\/p>\n\n\n\n<p class=\"has-medium-font-size\">C\u2019est peut-\u00eatre pour cela qu\u2019elle a fait ce pas. Non pas vers la mort, mais vers la fronti\u00e8re entre \u00ab&nbsp;vivre&nbsp;\u00bb et \u00ab&nbsp;exister&nbsp;\u00bb.<\/p>\n\n\n\n<p class=\"has-medium-font-size\">\u00c0 la r\u00e9ouverture du zoo une semaine plus tard, des empreintes de mains \u00e9taient visibles sur la vitre&nbsp;: des dizaines de paumes press\u00e9es au m\u00eame endroit. Les gens ne venaient pas voir les ours. Ils venaient se retrouver eux-m\u00eames.<\/p>\n\n\n\n<p class=\"has-medium-font-size\">Et maintenant, quand je revois les images de ces secondes \u2013 l\u2019\u00e9claboussure, la fourrure blanche, le visage de la femme fig\u00e9 entre terreur et s\u00e9r\u00e9nit\u00e9 \u2013 je me dis&nbsp;: peut-\u00eatre n\u2019\u00e9tait-ce pas de la folie, mais ce que nous appelons normal.<\/p>\n\n\n\n<p class=\"has-medium-font-size\">Elle a saut\u00e9 vers les ours polaires \u2013 mais peut-\u00eatre, pour la premi\u00e8re fois de sa vie, elle s\u2019est \u00e9chapp\u00e9e de sa cage.<\/p>\n","protected":false},"excerpt":{"rendered":"Elle se tenait pr\u00e8s de la barri\u00e8re de verre, les yeux \u00e9carquill\u00e9s. La foule autour d&#8217;elle chuchotait, quelqu&#8217;un filmait, quelqu&#8217;un criait. La femme \n<a class=\"moretag\" href=\"https:\/\/mybook.am\/?p=22382\"> [...]<\/a>","protected":false},"author":1,"featured_media":22383,"comment_status":"open","ping_status":"open","sticky":false,"template":"","format":"standard","meta":{"footnotes":""},"categories":[3],"tags":[],"class_list":["post-22382","post","type-post","status-publish","format-standard","has-post-thumbnail","hentry","category-fotto"],"yoast_head":"<!-- This site is optimized with the Yoast SEO plugin v27.5 - https:\/\/yoast.com\/product\/yoast-seo-wordpress\/ -->\n<title>Elle s&#039;\u00e9lan\u00e7a vers les ours polaires \u2013 et le monde sembla s&#039;arr\u00eater un instant. -<\/title>\n<meta name=\"robots\" content=\"index, follow, max-snippet:-1, max-image-preview:large, max-video-preview:-1\" \/>\n<link rel=\"canonical\" href=\"https:\/\/mybook.am\/?p=22382\" \/>\n<meta property=\"og:locale\" content=\"ru_RU\" \/>\n<meta property=\"og:type\" content=\"article\" \/>\n<meta property=\"og:title\" content=\"Elle s&#039;\u00e9lan\u00e7a vers les ours polaires \u2013 et le monde sembla s&#039;arr\u00eater un instant. -\" \/>\n<meta property=\"og:description\" content=\"Elle se tenait pr\u00e8s de la barri\u00e8re de verre, les yeux \u00e9carquill\u00e9s. La foule autour d&#8217;elle chuchotait, quelqu&#8217;un filmait, quelqu&#8217;un criait. La femme\" \/>\n<meta property=\"og:url\" content=\"https:\/\/mybook.am\/?p=22382\" \/>\n<meta property=\"article:published_time\" content=\"2025-10-30T08:42:15+00:00\" \/>\n<meta property=\"article:modified_time\" content=\"2025-10-30T08:42:16+00:00\" \/>\n<meta property=\"og:image\" content=\"https:\/\/mybook.am\/wp-content\/uploads\/2025\/10\/1215487-1.jpeg\" \/>\n\t<meta property=\"og:image:width\" content=\"526\" \/>\n\t<meta property=\"og:image:height\" content=\"526\" \/>\n\t<meta property=\"og:image:type\" content=\"image\/jpeg\" \/>\n<meta name=\"author\" content=\"admin\" \/>\n<meta name=\"twitter:card\" content=\"summary_large_image\" \/>\n<meta name=\"twitter:label1\" content=\"\u041d\u0430\u043f\u0438\u0441\u0430\u043d\u043e \u0430\u0432\u0442\u043e\u0440\u043e\u043c\" \/>\n\t<meta name=\"twitter:data1\" content=\"admin\" \/>\n\t<meta name=\"twitter:label2\" content=\"\u041f\u0440\u0438\u043c\u0435\u0440\u043d\u043e\u0435 \u0432\u0440\u0435\u043c\u044f \u0434\u043b\u044f \u0447\u0442\u0435\u043d\u0438\u044f\" \/>\n\t<meta name=\"twitter:data2\" content=\"4 \u043c\u0438\u043d\u0443\u0442\u044b\" \/>\n<script type=\"application\/ld+json\" class=\"yoast-schema-graph\">{\"@context\":\"https:\\\/\\\/schema.org\",\"@graph\":[{\"@type\":\"Article\",\"@id\":\"https:\\\/\\\/mybook.am\\\/?p=22382#article\",\"isPartOf\":{\"@id\":\"https:\\\/\\\/mybook.am\\\/?p=22382\"},\"author\":{\"name\":\"admin\",\"@id\":\"https:\\\/\\\/mybook.am\\\/#\\\/schema\\\/person\\\/e730847942cff3a199774e803916e97e\"},\"headline\":\"Elle s&#8217;\u00e9lan\u00e7a vers les ours polaires \u2013 et le monde sembla s&#8217;arr\u00eater un instant.\",\"datePublished\":\"2025-10-30T08:42:15+00:00\",\"dateModified\":\"2025-10-30T08:42:16+00:00\",\"mainEntityOfPage\":{\"@id\":\"https:\\\/\\\/mybook.am\\\/?p=22382\"},\"wordCount\":675,\"commentCount\":0,\"image\":{\"@id\":\"https:\\\/\\\/mybook.am\\\/?p=22382#primaryimage\"},\"thumbnailUrl\":\"https:\\\/\\\/mybook.am\\\/wp-content\\\/uploads\\\/2025\\\/10\\\/1215487-1.jpeg\",\"articleSection\":[\"FRANS\"],\"inLanguage\":\"ru-RU\",\"potentialAction\":[{\"@type\":\"CommentAction\",\"name\":\"Comment\",\"target\":[\"https:\\\/\\\/mybook.am\\\/?p=22382#respond\"]}]},{\"@type\":\"WebPage\",\"@id\":\"https:\\\/\\\/mybook.am\\\/?p=22382\",\"url\":\"https:\\\/\\\/mybook.am\\\/?p=22382\",\"name\":\"Elle s'\u00e9lan\u00e7a vers les ours polaires \u2013 et le monde sembla s'arr\u00eater un instant. -\",\"isPartOf\":{\"@id\":\"https:\\\/\\\/mybook.am\\\/#website\"},\"primaryImageOfPage\":{\"@id\":\"https:\\\/\\\/mybook.am\\\/?p=22382#primaryimage\"},\"image\":{\"@id\":\"https:\\\/\\\/mybook.am\\\/?p=22382#primaryimage\"},\"thumbnailUrl\":\"https:\\\/\\\/mybook.am\\\/wp-content\\\/uploads\\\/2025\\\/10\\\/1215487-1.jpeg\",\"datePublished\":\"2025-10-30T08:42:15+00:00\",\"dateModified\":\"2025-10-30T08:42:16+00:00\",\"author\":{\"@id\":\"https:\\\/\\\/mybook.am\\\/#\\\/schema\\\/person\\\/e730847942cff3a199774e803916e97e\"},\"breadcrumb\":{\"@id\":\"https:\\\/\\\/mybook.am\\\/?p=22382#breadcrumb\"},\"inLanguage\":\"ru-RU\",\"potentialAction\":[{\"@type\":\"ReadAction\",\"target\":[\"https:\\\/\\\/mybook.am\\\/?p=22382\"]}]},{\"@type\":\"ImageObject\",\"inLanguage\":\"ru-RU\",\"@id\":\"https:\\\/\\\/mybook.am\\\/?p=22382#primaryimage\",\"url\":\"https:\\\/\\\/mybook.am\\\/wp-content\\\/uploads\\\/2025\\\/10\\\/1215487-1.jpeg\",\"contentUrl\":\"https:\\\/\\\/mybook.am\\\/wp-content\\\/uploads\\\/2025\\\/10\\\/1215487-1.jpeg\",\"width\":526,\"height\":526},{\"@type\":\"BreadcrumbList\",\"@id\":\"https:\\\/\\\/mybook.am\\\/?p=22382#breadcrumb\",\"itemListElement\":[{\"@type\":\"ListItem\",\"position\":1,\"name\":\"\u0413\u043b\u0430\u0432\u043d\u0430\u044f \u0441\u0442\u0440\u0430\u043d\u0438\u0446\u0430\",\"item\":\"https:\\\/\\\/mybook.am\\\/\"},{\"@type\":\"ListItem\",\"position\":2,\"name\":\"Elle s&#8217;\u00e9lan\u00e7a vers les ours polaires \u2013 et le monde sembla s&#8217;arr\u00eater un instant.\"}]},{\"@type\":\"WebSite\",\"@id\":\"https:\\\/\\\/mybook.am\\\/#website\",\"url\":\"https:\\\/\\\/mybook.am\\\/\",\"name\":\"\",\"description\":\"\",\"potentialAction\":[{\"@type\":\"SearchAction\",\"target\":{\"@type\":\"EntryPoint\",\"urlTemplate\":\"https:\\\/\\\/mybook.am\\\/?s={search_term_string}\"},\"query-input\":{\"@type\":\"PropertyValueSpecification\",\"valueRequired\":true,\"valueName\":\"search_term_string\"}}],\"inLanguage\":\"ru-RU\"},{\"@type\":\"Person\",\"@id\":\"https:\\\/\\\/mybook.am\\\/#\\\/schema\\\/person\\\/e730847942cff3a199774e803916e97e\",\"name\":\"admin\",\"image\":{\"@type\":\"ImageObject\",\"inLanguage\":\"ru-RU\",\"@id\":\"https:\\\/\\\/secure.gravatar.com\\\/avatar\\\/df64e550a0653b7be0f1bcf897f33faad9c2c8153472b2d9319beafb51370f6f?s=96&d=mm&r=g\",\"url\":\"https:\\\/\\\/secure.gravatar.com\\\/avatar\\\/df64e550a0653b7be0f1bcf897f33faad9c2c8153472b2d9319beafb51370f6f?s=96&d=mm&r=g\",\"contentUrl\":\"https:\\\/\\\/secure.gravatar.com\\\/avatar\\\/df64e550a0653b7be0f1bcf897f33faad9c2c8153472b2d9319beafb51370f6f?s=96&d=mm&r=g\",\"caption\":\"admin\"},\"sameAs\":[\"http:\\\/\\\/mybook.am\"],\"url\":\"https:\\\/\\\/mybook.am\\\/?author=1\"}]}<\/script>\n<!-- \/ Yoast SEO plugin. -->","yoast_head_json":{"title":"Elle s'\u00e9lan\u00e7a vers les ours polaires \u2013 et le monde sembla s'arr\u00eater un instant. -","robots":{"index":"index","follow":"follow","max-snippet":"max-snippet:-1","max-image-preview":"max-image-preview:large","max-video-preview":"max-video-preview:-1"},"canonical":"https:\/\/mybook.am\/?p=22382","og_locale":"ru_RU","og_type":"article","og_title":"Elle s'\u00e9lan\u00e7a vers les ours polaires \u2013 et le monde sembla s'arr\u00eater un instant. -","og_description":"Elle se tenait pr\u00e8s de la barri\u00e8re de verre, les yeux \u00e9carquill\u00e9s. La foule autour d&#8217;elle chuchotait, quelqu&#8217;un filmait, quelqu&#8217;un criait. La femme","og_url":"https:\/\/mybook.am\/?p=22382","article_published_time":"2025-10-30T08:42:15+00:00","article_modified_time":"2025-10-30T08:42:16+00:00","og_image":[{"width":526,"height":526,"url":"https:\/\/mybook.am\/wp-content\/uploads\/2025\/10\/1215487-1.jpeg","type":"image\/jpeg"}],"author":"admin","twitter_card":"summary_large_image","twitter_misc":{"\u041d\u0430\u043f\u0438\u0441\u0430\u043d\u043e \u0430\u0432\u0442\u043e\u0440\u043e\u043c":"admin","\u041f\u0440\u0438\u043c\u0435\u0440\u043d\u043e\u0435 \u0432\u0440\u0435\u043c\u044f \u0434\u043b\u044f \u0447\u0442\u0435\u043d\u0438\u044f":"4 \u043c\u0438\u043d\u0443\u0442\u044b"},"schema":{"@context":"https:\/\/schema.org","@graph":[{"@type":"Article","@id":"https:\/\/mybook.am\/?p=22382#article","isPartOf":{"@id":"https:\/\/mybook.am\/?p=22382"},"author":{"name":"admin","@id":"https:\/\/mybook.am\/#\/schema\/person\/e730847942cff3a199774e803916e97e"},"headline":"Elle s&#8217;\u00e9lan\u00e7a vers les ours polaires \u2013 et le monde sembla s&#8217;arr\u00eater un instant.","datePublished":"2025-10-30T08:42:15+00:00","dateModified":"2025-10-30T08:42:16+00:00","mainEntityOfPage":{"@id":"https:\/\/mybook.am\/?p=22382"},"wordCount":675,"commentCount":0,"image":{"@id":"https:\/\/mybook.am\/?p=22382#primaryimage"},"thumbnailUrl":"https:\/\/mybook.am\/wp-content\/uploads\/2025\/10\/1215487-1.jpeg","articleSection":["FRANS"],"inLanguage":"ru-RU","potentialAction":[{"@type":"CommentAction","name":"Comment","target":["https:\/\/mybook.am\/?p=22382#respond"]}]},{"@type":"WebPage","@id":"https:\/\/mybook.am\/?p=22382","url":"https:\/\/mybook.am\/?p=22382","name":"Elle s'\u00e9lan\u00e7a vers les ours polaires \u2013 et le monde sembla s'arr\u00eater un instant. -","isPartOf":{"@id":"https:\/\/mybook.am\/#website"},"primaryImageOfPage":{"@id":"https:\/\/mybook.am\/?p=22382#primaryimage"},"image":{"@id":"https:\/\/mybook.am\/?p=22382#primaryimage"},"thumbnailUrl":"https:\/\/mybook.am\/wp-content\/uploads\/2025\/10\/1215487-1.jpeg","datePublished":"2025-10-30T08:42:15+00:00","dateModified":"2025-10-30T08:42:16+00:00","author":{"@id":"https:\/\/mybook.am\/#\/schema\/person\/e730847942cff3a199774e803916e97e"},"breadcrumb":{"@id":"https:\/\/mybook.am\/?p=22382#breadcrumb"},"inLanguage":"ru-RU","potentialAction":[{"@type":"ReadAction","target":["https:\/\/mybook.am\/?p=22382"]}]},{"@type":"ImageObject","inLanguage":"ru-RU","@id":"https:\/\/mybook.am\/?p=22382#primaryimage","url":"https:\/\/mybook.am\/wp-content\/uploads\/2025\/10\/1215487-1.jpeg","contentUrl":"https:\/\/mybook.am\/wp-content\/uploads\/2025\/10\/1215487-1.jpeg","width":526,"height":526},{"@type":"BreadcrumbList","@id":"https:\/\/mybook.am\/?p=22382#breadcrumb","itemListElement":[{"@type":"ListItem","position":1,"name":"\u0413\u043b\u0430\u0432\u043d\u0430\u044f \u0441\u0442\u0440\u0430\u043d\u0438\u0446\u0430","item":"https:\/\/mybook.am\/"},{"@type":"ListItem","position":2,"name":"Elle s&#8217;\u00e9lan\u00e7a vers les ours polaires \u2013 et le monde sembla s&#8217;arr\u00eater un instant."}]},{"@type":"WebSite","@id":"https:\/\/mybook.am\/#website","url":"https:\/\/mybook.am\/","name":"","description":"","potentialAction":[{"@type":"SearchAction","target":{"@type":"EntryPoint","urlTemplate":"https:\/\/mybook.am\/?s={search_term_string}"},"query-input":{"@type":"PropertyValueSpecification","valueRequired":true,"valueName":"search_term_string"}}],"inLanguage":"ru-RU"},{"@type":"Person","@id":"https:\/\/mybook.am\/#\/schema\/person\/e730847942cff3a199774e803916e97e","name":"admin","image":{"@type":"ImageObject","inLanguage":"ru-RU","@id":"https:\/\/secure.gravatar.com\/avatar\/df64e550a0653b7be0f1bcf897f33faad9c2c8153472b2d9319beafb51370f6f?s=96&d=mm&r=g","url":"https:\/\/secure.gravatar.com\/avatar\/df64e550a0653b7be0f1bcf897f33faad9c2c8153472b2d9319beafb51370f6f?s=96&d=mm&r=g","contentUrl":"https:\/\/secure.gravatar.com\/avatar\/df64e550a0653b7be0f1bcf897f33faad9c2c8153472b2d9319beafb51370f6f?s=96&d=mm&r=g","caption":"admin"},"sameAs":["http:\/\/mybook.am"],"url":"https:\/\/mybook.am\/?author=1"}]}},"views":105,"_links":{"self":[{"href":"https:\/\/mybook.am\/index.php?rest_route=\/wp\/v2\/posts\/22382","targetHints":{"allow":["GET"]}}],"collection":[{"href":"https:\/\/mybook.am\/index.php?rest_route=\/wp\/v2\/posts"}],"about":[{"href":"https:\/\/mybook.am\/index.php?rest_route=\/wp\/v2\/types\/post"}],"author":[{"embeddable":true,"href":"https:\/\/mybook.am\/index.php?rest_route=\/wp\/v2\/users\/1"}],"replies":[{"embeddable":true,"href":"https:\/\/mybook.am\/index.php?rest_route=%2Fwp%2Fv2%2Fcomments&post=22382"}],"version-history":[{"count":1,"href":"https:\/\/mybook.am\/index.php?rest_route=\/wp\/v2\/posts\/22382\/revisions"}],"predecessor-version":[{"id":22384,"href":"https:\/\/mybook.am\/index.php?rest_route=\/wp\/v2\/posts\/22382\/revisions\/22384"}],"wp:featuredmedia":[{"embeddable":true,"href":"https:\/\/mybook.am\/index.php?rest_route=\/wp\/v2\/media\/22383"}],"wp:attachment":[{"href":"https:\/\/mybook.am\/index.php?rest_route=%2Fwp%2Fv2%2Fmedia&parent=22382"}],"wp:term":[{"taxonomy":"category","embeddable":true,"href":"https:\/\/mybook.am\/index.php?rest_route=%2Fwp%2Fv2%2Fcategories&post=22382"},{"taxonomy":"post_tag","embeddable":true,"href":"https:\/\/mybook.am\/index.php?rest_route=%2Fwp%2Fv2%2Ftags&post=22382"}],"curies":[{"name":"wp","href":"https:\/\/api.w.org\/{rel}","templated":true}]}}