{"id":22385,"date":"2025-10-30T11:55:57","date_gmt":"2025-10-30T08:55:57","guid":{"rendered":"https:\/\/mybook.am\/?p=22385"},"modified":"2025-10-30T11:55:57","modified_gmt":"2025-10-30T08:55:57","slug":"vydala-se-do-srdce-afriky-za-laskou-ale-skutecna-cesta-domu-zacala-az-tehdy-kdyz-se-rozhodla-odejit","status":"publish","type":"post","link":"https:\/\/mybook.am\/?p=22385","title":{"rendered":"Vydala se do srdce Afriky za l\u00e1skou. Ale skute\u010dn\u00e1 cesta dom\u016f za\u010dala a\u017e tehdy, kdy\u017e se rozhodla odej\u00edt."},"content":{"rendered":"\n<p class=\"has-medium-font-size\">P\u00edsek j\u00ed p\u00e1lil nohy, slunce j\u00ed p\u00e1lilo do o\u010d\u00ed a vzduch von\u011bl kou\u0159em a ml\u00e9kem. Corinne kr\u00e1\u010dela po ke\u0148sk\u00e9 p\u016fd\u011b \u2013 t\u00e9 sam\u00e9 zemi, kam ji zavedlo jej\u00ed bezohledn\u00e9 \u201eano\u201c jej\u00edmu srdci. Je\u0161t\u011b v\u010dera st\u00e1la za pultem ve \u0161v\u00fdcarsk\u00e9m obchod\u011b a dnes nesla na hlav\u011b d\u017eb\u00e1n vody mezi \u017eenami v barevn\u00fdch saronz\u00edch. V\u0161echno kolem se j\u00ed zd\u00e1lo ciz\u00ed \u2013 a z\u00e1rove\u0148 bolestn\u011b skute\u010dn\u00e9. Vybrala si l\u00e1sku. A l\u00e1ska, jak se \u0159\u00edk\u00e1, nezn\u00e1 geografii.<\/p>\n\n\n\n<p class=\"has-medium-font-size\">Zpo\u010d\u00e1tku se c\u00edtila jako ve snu. Mu\u017ei s o\u0161t\u011bpy, \u010derven\u00e1 hl\u00edna pod nohama, zvuk bubn\u016f v noci. Jeho sm\u00edch \u2013 bohat\u00fd jako med. Jeho pohled \u2013 sebev\u011bdom\u00fd jako slunce nad savanou. Corinne se u\u010dila v\u0161echno znovu: jak va\u0159it j\u00eddlo na uhl\u00ed, rozum\u011bt znakov\u00e9 \u0159e\u010di, sn\u00e1\u0161et horko a hmyz. Kdy\u017e se j\u00ed narodila dcera, poprv\u00e9 c\u00edtila, \u017ee pat\u0159\u00ed do tohoto sv\u011bta, jako by se \u0160v\u00fdcarsko stalo vzd\u00e1len\u00fdm snem a Ke\u0148a jej\u00ed novou pravdou.<\/p>\n\n\n\n<figure class=\"wp-block-image size-full\"><img loading=\"lazy\" decoding=\"async\" width=\"900\" height=\"616\" src=\"https:\/\/mybook.am\/wp-content\/uploads\/2025\/10\/121564156.jpeg\" alt=\"\" class=\"wp-image-22387\" srcset=\"https:\/\/mybook.am\/wp-content\/uploads\/2025\/10\/121564156.jpeg 900w, https:\/\/mybook.am\/wp-content\/uploads\/2025\/10\/121564156-300x205.jpeg 300w, https:\/\/mybook.am\/wp-content\/uploads\/2025\/10\/121564156-768x526.jpeg 768w\" sizes=\"auto, (max-width: 900px) 100vw, 900px\" \/><\/figure>\n\n\n\n<p class=\"has-medium-font-size\">Ale pravda je jen z\u0159\u00eddka jedna. Zpo\u010d\u00e1tku to byly mali\u010dkosti \u2013 nevy\u0159\u010den\u00e1 slova, nedorozum\u011bn\u00ed v o\u010d\u00edch. Pak \u2013 ticho, v n\u011bm\u017e se hromadilo v\u0161echno: \u00fanava, \u017e\u00e1rlivost, rozd\u00edly v kultur\u00e1ch, o\u010dek\u00e1v\u00e1n\u00ed, dechy. Pod\u00edvala se na sv\u00e9ho man\u017eela a pochopila: mezi nimi te\u010f nele\u017eela l\u00e1ska, ale propast mezi dv\u011bma sv\u011bty, p\u0159\u00edli\u0161 odli\u0161n\u00fdmi na to, aby se spojily. A p\u0159esto \u2013 jak mohl \u010dlov\u011bk prost\u011b odej\u00edt, kdy\u017e srdce st\u00e1le dr\u017eelo?<\/p>\n\n\n\n<p class=\"has-medium-font-size\">N\u011bkdy v noci sed\u00e1vala u chatr\u010de a poslouchala k\u0159ik \u0161akal\u016f. \u201eJe tohle m\u016fj \u017eivot?\u201c ptala se sama sebe. V\u00edtr odpov\u011bd\u011bl tichem.<br>\u201eSt\u00fdsk\u00e1 se ti po domov\u011b?\u201c zeptala se jednoho dne sousedka, star\u00e1 \u017eena s o\u010dima pln\u00fdma moudrosti.<br>\u201eCo je to domov?\u201c odpov\u011bd\u011bla Corinne a \u017eena jen p\u0159ik\u00fdvla, jako by v\u011bd\u011bla, \u017ee odpov\u011b\u010f nep\u0159ijde ve slovech, ale v \u010dase.<\/p>\n\n\n\n<p class=\"has-medium-font-size\">Zlom nep\u0159i\u0161el v bou\u0159i ani v slz\u00e1ch. Jednoho dne se prost\u011b probudila a c\u00edtila, jak se v n\u00ed v\u0161echno uti\u0161uje. L\u00e1ska nezmizela, ale zt\u011b\u017ekla, jako k\u00e1men odnesen\u00fd ze zvyku. Pak vzala dceru do n\u00e1ru\u010de a \u0161la. \u017d\u00e1dn\u00e9 lou\u010den\u00ed, \u017e\u00e1dn\u00e1 hlasit\u00e1 slova. Jen zvuk krok\u016f v rann\u00edm prachu a jemn\u00e9 \u0161ust\u011bn\u00ed tr\u00e1vy, kter\u00e1 se p\u0159ed n\u00ed rozestupovala.<\/p>\n\n\n\n<p class=\"has-medium-font-size\">Jej\u00ed cesta dom\u016f byla dlouh\u00e1 \u2013 ne v kilometrech, ale ve v\u011bdom\u00ed. V letadle se pod\u00edvala z okna: pod k\u0159\u00eddlem se vzn\u00e1\u0161ely mraky, jako str\u00e1nky obracen\u00e9 n\u011bk\u00fdm neviditeln\u00fdm. Pochopila \u2013 nebyla to Corinne, kter\u00e1 ode\u0161la, kdo se vrac\u00ed. V t\u00e9to nov\u00e9 Corinne se spojily dv\u011b \u017eeny: \u0160v\u00fdcarka a masajsk\u00e1 man\u017eelka. Jedna se nau\u010dila milovat, druh\u00e1 nechat j\u00edt.<\/p>\n\n\n\n<p class=\"has-medium-font-size\">Je odchod por\u00e1\u017ekou? Nebo je to mo\u017en\u00e1 nejvy\u0161\u0161\u00ed projev s\u00edly: uznat, \u017ee l\u00e1ska se nemus\u00ed dr\u017eet, aby byla pravdiv\u00e1? N\u011bkdy mus\u00edte povolit sev\u0159en\u00ed, abyste se neztratili s t\u00edm, koho milujete.<\/p>\n\n\n\n<p class=\"has-medium-font-size\">Ve \u0160v\u00fdcarsku se vzduch zd\u00e1l steriln\u00ed, ulice p\u0159\u00edli\u0161 hladk\u00e9. Ale uvnit\u0159 n\u00ed panovalo jin\u00e9 ticho \u2013 ne pr\u00e1zdnota, ale p\u0159ijat\u00e1 realita. U\u017e nehledala ide\u00e1l. Nesla v sob\u011b Afriku \u2013 ne jako ztr\u00e1tu, ale jako d\u016fkaz, \u017ee srdce je schopn\u00e9 \u0161\u00edlenstv\u00ed a mysl odpu\u0161t\u011bn\u00ed.<\/p>\n\n\n\n<p class=\"has-medium-font-size\">Jednoho dne polo\u017eila na polici starou fotografii: on, ona a jejich dcera \u2013 na pozad\u00ed savany, kde se prach m\u00eds\u00ed se z\u00e1padem slunce. A usm\u00e1la se. Proto\u017ee pochopila: cesta dom\u016f nen\u00ed n\u00e1vrat, ale probuzen\u00ed.<br>A l\u00e1ska\u2026 je st\u00e1le tam, kde za\u010dala. Jen te\u010f \u2013 uvnit\u0159.<\/p>\n","protected":false},"excerpt":{"rendered":"P\u00edsek j\u00ed p\u00e1lil nohy, slunce j\u00ed p\u00e1lilo do o\u010d\u00ed a vzduch von\u011bl kou\u0159em a ml\u00e9kem. Corinne kr\u00e1\u010dela po ke\u0148sk\u00e9 p\u016fd\u011b \u2013 t\u00e9 sam\u00e9 \n<a class=\"moretag\" href=\"https:\/\/mybook.am\/?p=22385\"> [...]<\/a>","protected":false},"author":1,"featured_media":22387,"comment_status":"open","ping_status":"open","sticky":false,"template":"","format":"standard","meta":{"footnotes":""},"categories":[1],"tags":[],"class_list":["post-22385","post","type-post","status-publish","format-standard","has-post-thumbnail","hentry","category-ceska"],"yoast_head":"<!-- This site is optimized with the Yoast SEO plugin v27.5 - https:\/\/yoast.com\/product\/yoast-seo-wordpress\/ -->\n<title>Vydala se do srdce Afriky za l\u00e1skou. Ale skute\u010dn\u00e1 cesta dom\u016f za\u010dala a\u017e tehdy, kdy\u017e se rozhodla odej\u00edt. -<\/title>\n<meta name=\"robots\" content=\"index, follow, max-snippet:-1, max-image-preview:large, max-video-preview:-1\" \/>\n<link rel=\"canonical\" href=\"https:\/\/mybook.am\/?p=22385\" \/>\n<meta property=\"og:locale\" content=\"ru_RU\" \/>\n<meta property=\"og:type\" content=\"article\" \/>\n<meta property=\"og:title\" content=\"Vydala se do srdce Afriky za l\u00e1skou. Ale skute\u010dn\u00e1 cesta dom\u016f za\u010dala a\u017e tehdy, kdy\u017e se rozhodla odej\u00edt. -\" \/>\n<meta property=\"og:description\" content=\"P\u00edsek j\u00ed p\u00e1lil nohy, slunce j\u00ed p\u00e1lilo do o\u010d\u00ed a vzduch von\u011bl kou\u0159em a ml\u00e9kem. Corinne kr\u00e1\u010dela po ke\u0148sk\u00e9 p\u016fd\u011b \u2013 t\u00e9 sam\u00e9\" \/>\n<meta property=\"og:url\" content=\"https:\/\/mybook.am\/?p=22385\" \/>\n<meta property=\"article:published_time\" content=\"2025-10-30T08:55:57+00:00\" \/>\n<meta property=\"og:image\" content=\"https:\/\/mybook.am\/wp-content\/uploads\/2025\/10\/121564156.jpeg\" \/>\n\t<meta property=\"og:image:width\" content=\"900\" \/>\n\t<meta property=\"og:image:height\" content=\"616\" \/>\n\t<meta property=\"og:image:type\" content=\"image\/jpeg\" \/>\n<meta name=\"author\" content=\"admin\" \/>\n<meta name=\"twitter:card\" content=\"summary_large_image\" \/>\n<meta name=\"twitter:label1\" content=\"\u041d\u0430\u043f\u0438\u0441\u0430\u043d\u043e \u0430\u0432\u0442\u043e\u0440\u043e\u043c\" \/>\n\t<meta name=\"twitter:data1\" content=\"admin\" \/>\n\t<meta name=\"twitter:label2\" content=\"\u041f\u0440\u0438\u043c\u0435\u0440\u043d\u043e\u0435 \u0432\u0440\u0435\u043c\u044f \u0434\u043b\u044f \u0447\u0442\u0435\u043d\u0438\u044f\" \/>\n\t<meta name=\"twitter:data2\" content=\"4 \u043c\u0438\u043d\u0443\u0442\u044b\" \/>\n<script type=\"application\/ld+json\" class=\"yoast-schema-graph\">{\"@context\":\"https:\\\/\\\/schema.org\",\"@graph\":[{\"@type\":\"Article\",\"@id\":\"https:\\\/\\\/mybook.am\\\/?p=22385#article\",\"isPartOf\":{\"@id\":\"https:\\\/\\\/mybook.am\\\/?p=22385\"},\"author\":{\"name\":\"admin\",\"@id\":\"https:\\\/\\\/mybook.am\\\/#\\\/schema\\\/person\\\/e730847942cff3a199774e803916e97e\"},\"headline\":\"Vydala se do srdce Afriky za l\u00e1skou. Ale skute\u010dn\u00e1 cesta dom\u016f za\u010dala a\u017e tehdy, kdy\u017e se rozhodla odej\u00edt.\",\"datePublished\":\"2025-10-30T08:55:57+00:00\",\"mainEntityOfPage\":{\"@id\":\"https:\\\/\\\/mybook.am\\\/?p=22385\"},\"wordCount\":661,\"commentCount\":0,\"image\":{\"@id\":\"https:\\\/\\\/mybook.am\\\/?p=22385#primaryimage\"},\"thumbnailUrl\":\"https:\\\/\\\/mybook.am\\\/wp-content\\\/uploads\\\/2025\\\/10\\\/121564156.jpeg\",\"articleSection\":[\"\u010cesk\u00e1\"],\"inLanguage\":\"ru-RU\",\"potentialAction\":[{\"@type\":\"CommentAction\",\"name\":\"Comment\",\"target\":[\"https:\\\/\\\/mybook.am\\\/?p=22385#respond\"]}]},{\"@type\":\"WebPage\",\"@id\":\"https:\\\/\\\/mybook.am\\\/?p=22385\",\"url\":\"https:\\\/\\\/mybook.am\\\/?p=22385\",\"name\":\"Vydala se do srdce Afriky za l\u00e1skou. Ale skute\u010dn\u00e1 cesta dom\u016f za\u010dala a\u017e tehdy, kdy\u017e se rozhodla odej\u00edt. -\",\"isPartOf\":{\"@id\":\"https:\\\/\\\/mybook.am\\\/#website\"},\"primaryImageOfPage\":{\"@id\":\"https:\\\/\\\/mybook.am\\\/?p=22385#primaryimage\"},\"image\":{\"@id\":\"https:\\\/\\\/mybook.am\\\/?p=22385#primaryimage\"},\"thumbnailUrl\":\"https:\\\/\\\/mybook.am\\\/wp-content\\\/uploads\\\/2025\\\/10\\\/121564156.jpeg\",\"datePublished\":\"2025-10-30T08:55:57+00:00\",\"author\":{\"@id\":\"https:\\\/\\\/mybook.am\\\/#\\\/schema\\\/person\\\/e730847942cff3a199774e803916e97e\"},\"breadcrumb\":{\"@id\":\"https:\\\/\\\/mybook.am\\\/?p=22385#breadcrumb\"},\"inLanguage\":\"ru-RU\",\"potentialAction\":[{\"@type\":\"ReadAction\",\"target\":[\"https:\\\/\\\/mybook.am\\\/?p=22385\"]}]},{\"@type\":\"ImageObject\",\"inLanguage\":\"ru-RU\",\"@id\":\"https:\\\/\\\/mybook.am\\\/?p=22385#primaryimage\",\"url\":\"https:\\\/\\\/mybook.am\\\/wp-content\\\/uploads\\\/2025\\\/10\\\/121564156.jpeg\",\"contentUrl\":\"https:\\\/\\\/mybook.am\\\/wp-content\\\/uploads\\\/2025\\\/10\\\/121564156.jpeg\",\"width\":900,\"height\":616},{\"@type\":\"BreadcrumbList\",\"@id\":\"https:\\\/\\\/mybook.am\\\/?p=22385#breadcrumb\",\"itemListElement\":[{\"@type\":\"ListItem\",\"position\":1,\"name\":\"\u0413\u043b\u0430\u0432\u043d\u0430\u044f \u0441\u0442\u0440\u0430\u043d\u0438\u0446\u0430\",\"item\":\"https:\\\/\\\/mybook.am\\\/\"},{\"@type\":\"ListItem\",\"position\":2,\"name\":\"Vydala se do srdce Afriky za l\u00e1skou. Ale skute\u010dn\u00e1 cesta dom\u016f za\u010dala a\u017e tehdy, kdy\u017e se rozhodla odej\u00edt.\"}]},{\"@type\":\"WebSite\",\"@id\":\"https:\\\/\\\/mybook.am\\\/#website\",\"url\":\"https:\\\/\\\/mybook.am\\\/\",\"name\":\"\",\"description\":\"\",\"potentialAction\":[{\"@type\":\"SearchAction\",\"target\":{\"@type\":\"EntryPoint\",\"urlTemplate\":\"https:\\\/\\\/mybook.am\\\/?s={search_term_string}\"},\"query-input\":{\"@type\":\"PropertyValueSpecification\",\"valueRequired\":true,\"valueName\":\"search_term_string\"}}],\"inLanguage\":\"ru-RU\"},{\"@type\":\"Person\",\"@id\":\"https:\\\/\\\/mybook.am\\\/#\\\/schema\\\/person\\\/e730847942cff3a199774e803916e97e\",\"name\":\"admin\",\"image\":{\"@type\":\"ImageObject\",\"inLanguage\":\"ru-RU\",\"@id\":\"https:\\\/\\\/secure.gravatar.com\\\/avatar\\\/df64e550a0653b7be0f1bcf897f33faad9c2c8153472b2d9319beafb51370f6f?s=96&d=mm&r=g\",\"url\":\"https:\\\/\\\/secure.gravatar.com\\\/avatar\\\/df64e550a0653b7be0f1bcf897f33faad9c2c8153472b2d9319beafb51370f6f?s=96&d=mm&r=g\",\"contentUrl\":\"https:\\\/\\\/secure.gravatar.com\\\/avatar\\\/df64e550a0653b7be0f1bcf897f33faad9c2c8153472b2d9319beafb51370f6f?s=96&d=mm&r=g\",\"caption\":\"admin\"},\"sameAs\":[\"http:\\\/\\\/mybook.am\"],\"url\":\"https:\\\/\\\/mybook.am\\\/?author=1\"}]}<\/script>\n<!-- \/ Yoast SEO plugin. -->","yoast_head_json":{"title":"Vydala se do srdce Afriky za l\u00e1skou. Ale skute\u010dn\u00e1 cesta dom\u016f za\u010dala a\u017e tehdy, kdy\u017e se rozhodla odej\u00edt. -","robots":{"index":"index","follow":"follow","max-snippet":"max-snippet:-1","max-image-preview":"max-image-preview:large","max-video-preview":"max-video-preview:-1"},"canonical":"https:\/\/mybook.am\/?p=22385","og_locale":"ru_RU","og_type":"article","og_title":"Vydala se do srdce Afriky za l\u00e1skou. Ale skute\u010dn\u00e1 cesta dom\u016f za\u010dala a\u017e tehdy, kdy\u017e se rozhodla odej\u00edt. -","og_description":"P\u00edsek j\u00ed p\u00e1lil nohy, slunce j\u00ed p\u00e1lilo do o\u010d\u00ed a vzduch von\u011bl kou\u0159em a ml\u00e9kem. Corinne kr\u00e1\u010dela po ke\u0148sk\u00e9 p\u016fd\u011b \u2013 t\u00e9 sam\u00e9","og_url":"https:\/\/mybook.am\/?p=22385","article_published_time":"2025-10-30T08:55:57+00:00","og_image":[{"width":900,"height":616,"url":"https:\/\/mybook.am\/wp-content\/uploads\/2025\/10\/121564156.jpeg","type":"image\/jpeg"}],"author":"admin","twitter_card":"summary_large_image","twitter_misc":{"\u041d\u0430\u043f\u0438\u0441\u0430\u043d\u043e \u0430\u0432\u0442\u043e\u0440\u043e\u043c":"admin","\u041f\u0440\u0438\u043c\u0435\u0440\u043d\u043e\u0435 \u0432\u0440\u0435\u043c\u044f \u0434\u043b\u044f \u0447\u0442\u0435\u043d\u0438\u044f":"4 \u043c\u0438\u043d\u0443\u0442\u044b"},"schema":{"@context":"https:\/\/schema.org","@graph":[{"@type":"Article","@id":"https:\/\/mybook.am\/?p=22385#article","isPartOf":{"@id":"https:\/\/mybook.am\/?p=22385"},"author":{"name":"admin","@id":"https:\/\/mybook.am\/#\/schema\/person\/e730847942cff3a199774e803916e97e"},"headline":"Vydala se do srdce Afriky za l\u00e1skou. Ale skute\u010dn\u00e1 cesta dom\u016f za\u010dala a\u017e tehdy, kdy\u017e se rozhodla odej\u00edt.","datePublished":"2025-10-30T08:55:57+00:00","mainEntityOfPage":{"@id":"https:\/\/mybook.am\/?p=22385"},"wordCount":661,"commentCount":0,"image":{"@id":"https:\/\/mybook.am\/?p=22385#primaryimage"},"thumbnailUrl":"https:\/\/mybook.am\/wp-content\/uploads\/2025\/10\/121564156.jpeg","articleSection":["\u010cesk\u00e1"],"inLanguage":"ru-RU","potentialAction":[{"@type":"CommentAction","name":"Comment","target":["https:\/\/mybook.am\/?p=22385#respond"]}]},{"@type":"WebPage","@id":"https:\/\/mybook.am\/?p=22385","url":"https:\/\/mybook.am\/?p=22385","name":"Vydala se do srdce Afriky za l\u00e1skou. Ale skute\u010dn\u00e1 cesta dom\u016f za\u010dala a\u017e tehdy, kdy\u017e se rozhodla odej\u00edt. -","isPartOf":{"@id":"https:\/\/mybook.am\/#website"},"primaryImageOfPage":{"@id":"https:\/\/mybook.am\/?p=22385#primaryimage"},"image":{"@id":"https:\/\/mybook.am\/?p=22385#primaryimage"},"thumbnailUrl":"https:\/\/mybook.am\/wp-content\/uploads\/2025\/10\/121564156.jpeg","datePublished":"2025-10-30T08:55:57+00:00","author":{"@id":"https:\/\/mybook.am\/#\/schema\/person\/e730847942cff3a199774e803916e97e"},"breadcrumb":{"@id":"https:\/\/mybook.am\/?p=22385#breadcrumb"},"inLanguage":"ru-RU","potentialAction":[{"@type":"ReadAction","target":["https:\/\/mybook.am\/?p=22385"]}]},{"@type":"ImageObject","inLanguage":"ru-RU","@id":"https:\/\/mybook.am\/?p=22385#primaryimage","url":"https:\/\/mybook.am\/wp-content\/uploads\/2025\/10\/121564156.jpeg","contentUrl":"https:\/\/mybook.am\/wp-content\/uploads\/2025\/10\/121564156.jpeg","width":900,"height":616},{"@type":"BreadcrumbList","@id":"https:\/\/mybook.am\/?p=22385#breadcrumb","itemListElement":[{"@type":"ListItem","position":1,"name":"\u0413\u043b\u0430\u0432\u043d\u0430\u044f \u0441\u0442\u0440\u0430\u043d\u0438\u0446\u0430","item":"https:\/\/mybook.am\/"},{"@type":"ListItem","position":2,"name":"Vydala se do srdce Afriky za l\u00e1skou. Ale skute\u010dn\u00e1 cesta dom\u016f za\u010dala a\u017e tehdy, kdy\u017e se rozhodla odej\u00edt."}]},{"@type":"WebSite","@id":"https:\/\/mybook.am\/#website","url":"https:\/\/mybook.am\/","name":"","description":"","potentialAction":[{"@type":"SearchAction","target":{"@type":"EntryPoint","urlTemplate":"https:\/\/mybook.am\/?s={search_term_string}"},"query-input":{"@type":"PropertyValueSpecification","valueRequired":true,"valueName":"search_term_string"}}],"inLanguage":"ru-RU"},{"@type":"Person","@id":"https:\/\/mybook.am\/#\/schema\/person\/e730847942cff3a199774e803916e97e","name":"admin","image":{"@type":"ImageObject","inLanguage":"ru-RU","@id":"https:\/\/secure.gravatar.com\/avatar\/df64e550a0653b7be0f1bcf897f33faad9c2c8153472b2d9319beafb51370f6f?s=96&d=mm&r=g","url":"https:\/\/secure.gravatar.com\/avatar\/df64e550a0653b7be0f1bcf897f33faad9c2c8153472b2d9319beafb51370f6f?s=96&d=mm&r=g","contentUrl":"https:\/\/secure.gravatar.com\/avatar\/df64e550a0653b7be0f1bcf897f33faad9c2c8153472b2d9319beafb51370f6f?s=96&d=mm&r=g","caption":"admin"},"sameAs":["http:\/\/mybook.am"],"url":"https:\/\/mybook.am\/?author=1"}]}},"views":114,"_links":{"self":[{"href":"https:\/\/mybook.am\/index.php?rest_route=\/wp\/v2\/posts\/22385","targetHints":{"allow":["GET"]}}],"collection":[{"href":"https:\/\/mybook.am\/index.php?rest_route=\/wp\/v2\/posts"}],"about":[{"href":"https:\/\/mybook.am\/index.php?rest_route=\/wp\/v2\/types\/post"}],"author":[{"embeddable":true,"href":"https:\/\/mybook.am\/index.php?rest_route=\/wp\/v2\/users\/1"}],"replies":[{"embeddable":true,"href":"https:\/\/mybook.am\/index.php?rest_route=%2Fwp%2Fv2%2Fcomments&post=22385"}],"version-history":[{"count":1,"href":"https:\/\/mybook.am\/index.php?rest_route=\/wp\/v2\/posts\/22385\/revisions"}],"predecessor-version":[{"id":22388,"href":"https:\/\/mybook.am\/index.php?rest_route=\/wp\/v2\/posts\/22385\/revisions\/22388"}],"wp:featuredmedia":[{"embeddable":true,"href":"https:\/\/mybook.am\/index.php?rest_route=\/wp\/v2\/media\/22387"}],"wp:attachment":[{"href":"https:\/\/mybook.am\/index.php?rest_route=%2Fwp%2Fv2%2Fmedia&parent=22385"}],"wp:term":[{"taxonomy":"category","embeddable":true,"href":"https:\/\/mybook.am\/index.php?rest_route=%2Fwp%2Fv2%2Fcategories&post=22385"},{"taxonomy":"post_tag","embeddable":true,"href":"https:\/\/mybook.am\/index.php?rest_route=%2Fwp%2Fv2%2Ftags&post=22385"}],"curies":[{"name":"wp","href":"https:\/\/api.w.org\/{rel}","templated":true}]}}