{"id":22402,"date":"2025-10-30T12:30:50","date_gmt":"2025-10-30T09:30:50","guid":{"rendered":"https:\/\/mybook.am\/?p=22402"},"modified":"2025-10-30T12:30:51","modified_gmt":"2025-10-30T09:30:51","slug":"les-nains-dauschwitz-survivants-du-laboratoire-du-diable","status":"publish","type":"post","link":"https:\/\/mybook.am\/?p=22402","title":{"rendered":"Les Nains d&#8217;Auschwitz : Survivants du Laboratoire du Diable"},"content":{"rendered":"\n<p class=\"has-medium-font-size\">Ils se tenaient en rang, de minuscules silhouettes presque enfantines, les yeux emplis de terreur. Le froid leur mordait le visage et l&#8217;air \u00e9tait impr\u00e9gn\u00e9 d&#8217;une odeur de fum\u00e9e et de chiffons br\u00fbl\u00e9s. Un soldat les observait avec curiosit\u00e9, comme s&#8217;il s&#8217;agissait d&#8217;\u00e9tranges animaux. Personne ne se doutait alors que ces personnes \u2013 les nains de la famille d&#8217;Auschwitz \u2013 survivraient au c\u0153ur m\u00eame de la folie, t\u00e9moins de l&#8217;enfer cr\u00e9\u00e9 par un homme qui se pr\u00e9tendait m\u00e9decin.<\/p>\n\n\n\n<p class=\"has-medium-font-size\">Josef Mengele apparut devant eux avec un sourire. Ce sourire \u2013 froid, presque poli \u2013 \u00e9tait plus terrifiant que n&#8217;importe quel cri. Il s&#8217;approcha, leur toucha le visage, mesura leurs cr\u00e2nes, leur caressa les \u00e9paules, comme s&#8217;il choisissait des sp\u00e9cimens rares pour une collection.<\/p>\n\n\n\n<figure class=\"wp-block-image size-large\"><img loading=\"lazy\" decoding=\"async\" width=\"1024\" height=\"690\" src=\"https:\/\/mybook.am\/wp-content\/uploads\/2025\/10\/78465464-1-1024x690.jpeg\" alt=\"\" class=\"wp-image-22403\" srcset=\"https:\/\/mybook.am\/wp-content\/uploads\/2025\/10\/78465464-1-1024x690.jpeg 1024w, https:\/\/mybook.am\/wp-content\/uploads\/2025\/10\/78465464-1-300x202.jpeg 300w, https:\/\/mybook.am\/wp-content\/uploads\/2025\/10\/78465464-1-768x518.jpeg 768w, https:\/\/mybook.am\/wp-content\/uploads\/2025\/10\/78465464-1.jpeg 1080w\" sizes=\"auto, (max-width: 1024px) 100vw, 1024px\" \/><\/figure>\n\n\n\n<p class=\"has-medium-font-size\">\u00ab Combien y en a-t-il ? \u00bb demanda-t-il.<\/p>\n\n\n\n<p class=\"has-medium-font-size\">\u00ab Sept \u00bb, r\u00e9pondit doucement l&#8217;a\u00een\u00e9e.<\/p>\n\n\n\n<p class=\"has-medium-font-size\">\u00ab Formidable. Sept petits miracles. \u00bb<\/p>\n\n\n\n<p class=\"has-medium-font-size\">Ainsi commen\u00e7a leur vie \u00e0 Auschwitz, non pas dans une baraque, mais dans un laboratoire. Ils ne furent pas tu\u00e9s sur-le-champ. On leur attribua une pi\u00e8ce \u00e0 part, o\u00f9 la lumi\u00e8re crue des lampes leur br\u00fblait les yeux et o\u00f9 l&#8217;air \u00e9tait impr\u00e9gn\u00e9 d&#8217;une odeur de javel et de terreur. Chaque jour, leurs corps devenaient les pages du livre de la folie de Mengele&nbsp;: sang, pr\u00e9l\u00e8vements, aiguilles, eau bouillante et glace. On leur injectait des substances sans explication. Parfois, on se contentait d&#8217;observer combien de temps une personne pouvait crier avant que sa voix ne se brise.<\/p>\n\n\n\n<p class=\"has-medium-font-size\">Un jour, il ordonna qu&#8217;on leur apporte des instruments de musique.<\/p>\n\n\n\n<p class=\"has-medium-font-size\">\u00ab&nbsp;Qu&#8217;ils jouent&nbsp;\u00bb, dit-il, \u00ab&nbsp;je veux entendre une symphonie de nains.\u00bb<\/p>\n\n\n\n<p class=\"has-medium-font-size\">Et ils jou\u00e8rent, les mains tremblantes, les l\u00e8vres dess\u00e9ch\u00e9es par la douleur. Le violon fr\u00e9missait entre leurs doigts comme un oiseau pris au pi\u00e8ge. Mengele, \u00e0 proximit\u00e9, \u00e9coutait, les yeux clos, comme s&#8217;il appr\u00e9ciait une \u0153uvre d&#8217;art. Quel \u00e9trange contraste&nbsp;: un homme subjugu\u00e9 par la musique, et le m\u00eame homme diss\u00e9quant des \u00eatres vivants par simple curiosit\u00e9.<\/p>\n\n\n\n<p class=\"has-medium-font-size\">Parfois, on les laissait errer dans le camp. Dans leurs v\u00eatements soign\u00e9s, presque festifs, ils semblaient venus d&#8217;une autre r\u00e9alit\u00e9. Les prisonniers les regardaient avec horreur et envie&nbsp;: apr\u00e8s tout, ces \u00eatres minuscules \u00e9taient encore en vie, tandis que des milliers d&#8217;autres mouraient chaque jour autour d&#8217;eux.<\/p>\n\n\n\n<p class=\"has-medium-font-size\">\u00ab&nbsp;Pourquoi sont-ils en vie&nbsp;?\u00bb demandaient-ils.<\/p>\n\n\n\n<p class=\"has-medium-font-size\">\u00ab&nbsp;Parce qu&#8217;il joue avec eux&nbsp;\u00bb, r\u00e9pondaient d&#8217;autres.<\/p>\n\n\n\n<p class=\"has-medium-font-size\">Un jour, la plus jeune s\u0153ur ne revint pas du laboratoire. Mengele dit qu&#8217;elle \u00ab&nbsp;ne supportait plus l&#8217;exp\u00e9rience&nbsp;\u00bb. Les autres gard\u00e8rent le silence. Ils avaient appris \u00e0 se taire pour survivre. Seule leur m\u00e8re, d\u00e9charn\u00e9e, les yeux \u00e9teints, r\u00e9p\u00e9tait la m\u00eame phrase&nbsp;:<\/p>\n\n\n\n<p class=\"has-medium-font-size\">\u00ab&nbsp;Qu&#8217;il croie que nous sommes des jouets. L&#8217;essentiel, c&#8217;est de vivre.\u00bb Un autre jour. Un autre matin.<\/p>\n\n\n\n<p class=\"has-medium-font-size\">Et puis\u2026 des coups de feu. Le tonnerre. La panique. Des soldats sovi\u00e9tiques entr\u00e8rent dans le camp. Pour la premi\u00e8re fois depuis des ann\u00e9es de silence, l&#8217;air r\u00e9sonna de sons autres que des cris.<\/p>\n\n\n\n<p class=\"has-medium-font-size\">Ils se tenaient l\u00e0, au milieu des ruines, des cendres et des cadavres, petits, carbonis\u00e9s, tremblants\u2026 mais vivants. Mengele \u00e9tait parti. Le laboratoire demeura vide, tel un trou noir ayant englouti toute humanit\u00e9.<\/p>\n\n\n\n<p class=\"has-medium-font-size\">Qu&#8217;est-ce qui les a sauv\u00e9s ? La cl\u00e9mence du destin ou la vanit\u00e9 perverse d&#8217;un monstre refusant de se s\u00e9parer de ses \u00ab&nbsp;pi\u00e8ces de collection&nbsp;\u00bb&nbsp;? Nul ne le sait. Mais les nains survivants d&#8217;Oschwitz ont plus tard racont\u00e9 au monde non pas leur propre histoire, mais celle de Mengele, l&#8217;ab\u00eeme dans lequel on peut sombrer lorsqu&#8217;on cesse de voir l&#8217;humanit\u00e9 en autrui.<\/p>\n\n\n\n<p class=\"has-medium-font-size\">Lorsqu&#8217;ils remont\u00e8rent sur sc\u00e8ne \u2013 ces m\u00eames nains qui avaient jadis jou\u00e9 sous les ordres de Mengele \u2013 leur musique sonna diff\u00e9remment. Chaque accord portait en lui un g\u00e9missement, une pri\u00e8re. Les gens pleuraient, sans se rendre compte que ces minuscules musiciens \u00e9taient des g\u00e9ants d&#8217;\u00e2me, ayant travers\u00e9 des flammes o\u00f9 m\u00eame les ombres ne pouvaient survivre.<\/p>\n\n\n\n<p class=\"has-medium-font-size\">Et si jamais quelqu&#8217;un demande&nbsp;: \u00ab&nbsp;Comment ont-ils fait&nbsp;?\u00bb, la r\u00e9ponse est simple. Ils ne pouvaient pas faire autrement que de survivre. Car, en survivant, ils sont devenus le miroir dans lequel l&#8217;humanit\u00e9 se voit d\u00e9masqu\u00e9e.<\/p>\n\n\n\n<p class=\"has-medium-font-size\">Et cette premi\u00e8re sc\u00e8ne \u2013 le froid, la fum\u00e9e, le regard du soldat \u2013 restera \u00e0 jamais grav\u00e9e dans leur m\u00e9moire. Seulement maintenant, quand leurs yeux se ferment, cela ne ressemble plus \u00e0 l&#8217;enfer. L&#8217;enfer, c&#8217;\u00e9tait alors. Maintenant, il n&#8217;y a plus que le silence. Et dans ce silence, au loin, on entend encore cette m\u00eame musique.<\/p>\n","protected":false},"excerpt":{"rendered":"Ils se tenaient en rang, de minuscules silhouettes presque enfantines, les yeux emplis de terreur. Le froid leur mordait le visage et l&#8217;air \n<a class=\"moretag\" href=\"https:\/\/mybook.am\/?p=22402\"> [...]<\/a>","protected":false},"author":1,"featured_media":22403,"comment_status":"open","ping_status":"open","sticky":false,"template":"","format":"standard","meta":{"footnotes":""},"categories":[3],"tags":[],"class_list":["post-22402","post","type-post","status-publish","format-standard","has-post-thumbnail","hentry","category-fotto"],"yoast_head":"<!-- This site is optimized with the Yoast SEO plugin v27.5 - https:\/\/yoast.com\/product\/yoast-seo-wordpress\/ -->\n<title>Les Nains d&#039;Auschwitz : Survivants du Laboratoire du Diable -<\/title>\n<meta name=\"robots\" content=\"index, follow, max-snippet:-1, max-image-preview:large, max-video-preview:-1\" \/>\n<link rel=\"canonical\" href=\"https:\/\/mybook.am\/?p=22402\" \/>\n<meta property=\"og:locale\" content=\"ru_RU\" \/>\n<meta property=\"og:type\" content=\"article\" \/>\n<meta property=\"og:title\" content=\"Les Nains d&#039;Auschwitz : Survivants du Laboratoire du Diable -\" \/>\n<meta property=\"og:description\" content=\"Ils se tenaient en rang, de minuscules silhouettes presque enfantines, les yeux emplis de terreur. Le froid leur mordait le visage et l&#8217;air\" \/>\n<meta property=\"og:url\" content=\"https:\/\/mybook.am\/?p=22402\" \/>\n<meta property=\"article:published_time\" content=\"2025-10-30T09:30:50+00:00\" \/>\n<meta property=\"article:modified_time\" content=\"2025-10-30T09:30:51+00:00\" \/>\n<meta property=\"og:image\" content=\"https:\/\/mybook.am\/wp-content\/uploads\/2025\/10\/78465464-1.jpeg\" \/>\n\t<meta property=\"og:image:width\" content=\"1080\" \/>\n\t<meta property=\"og:image:height\" content=\"728\" \/>\n\t<meta property=\"og:image:type\" content=\"image\/jpeg\" \/>\n<meta name=\"author\" content=\"admin\" \/>\n<meta name=\"twitter:card\" content=\"summary_large_image\" \/>\n<meta name=\"twitter:label1\" content=\"\u041d\u0430\u043f\u0438\u0441\u0430\u043d\u043e \u0430\u0432\u0442\u043e\u0440\u043e\u043c\" \/>\n\t<meta name=\"twitter:data1\" content=\"admin\" \/>\n\t<meta name=\"twitter:label2\" content=\"\u041f\u0440\u0438\u043c\u0435\u0440\u043d\u043e\u0435 \u0432\u0440\u0435\u043c\u044f \u0434\u043b\u044f \u0447\u0442\u0435\u043d\u0438\u044f\" \/>\n\t<meta name=\"twitter:data2\" content=\"5 \u043c\u0438\u043d\u0443\u0442\" \/>\n<script type=\"application\/ld+json\" class=\"yoast-schema-graph\">{\"@context\":\"https:\\\/\\\/schema.org\",\"@graph\":[{\"@type\":\"Article\",\"@id\":\"https:\\\/\\\/mybook.am\\\/?p=22402#article\",\"isPartOf\":{\"@id\":\"https:\\\/\\\/mybook.am\\\/?p=22402\"},\"author\":{\"name\":\"admin\",\"@id\":\"https:\\\/\\\/mybook.am\\\/#\\\/schema\\\/person\\\/e730847942cff3a199774e803916e97e\"},\"headline\":\"Les Nains d&#8217;Auschwitz : Survivants du Laboratoire du Diable\",\"datePublished\":\"2025-10-30T09:30:50+00:00\",\"dateModified\":\"2025-10-30T09:30:51+00:00\",\"mainEntityOfPage\":{\"@id\":\"https:\\\/\\\/mybook.am\\\/?p=22402\"},\"wordCount\":836,\"commentCount\":0,\"image\":{\"@id\":\"https:\\\/\\\/mybook.am\\\/?p=22402#primaryimage\"},\"thumbnailUrl\":\"https:\\\/\\\/mybook.am\\\/wp-content\\\/uploads\\\/2025\\\/10\\\/78465464-1.jpeg\",\"articleSection\":[\"FRANS\"],\"inLanguage\":\"ru-RU\",\"potentialAction\":[{\"@type\":\"CommentAction\",\"name\":\"Comment\",\"target\":[\"https:\\\/\\\/mybook.am\\\/?p=22402#respond\"]}]},{\"@type\":\"WebPage\",\"@id\":\"https:\\\/\\\/mybook.am\\\/?p=22402\",\"url\":\"https:\\\/\\\/mybook.am\\\/?p=22402\",\"name\":\"Les Nains d'Auschwitz : Survivants du Laboratoire du Diable -\",\"isPartOf\":{\"@id\":\"https:\\\/\\\/mybook.am\\\/#website\"},\"primaryImageOfPage\":{\"@id\":\"https:\\\/\\\/mybook.am\\\/?p=22402#primaryimage\"},\"image\":{\"@id\":\"https:\\\/\\\/mybook.am\\\/?p=22402#primaryimage\"},\"thumbnailUrl\":\"https:\\\/\\\/mybook.am\\\/wp-content\\\/uploads\\\/2025\\\/10\\\/78465464-1.jpeg\",\"datePublished\":\"2025-10-30T09:30:50+00:00\",\"dateModified\":\"2025-10-30T09:30:51+00:00\",\"author\":{\"@id\":\"https:\\\/\\\/mybook.am\\\/#\\\/schema\\\/person\\\/e730847942cff3a199774e803916e97e\"},\"breadcrumb\":{\"@id\":\"https:\\\/\\\/mybook.am\\\/?p=22402#breadcrumb\"},\"inLanguage\":\"ru-RU\",\"potentialAction\":[{\"@type\":\"ReadAction\",\"target\":[\"https:\\\/\\\/mybook.am\\\/?p=22402\"]}]},{\"@type\":\"ImageObject\",\"inLanguage\":\"ru-RU\",\"@id\":\"https:\\\/\\\/mybook.am\\\/?p=22402#primaryimage\",\"url\":\"https:\\\/\\\/mybook.am\\\/wp-content\\\/uploads\\\/2025\\\/10\\\/78465464-1.jpeg\",\"contentUrl\":\"https:\\\/\\\/mybook.am\\\/wp-content\\\/uploads\\\/2025\\\/10\\\/78465464-1.jpeg\",\"width\":1080,\"height\":728},{\"@type\":\"BreadcrumbList\",\"@id\":\"https:\\\/\\\/mybook.am\\\/?p=22402#breadcrumb\",\"itemListElement\":[{\"@type\":\"ListItem\",\"position\":1,\"name\":\"\u0413\u043b\u0430\u0432\u043d\u0430\u044f \u0441\u0442\u0440\u0430\u043d\u0438\u0446\u0430\",\"item\":\"https:\\\/\\\/mybook.am\\\/\"},{\"@type\":\"ListItem\",\"position\":2,\"name\":\"Les Nains d&#8217;Auschwitz : Survivants du Laboratoire du Diable\"}]},{\"@type\":\"WebSite\",\"@id\":\"https:\\\/\\\/mybook.am\\\/#website\",\"url\":\"https:\\\/\\\/mybook.am\\\/\",\"name\":\"\",\"description\":\"\",\"potentialAction\":[{\"@type\":\"SearchAction\",\"target\":{\"@type\":\"EntryPoint\",\"urlTemplate\":\"https:\\\/\\\/mybook.am\\\/?s={search_term_string}\"},\"query-input\":{\"@type\":\"PropertyValueSpecification\",\"valueRequired\":true,\"valueName\":\"search_term_string\"}}],\"inLanguage\":\"ru-RU\"},{\"@type\":\"Person\",\"@id\":\"https:\\\/\\\/mybook.am\\\/#\\\/schema\\\/person\\\/e730847942cff3a199774e803916e97e\",\"name\":\"admin\",\"image\":{\"@type\":\"ImageObject\",\"inLanguage\":\"ru-RU\",\"@id\":\"https:\\\/\\\/secure.gravatar.com\\\/avatar\\\/df64e550a0653b7be0f1bcf897f33faad9c2c8153472b2d9319beafb51370f6f?s=96&d=mm&r=g\",\"url\":\"https:\\\/\\\/secure.gravatar.com\\\/avatar\\\/df64e550a0653b7be0f1bcf897f33faad9c2c8153472b2d9319beafb51370f6f?s=96&d=mm&r=g\",\"contentUrl\":\"https:\\\/\\\/secure.gravatar.com\\\/avatar\\\/df64e550a0653b7be0f1bcf897f33faad9c2c8153472b2d9319beafb51370f6f?s=96&d=mm&r=g\",\"caption\":\"admin\"},\"sameAs\":[\"http:\\\/\\\/mybook.am\"],\"url\":\"https:\\\/\\\/mybook.am\\\/?author=1\"}]}<\/script>\n<!-- \/ Yoast SEO plugin. -->","yoast_head_json":{"title":"Les Nains d'Auschwitz : Survivants du Laboratoire du Diable -","robots":{"index":"index","follow":"follow","max-snippet":"max-snippet:-1","max-image-preview":"max-image-preview:large","max-video-preview":"max-video-preview:-1"},"canonical":"https:\/\/mybook.am\/?p=22402","og_locale":"ru_RU","og_type":"article","og_title":"Les Nains d'Auschwitz : Survivants du Laboratoire du Diable -","og_description":"Ils se tenaient en rang, de minuscules silhouettes presque enfantines, les yeux emplis de terreur. Le froid leur mordait le visage et l&#8217;air","og_url":"https:\/\/mybook.am\/?p=22402","article_published_time":"2025-10-30T09:30:50+00:00","article_modified_time":"2025-10-30T09:30:51+00:00","og_image":[{"width":1080,"height":728,"url":"https:\/\/mybook.am\/wp-content\/uploads\/2025\/10\/78465464-1.jpeg","type":"image\/jpeg"}],"author":"admin","twitter_card":"summary_large_image","twitter_misc":{"\u041d\u0430\u043f\u0438\u0441\u0430\u043d\u043e \u0430\u0432\u0442\u043e\u0440\u043e\u043c":"admin","\u041f\u0440\u0438\u043c\u0435\u0440\u043d\u043e\u0435 \u0432\u0440\u0435\u043c\u044f \u0434\u043b\u044f \u0447\u0442\u0435\u043d\u0438\u044f":"5 \u043c\u0438\u043d\u0443\u0442"},"schema":{"@context":"https:\/\/schema.org","@graph":[{"@type":"Article","@id":"https:\/\/mybook.am\/?p=22402#article","isPartOf":{"@id":"https:\/\/mybook.am\/?p=22402"},"author":{"name":"admin","@id":"https:\/\/mybook.am\/#\/schema\/person\/e730847942cff3a199774e803916e97e"},"headline":"Les Nains d&#8217;Auschwitz : Survivants du Laboratoire du Diable","datePublished":"2025-10-30T09:30:50+00:00","dateModified":"2025-10-30T09:30:51+00:00","mainEntityOfPage":{"@id":"https:\/\/mybook.am\/?p=22402"},"wordCount":836,"commentCount":0,"image":{"@id":"https:\/\/mybook.am\/?p=22402#primaryimage"},"thumbnailUrl":"https:\/\/mybook.am\/wp-content\/uploads\/2025\/10\/78465464-1.jpeg","articleSection":["FRANS"],"inLanguage":"ru-RU","potentialAction":[{"@type":"CommentAction","name":"Comment","target":["https:\/\/mybook.am\/?p=22402#respond"]}]},{"@type":"WebPage","@id":"https:\/\/mybook.am\/?p=22402","url":"https:\/\/mybook.am\/?p=22402","name":"Les Nains d'Auschwitz : Survivants du Laboratoire du Diable -","isPartOf":{"@id":"https:\/\/mybook.am\/#website"},"primaryImageOfPage":{"@id":"https:\/\/mybook.am\/?p=22402#primaryimage"},"image":{"@id":"https:\/\/mybook.am\/?p=22402#primaryimage"},"thumbnailUrl":"https:\/\/mybook.am\/wp-content\/uploads\/2025\/10\/78465464-1.jpeg","datePublished":"2025-10-30T09:30:50+00:00","dateModified":"2025-10-30T09:30:51+00:00","author":{"@id":"https:\/\/mybook.am\/#\/schema\/person\/e730847942cff3a199774e803916e97e"},"breadcrumb":{"@id":"https:\/\/mybook.am\/?p=22402#breadcrumb"},"inLanguage":"ru-RU","potentialAction":[{"@type":"ReadAction","target":["https:\/\/mybook.am\/?p=22402"]}]},{"@type":"ImageObject","inLanguage":"ru-RU","@id":"https:\/\/mybook.am\/?p=22402#primaryimage","url":"https:\/\/mybook.am\/wp-content\/uploads\/2025\/10\/78465464-1.jpeg","contentUrl":"https:\/\/mybook.am\/wp-content\/uploads\/2025\/10\/78465464-1.jpeg","width":1080,"height":728},{"@type":"BreadcrumbList","@id":"https:\/\/mybook.am\/?p=22402#breadcrumb","itemListElement":[{"@type":"ListItem","position":1,"name":"\u0413\u043b\u0430\u0432\u043d\u0430\u044f \u0441\u0442\u0440\u0430\u043d\u0438\u0446\u0430","item":"https:\/\/mybook.am\/"},{"@type":"ListItem","position":2,"name":"Les Nains d&#8217;Auschwitz : Survivants du Laboratoire du Diable"}]},{"@type":"WebSite","@id":"https:\/\/mybook.am\/#website","url":"https:\/\/mybook.am\/","name":"","description":"","potentialAction":[{"@type":"SearchAction","target":{"@type":"EntryPoint","urlTemplate":"https:\/\/mybook.am\/?s={search_term_string}"},"query-input":{"@type":"PropertyValueSpecification","valueRequired":true,"valueName":"search_term_string"}}],"inLanguage":"ru-RU"},{"@type":"Person","@id":"https:\/\/mybook.am\/#\/schema\/person\/e730847942cff3a199774e803916e97e","name":"admin","image":{"@type":"ImageObject","inLanguage":"ru-RU","@id":"https:\/\/secure.gravatar.com\/avatar\/df64e550a0653b7be0f1bcf897f33faad9c2c8153472b2d9319beafb51370f6f?s=96&d=mm&r=g","url":"https:\/\/secure.gravatar.com\/avatar\/df64e550a0653b7be0f1bcf897f33faad9c2c8153472b2d9319beafb51370f6f?s=96&d=mm&r=g","contentUrl":"https:\/\/secure.gravatar.com\/avatar\/df64e550a0653b7be0f1bcf897f33faad9c2c8153472b2d9319beafb51370f6f?s=96&d=mm&r=g","caption":"admin"},"sameAs":["http:\/\/mybook.am"],"url":"https:\/\/mybook.am\/?author=1"}]}},"views":250,"_links":{"self":[{"href":"https:\/\/mybook.am\/index.php?rest_route=\/wp\/v2\/posts\/22402","targetHints":{"allow":["GET"]}}],"collection":[{"href":"https:\/\/mybook.am\/index.php?rest_route=\/wp\/v2\/posts"}],"about":[{"href":"https:\/\/mybook.am\/index.php?rest_route=\/wp\/v2\/types\/post"}],"author":[{"embeddable":true,"href":"https:\/\/mybook.am\/index.php?rest_route=\/wp\/v2\/users\/1"}],"replies":[{"embeddable":true,"href":"https:\/\/mybook.am\/index.php?rest_route=%2Fwp%2Fv2%2Fcomments&post=22402"}],"version-history":[{"count":1,"href":"https:\/\/mybook.am\/index.php?rest_route=\/wp\/v2\/posts\/22402\/revisions"}],"predecessor-version":[{"id":22404,"href":"https:\/\/mybook.am\/index.php?rest_route=\/wp\/v2\/posts\/22402\/revisions\/22404"}],"wp:featuredmedia":[{"embeddable":true,"href":"https:\/\/mybook.am\/index.php?rest_route=\/wp\/v2\/media\/22403"}],"wp:attachment":[{"href":"https:\/\/mybook.am\/index.php?rest_route=%2Fwp%2Fv2%2Fmedia&parent=22402"}],"wp:term":[{"taxonomy":"category","embeddable":true,"href":"https:\/\/mybook.am\/index.php?rest_route=%2Fwp%2Fv2%2Fcategories&post=22402"},{"taxonomy":"post_tag","embeddable":true,"href":"https:\/\/mybook.am\/index.php?rest_route=%2Fwp%2Fv2%2Ftags&post=22402"}],"curies":[{"name":"wp","href":"https:\/\/api.w.org\/{rel}","templated":true}]}}