{"id":22418,"date":"2025-10-31T18:19:29","date_gmt":"2025-10-31T15:19:29","guid":{"rendered":"https:\/\/mybook.am\/?p=22418"},"modified":"2025-10-31T18:19:30","modified_gmt":"2025-10-31T15:19:30","slug":"kdyz-se-slova-stanou-zbranemi-jak-pariz-soudi-ty-kteri-se-rozhodli-ze-internet-toleruje-cokoli","status":"publish","type":"post","link":"https:\/\/mybook.am\/?p=22418","title":{"rendered":"Kdy\u017e se slova stanou zbran\u011bmi: Jak Pa\u0159\u00ed\u017e soud\u00ed ty, kte\u0159\u00ed se rozhodli, \u017ee \u201einternet toleruje cokoli\u201c"},"content":{"rendered":"\n<p class=\"has-medium-font-size\">Sed\u011bla vzp\u0159\u00edmen\u011b v soudn\u00ed s\u00edni, t\u00e9m\u011b\u0159 nehybn\u011b. Sv\u011btlo dopadalo z bo\u010dn\u00edho okna a zd\u016fraz\u0148ovalo jej\u00ed profil \u2013 bolestn\u011b rozpoznateln\u00fd: uhlazen\u00e9 dr\u017een\u00ed t\u011bla, soust\u0159ed\u011bn\u00fd pohled, lehk\u00fd \u00fasm\u011bv s v\u00edce silou ne\u017e jemnost\u00ed. Nikdo neo\u010dek\u00e1val, \u017ee se prvn\u00ed d\u00e1ma Francie ocitne v centru procesu, kde nebude souzena za pen\u00edze, ne za politiku, ale za l\u017ei. Za slova prom\u011bn\u011bn\u00e1 v no\u017ee.<\/p>\n\n\n\n<p class=\"has-medium-font-size\">Pa\u0159\u00ed\u017e za oknem \u017eila sv\u00fdm vlastn\u00edm \u017eivotem: pouli\u010dn\u00ed hudebn\u00edci, v\u016fn\u011b k\u00e1vy, podzimn\u00ed d\u00e9\u0161\u0165 na chodn\u00edku. Ale v t\u00e9to soudn\u00ed s\u00edni bylo v\u0161echno steriln\u00ed \u2013 dokonce i emoce. St\u00e1tn\u00ed z\u00e1stupce hovo\u0159il o \u201emor\u00e1ln\u00ed \u00fajm\u011b\u201c, \u201eztr\u00e1t\u011b pov\u011bsti\u201c, \u201edigit\u00e1ln\u00ed \u0161ikan\u011b\u201c. Ale za such\u00fdmi pr\u00e1vn\u00edmi term\u00edny se skr\u00fdvalo n\u011bco, co \u017e\u00e1dn\u00fd z\u00e1kon nemohl m\u011b\u0159it \u2013 lidsk\u00e1 d\u016fstojnost, drcen\u00e1 posm\u011bchem.<\/p>\n\n\n\n<figure class=\"wp-block-image size-full is-resized\"><img loading=\"lazy\" decoding=\"async\" width=\"578\" height=\"650\" src=\"https:\/\/mybook.am\/wp-content\/uploads\/2025\/10\/465120.jpeg\" alt=\"\" class=\"wp-image-22420\" style=\"width:747px;height:auto\" srcset=\"https:\/\/mybook.am\/wp-content\/uploads\/2025\/10\/465120.jpeg 578w, https:\/\/mybook.am\/wp-content\/uploads\/2025\/10\/465120-267x300.jpeg 267w\" sizes=\"auto, (max-width: 578px) 100vw, 578px\" \/><\/figure>\n\n\n\n<p class=\"has-medium-font-size\">V\u0161echno to za\u010dalo n\u011bkolika ne\u0161kodn\u00fdmi p\u0159\u00edsp\u011bvky. N\u011bkdo vtipkoval, n\u011bkdo tomu v\u011b\u0159il, n\u011bkdo p\u0159idal sv\u016fj vlastn\u00ed. Internet je ide\u00e1ln\u00ed \u017eivnou p\u016fdou pro drby: roste jako houba, neviditeln\u011b, dokud nevybuchne v opravdov\u00fd les absurdity. Lid\u00e9 sd\u00edleli, komentovali a h\u00e1dali se. P\u0159\u00edb\u011bh o prvn\u00ed d\u00e1m\u011b, zkreslen\u00fd fantazi\u00ed, si za\u010dal \u017e\u00edt vlastn\u00edm \u017eivotem \u2013 vir\u00e1ln\u00edm, bez tv\u00e1\u0159e a nemilosrdn\u00fdm.<\/p>\n\n\n\n<p class=\"has-medium-font-size\">\u201eAle je to jen mem!\u201c br\u00e1nil se jeden z ob\u017ealovan\u00fdch.<br>\u201eMem, kter\u00fd se stal pomluvou,\u201c odpov\u011bd\u011bl pr\u00e1vn\u00edk.<\/p>\n\n\n\n<p class=\"has-medium-font-size\">A v soudn\u00ed s\u00edni se rozhostila pauza. Pauza del\u0161\u00ed ne\u017e jak\u00fdkoli monolog. Koneckonc\u016f, v\u0161ichni ch\u00e1pali: dnes na lavici ob\u017ealovan\u00fdch nesed\u00ed jen deset lid\u00ed. Cel\u00e1 jedna \u00e9ra tam nesed\u011bla \u2013 \u00e9ra, kdy lajk v\u00e1\u017e\u00ed v\u00edc ne\u017e fakt a repost v\u00e1\u017e\u00ed v\u00edc ne\u017e sv\u011bdom\u00ed.<\/p>\n\n\n\n<p class=\"has-medium-font-size\">V polovin\u011b procesu do\u0161lo k zvratu. Jeden z ob\u017ealovan\u00fdch \u2013 blogger se stovkami tis\u00edc sleduj\u00edc\u00edch \u2013 n\u00e1hle prohl\u00e1sil, \u017ee si je \u201ejist\u00fd v pravdivosti zdroj\u016f\u201c. Necht\u011bl nikoho urazit; \u201ejen tvo\u0159il obsah\u201c. Ale tato fr\u00e1ze zn\u011bla jako odsouzen\u00ed samotn\u00e9ho odv\u011btv\u00ed \u2013 takov\u00e9ho, kter\u00e9 se \u017eiv\u00ed emocemi a nestar\u00e1 se o pravdu.<\/p>\n\n\n\n<p class=\"has-medium-font-size\">M\u016f\u017ee se \u201eprost\u011b\u201c skute\u010dn\u011b ospravedlnit?<br>Je svoboda projevu odpustkem pro beztrestnost?<\/p>\n\n\n\n<p class=\"has-medium-font-size\">Soudn\u00ed zpr\u00e1vy popsaly tento p\u0159\u00edpad jako \u201eprecedentn\u00ed\u201c. Ve skute\u010dnosti jde ale o n\u011bco jin\u00e9ho \u2013 o okam\u017eik, kdy \u010dlov\u011bk za obrazovkou zapomene, \u017ee na druh\u00e9 stran\u011b internetu je tak\u00e9 \u017eiv\u00fd \u010dlov\u011bk. O \u017een\u011b, kter\u00e1 se stala symbolem a pot\u00e9 ter\u010dem. O zemi, kde vtip p\u0159estal b\u00fdt vtipn\u00fd, kdy\u017e se z n\u011bj stala \u0161ikana.<\/p>\n\n\n\n<p class=\"has-medium-font-size\">N\u011bkdy je ticho po rozsudku hlasit\u011bj\u0161\u00ed ne\u017e jak\u00fdkoli potlesk. Kdy\u017e soudce \u010detl rozhodnut\u00ed, v soudn\u00ed s\u00edni panovalo takov\u00e9 ticho, \u017ee bylo sly\u0161et vrz\u00e1n\u00ed tlumo\u010dnick\u00e9 \u017eidle. Obvin\u011bn\u00fdm hroz\u00ed a\u017e dva roky v\u011bzen\u00ed \u2013 ne p\u0159\u00edli\u0161 krut\u00e9, ale dost na to, aby se Evropa oto\u010dila a zamyslela se: pokud je prvn\u00ed d\u00e1ma pron\u00e1sledov\u00e1na dnes, kdo bude dal\u0161\u00ed?<\/p>\n\n\n\n<p class=\"has-medium-font-size\">Sv\u011btlo znovu dopadlo na tv\u00e1\u0159 Brigitte Macronov\u00e9. Neplakala, neusm\u00edvala se. Prost\u011b z\u00edrala do pr\u00e1zdna, jako by se v n\u011bm sna\u017eila rozeznat budoucnost \u2013 tu samou, kde ka\u017ed\u00e9 slovo bude op\u011bt n\u00e9st t\u00edhu lidsk\u00e9 cti.<\/p>\n\n\n\n<p class=\"has-medium-font-size\">A v tu chv\u00edli se zd\u00e1lo, \u017ee soudn\u00ed s\u00ed\u0148 pochopila: l\u017ei u soudu neum\u00edraj\u00ed. Um\u00edraj\u00ed zodpov\u011bdnost\u00ed.<\/p>\n\n\n\n<p class=\"has-medium-font-size\">Venku byla Pa\u0159\u00ed\u017e hlu\u010dn\u00e1 jako v\u017edy. K\u00e1va, auta, rozhovory. Ale n\u011bkde v tomto hluku poprv\u00e9 rezonovalo n\u011bco vz\u00e1cn\u00e9ho \u2013 uv\u011bdom\u011bn\u00ed si. \u017de svoboda nen\u00ed jen o mluven\u00ed, ale tak\u00e9 o reakci.<\/p>\n\n\n\n<p class=\"has-medium-font-size\">A mo\u017en\u00e1 proto to dnes v\u0161echno neza\u010dalo dal\u0161\u00edm skand\u00e1lem, ale tichem.<br>Pr\u00e1v\u011b t\u00edm tichem, kde se pravda kone\u010dn\u011b st\u00e1v\u00e1 op\u011bt sly\u0161itelnou.<\/p>\n","protected":false},"excerpt":{"rendered":"Sed\u011bla vzp\u0159\u00edmen\u011b v soudn\u00ed s\u00edni, t\u00e9m\u011b\u0159 nehybn\u011b. Sv\u011btlo dopadalo z bo\u010dn\u00edho okna a zd\u016fraz\u0148ovalo jej\u00ed profil \u2013 bolestn\u011b rozpoznateln\u00fd: uhlazen\u00e9 dr\u017een\u00ed t\u011bla, soust\u0159ed\u011bn\u00fd \n<a class=\"moretag\" href=\"https:\/\/mybook.am\/?p=22418\"> [...]<\/a>","protected":false},"author":1,"featured_media":22420,"comment_status":"open","ping_status":"open","sticky":false,"template":"","format":"standard","meta":{"footnotes":""},"categories":[1],"tags":[],"class_list":["post-22418","post","type-post","status-publish","format-standard","has-post-thumbnail","hentry","category-ceska"],"yoast_head":"<!-- This site is optimized with the Yoast SEO plugin v27.5 - https:\/\/yoast.com\/product\/yoast-seo-wordpress\/ -->\n<title>Kdy\u017e se slova stanou zbran\u011bmi: Jak Pa\u0159\u00ed\u017e soud\u00ed ty, kte\u0159\u00ed se rozhodli, \u017ee \u201einternet toleruje cokoli\u201c -<\/title>\n<meta name=\"robots\" content=\"index, follow, max-snippet:-1, max-image-preview:large, max-video-preview:-1\" \/>\n<link rel=\"canonical\" href=\"https:\/\/mybook.am\/?p=22418\" \/>\n<meta property=\"og:locale\" content=\"ru_RU\" \/>\n<meta property=\"og:type\" content=\"article\" \/>\n<meta property=\"og:title\" content=\"Kdy\u017e se slova stanou zbran\u011bmi: Jak Pa\u0159\u00ed\u017e soud\u00ed ty, kte\u0159\u00ed se rozhodli, \u017ee \u201einternet toleruje cokoli\u201c -\" \/>\n<meta property=\"og:description\" content=\"Sed\u011bla vzp\u0159\u00edmen\u011b v soudn\u00ed s\u00edni, t\u00e9m\u011b\u0159 nehybn\u011b. Sv\u011btlo dopadalo z bo\u010dn\u00edho okna a zd\u016fraz\u0148ovalo jej\u00ed profil \u2013 bolestn\u011b rozpoznateln\u00fd: uhlazen\u00e9 dr\u017een\u00ed t\u011bla, soust\u0159ed\u011bn\u00fd\" \/>\n<meta property=\"og:url\" content=\"https:\/\/mybook.am\/?p=22418\" \/>\n<meta property=\"article:published_time\" content=\"2025-10-31T15:19:29+00:00\" \/>\n<meta property=\"article:modified_time\" content=\"2025-10-31T15:19:30+00:00\" \/>\n<meta property=\"og:image\" content=\"https:\/\/mybook.am\/wp-content\/uploads\/2025\/10\/465120.jpeg\" \/>\n\t<meta property=\"og:image:width\" content=\"578\" \/>\n\t<meta property=\"og:image:height\" content=\"650\" \/>\n\t<meta property=\"og:image:type\" content=\"image\/jpeg\" \/>\n<meta name=\"author\" content=\"admin\" \/>\n<meta name=\"twitter:card\" content=\"summary_large_image\" \/>\n<meta name=\"twitter:label1\" content=\"\u041d\u0430\u043f\u0438\u0441\u0430\u043d\u043e \u0430\u0432\u0442\u043e\u0440\u043e\u043c\" \/>\n\t<meta name=\"twitter:data1\" content=\"admin\" \/>\n\t<meta name=\"twitter:label2\" content=\"\u041f\u0440\u0438\u043c\u0435\u0440\u043d\u043e\u0435 \u0432\u0440\u0435\u043c\u044f \u0434\u043b\u044f \u0447\u0442\u0435\u043d\u0438\u044f\" \/>\n\t<meta name=\"twitter:data2\" content=\"4 \u043c\u0438\u043d\u0443\u0442\u044b\" \/>\n<script type=\"application\/ld+json\" class=\"yoast-schema-graph\">{\"@context\":\"https:\\\/\\\/schema.org\",\"@graph\":[{\"@type\":\"Article\",\"@id\":\"https:\\\/\\\/mybook.am\\\/?p=22418#article\",\"isPartOf\":{\"@id\":\"https:\\\/\\\/mybook.am\\\/?p=22418\"},\"author\":{\"name\":\"admin\",\"@id\":\"https:\\\/\\\/mybook.am\\\/#\\\/schema\\\/person\\\/e730847942cff3a199774e803916e97e\"},\"headline\":\"Kdy\u017e se slova stanou zbran\u011bmi: Jak Pa\u0159\u00ed\u017e soud\u00ed ty, kte\u0159\u00ed se rozhodli, \u017ee \u201einternet toleruje cokoli\u201c\",\"datePublished\":\"2025-10-31T15:19:29+00:00\",\"dateModified\":\"2025-10-31T15:19:30+00:00\",\"mainEntityOfPage\":{\"@id\":\"https:\\\/\\\/mybook.am\\\/?p=22418\"},\"wordCount\":676,\"commentCount\":0,\"image\":{\"@id\":\"https:\\\/\\\/mybook.am\\\/?p=22418#primaryimage\"},\"thumbnailUrl\":\"https:\\\/\\\/mybook.am\\\/wp-content\\\/uploads\\\/2025\\\/10\\\/465120.jpeg\",\"articleSection\":[\"\u010cesk\u00e1\"],\"inLanguage\":\"ru-RU\",\"potentialAction\":[{\"@type\":\"CommentAction\",\"name\":\"Comment\",\"target\":[\"https:\\\/\\\/mybook.am\\\/?p=22418#respond\"]}]},{\"@type\":\"WebPage\",\"@id\":\"https:\\\/\\\/mybook.am\\\/?p=22418\",\"url\":\"https:\\\/\\\/mybook.am\\\/?p=22418\",\"name\":\"Kdy\u017e se slova stanou zbran\u011bmi: Jak Pa\u0159\u00ed\u017e soud\u00ed ty, kte\u0159\u00ed se rozhodli, \u017ee \u201einternet toleruje cokoli\u201c -\",\"isPartOf\":{\"@id\":\"https:\\\/\\\/mybook.am\\\/#website\"},\"primaryImageOfPage\":{\"@id\":\"https:\\\/\\\/mybook.am\\\/?p=22418#primaryimage\"},\"image\":{\"@id\":\"https:\\\/\\\/mybook.am\\\/?p=22418#primaryimage\"},\"thumbnailUrl\":\"https:\\\/\\\/mybook.am\\\/wp-content\\\/uploads\\\/2025\\\/10\\\/465120.jpeg\",\"datePublished\":\"2025-10-31T15:19:29+00:00\",\"dateModified\":\"2025-10-31T15:19:30+00:00\",\"author\":{\"@id\":\"https:\\\/\\\/mybook.am\\\/#\\\/schema\\\/person\\\/e730847942cff3a199774e803916e97e\"},\"breadcrumb\":{\"@id\":\"https:\\\/\\\/mybook.am\\\/?p=22418#breadcrumb\"},\"inLanguage\":\"ru-RU\",\"potentialAction\":[{\"@type\":\"ReadAction\",\"target\":[\"https:\\\/\\\/mybook.am\\\/?p=22418\"]}]},{\"@type\":\"ImageObject\",\"inLanguage\":\"ru-RU\",\"@id\":\"https:\\\/\\\/mybook.am\\\/?p=22418#primaryimage\",\"url\":\"https:\\\/\\\/mybook.am\\\/wp-content\\\/uploads\\\/2025\\\/10\\\/465120.jpeg\",\"contentUrl\":\"https:\\\/\\\/mybook.am\\\/wp-content\\\/uploads\\\/2025\\\/10\\\/465120.jpeg\",\"width\":578,\"height\":650},{\"@type\":\"BreadcrumbList\",\"@id\":\"https:\\\/\\\/mybook.am\\\/?p=22418#breadcrumb\",\"itemListElement\":[{\"@type\":\"ListItem\",\"position\":1,\"name\":\"\u0413\u043b\u0430\u0432\u043d\u0430\u044f \u0441\u0442\u0440\u0430\u043d\u0438\u0446\u0430\",\"item\":\"https:\\\/\\\/mybook.am\\\/\"},{\"@type\":\"ListItem\",\"position\":2,\"name\":\"Kdy\u017e se slova stanou zbran\u011bmi: Jak Pa\u0159\u00ed\u017e soud\u00ed ty, kte\u0159\u00ed se rozhodli, \u017ee \u201einternet toleruje cokoli\u201c\"}]},{\"@type\":\"WebSite\",\"@id\":\"https:\\\/\\\/mybook.am\\\/#website\",\"url\":\"https:\\\/\\\/mybook.am\\\/\",\"name\":\"\",\"description\":\"\",\"potentialAction\":[{\"@type\":\"SearchAction\",\"target\":{\"@type\":\"EntryPoint\",\"urlTemplate\":\"https:\\\/\\\/mybook.am\\\/?s={search_term_string}\"},\"query-input\":{\"@type\":\"PropertyValueSpecification\",\"valueRequired\":true,\"valueName\":\"search_term_string\"}}],\"inLanguage\":\"ru-RU\"},{\"@type\":\"Person\",\"@id\":\"https:\\\/\\\/mybook.am\\\/#\\\/schema\\\/person\\\/e730847942cff3a199774e803916e97e\",\"name\":\"admin\",\"image\":{\"@type\":\"ImageObject\",\"inLanguage\":\"ru-RU\",\"@id\":\"https:\\\/\\\/secure.gravatar.com\\\/avatar\\\/df64e550a0653b7be0f1bcf897f33faad9c2c8153472b2d9319beafb51370f6f?s=96&d=mm&r=g\",\"url\":\"https:\\\/\\\/secure.gravatar.com\\\/avatar\\\/df64e550a0653b7be0f1bcf897f33faad9c2c8153472b2d9319beafb51370f6f?s=96&d=mm&r=g\",\"contentUrl\":\"https:\\\/\\\/secure.gravatar.com\\\/avatar\\\/df64e550a0653b7be0f1bcf897f33faad9c2c8153472b2d9319beafb51370f6f?s=96&d=mm&r=g\",\"caption\":\"admin\"},\"sameAs\":[\"http:\\\/\\\/mybook.am\"],\"url\":\"https:\\\/\\\/mybook.am\\\/?author=1\"}]}<\/script>\n<!-- \/ Yoast SEO plugin. -->","yoast_head_json":{"title":"Kdy\u017e se slova stanou zbran\u011bmi: Jak Pa\u0159\u00ed\u017e soud\u00ed ty, kte\u0159\u00ed se rozhodli, \u017ee \u201einternet toleruje cokoli\u201c -","robots":{"index":"index","follow":"follow","max-snippet":"max-snippet:-1","max-image-preview":"max-image-preview:large","max-video-preview":"max-video-preview:-1"},"canonical":"https:\/\/mybook.am\/?p=22418","og_locale":"ru_RU","og_type":"article","og_title":"Kdy\u017e se slova stanou zbran\u011bmi: Jak Pa\u0159\u00ed\u017e soud\u00ed ty, kte\u0159\u00ed se rozhodli, \u017ee \u201einternet toleruje cokoli\u201c -","og_description":"Sed\u011bla vzp\u0159\u00edmen\u011b v soudn\u00ed s\u00edni, t\u00e9m\u011b\u0159 nehybn\u011b. Sv\u011btlo dopadalo z bo\u010dn\u00edho okna a zd\u016fraz\u0148ovalo jej\u00ed profil \u2013 bolestn\u011b rozpoznateln\u00fd: uhlazen\u00e9 dr\u017een\u00ed t\u011bla, soust\u0159ed\u011bn\u00fd","og_url":"https:\/\/mybook.am\/?p=22418","article_published_time":"2025-10-31T15:19:29+00:00","article_modified_time":"2025-10-31T15:19:30+00:00","og_image":[{"width":578,"height":650,"url":"https:\/\/mybook.am\/wp-content\/uploads\/2025\/10\/465120.jpeg","type":"image\/jpeg"}],"author":"admin","twitter_card":"summary_large_image","twitter_misc":{"\u041d\u0430\u043f\u0438\u0441\u0430\u043d\u043e \u0430\u0432\u0442\u043e\u0440\u043e\u043c":"admin","\u041f\u0440\u0438\u043c\u0435\u0440\u043d\u043e\u0435 \u0432\u0440\u0435\u043c\u044f \u0434\u043b\u044f \u0447\u0442\u0435\u043d\u0438\u044f":"4 \u043c\u0438\u043d\u0443\u0442\u044b"},"schema":{"@context":"https:\/\/schema.org","@graph":[{"@type":"Article","@id":"https:\/\/mybook.am\/?p=22418#article","isPartOf":{"@id":"https:\/\/mybook.am\/?p=22418"},"author":{"name":"admin","@id":"https:\/\/mybook.am\/#\/schema\/person\/e730847942cff3a199774e803916e97e"},"headline":"Kdy\u017e se slova stanou zbran\u011bmi: Jak Pa\u0159\u00ed\u017e soud\u00ed ty, kte\u0159\u00ed se rozhodli, \u017ee \u201einternet toleruje cokoli\u201c","datePublished":"2025-10-31T15:19:29+00:00","dateModified":"2025-10-31T15:19:30+00:00","mainEntityOfPage":{"@id":"https:\/\/mybook.am\/?p=22418"},"wordCount":676,"commentCount":0,"image":{"@id":"https:\/\/mybook.am\/?p=22418#primaryimage"},"thumbnailUrl":"https:\/\/mybook.am\/wp-content\/uploads\/2025\/10\/465120.jpeg","articleSection":["\u010cesk\u00e1"],"inLanguage":"ru-RU","potentialAction":[{"@type":"CommentAction","name":"Comment","target":["https:\/\/mybook.am\/?p=22418#respond"]}]},{"@type":"WebPage","@id":"https:\/\/mybook.am\/?p=22418","url":"https:\/\/mybook.am\/?p=22418","name":"Kdy\u017e se slova stanou zbran\u011bmi: Jak Pa\u0159\u00ed\u017e soud\u00ed ty, kte\u0159\u00ed se rozhodli, \u017ee \u201einternet toleruje cokoli\u201c -","isPartOf":{"@id":"https:\/\/mybook.am\/#website"},"primaryImageOfPage":{"@id":"https:\/\/mybook.am\/?p=22418#primaryimage"},"image":{"@id":"https:\/\/mybook.am\/?p=22418#primaryimage"},"thumbnailUrl":"https:\/\/mybook.am\/wp-content\/uploads\/2025\/10\/465120.jpeg","datePublished":"2025-10-31T15:19:29+00:00","dateModified":"2025-10-31T15:19:30+00:00","author":{"@id":"https:\/\/mybook.am\/#\/schema\/person\/e730847942cff3a199774e803916e97e"},"breadcrumb":{"@id":"https:\/\/mybook.am\/?p=22418#breadcrumb"},"inLanguage":"ru-RU","potentialAction":[{"@type":"ReadAction","target":["https:\/\/mybook.am\/?p=22418"]}]},{"@type":"ImageObject","inLanguage":"ru-RU","@id":"https:\/\/mybook.am\/?p=22418#primaryimage","url":"https:\/\/mybook.am\/wp-content\/uploads\/2025\/10\/465120.jpeg","contentUrl":"https:\/\/mybook.am\/wp-content\/uploads\/2025\/10\/465120.jpeg","width":578,"height":650},{"@type":"BreadcrumbList","@id":"https:\/\/mybook.am\/?p=22418#breadcrumb","itemListElement":[{"@type":"ListItem","position":1,"name":"\u0413\u043b\u0430\u0432\u043d\u0430\u044f \u0441\u0442\u0440\u0430\u043d\u0438\u0446\u0430","item":"https:\/\/mybook.am\/"},{"@type":"ListItem","position":2,"name":"Kdy\u017e se slova stanou zbran\u011bmi: Jak Pa\u0159\u00ed\u017e soud\u00ed ty, kte\u0159\u00ed se rozhodli, \u017ee \u201einternet toleruje cokoli\u201c"}]},{"@type":"WebSite","@id":"https:\/\/mybook.am\/#website","url":"https:\/\/mybook.am\/","name":"","description":"","potentialAction":[{"@type":"SearchAction","target":{"@type":"EntryPoint","urlTemplate":"https:\/\/mybook.am\/?s={search_term_string}"},"query-input":{"@type":"PropertyValueSpecification","valueRequired":true,"valueName":"search_term_string"}}],"inLanguage":"ru-RU"},{"@type":"Person","@id":"https:\/\/mybook.am\/#\/schema\/person\/e730847942cff3a199774e803916e97e","name":"admin","image":{"@type":"ImageObject","inLanguage":"ru-RU","@id":"https:\/\/secure.gravatar.com\/avatar\/df64e550a0653b7be0f1bcf897f33faad9c2c8153472b2d9319beafb51370f6f?s=96&d=mm&r=g","url":"https:\/\/secure.gravatar.com\/avatar\/df64e550a0653b7be0f1bcf897f33faad9c2c8153472b2d9319beafb51370f6f?s=96&d=mm&r=g","contentUrl":"https:\/\/secure.gravatar.com\/avatar\/df64e550a0653b7be0f1bcf897f33faad9c2c8153472b2d9319beafb51370f6f?s=96&d=mm&r=g","caption":"admin"},"sameAs":["http:\/\/mybook.am"],"url":"https:\/\/mybook.am\/?author=1"}]}},"views":118,"_links":{"self":[{"href":"https:\/\/mybook.am\/index.php?rest_route=\/wp\/v2\/posts\/22418","targetHints":{"allow":["GET"]}}],"collection":[{"href":"https:\/\/mybook.am\/index.php?rest_route=\/wp\/v2\/posts"}],"about":[{"href":"https:\/\/mybook.am\/index.php?rest_route=\/wp\/v2\/types\/post"}],"author":[{"embeddable":true,"href":"https:\/\/mybook.am\/index.php?rest_route=\/wp\/v2\/users\/1"}],"replies":[{"embeddable":true,"href":"https:\/\/mybook.am\/index.php?rest_route=%2Fwp%2Fv2%2Fcomments&post=22418"}],"version-history":[{"count":1,"href":"https:\/\/mybook.am\/index.php?rest_route=\/wp\/v2\/posts\/22418\/revisions"}],"predecessor-version":[{"id":22421,"href":"https:\/\/mybook.am\/index.php?rest_route=\/wp\/v2\/posts\/22418\/revisions\/22421"}],"wp:featuredmedia":[{"embeddable":true,"href":"https:\/\/mybook.am\/index.php?rest_route=\/wp\/v2\/media\/22420"}],"wp:attachment":[{"href":"https:\/\/mybook.am\/index.php?rest_route=%2Fwp%2Fv2%2Fmedia&parent=22418"}],"wp:term":[{"taxonomy":"category","embeddable":true,"href":"https:\/\/mybook.am\/index.php?rest_route=%2Fwp%2Fv2%2Fcategories&post=22418"},{"taxonomy":"post_tag","embeddable":true,"href":"https:\/\/mybook.am\/index.php?rest_route=%2Fwp%2Fv2%2Ftags&post=22418"}],"curies":[{"name":"wp","href":"https:\/\/api.w.org\/{rel}","templated":true}]}}