{"id":22422,"date":"2025-10-31T18:29:35","date_gmt":"2025-10-31T15:29:35","guid":{"rendered":"https:\/\/mybook.am\/?p=22422"},"modified":"2025-10-31T18:29:35","modified_gmt":"2025-10-31T15:29:35","slug":"quand-les-mots-deviennent-des-armes-comment-paris-juge-ceux-qui-ont-decide-que-linternet-tolere-tout","status":"publish","type":"post","link":"https:\/\/mybook.am\/?p=22422","title":{"rendered":"Quand les mots deviennent des armes : comment Paris juge ceux qui ont d\u00e9cid\u00e9 que \u00ab l&#8217;internet tol\u00e8re tout \u00bb"},"content":{"rendered":"\n<p class=\"has-medium-font-size\">Elle \u00e9tait assise droite dans la salle d&#8217;audience, presque immobile. La lumi\u00e8re, filtrant par une fen\u00eatre lat\u00e9rale, soulignait son profil \u2013 douloureusement reconnaissable : une posture \u00e9l\u00e9gante, un regard concentr\u00e9, un l\u00e9ger sourire plus affirm\u00e9 que doux. Personne ne s&#8217;attendait \u00e0 ce que la Premi\u00e8re dame de France se retrouve au c\u0153ur d&#8217;un proc\u00e8s o\u00f9 elle serait jug\u00e9e non pas pour de l&#8217;argent, ni pour des raisons politiques, mais pour des mensonges. Pour des mots transform\u00e9s en lames.<\/p>\n\n\n\n<p class=\"has-medium-font-size\">Dehors, Paris vivait sa vie : musiciens de rue, odeur de caf\u00e9, pluie d&#8217;automne sur le trottoir. Mais dans cette salle d&#8217;audience, tout \u00e9tait st\u00e9rile \u2013 m\u00eame les \u00e9motions. Le procureur a parl\u00e9 de \u00ab pr\u00e9judice moral \u00bb, d&#8217;\u00ab atteinte \u00e0 la r\u00e9putation \u00bb, de \u00ab cyberharc\u00e8lement \u00bb. Mais derri\u00e8re ces termes juridiques arides se cachait quelque chose qu&#8217;aucune loi ne pouvait mesurer : la dignit\u00e9 humaine, an\u00e9antie par le ridicule.<\/p>\n\n\n\n<figure class=\"wp-block-image size-full\"><img loading=\"lazy\" decoding=\"async\" width=\"578\" height=\"650\" src=\"https:\/\/mybook.am\/wp-content\/uploads\/2025\/10\/465120-1.jpeg\" alt=\"\" class=\"wp-image-22423\" srcset=\"https:\/\/mybook.am\/wp-content\/uploads\/2025\/10\/465120-1.jpeg 578w, https:\/\/mybook.am\/wp-content\/uploads\/2025\/10\/465120-1-267x300.jpeg 267w\" sizes=\"auto, (max-width: 578px) 100vw, 578px\" \/><\/figure>\n\n\n\n<p class=\"has-medium-font-size\">Tout a commenc\u00e9 par quelques publications anodines. Quelqu&#8217;un a plaisant\u00e9, quelqu&#8217;un y a cru, quelqu&#8217;un d&#8217;autre a ajout\u00e9 son grain de sel. Internet est le terreau id\u00e9al pour les rumeurs : elles poussent comme un champignon, invisibles, jusqu&#8217;\u00e0 se transformer en une v\u00e9ritable for\u00eat d&#8217;absurdit\u00e9s. Les gens partageaient, commentaient et d\u00e9battaient. L&#8217;histoire concernant la Premi\u00e8re Dame, d\u00e9form\u00e9e par le fantasme, prit une ampleur inattendue : virale, anonyme et impitoyable.<\/p>\n\n\n\n<p class=\"has-medium-font-size\">\u00ab Mais ce n&#8217;est qu&#8217;un m\u00e8me ! \u00bb se d\u00e9fendit l&#8217;un des accus\u00e9s.<\/p>\n\n\n\n<p class=\"has-medium-font-size\">\u00ab Un m\u00e8me devenu diffamatoire \u00bb, r\u00e9torqua l&#8217;avocat.<\/p>\n\n\n\n<p class=\"has-medium-font-size\">Un silence s&#8217;installa dans la salle d&#8217;audience. Un silence plus long qu&#8217;un monologue. Apr\u00e8s tout, chacun comprenait : aujourd&#8217;hui, il n&#8217;y avait pas seulement dix personnes sur le banc des accus\u00e9s. C&#8217;\u00e9tait toute une \u00e9poque qui \u00e9tait l\u00e0, une \u00e9poque o\u00f9 un \u00ab j&#8217;aime \u00bb p\u00e8se plus lourd qu&#8217;un fait, et un partage plus lourd que la conscience.<\/p>\n\n\n\n<p class=\"has-medium-font-size\">Au milieu du proc\u00e8s, un rebondissement survint. L&#8217;un des accus\u00e9s, un blogueur suivi par des centaines de milliers de personnes, d\u00e9clara soudain \u00eatre \u00ab confiant dans la v\u00e9racit\u00e9 de ses sources \u00bb. Il n&#8217;avait aucune intention d&#8217;offenser ; Il \u00ab ne faisait que cr\u00e9er du contenu \u00bb. Mais cette phrase sonnait comme une condamnation de l&#8217;industrie elle-m\u00eame \u2013 une industrie qui se nourrit d&#8217;\u00e9motions et se moque de la v\u00e9rit\u00e9.<\/p>\n\n\n\n<p class=\"has-medium-font-size\">Le simple fait de \u00ab ne faire que \u00bb peut-il vraiment se justifier ?<\/p>\n\n\n\n<p class=\"has-medium-font-size\">La libert\u00e9 d&#8217;expression est-elle une forme d&#8217;impunit\u00e9 ?<\/p>\n\n\n\n<p class=\"has-medium-font-size\">Les comptes rendus judiciaires ont qualifi\u00e9 cette affaire de \u00ab pr\u00e9c\u00e9dent \u00bb. Mais en r\u00e9alit\u00e9, il s&#8217;agit d&#8217;autre chose : le moment o\u00f9 une personne derri\u00e8re un \u00e9cran oublie qu&#8217;il y a aussi une personne r\u00e9elle de l&#8217;autre c\u00f4t\u00e9 d&#8217;Internet. L&#8217;histoire d&#8217;une femme devenue un symbole, puis une cible. L&#8217;histoire d&#8217;un pays o\u00f9 une blague a cess\u00e9 d&#8217;\u00eatre dr\u00f4le lorsqu&#8217;elle a d\u00e9g\u00e9n\u00e9r\u00e9 en harc\u00e8lement.<\/p>\n\n\n\n<p class=\"has-medium-font-size\">Parfois, le silence apr\u00e8s un verdict est plus \u00e9loquent que n&#8217;importe quel applaudissement. Lorsque le juge a lu la d\u00e9cision, le silence \u00e9tait tel dans la salle d&#8217;audience qu&#8217;on aurait pu entendre le grincement de la chaise de l&#8217;interpr\u00e8te. Les accus\u00e9s risquent jusqu&#8217;\u00e0 deux ans de prison \u2013 une peine raisonnable, mais suffisante pour que l&#8217;Europe se demande : si la Premi\u00e8re dame est harcel\u00e9e aujourd&#8217;hui, qui sera la prochaine ?<\/p>\n\n\n\n<p class=\"has-medium-font-size\">La lumi\u00e8re se posa de nouveau sur le visage de Brigitte Macron. Elle ne pleurait pas, elle ne souriait pas. Elle fixait simplement le vide, comme pour y discerner l&#8217;avenir \u2013 celui o\u00f9 chaque mot retrouverait le poids de l&#8217;honneur.<\/p>\n\n\n\n<p class=\"has-medium-font-size\">Et \u00e0 cet instant, la salle d&#8217;audience sembla comprendre : les mensonges ne meurent pas au tribunal. Ils meurent de responsabilit\u00e9.<\/p>\n\n\n\n<p class=\"has-medium-font-size\">Dehors, Paris \u00e9tait bruyant, comme toujours. Caf\u00e9, voitures, conversations. Mais au milieu de ce brouhaha, pour la premi\u00e8re fois, quelque chose de rare r\u00e9sonna : une prise de conscience. La libert\u00e9 ne se limite pas \u00e0 parler, elle englobe aussi la capacit\u00e9 de r\u00e9pondre.<\/p>\n\n\n\n<p class=\"has-medium-font-size\">Et c&#8217;est peut-\u00eatre pourquoi, aujourd&#8217;hui, tout a commenc\u00e9 non pas par un nouveau scandale, mais par le silence.<\/p>\n\n\n\n<p class=\"has-medium-font-size\">Ce silence m\u00eame o\u00f9 la v\u00e9rit\u00e9, enfin, se fait entendre.<\/p>\n","protected":false},"excerpt":{"rendered":"Elle \u00e9tait assise droite dans la salle d&#8217;audience, presque immobile. La lumi\u00e8re, filtrant par une fen\u00eatre lat\u00e9rale, soulignait son profil \u2013 douloureusement reconnaissable \n<a class=\"moretag\" href=\"https:\/\/mybook.am\/?p=22422\"> [...]<\/a>","protected":false},"author":1,"featured_media":22423,"comment_status":"open","ping_status":"open","sticky":false,"template":"","format":"standard","meta":{"footnotes":""},"categories":[3],"tags":[],"class_list":["post-22422","post","type-post","status-publish","format-standard","has-post-thumbnail","hentry","category-fotto"],"yoast_head":"<!-- This site is optimized with the Yoast SEO plugin v27.5 - https:\/\/yoast.com\/product\/yoast-seo-wordpress\/ -->\n<title>Quand les mots deviennent des armes : comment Paris juge ceux qui ont d\u00e9cid\u00e9 que \u00ab l&#039;internet tol\u00e8re tout \u00bb -<\/title>\n<meta name=\"robots\" content=\"index, follow, max-snippet:-1, max-image-preview:large, max-video-preview:-1\" \/>\n<link rel=\"canonical\" href=\"https:\/\/mybook.am\/?p=22422\" \/>\n<meta property=\"og:locale\" content=\"ru_RU\" \/>\n<meta property=\"og:type\" content=\"article\" \/>\n<meta property=\"og:title\" content=\"Quand les mots deviennent des armes : comment Paris juge ceux qui ont d\u00e9cid\u00e9 que \u00ab l&#039;internet tol\u00e8re tout \u00bb -\" \/>\n<meta property=\"og:description\" content=\"Elle \u00e9tait assise droite dans la salle d&#8217;audience, presque immobile. La lumi\u00e8re, filtrant par une fen\u00eatre lat\u00e9rale, soulignait son profil \u2013 douloureusement reconnaissable\" \/>\n<meta property=\"og:url\" content=\"https:\/\/mybook.am\/?p=22422\" \/>\n<meta property=\"article:published_time\" content=\"2025-10-31T15:29:35+00:00\" \/>\n<meta property=\"og:image\" content=\"https:\/\/mybook.am\/wp-content\/uploads\/2025\/10\/465120-1.jpeg\" \/>\n\t<meta property=\"og:image:width\" content=\"578\" \/>\n\t<meta property=\"og:image:height\" content=\"650\" \/>\n\t<meta property=\"og:image:type\" content=\"image\/jpeg\" \/>\n<meta name=\"author\" content=\"admin\" \/>\n<meta name=\"twitter:card\" content=\"summary_large_image\" \/>\n<meta name=\"twitter:label1\" content=\"\u041d\u0430\u043f\u0438\u0441\u0430\u043d\u043e \u0430\u0432\u0442\u043e\u0440\u043e\u043c\" \/>\n\t<meta name=\"twitter:data1\" content=\"admin\" \/>\n\t<meta name=\"twitter:label2\" content=\"\u041f\u0440\u0438\u043c\u0435\u0440\u043d\u043e\u0435 \u0432\u0440\u0435\u043c\u044f \u0434\u043b\u044f \u0447\u0442\u0435\u043d\u0438\u044f\" \/>\n\t<meta name=\"twitter:data2\" content=\"4 \u043c\u0438\u043d\u0443\u0442\u044b\" \/>\n<script type=\"application\/ld+json\" class=\"yoast-schema-graph\">{\"@context\":\"https:\\\/\\\/schema.org\",\"@graph\":[{\"@type\":\"Article\",\"@id\":\"https:\\\/\\\/mybook.am\\\/?p=22422#article\",\"isPartOf\":{\"@id\":\"https:\\\/\\\/mybook.am\\\/?p=22422\"},\"author\":{\"name\":\"admin\",\"@id\":\"https:\\\/\\\/mybook.am\\\/#\\\/schema\\\/person\\\/e730847942cff3a199774e803916e97e\"},\"headline\":\"Quand les mots deviennent des armes : comment Paris juge ceux qui ont d\u00e9cid\u00e9 que \u00ab l&#8217;internet tol\u00e8re tout \u00bb\",\"datePublished\":\"2025-10-31T15:29:35+00:00\",\"mainEntityOfPage\":{\"@id\":\"https:\\\/\\\/mybook.am\\\/?p=22422\"},\"wordCount\":752,\"commentCount\":0,\"image\":{\"@id\":\"https:\\\/\\\/mybook.am\\\/?p=22422#primaryimage\"},\"thumbnailUrl\":\"https:\\\/\\\/mybook.am\\\/wp-content\\\/uploads\\\/2025\\\/10\\\/465120-1.jpeg\",\"articleSection\":[\"FRANS\"],\"inLanguage\":\"ru-RU\",\"potentialAction\":[{\"@type\":\"CommentAction\",\"name\":\"Comment\",\"target\":[\"https:\\\/\\\/mybook.am\\\/?p=22422#respond\"]}]},{\"@type\":\"WebPage\",\"@id\":\"https:\\\/\\\/mybook.am\\\/?p=22422\",\"url\":\"https:\\\/\\\/mybook.am\\\/?p=22422\",\"name\":\"Quand les mots deviennent des armes : comment Paris juge ceux qui ont d\u00e9cid\u00e9 que \u00ab l'internet tol\u00e8re tout \u00bb -\",\"isPartOf\":{\"@id\":\"https:\\\/\\\/mybook.am\\\/#website\"},\"primaryImageOfPage\":{\"@id\":\"https:\\\/\\\/mybook.am\\\/?p=22422#primaryimage\"},\"image\":{\"@id\":\"https:\\\/\\\/mybook.am\\\/?p=22422#primaryimage\"},\"thumbnailUrl\":\"https:\\\/\\\/mybook.am\\\/wp-content\\\/uploads\\\/2025\\\/10\\\/465120-1.jpeg\",\"datePublished\":\"2025-10-31T15:29:35+00:00\",\"author\":{\"@id\":\"https:\\\/\\\/mybook.am\\\/#\\\/schema\\\/person\\\/e730847942cff3a199774e803916e97e\"},\"breadcrumb\":{\"@id\":\"https:\\\/\\\/mybook.am\\\/?p=22422#breadcrumb\"},\"inLanguage\":\"ru-RU\",\"potentialAction\":[{\"@type\":\"ReadAction\",\"target\":[\"https:\\\/\\\/mybook.am\\\/?p=22422\"]}]},{\"@type\":\"ImageObject\",\"inLanguage\":\"ru-RU\",\"@id\":\"https:\\\/\\\/mybook.am\\\/?p=22422#primaryimage\",\"url\":\"https:\\\/\\\/mybook.am\\\/wp-content\\\/uploads\\\/2025\\\/10\\\/465120-1.jpeg\",\"contentUrl\":\"https:\\\/\\\/mybook.am\\\/wp-content\\\/uploads\\\/2025\\\/10\\\/465120-1.jpeg\",\"width\":578,\"height\":650},{\"@type\":\"BreadcrumbList\",\"@id\":\"https:\\\/\\\/mybook.am\\\/?p=22422#breadcrumb\",\"itemListElement\":[{\"@type\":\"ListItem\",\"position\":1,\"name\":\"\u0413\u043b\u0430\u0432\u043d\u0430\u044f \u0441\u0442\u0440\u0430\u043d\u0438\u0446\u0430\",\"item\":\"https:\\\/\\\/mybook.am\\\/\"},{\"@type\":\"ListItem\",\"position\":2,\"name\":\"Quand les mots deviennent des armes : comment Paris juge ceux qui ont d\u00e9cid\u00e9 que \u00ab l&#8217;internet tol\u00e8re tout \u00bb\"}]},{\"@type\":\"WebSite\",\"@id\":\"https:\\\/\\\/mybook.am\\\/#website\",\"url\":\"https:\\\/\\\/mybook.am\\\/\",\"name\":\"\",\"description\":\"\",\"potentialAction\":[{\"@type\":\"SearchAction\",\"target\":{\"@type\":\"EntryPoint\",\"urlTemplate\":\"https:\\\/\\\/mybook.am\\\/?s={search_term_string}\"},\"query-input\":{\"@type\":\"PropertyValueSpecification\",\"valueRequired\":true,\"valueName\":\"search_term_string\"}}],\"inLanguage\":\"ru-RU\"},{\"@type\":\"Person\",\"@id\":\"https:\\\/\\\/mybook.am\\\/#\\\/schema\\\/person\\\/e730847942cff3a199774e803916e97e\",\"name\":\"admin\",\"image\":{\"@type\":\"ImageObject\",\"inLanguage\":\"ru-RU\",\"@id\":\"https:\\\/\\\/secure.gravatar.com\\\/avatar\\\/df64e550a0653b7be0f1bcf897f33faad9c2c8153472b2d9319beafb51370f6f?s=96&d=mm&r=g\",\"url\":\"https:\\\/\\\/secure.gravatar.com\\\/avatar\\\/df64e550a0653b7be0f1bcf897f33faad9c2c8153472b2d9319beafb51370f6f?s=96&d=mm&r=g\",\"contentUrl\":\"https:\\\/\\\/secure.gravatar.com\\\/avatar\\\/df64e550a0653b7be0f1bcf897f33faad9c2c8153472b2d9319beafb51370f6f?s=96&d=mm&r=g\",\"caption\":\"admin\"},\"sameAs\":[\"http:\\\/\\\/mybook.am\"],\"url\":\"https:\\\/\\\/mybook.am\\\/?author=1\"}]}<\/script>\n<!-- \/ Yoast SEO plugin. -->","yoast_head_json":{"title":"Quand les mots deviennent des armes : comment Paris juge ceux qui ont d\u00e9cid\u00e9 que \u00ab l'internet tol\u00e8re tout \u00bb -","robots":{"index":"index","follow":"follow","max-snippet":"max-snippet:-1","max-image-preview":"max-image-preview:large","max-video-preview":"max-video-preview:-1"},"canonical":"https:\/\/mybook.am\/?p=22422","og_locale":"ru_RU","og_type":"article","og_title":"Quand les mots deviennent des armes : comment Paris juge ceux qui ont d\u00e9cid\u00e9 que \u00ab l'internet tol\u00e8re tout \u00bb -","og_description":"Elle \u00e9tait assise droite dans la salle d&#8217;audience, presque immobile. La lumi\u00e8re, filtrant par une fen\u00eatre lat\u00e9rale, soulignait son profil \u2013 douloureusement reconnaissable","og_url":"https:\/\/mybook.am\/?p=22422","article_published_time":"2025-10-31T15:29:35+00:00","og_image":[{"width":578,"height":650,"url":"https:\/\/mybook.am\/wp-content\/uploads\/2025\/10\/465120-1.jpeg","type":"image\/jpeg"}],"author":"admin","twitter_card":"summary_large_image","twitter_misc":{"\u041d\u0430\u043f\u0438\u0441\u0430\u043d\u043e \u0430\u0432\u0442\u043e\u0440\u043e\u043c":"admin","\u041f\u0440\u0438\u043c\u0435\u0440\u043d\u043e\u0435 \u0432\u0440\u0435\u043c\u044f \u0434\u043b\u044f \u0447\u0442\u0435\u043d\u0438\u044f":"4 \u043c\u0438\u043d\u0443\u0442\u044b"},"schema":{"@context":"https:\/\/schema.org","@graph":[{"@type":"Article","@id":"https:\/\/mybook.am\/?p=22422#article","isPartOf":{"@id":"https:\/\/mybook.am\/?p=22422"},"author":{"name":"admin","@id":"https:\/\/mybook.am\/#\/schema\/person\/e730847942cff3a199774e803916e97e"},"headline":"Quand les mots deviennent des armes : comment Paris juge ceux qui ont d\u00e9cid\u00e9 que \u00ab l&#8217;internet tol\u00e8re tout \u00bb","datePublished":"2025-10-31T15:29:35+00:00","mainEntityOfPage":{"@id":"https:\/\/mybook.am\/?p=22422"},"wordCount":752,"commentCount":0,"image":{"@id":"https:\/\/mybook.am\/?p=22422#primaryimage"},"thumbnailUrl":"https:\/\/mybook.am\/wp-content\/uploads\/2025\/10\/465120-1.jpeg","articleSection":["FRANS"],"inLanguage":"ru-RU","potentialAction":[{"@type":"CommentAction","name":"Comment","target":["https:\/\/mybook.am\/?p=22422#respond"]}]},{"@type":"WebPage","@id":"https:\/\/mybook.am\/?p=22422","url":"https:\/\/mybook.am\/?p=22422","name":"Quand les mots deviennent des armes : comment Paris juge ceux qui ont d\u00e9cid\u00e9 que \u00ab l'internet tol\u00e8re tout \u00bb -","isPartOf":{"@id":"https:\/\/mybook.am\/#website"},"primaryImageOfPage":{"@id":"https:\/\/mybook.am\/?p=22422#primaryimage"},"image":{"@id":"https:\/\/mybook.am\/?p=22422#primaryimage"},"thumbnailUrl":"https:\/\/mybook.am\/wp-content\/uploads\/2025\/10\/465120-1.jpeg","datePublished":"2025-10-31T15:29:35+00:00","author":{"@id":"https:\/\/mybook.am\/#\/schema\/person\/e730847942cff3a199774e803916e97e"},"breadcrumb":{"@id":"https:\/\/mybook.am\/?p=22422#breadcrumb"},"inLanguage":"ru-RU","potentialAction":[{"@type":"ReadAction","target":["https:\/\/mybook.am\/?p=22422"]}]},{"@type":"ImageObject","inLanguage":"ru-RU","@id":"https:\/\/mybook.am\/?p=22422#primaryimage","url":"https:\/\/mybook.am\/wp-content\/uploads\/2025\/10\/465120-1.jpeg","contentUrl":"https:\/\/mybook.am\/wp-content\/uploads\/2025\/10\/465120-1.jpeg","width":578,"height":650},{"@type":"BreadcrumbList","@id":"https:\/\/mybook.am\/?p=22422#breadcrumb","itemListElement":[{"@type":"ListItem","position":1,"name":"\u0413\u043b\u0430\u0432\u043d\u0430\u044f \u0441\u0442\u0440\u0430\u043d\u0438\u0446\u0430","item":"https:\/\/mybook.am\/"},{"@type":"ListItem","position":2,"name":"Quand les mots deviennent des armes : comment Paris juge ceux qui ont d\u00e9cid\u00e9 que \u00ab l&#8217;internet tol\u00e8re tout \u00bb"}]},{"@type":"WebSite","@id":"https:\/\/mybook.am\/#website","url":"https:\/\/mybook.am\/","name":"","description":"","potentialAction":[{"@type":"SearchAction","target":{"@type":"EntryPoint","urlTemplate":"https:\/\/mybook.am\/?s={search_term_string}"},"query-input":{"@type":"PropertyValueSpecification","valueRequired":true,"valueName":"search_term_string"}}],"inLanguage":"ru-RU"},{"@type":"Person","@id":"https:\/\/mybook.am\/#\/schema\/person\/e730847942cff3a199774e803916e97e","name":"admin","image":{"@type":"ImageObject","inLanguage":"ru-RU","@id":"https:\/\/secure.gravatar.com\/avatar\/df64e550a0653b7be0f1bcf897f33faad9c2c8153472b2d9319beafb51370f6f?s=96&d=mm&r=g","url":"https:\/\/secure.gravatar.com\/avatar\/df64e550a0653b7be0f1bcf897f33faad9c2c8153472b2d9319beafb51370f6f?s=96&d=mm&r=g","contentUrl":"https:\/\/secure.gravatar.com\/avatar\/df64e550a0653b7be0f1bcf897f33faad9c2c8153472b2d9319beafb51370f6f?s=96&d=mm&r=g","caption":"admin"},"sameAs":["http:\/\/mybook.am"],"url":"https:\/\/mybook.am\/?author=1"}]}},"views":98,"_links":{"self":[{"href":"https:\/\/mybook.am\/index.php?rest_route=\/wp\/v2\/posts\/22422","targetHints":{"allow":["GET"]}}],"collection":[{"href":"https:\/\/mybook.am\/index.php?rest_route=\/wp\/v2\/posts"}],"about":[{"href":"https:\/\/mybook.am\/index.php?rest_route=\/wp\/v2\/types\/post"}],"author":[{"embeddable":true,"href":"https:\/\/mybook.am\/index.php?rest_route=\/wp\/v2\/users\/1"}],"replies":[{"embeddable":true,"href":"https:\/\/mybook.am\/index.php?rest_route=%2Fwp%2Fv2%2Fcomments&post=22422"}],"version-history":[{"count":1,"href":"https:\/\/mybook.am\/index.php?rest_route=\/wp\/v2\/posts\/22422\/revisions"}],"predecessor-version":[{"id":22424,"href":"https:\/\/mybook.am\/index.php?rest_route=\/wp\/v2\/posts\/22422\/revisions\/22424"}],"wp:featuredmedia":[{"embeddable":true,"href":"https:\/\/mybook.am\/index.php?rest_route=\/wp\/v2\/media\/22423"}],"wp:attachment":[{"href":"https:\/\/mybook.am\/index.php?rest_route=%2Fwp%2Fv2%2Fmedia&parent=22422"}],"wp:term":[{"taxonomy":"category","embeddable":true,"href":"https:\/\/mybook.am\/index.php?rest_route=%2Fwp%2Fv2%2Fcategories&post=22422"},{"taxonomy":"post_tag","embeddable":true,"href":"https:\/\/mybook.am\/index.php?rest_route=%2Fwp%2Fv2%2Ftags&post=22422"}],"curies":[{"name":"wp","href":"https:\/\/api.w.org\/{rel}","templated":true}]}}