{"id":22426,"date":"2025-10-31T18:41:52","date_gmt":"2025-10-31T15:41:52","guid":{"rendered":"https:\/\/mybook.am\/?p=22426"},"modified":"2025-10-31T18:41:53","modified_gmt":"2025-10-31T15:41:53","slug":"ticho-ktere-krici-pod-zemi-pravda-babiho-jaru","status":"publish","type":"post","link":"https:\/\/mybook.am\/?p=22426","title":{"rendered":"Ticho, kter\u00e9 k\u0159i\u010d\u00ed pod zem\u00ed: Pravda Bab\u00edho Jaru"},"content":{"rendered":"\n<p class=\"has-medium-font-size\">Kr\u00e1\u010deli po cest\u011b a sv\u00edrali v rukou bal\u00ed\u010dky, d\u011bti a sv\u00e9 posledn\u00ed fotografie. Vzduch byl pln\u00fd podzimn\u00ed v\u016fn\u011b \u2013 vlhkost, list\u00ed, kou\u0159 ze vzd\u00e1len\u00fdch kamen. V\u0161echno se zd\u00e1lo t\u00e9m\u011b\u0159 oby\u010dejn\u00e9, neb\u00fdt onoho zvl\u00e1\u0161tn\u00edho ticha. Lid\u00e9 pochodovali v kolon\u011b, ani\u017e by si uv\u011bdomovali, \u017ee nejdou k p\u0159es\u00eddlen\u00ed, ale do rokle, kde kon\u010d\u00ed samotn\u00e1 mo\u017enost \u017eivota.<\/p>\n\n\n\n<p class=\"has-medium-font-size\">Bab\u00ed Jar. Slovo, kter\u00e9 se stalo synonymem pro propast. Na konci z\u00e1\u0159\u00ed 1941 byl Kyjev ji\u017e pod n\u011bmeckou okupac\u00ed. Ozn\u00e1men\u00ed vyti\u0161t\u011bn\u00e9 velk\u00fdm p\u00edsmem na\u0159izovalo v\u0161em \u017did\u016fm ve m\u011bst\u011b, aby se hl\u00e1sili na okraji m\u011bsta. N\u011bkte\u0159\u00ed v\u011b\u0159ili, \u017ee budou p\u0159es\u00eddleni. Jin\u00ed ch\u00e1pali, ale ml\u010deli \u2013 proto\u017ee co jin\u00e9ho mohli d\u011blat? V tu chv\u00edli se strach a nad\u011bje t\u00e9m\u011b\u0159 sl\u00e9valy v jedno.<\/p>\n\n\n\n<figure class=\"wp-block-image size-full is-resized\"><img loading=\"lazy\" decoding=\"async\" width=\"526\" height=\"526\" src=\"https:\/\/mybook.am\/wp-content\/uploads\/2025\/10\/798484.jpeg\" alt=\"\" class=\"wp-image-22427\" style=\"width:747px;height:auto\" srcset=\"https:\/\/mybook.am\/wp-content\/uploads\/2025\/10\/798484.jpeg 526w, https:\/\/mybook.am\/wp-content\/uploads\/2025\/10\/798484-300x300.jpeg 300w, https:\/\/mybook.am\/wp-content\/uploads\/2025\/10\/798484-150x150.jpeg 150w\" sizes=\"auto, (max-width: 526px) 100vw, 526px\" \/><\/figure>\n\n\n\n<p class=\"has-medium-font-size\">Kdy\u017e se kolony p\u0159ibl\u00ed\u017eily k rokli, uk\u00e1zalo se: nebylo \u00faniku. Lid\u00e9 byli nuceni svl\u00e9knout se a slo\u017eit sv\u00e9 v\u011bci do \u00fahledn\u00fdch hrom\u00e1dek. N\u011bkter\u00fdm se poda\u0159ilo \u0161eptat modlitby, n\u011bkte\u0159\u00ed uklid\u0148ovali d\u00edt\u011b, n\u011bkte\u0159\u00ed tam prost\u011b jen st\u00e1li \u2013 s v\u00fdrazem ve tv\u00e1\u0159i, kter\u00fd u\u017e neudr\u017eel rytmus.<\/p>\n\n\n\n<p class=\"has-medium-font-size\">Zvuky st\u0159elby se sl\u00e9valy do jednoho nekone\u010dn\u00e9ho rytmu. Nejprve hlasit\u011b, pak postupn\u011b ti\u0161e. Stovky t\u011bl padaly na zem a zd\u00e1lo se, \u017ee pod jejich vahou st\u00e9naj\u00ed. Voj\u00e1ci kou\u0159ili, sm\u00e1li se, m\u011bnili zbran\u011b. Dva dny. T\u0159icet \u010dty\u0159i tis\u00edc \u017eivot\u016f. \u010c\u00edslo, kter\u00e9 lidsk\u00e1 mysl nedok\u00e1\u017ee pochopit.<\/p>\n\n\n\n<p class=\"has-medium-font-size\">Ale c\u00edt\u00edte i n\u011bco jin\u00e9ho: pr\u00e1zdnotu. Ticho, kter\u00e9 potom vl\u00e1dlo, nebylo jen ticho \u2013 byl to k\u0159ik, kter\u00fd nebylo mo\u017en\u00e9 sly\u0161et. Proto\u017ee v t\u00e9 rokli nez\u016fstali \u017e\u00e1dn\u00ed sv\u011bdci.<\/p>\n\n\n\n<p class=\"has-medium-font-size\">Pozd\u011bji, kdy\u017e m\u011bsto \u017eilo d\u00e1l \u2013 pekl se chl\u00e9b, slavily se svatby, pracovaly tov\u00e1rny \u2013 zem\u011b pod jejich nohama st\u00e1le d\u00fdchala. Na ja\u0159e se zpod tr\u00e1vy vyno\u0159ovaly kosti. D\u011bti nach\u00e1zely knofl\u00edky, prsteny, \u00falomky br\u00fdl\u00ed. Pam\u011b\u0165 se nenechala \u00fapln\u011b poh\u0159b\u00edt.<\/p>\n\n\n\n<p class=\"has-medium-font-size\">Sov\u011btsk\u00e1 vl\u00e1da se pokusila toto m\u00edsto vymazat a prom\u011bnit ho v \u201e\u00fazem\u00ed bez minulosti\u201c. Rokli zasypali, postavili park, instalovali atrakce. \u00da\u0159ady hovo\u0159ily o \u201eob\u011btech fa\u0161ismu\u201c, ale ne o \u017didech. Jako by neuveden\u00ed jm\u00e9na znamenalo, \u017ee \u010dlov\u011bk p\u0159estal existovat.<\/p>\n\n\n\n<p class=\"has-medium-font-size\">V 60. letech 20. stolet\u00ed b\u00e1sn\u00edk Jevgenij Jevtu\u0161enko napsal: \u201eNad Bab\u00edm Jarem nejsou \u017e\u00e1dn\u00e9 pam\u00e1tky.\u201c Tyto ver\u0161e byly v\u00fdzvou, t\u00e9m\u011b\u0159 pl\u00e1\u010dem. Proto\u017ee pam\u011b\u0165 nen\u00ed k\u00e1men, ale \u017eivouc\u00ed bolest. Po t\u011bchto slovech se spisovatel\u00e9, skladatel\u00e9 a o\u010dit\u00ed sv\u011bdci znovu za\u010dali bavit o tomto m\u00edst\u011b. \u0160ostakovi\u010d napsal symfonii, kter\u00e1 nah\u00e1n\u00ed mrazen\u00ed po z\u00e1dech i t\u011bm, kte\u0159\u00ed nikdy nesly\u0161eli v\u00fdst\u0159ely.<\/p>\n\n\n\n<p class=\"has-medium-font-size\">Pravdou ale je, \u017ee Bab\u00ed Jar nen\u00ed jen o minulosti. Je to zrcadlo, do kter\u00e9ho se dnes mus\u00edme pod\u00edvat. Kolikr\u00e1t u\u017e lidstvo toto gesto zopakovalo \u2013 odvr\u00e1tit se, vyhnout se pohledu? Poka\u017ed\u00e9, kdy\u017e ml\u010d\u00edme, poka\u017ed\u00e9, kdy\u017e souhlas\u00edme s t\u00edm, \u017ee si n\u011bkdo \u201enezaslou\u017e\u00ed\u201c \u017e\u00edt, se ta rokle znovu otev\u0159e.<\/p>\n\n\n\n<p class=\"has-medium-font-size\">Jeden z p\u0159e\u017eiv\u0161\u00edch chlapc\u016f pozd\u011bji \u0159ekl: \u201eZem\u011b pode mnou byla tepl\u00e1.\u201c Tato fr\u00e1ze je d\u011bsiv\u011bj\u0161\u00ed ne\u017e jak\u00e9koli \u010d\u00edslo nebo kronika. Tepl\u00fd znamen\u00e1 st\u00e1le \u017eiv\u00fd. Znamen\u00e1 to, \u017ee smrt nestihla vychladnout.<\/p>\n\n\n\n<p class=\"has-medium-font-size\">St\u00e1l jsem tam, o mnoho let pozd\u011bji, mezi tr\u00e1vou, kde te\u010f stoj\u00ed cesti\u010dky a lavi\u010dky. V\u00edtr \u0161ustil list\u00edm a zd\u00e1lo se, \u017ee d\u00fdch\u00e1m. Ani k\u0159ik, ani zvuk \u2013 jen \u0161ust\u011bn\u00ed. A najednou pochop\u00edte: toto m\u00edsto si nevy\u017eaduje slzy. Vy\u017eaduje si vzpom\u00ednku.<\/p>\n\n\n\n<p class=\"has-medium-font-size\">Proto\u017ee kdy\u017e zapomeneme, zem\u011b se znovu zah\u0159eje.<\/p>\n","protected":false},"excerpt":{"rendered":"Kr\u00e1\u010deli po cest\u011b a sv\u00edrali v rukou bal\u00ed\u010dky, d\u011bti a sv\u00e9 posledn\u00ed fotografie. Vzduch byl pln\u00fd podzimn\u00ed v\u016fn\u011b \u2013 vlhkost, list\u00ed, kou\u0159 ze \n<a class=\"moretag\" href=\"https:\/\/mybook.am\/?p=22426\"> [...]<\/a>","protected":false},"author":1,"featured_media":22427,"comment_status":"open","ping_status":"open","sticky":false,"template":"","format":"standard","meta":{"footnotes":""},"categories":[1],"tags":[],"class_list":["post-22426","post","type-post","status-publish","format-standard","has-post-thumbnail","hentry","category-ceska"],"yoast_head":"<!-- This site is optimized with the Yoast SEO plugin v27.5 - https:\/\/yoast.com\/product\/yoast-seo-wordpress\/ -->\n<title>Ticho, kter\u00e9 k\u0159i\u010d\u00ed pod zem\u00ed: Pravda Bab\u00edho Jaru -<\/title>\n<meta name=\"robots\" content=\"index, follow, max-snippet:-1, max-image-preview:large, max-video-preview:-1\" \/>\n<link rel=\"canonical\" href=\"https:\/\/mybook.am\/?p=22426\" \/>\n<meta property=\"og:locale\" content=\"ru_RU\" \/>\n<meta property=\"og:type\" content=\"article\" \/>\n<meta property=\"og:title\" content=\"Ticho, kter\u00e9 k\u0159i\u010d\u00ed pod zem\u00ed: Pravda Bab\u00edho Jaru -\" \/>\n<meta property=\"og:description\" content=\"Kr\u00e1\u010deli po cest\u011b a sv\u00edrali v rukou bal\u00ed\u010dky, d\u011bti a sv\u00e9 posledn\u00ed fotografie. Vzduch byl pln\u00fd podzimn\u00ed v\u016fn\u011b \u2013 vlhkost, list\u00ed, kou\u0159 ze\" \/>\n<meta property=\"og:url\" content=\"https:\/\/mybook.am\/?p=22426\" \/>\n<meta property=\"article:published_time\" content=\"2025-10-31T15:41:52+00:00\" \/>\n<meta property=\"article:modified_time\" content=\"2025-10-31T15:41:53+00:00\" \/>\n<meta property=\"og:image\" content=\"https:\/\/mybook.am\/wp-content\/uploads\/2025\/10\/798484.jpeg\" \/>\n\t<meta property=\"og:image:width\" content=\"526\" \/>\n\t<meta property=\"og:image:height\" content=\"526\" \/>\n\t<meta property=\"og:image:type\" content=\"image\/jpeg\" \/>\n<meta name=\"author\" content=\"admin\" \/>\n<meta name=\"twitter:card\" content=\"summary_large_image\" \/>\n<meta name=\"twitter:label1\" content=\"\u041d\u0430\u043f\u0438\u0441\u0430\u043d\u043e \u0430\u0432\u0442\u043e\u0440\u043e\u043c\" \/>\n\t<meta name=\"twitter:data1\" content=\"admin\" \/>\n\t<meta name=\"twitter:label2\" content=\"\u041f\u0440\u0438\u043c\u0435\u0440\u043d\u043e\u0435 \u0432\u0440\u0435\u043c\u044f \u0434\u043b\u044f \u0447\u0442\u0435\u043d\u0438\u044f\" \/>\n\t<meta name=\"twitter:data2\" content=\"4 \u043c\u0438\u043d\u0443\u0442\u044b\" \/>\n<script type=\"application\/ld+json\" class=\"yoast-schema-graph\">{\"@context\":\"https:\\\/\\\/schema.org\",\"@graph\":[{\"@type\":\"Article\",\"@id\":\"https:\\\/\\\/mybook.am\\\/?p=22426#article\",\"isPartOf\":{\"@id\":\"https:\\\/\\\/mybook.am\\\/?p=22426\"},\"author\":{\"name\":\"admin\",\"@id\":\"https:\\\/\\\/mybook.am\\\/#\\\/schema\\\/person\\\/e730847942cff3a199774e803916e97e\"},\"headline\":\"Ticho, kter\u00e9 k\u0159i\u010d\u00ed pod zem\u00ed: Pravda Bab\u00edho Jaru\",\"datePublished\":\"2025-10-31T15:41:52+00:00\",\"dateModified\":\"2025-10-31T15:41:53+00:00\",\"mainEntityOfPage\":{\"@id\":\"https:\\\/\\\/mybook.am\\\/?p=22426\"},\"wordCount\":668,\"commentCount\":0,\"image\":{\"@id\":\"https:\\\/\\\/mybook.am\\\/?p=22426#primaryimage\"},\"thumbnailUrl\":\"https:\\\/\\\/mybook.am\\\/wp-content\\\/uploads\\\/2025\\\/10\\\/798484.jpeg\",\"articleSection\":[\"\u010cesk\u00e1\"],\"inLanguage\":\"ru-RU\",\"potentialAction\":[{\"@type\":\"CommentAction\",\"name\":\"Comment\",\"target\":[\"https:\\\/\\\/mybook.am\\\/?p=22426#respond\"]}]},{\"@type\":\"WebPage\",\"@id\":\"https:\\\/\\\/mybook.am\\\/?p=22426\",\"url\":\"https:\\\/\\\/mybook.am\\\/?p=22426\",\"name\":\"Ticho, kter\u00e9 k\u0159i\u010d\u00ed pod zem\u00ed: Pravda Bab\u00edho Jaru -\",\"isPartOf\":{\"@id\":\"https:\\\/\\\/mybook.am\\\/#website\"},\"primaryImageOfPage\":{\"@id\":\"https:\\\/\\\/mybook.am\\\/?p=22426#primaryimage\"},\"image\":{\"@id\":\"https:\\\/\\\/mybook.am\\\/?p=22426#primaryimage\"},\"thumbnailUrl\":\"https:\\\/\\\/mybook.am\\\/wp-content\\\/uploads\\\/2025\\\/10\\\/798484.jpeg\",\"datePublished\":\"2025-10-31T15:41:52+00:00\",\"dateModified\":\"2025-10-31T15:41:53+00:00\",\"author\":{\"@id\":\"https:\\\/\\\/mybook.am\\\/#\\\/schema\\\/person\\\/e730847942cff3a199774e803916e97e\"},\"breadcrumb\":{\"@id\":\"https:\\\/\\\/mybook.am\\\/?p=22426#breadcrumb\"},\"inLanguage\":\"ru-RU\",\"potentialAction\":[{\"@type\":\"ReadAction\",\"target\":[\"https:\\\/\\\/mybook.am\\\/?p=22426\"]}]},{\"@type\":\"ImageObject\",\"inLanguage\":\"ru-RU\",\"@id\":\"https:\\\/\\\/mybook.am\\\/?p=22426#primaryimage\",\"url\":\"https:\\\/\\\/mybook.am\\\/wp-content\\\/uploads\\\/2025\\\/10\\\/798484.jpeg\",\"contentUrl\":\"https:\\\/\\\/mybook.am\\\/wp-content\\\/uploads\\\/2025\\\/10\\\/798484.jpeg\",\"width\":526,\"height\":526},{\"@type\":\"BreadcrumbList\",\"@id\":\"https:\\\/\\\/mybook.am\\\/?p=22426#breadcrumb\",\"itemListElement\":[{\"@type\":\"ListItem\",\"position\":1,\"name\":\"\u0413\u043b\u0430\u0432\u043d\u0430\u044f \u0441\u0442\u0440\u0430\u043d\u0438\u0446\u0430\",\"item\":\"https:\\\/\\\/mybook.am\\\/\"},{\"@type\":\"ListItem\",\"position\":2,\"name\":\"Ticho, kter\u00e9 k\u0159i\u010d\u00ed pod zem\u00ed: Pravda Bab\u00edho Jaru\"}]},{\"@type\":\"WebSite\",\"@id\":\"https:\\\/\\\/mybook.am\\\/#website\",\"url\":\"https:\\\/\\\/mybook.am\\\/\",\"name\":\"\",\"description\":\"\",\"potentialAction\":[{\"@type\":\"SearchAction\",\"target\":{\"@type\":\"EntryPoint\",\"urlTemplate\":\"https:\\\/\\\/mybook.am\\\/?s={search_term_string}\"},\"query-input\":{\"@type\":\"PropertyValueSpecification\",\"valueRequired\":true,\"valueName\":\"search_term_string\"}}],\"inLanguage\":\"ru-RU\"},{\"@type\":\"Person\",\"@id\":\"https:\\\/\\\/mybook.am\\\/#\\\/schema\\\/person\\\/e730847942cff3a199774e803916e97e\",\"name\":\"admin\",\"image\":{\"@type\":\"ImageObject\",\"inLanguage\":\"ru-RU\",\"@id\":\"https:\\\/\\\/secure.gravatar.com\\\/avatar\\\/df64e550a0653b7be0f1bcf897f33faad9c2c8153472b2d9319beafb51370f6f?s=96&d=mm&r=g\",\"url\":\"https:\\\/\\\/secure.gravatar.com\\\/avatar\\\/df64e550a0653b7be0f1bcf897f33faad9c2c8153472b2d9319beafb51370f6f?s=96&d=mm&r=g\",\"contentUrl\":\"https:\\\/\\\/secure.gravatar.com\\\/avatar\\\/df64e550a0653b7be0f1bcf897f33faad9c2c8153472b2d9319beafb51370f6f?s=96&d=mm&r=g\",\"caption\":\"admin\"},\"sameAs\":[\"http:\\\/\\\/mybook.am\"],\"url\":\"https:\\\/\\\/mybook.am\\\/?author=1\"}]}<\/script>\n<!-- \/ Yoast SEO plugin. -->","yoast_head_json":{"title":"Ticho, kter\u00e9 k\u0159i\u010d\u00ed pod zem\u00ed: Pravda Bab\u00edho Jaru -","robots":{"index":"index","follow":"follow","max-snippet":"max-snippet:-1","max-image-preview":"max-image-preview:large","max-video-preview":"max-video-preview:-1"},"canonical":"https:\/\/mybook.am\/?p=22426","og_locale":"ru_RU","og_type":"article","og_title":"Ticho, kter\u00e9 k\u0159i\u010d\u00ed pod zem\u00ed: Pravda Bab\u00edho Jaru -","og_description":"Kr\u00e1\u010deli po cest\u011b a sv\u00edrali v rukou bal\u00ed\u010dky, d\u011bti a sv\u00e9 posledn\u00ed fotografie. Vzduch byl pln\u00fd podzimn\u00ed v\u016fn\u011b \u2013 vlhkost, list\u00ed, kou\u0159 ze","og_url":"https:\/\/mybook.am\/?p=22426","article_published_time":"2025-10-31T15:41:52+00:00","article_modified_time":"2025-10-31T15:41:53+00:00","og_image":[{"width":526,"height":526,"url":"https:\/\/mybook.am\/wp-content\/uploads\/2025\/10\/798484.jpeg","type":"image\/jpeg"}],"author":"admin","twitter_card":"summary_large_image","twitter_misc":{"\u041d\u0430\u043f\u0438\u0441\u0430\u043d\u043e \u0430\u0432\u0442\u043e\u0440\u043e\u043c":"admin","\u041f\u0440\u0438\u043c\u0435\u0440\u043d\u043e\u0435 \u0432\u0440\u0435\u043c\u044f \u0434\u043b\u044f \u0447\u0442\u0435\u043d\u0438\u044f":"4 \u043c\u0438\u043d\u0443\u0442\u044b"},"schema":{"@context":"https:\/\/schema.org","@graph":[{"@type":"Article","@id":"https:\/\/mybook.am\/?p=22426#article","isPartOf":{"@id":"https:\/\/mybook.am\/?p=22426"},"author":{"name":"admin","@id":"https:\/\/mybook.am\/#\/schema\/person\/e730847942cff3a199774e803916e97e"},"headline":"Ticho, kter\u00e9 k\u0159i\u010d\u00ed pod zem\u00ed: Pravda Bab\u00edho Jaru","datePublished":"2025-10-31T15:41:52+00:00","dateModified":"2025-10-31T15:41:53+00:00","mainEntityOfPage":{"@id":"https:\/\/mybook.am\/?p=22426"},"wordCount":668,"commentCount":0,"image":{"@id":"https:\/\/mybook.am\/?p=22426#primaryimage"},"thumbnailUrl":"https:\/\/mybook.am\/wp-content\/uploads\/2025\/10\/798484.jpeg","articleSection":["\u010cesk\u00e1"],"inLanguage":"ru-RU","potentialAction":[{"@type":"CommentAction","name":"Comment","target":["https:\/\/mybook.am\/?p=22426#respond"]}]},{"@type":"WebPage","@id":"https:\/\/mybook.am\/?p=22426","url":"https:\/\/mybook.am\/?p=22426","name":"Ticho, kter\u00e9 k\u0159i\u010d\u00ed pod zem\u00ed: Pravda Bab\u00edho Jaru -","isPartOf":{"@id":"https:\/\/mybook.am\/#website"},"primaryImageOfPage":{"@id":"https:\/\/mybook.am\/?p=22426#primaryimage"},"image":{"@id":"https:\/\/mybook.am\/?p=22426#primaryimage"},"thumbnailUrl":"https:\/\/mybook.am\/wp-content\/uploads\/2025\/10\/798484.jpeg","datePublished":"2025-10-31T15:41:52+00:00","dateModified":"2025-10-31T15:41:53+00:00","author":{"@id":"https:\/\/mybook.am\/#\/schema\/person\/e730847942cff3a199774e803916e97e"},"breadcrumb":{"@id":"https:\/\/mybook.am\/?p=22426#breadcrumb"},"inLanguage":"ru-RU","potentialAction":[{"@type":"ReadAction","target":["https:\/\/mybook.am\/?p=22426"]}]},{"@type":"ImageObject","inLanguage":"ru-RU","@id":"https:\/\/mybook.am\/?p=22426#primaryimage","url":"https:\/\/mybook.am\/wp-content\/uploads\/2025\/10\/798484.jpeg","contentUrl":"https:\/\/mybook.am\/wp-content\/uploads\/2025\/10\/798484.jpeg","width":526,"height":526},{"@type":"BreadcrumbList","@id":"https:\/\/mybook.am\/?p=22426#breadcrumb","itemListElement":[{"@type":"ListItem","position":1,"name":"\u0413\u043b\u0430\u0432\u043d\u0430\u044f \u0441\u0442\u0440\u0430\u043d\u0438\u0446\u0430","item":"https:\/\/mybook.am\/"},{"@type":"ListItem","position":2,"name":"Ticho, kter\u00e9 k\u0159i\u010d\u00ed pod zem\u00ed: Pravda Bab\u00edho Jaru"}]},{"@type":"WebSite","@id":"https:\/\/mybook.am\/#website","url":"https:\/\/mybook.am\/","name":"","description":"","potentialAction":[{"@type":"SearchAction","target":{"@type":"EntryPoint","urlTemplate":"https:\/\/mybook.am\/?s={search_term_string}"},"query-input":{"@type":"PropertyValueSpecification","valueRequired":true,"valueName":"search_term_string"}}],"inLanguage":"ru-RU"},{"@type":"Person","@id":"https:\/\/mybook.am\/#\/schema\/person\/e730847942cff3a199774e803916e97e","name":"admin","image":{"@type":"ImageObject","inLanguage":"ru-RU","@id":"https:\/\/secure.gravatar.com\/avatar\/df64e550a0653b7be0f1bcf897f33faad9c2c8153472b2d9319beafb51370f6f?s=96&d=mm&r=g","url":"https:\/\/secure.gravatar.com\/avatar\/df64e550a0653b7be0f1bcf897f33faad9c2c8153472b2d9319beafb51370f6f?s=96&d=mm&r=g","contentUrl":"https:\/\/secure.gravatar.com\/avatar\/df64e550a0653b7be0f1bcf897f33faad9c2c8153472b2d9319beafb51370f6f?s=96&d=mm&r=g","caption":"admin"},"sameAs":["http:\/\/mybook.am"],"url":"https:\/\/mybook.am\/?author=1"}]}},"views":138,"_links":{"self":[{"href":"https:\/\/mybook.am\/index.php?rest_route=\/wp\/v2\/posts\/22426","targetHints":{"allow":["GET"]}}],"collection":[{"href":"https:\/\/mybook.am\/index.php?rest_route=\/wp\/v2\/posts"}],"about":[{"href":"https:\/\/mybook.am\/index.php?rest_route=\/wp\/v2\/types\/post"}],"author":[{"embeddable":true,"href":"https:\/\/mybook.am\/index.php?rest_route=\/wp\/v2\/users\/1"}],"replies":[{"embeddable":true,"href":"https:\/\/mybook.am\/index.php?rest_route=%2Fwp%2Fv2%2Fcomments&post=22426"}],"version-history":[{"count":1,"href":"https:\/\/mybook.am\/index.php?rest_route=\/wp\/v2\/posts\/22426\/revisions"}],"predecessor-version":[{"id":22428,"href":"https:\/\/mybook.am\/index.php?rest_route=\/wp\/v2\/posts\/22426\/revisions\/22428"}],"wp:featuredmedia":[{"embeddable":true,"href":"https:\/\/mybook.am\/index.php?rest_route=\/wp\/v2\/media\/22427"}],"wp:attachment":[{"href":"https:\/\/mybook.am\/index.php?rest_route=%2Fwp%2Fv2%2Fmedia&parent=22426"}],"wp:term":[{"taxonomy":"category","embeddable":true,"href":"https:\/\/mybook.am\/index.php?rest_route=%2Fwp%2Fv2%2Fcategories&post=22426"},{"taxonomy":"post_tag","embeddable":true,"href":"https:\/\/mybook.am\/index.php?rest_route=%2Fwp%2Fv2%2Ftags&post=22426"}],"curies":[{"name":"wp","href":"https:\/\/api.w.org\/{rel}","templated":true}]}}