{"id":22429,"date":"2025-10-31T18:47:29","date_gmt":"2025-10-31T15:47:29","guid":{"rendered":"https:\/\/mybook.am\/?p=22429"},"modified":"2025-10-31T18:47:30","modified_gmt":"2025-10-31T15:47:30","slug":"le-silence-qui-hurle-sous-terre-la-verite-de-babi-yar","status":"publish","type":"post","link":"https:\/\/mybook.am\/?p=22429","title":{"rendered":"Le silence qui hurle sous terre : La v\u00e9rit\u00e9 de Babi Yar"},"content":{"rendered":"\n<p class=\"has-medium-font-size\">Ils marchaient le long de la route, serrant contre eux des paquets, leurs enfants et leurs derni\u00e8res photos. L&#8217;air \u00e9tait lourd des senteurs de l&#8217;automne : humidit\u00e9, feuilles, fum\u00e9e de po\u00eales au loin. Tout semblait presque ordinaire, si ce n&#8217;est ce silence \u00e9trange. Les gens marchaient en colonne, ignorant qu&#8217;ils ne se dirigeaient pas vers un lieu de relogement, mais vers un ravin o\u00f9 s&#8217;\u00e9teignait toute possibilit\u00e9 de vie.<\/p>\n\n\n\n<p class=\"has-medium-font-size\">Babi Yar. Un nom devenu synonyme d&#8217;ab\u00eeme. Fin septembre 1941, Kiev \u00e9tait d\u00e9j\u00e0 sous occupation allemande. Un avis imprim\u00e9 en gros caract\u00e8res ordonnait \u00e0 tous les Juifs de la ville de se rendre \u00e0 la p\u00e9riph\u00e9rie. Certains croyaient qu&#8217;ils seraient relog\u00e9s. D&#8217;autres comprenaient, mais gardaient le silence \u2013 car que pouvaient-ils faire d&#8217;autre ? \u00c0 cet instant, la peur et l&#8217;espoir ne faisaient presque qu&#8217;un.<\/p>\n\n\n\n<figure class=\"wp-block-image size-full is-resized\"><img loading=\"lazy\" decoding=\"async\" width=\"526\" height=\"526\" src=\"https:\/\/mybook.am\/wp-content\/uploads\/2025\/10\/798484-1.jpeg\" alt=\"\" class=\"wp-image-22430\" style=\"width:747px;height:auto\" srcset=\"https:\/\/mybook.am\/wp-content\/uploads\/2025\/10\/798484-1.jpeg 526w, https:\/\/mybook.am\/wp-content\/uploads\/2025\/10\/798484-1-300x300.jpeg 300w, https:\/\/mybook.am\/wp-content\/uploads\/2025\/10\/798484-1-150x150.jpeg 150w\" sizes=\"auto, (max-width: 526px) 100vw, 526px\" \/><\/figure>\n\n\n\n<p class=\"has-medium-font-size\">Lorsque les colonnes approch\u00e8rent du ravin, l&#8217;\u00e9vidence s&#8217;imposa : il n&#8217;y avait pas d&#8217;issue. On for\u00e7a les gens \u00e0 se d\u00e9shabiller et \u00e0 plier leurs affaires en piles ordonn\u00e9es. Certains parvinrent \u00e0 murmurer des pri\u00e8res, d&#8217;autres \u00e0 consoler un enfant, d&#8217;autres encore rest\u00e8rent l\u00e0, immobiles, le visage fig\u00e9 dans le temps.<\/p>\n\n\n\n<p class=\"has-medium-font-size\">Les coups de feu se fondirent en un rythme incessant. D&#8217;abord bruyants, puis s&#8217;att\u00e9nuant peu \u00e0 peu. Des centaines de corps s&#8217;\u00e9croul\u00e8rent, et la terre sembla g\u00e9mir sous leur poids. Les soldats fumaient, riaient, changeaient d&#8217;armes. Deux jours. Trente-quatre mille vies. Un nombre que l&#8217;esprit humain ne peut concevoir.<\/p>\n\n\n\n<p class=\"has-medium-font-size\">Mais on ressentait autre chose&nbsp;: le vide. Le silence qui suivit n&#8217;\u00e9tait pas un simple silence&nbsp;; c&#8217;\u00e9tait un cri inaudible. Car il n&#8217;y avait plus de t\u00e9moins dans ce ravin.<\/p>\n\n\n\n<p class=\"has-medium-font-size\">Plus tard, lorsque la ville reprit vie \u2013 on fit cuire le pain, on c\u00e9l\u00e9bra des mariages, les usines tourn\u00e8rent \u00e0 plein r\u00e9gime \u2013, la terre sous leurs pieds respirait encore. Au printemps, des ossements remont\u00e8rent \u00e0 la surface. Des enfants trouv\u00e8rent des boutons, des bagues, des fragments de lunettes. La m\u00e9moire refusait de s&#8217;enfouir compl\u00e8tement.<\/p>\n\n\n\n<p class=\"has-medium-font-size\">Le gouvernement sovi\u00e9tique a tent\u00e9 d&#8217;effacer ce lieu, le transformant en un \u00ab territoire sans pass\u00e9 \u00bb. Ils ont combl\u00e9 le ravin, am\u00e9nag\u00e9 un parc, install\u00e9 des man\u00e8ges. Les autorit\u00e9s parlaient de \u00ab victimes du fascisme \u00bb, mais jamais de Juifs. Comme si le fait de ne pas nommer une personne revenait \u00e0 la faire dispara\u00eetre.<\/p>\n\n\n\n<p class=\"has-medium-font-size\">Dans les ann\u00e9es 1960, le po\u00e8te Evgueni Evtouchenko \u00e9crivait : \u00ab Il n&#8217;y a pas de monuments \u00e0 Babi Yar. \u00bb Ces vers \u00e9taient un d\u00e9fi, presque un cri. Car la m\u00e9moire n&#8217;est pas une pierre, mais une douleur vivante. Apr\u00e8s ces mots, \u00e9crivains, compositeurs et t\u00e9moins oculaires ont recommenc\u00e9 \u00e0 parler de ce lieu. Chostakovitch a compos\u00e9 une symphonie qui donne des frissons m\u00eame \u00e0 ceux qui n&#8217;ont jamais entendu de coups de feu.<\/p>\n\n\n\n<p class=\"has-medium-font-size\">Mais la v\u00e9rit\u00e9 est que Babi Yar ne se r\u00e9sume pas au pass\u00e9. C&#8217;est un miroir dans lequel nous devons nous regarder aujourd&#8217;hui. Combien de fois l&#8217;humanit\u00e9 a-t-elle d\u00e9j\u00e0 r\u00e9p\u00e9t\u00e9 ce geste : d\u00e9tourner le regard, \u00e9viter de voir ? Chaque fois que nous gardons le silence, chaque fois que nous convenons que quelqu&#8217;un \u00ab ne m\u00e9rite pas \u00bb de vivre, ce gouffre se rouvre.<\/p>\n\n\n\n<p class=\"has-medium-font-size\">L&#8217;un des gar\u00e7ons survivants a dit plus tard : \u00ab La terre sous mes pieds \u00e9tait chaude. \u00bb Cette phrase est plus terrifiante que n&#8217;importe quel chiffre ou r\u00e9cit. Chaude signifie encore en vie. Ce qui signifie que la mort n&#8217;a pas encore eu le temps de refroidir.<\/p>\n\n\n\n<p class=\"has-medium-font-size\">Je me suis tenu l\u00e0, bien des ann\u00e9es plus tard, dans l&#8217;herbe o\u00f9 se dressent d\u00e9sormais des sentiers et des bancs. Le vent bruissait dans les feuilles, comme une respiration. Pas un cri, pas un son \u2013 juste un bruissement. Et soudain, on comprend : ce lieu n&#8217;exige pas de larmes. Il exige le souvenir.<\/p>\n\n\n\n<p class=\"has-medium-font-size\">Car si nous oublions, la terre redeviendra chaude.<\/p>\n","protected":false},"excerpt":{"rendered":"Ils marchaient le long de la route, serrant contre eux des paquets, leurs enfants et leurs derni\u00e8res photos. L&#8217;air \u00e9tait lourd des senteurs \n<a class=\"moretag\" href=\"https:\/\/mybook.am\/?p=22429\"> [...]<\/a>","protected":false},"author":1,"featured_media":22430,"comment_status":"open","ping_status":"open","sticky":false,"template":"","format":"standard","meta":{"footnotes":""},"categories":[3],"tags":[],"class_list":["post-22429","post","type-post","status-publish","format-standard","has-post-thumbnail","hentry","category-fotto"],"yoast_head":"<!-- This site is optimized with the Yoast SEO plugin v27.5 - https:\/\/yoast.com\/product\/yoast-seo-wordpress\/ -->\n<title>Le silence qui hurle sous terre : La v\u00e9rit\u00e9 de Babi Yar -<\/title>\n<meta name=\"robots\" content=\"index, follow, max-snippet:-1, max-image-preview:large, max-video-preview:-1\" \/>\n<link rel=\"canonical\" href=\"https:\/\/mybook.am\/?p=22429\" \/>\n<meta property=\"og:locale\" content=\"ru_RU\" \/>\n<meta property=\"og:type\" content=\"article\" \/>\n<meta property=\"og:title\" content=\"Le silence qui hurle sous terre : La v\u00e9rit\u00e9 de Babi Yar -\" \/>\n<meta property=\"og:description\" content=\"Ils marchaient le long de la route, serrant contre eux des paquets, leurs enfants et leurs derni\u00e8res photos. L&#8217;air \u00e9tait lourd des senteurs\" \/>\n<meta property=\"og:url\" content=\"https:\/\/mybook.am\/?p=22429\" \/>\n<meta property=\"article:published_time\" content=\"2025-10-31T15:47:29+00:00\" \/>\n<meta property=\"article:modified_time\" content=\"2025-10-31T15:47:30+00:00\" \/>\n<meta property=\"og:image\" content=\"https:\/\/mybook.am\/wp-content\/uploads\/2025\/10\/798484-1.jpeg\" \/>\n\t<meta property=\"og:image:width\" content=\"526\" \/>\n\t<meta property=\"og:image:height\" content=\"526\" \/>\n\t<meta property=\"og:image:type\" content=\"image\/jpeg\" \/>\n<meta name=\"author\" content=\"admin\" \/>\n<meta name=\"twitter:card\" content=\"summary_large_image\" \/>\n<meta name=\"twitter:label1\" content=\"\u041d\u0430\u043f\u0438\u0441\u0430\u043d\u043e \u0430\u0432\u0442\u043e\u0440\u043e\u043c\" \/>\n\t<meta name=\"twitter:data1\" content=\"admin\" \/>\n\t<meta name=\"twitter:label2\" content=\"\u041f\u0440\u0438\u043c\u0435\u0440\u043d\u043e\u0435 \u0432\u0440\u0435\u043c\u044f \u0434\u043b\u044f \u0447\u0442\u0435\u043d\u0438\u044f\" \/>\n\t<meta name=\"twitter:data2\" content=\"4 \u043c\u0438\u043d\u0443\u0442\u044b\" \/>\n<script type=\"application\/ld+json\" class=\"yoast-schema-graph\">{\"@context\":\"https:\\\/\\\/schema.org\",\"@graph\":[{\"@type\":\"Article\",\"@id\":\"https:\\\/\\\/mybook.am\\\/?p=22429#article\",\"isPartOf\":{\"@id\":\"https:\\\/\\\/mybook.am\\\/?p=22429\"},\"author\":{\"name\":\"admin\",\"@id\":\"https:\\\/\\\/mybook.am\\\/#\\\/schema\\\/person\\\/e730847942cff3a199774e803916e97e\"},\"headline\":\"Le silence qui hurle sous terre : La v\u00e9rit\u00e9 de Babi Yar\",\"datePublished\":\"2025-10-31T15:47:29+00:00\",\"dateModified\":\"2025-10-31T15:47:30+00:00\",\"mainEntityOfPage\":{\"@id\":\"https:\\\/\\\/mybook.am\\\/?p=22429\"},\"wordCount\":692,\"commentCount\":0,\"image\":{\"@id\":\"https:\\\/\\\/mybook.am\\\/?p=22429#primaryimage\"},\"thumbnailUrl\":\"https:\\\/\\\/mybook.am\\\/wp-content\\\/uploads\\\/2025\\\/10\\\/798484-1.jpeg\",\"articleSection\":[\"FRANS\"],\"inLanguage\":\"ru-RU\",\"potentialAction\":[{\"@type\":\"CommentAction\",\"name\":\"Comment\",\"target\":[\"https:\\\/\\\/mybook.am\\\/?p=22429#respond\"]}]},{\"@type\":\"WebPage\",\"@id\":\"https:\\\/\\\/mybook.am\\\/?p=22429\",\"url\":\"https:\\\/\\\/mybook.am\\\/?p=22429\",\"name\":\"Le silence qui hurle sous terre : La v\u00e9rit\u00e9 de Babi Yar -\",\"isPartOf\":{\"@id\":\"https:\\\/\\\/mybook.am\\\/#website\"},\"primaryImageOfPage\":{\"@id\":\"https:\\\/\\\/mybook.am\\\/?p=22429#primaryimage\"},\"image\":{\"@id\":\"https:\\\/\\\/mybook.am\\\/?p=22429#primaryimage\"},\"thumbnailUrl\":\"https:\\\/\\\/mybook.am\\\/wp-content\\\/uploads\\\/2025\\\/10\\\/798484-1.jpeg\",\"datePublished\":\"2025-10-31T15:47:29+00:00\",\"dateModified\":\"2025-10-31T15:47:30+00:00\",\"author\":{\"@id\":\"https:\\\/\\\/mybook.am\\\/#\\\/schema\\\/person\\\/e730847942cff3a199774e803916e97e\"},\"breadcrumb\":{\"@id\":\"https:\\\/\\\/mybook.am\\\/?p=22429#breadcrumb\"},\"inLanguage\":\"ru-RU\",\"potentialAction\":[{\"@type\":\"ReadAction\",\"target\":[\"https:\\\/\\\/mybook.am\\\/?p=22429\"]}]},{\"@type\":\"ImageObject\",\"inLanguage\":\"ru-RU\",\"@id\":\"https:\\\/\\\/mybook.am\\\/?p=22429#primaryimage\",\"url\":\"https:\\\/\\\/mybook.am\\\/wp-content\\\/uploads\\\/2025\\\/10\\\/798484-1.jpeg\",\"contentUrl\":\"https:\\\/\\\/mybook.am\\\/wp-content\\\/uploads\\\/2025\\\/10\\\/798484-1.jpeg\",\"width\":526,\"height\":526},{\"@type\":\"BreadcrumbList\",\"@id\":\"https:\\\/\\\/mybook.am\\\/?p=22429#breadcrumb\",\"itemListElement\":[{\"@type\":\"ListItem\",\"position\":1,\"name\":\"\u0413\u043b\u0430\u0432\u043d\u0430\u044f \u0441\u0442\u0440\u0430\u043d\u0438\u0446\u0430\",\"item\":\"https:\\\/\\\/mybook.am\\\/\"},{\"@type\":\"ListItem\",\"position\":2,\"name\":\"Le silence qui hurle sous terre : La v\u00e9rit\u00e9 de Babi Yar\"}]},{\"@type\":\"WebSite\",\"@id\":\"https:\\\/\\\/mybook.am\\\/#website\",\"url\":\"https:\\\/\\\/mybook.am\\\/\",\"name\":\"\",\"description\":\"\",\"potentialAction\":[{\"@type\":\"SearchAction\",\"target\":{\"@type\":\"EntryPoint\",\"urlTemplate\":\"https:\\\/\\\/mybook.am\\\/?s={search_term_string}\"},\"query-input\":{\"@type\":\"PropertyValueSpecification\",\"valueRequired\":true,\"valueName\":\"search_term_string\"}}],\"inLanguage\":\"ru-RU\"},{\"@type\":\"Person\",\"@id\":\"https:\\\/\\\/mybook.am\\\/#\\\/schema\\\/person\\\/e730847942cff3a199774e803916e97e\",\"name\":\"admin\",\"image\":{\"@type\":\"ImageObject\",\"inLanguage\":\"ru-RU\",\"@id\":\"https:\\\/\\\/secure.gravatar.com\\\/avatar\\\/df64e550a0653b7be0f1bcf897f33faad9c2c8153472b2d9319beafb51370f6f?s=96&d=mm&r=g\",\"url\":\"https:\\\/\\\/secure.gravatar.com\\\/avatar\\\/df64e550a0653b7be0f1bcf897f33faad9c2c8153472b2d9319beafb51370f6f?s=96&d=mm&r=g\",\"contentUrl\":\"https:\\\/\\\/secure.gravatar.com\\\/avatar\\\/df64e550a0653b7be0f1bcf897f33faad9c2c8153472b2d9319beafb51370f6f?s=96&d=mm&r=g\",\"caption\":\"admin\"},\"sameAs\":[\"http:\\\/\\\/mybook.am\"],\"url\":\"https:\\\/\\\/mybook.am\\\/?author=1\"}]}<\/script>\n<!-- \/ Yoast SEO plugin. -->","yoast_head_json":{"title":"Le silence qui hurle sous terre : La v\u00e9rit\u00e9 de Babi Yar -","robots":{"index":"index","follow":"follow","max-snippet":"max-snippet:-1","max-image-preview":"max-image-preview:large","max-video-preview":"max-video-preview:-1"},"canonical":"https:\/\/mybook.am\/?p=22429","og_locale":"ru_RU","og_type":"article","og_title":"Le silence qui hurle sous terre : La v\u00e9rit\u00e9 de Babi Yar -","og_description":"Ils marchaient le long de la route, serrant contre eux des paquets, leurs enfants et leurs derni\u00e8res photos. L&#8217;air \u00e9tait lourd des senteurs","og_url":"https:\/\/mybook.am\/?p=22429","article_published_time":"2025-10-31T15:47:29+00:00","article_modified_time":"2025-10-31T15:47:30+00:00","og_image":[{"width":526,"height":526,"url":"https:\/\/mybook.am\/wp-content\/uploads\/2025\/10\/798484-1.jpeg","type":"image\/jpeg"}],"author":"admin","twitter_card":"summary_large_image","twitter_misc":{"\u041d\u0430\u043f\u0438\u0441\u0430\u043d\u043e \u0430\u0432\u0442\u043e\u0440\u043e\u043c":"admin","\u041f\u0440\u0438\u043c\u0435\u0440\u043d\u043e\u0435 \u0432\u0440\u0435\u043c\u044f \u0434\u043b\u044f \u0447\u0442\u0435\u043d\u0438\u044f":"4 \u043c\u0438\u043d\u0443\u0442\u044b"},"schema":{"@context":"https:\/\/schema.org","@graph":[{"@type":"Article","@id":"https:\/\/mybook.am\/?p=22429#article","isPartOf":{"@id":"https:\/\/mybook.am\/?p=22429"},"author":{"name":"admin","@id":"https:\/\/mybook.am\/#\/schema\/person\/e730847942cff3a199774e803916e97e"},"headline":"Le silence qui hurle sous terre : La v\u00e9rit\u00e9 de Babi Yar","datePublished":"2025-10-31T15:47:29+00:00","dateModified":"2025-10-31T15:47:30+00:00","mainEntityOfPage":{"@id":"https:\/\/mybook.am\/?p=22429"},"wordCount":692,"commentCount":0,"image":{"@id":"https:\/\/mybook.am\/?p=22429#primaryimage"},"thumbnailUrl":"https:\/\/mybook.am\/wp-content\/uploads\/2025\/10\/798484-1.jpeg","articleSection":["FRANS"],"inLanguage":"ru-RU","potentialAction":[{"@type":"CommentAction","name":"Comment","target":["https:\/\/mybook.am\/?p=22429#respond"]}]},{"@type":"WebPage","@id":"https:\/\/mybook.am\/?p=22429","url":"https:\/\/mybook.am\/?p=22429","name":"Le silence qui hurle sous terre : La v\u00e9rit\u00e9 de Babi Yar -","isPartOf":{"@id":"https:\/\/mybook.am\/#website"},"primaryImageOfPage":{"@id":"https:\/\/mybook.am\/?p=22429#primaryimage"},"image":{"@id":"https:\/\/mybook.am\/?p=22429#primaryimage"},"thumbnailUrl":"https:\/\/mybook.am\/wp-content\/uploads\/2025\/10\/798484-1.jpeg","datePublished":"2025-10-31T15:47:29+00:00","dateModified":"2025-10-31T15:47:30+00:00","author":{"@id":"https:\/\/mybook.am\/#\/schema\/person\/e730847942cff3a199774e803916e97e"},"breadcrumb":{"@id":"https:\/\/mybook.am\/?p=22429#breadcrumb"},"inLanguage":"ru-RU","potentialAction":[{"@type":"ReadAction","target":["https:\/\/mybook.am\/?p=22429"]}]},{"@type":"ImageObject","inLanguage":"ru-RU","@id":"https:\/\/mybook.am\/?p=22429#primaryimage","url":"https:\/\/mybook.am\/wp-content\/uploads\/2025\/10\/798484-1.jpeg","contentUrl":"https:\/\/mybook.am\/wp-content\/uploads\/2025\/10\/798484-1.jpeg","width":526,"height":526},{"@type":"BreadcrumbList","@id":"https:\/\/mybook.am\/?p=22429#breadcrumb","itemListElement":[{"@type":"ListItem","position":1,"name":"\u0413\u043b\u0430\u0432\u043d\u0430\u044f \u0441\u0442\u0440\u0430\u043d\u0438\u0446\u0430","item":"https:\/\/mybook.am\/"},{"@type":"ListItem","position":2,"name":"Le silence qui hurle sous terre : La v\u00e9rit\u00e9 de Babi Yar"}]},{"@type":"WebSite","@id":"https:\/\/mybook.am\/#website","url":"https:\/\/mybook.am\/","name":"","description":"","potentialAction":[{"@type":"SearchAction","target":{"@type":"EntryPoint","urlTemplate":"https:\/\/mybook.am\/?s={search_term_string}"},"query-input":{"@type":"PropertyValueSpecification","valueRequired":true,"valueName":"search_term_string"}}],"inLanguage":"ru-RU"},{"@type":"Person","@id":"https:\/\/mybook.am\/#\/schema\/person\/e730847942cff3a199774e803916e97e","name":"admin","image":{"@type":"ImageObject","inLanguage":"ru-RU","@id":"https:\/\/secure.gravatar.com\/avatar\/df64e550a0653b7be0f1bcf897f33faad9c2c8153472b2d9319beafb51370f6f?s=96&d=mm&r=g","url":"https:\/\/secure.gravatar.com\/avatar\/df64e550a0653b7be0f1bcf897f33faad9c2c8153472b2d9319beafb51370f6f?s=96&d=mm&r=g","contentUrl":"https:\/\/secure.gravatar.com\/avatar\/df64e550a0653b7be0f1bcf897f33faad9c2c8153472b2d9319beafb51370f6f?s=96&d=mm&r=g","caption":"admin"},"sameAs":["http:\/\/mybook.am"],"url":"https:\/\/mybook.am\/?author=1"}]}},"views":573,"_links":{"self":[{"href":"https:\/\/mybook.am\/index.php?rest_route=\/wp\/v2\/posts\/22429","targetHints":{"allow":["GET"]}}],"collection":[{"href":"https:\/\/mybook.am\/index.php?rest_route=\/wp\/v2\/posts"}],"about":[{"href":"https:\/\/mybook.am\/index.php?rest_route=\/wp\/v2\/types\/post"}],"author":[{"embeddable":true,"href":"https:\/\/mybook.am\/index.php?rest_route=\/wp\/v2\/users\/1"}],"replies":[{"embeddable":true,"href":"https:\/\/mybook.am\/index.php?rest_route=%2Fwp%2Fv2%2Fcomments&post=22429"}],"version-history":[{"count":1,"href":"https:\/\/mybook.am\/index.php?rest_route=\/wp\/v2\/posts\/22429\/revisions"}],"predecessor-version":[{"id":22431,"href":"https:\/\/mybook.am\/index.php?rest_route=\/wp\/v2\/posts\/22429\/revisions\/22431"}],"wp:featuredmedia":[{"embeddable":true,"href":"https:\/\/mybook.am\/index.php?rest_route=\/wp\/v2\/media\/22430"}],"wp:attachment":[{"href":"https:\/\/mybook.am\/index.php?rest_route=%2Fwp%2Fv2%2Fmedia&parent=22429"}],"wp:term":[{"taxonomy":"category","embeddable":true,"href":"https:\/\/mybook.am\/index.php?rest_route=%2Fwp%2Fv2%2Fcategories&post=22429"},{"taxonomy":"post_tag","embeddable":true,"href":"https:\/\/mybook.am\/index.php?rest_route=%2Fwp%2Fv2%2Ftags&post=22429"}],"curies":[{"name":"wp","href":"https:\/\/api.w.org\/{rel}","templated":true}]}}