{"id":22432,"date":"2025-10-31T18:56:03","date_gmt":"2025-10-31T15:56:03","guid":{"rendered":"https:\/\/mybook.am\/?p=22432"},"modified":"2025-10-31T18:56:04","modified_gmt":"2025-10-31T15:56:04","slug":"byla-proste-unavena-ale-prave-z-unavy-se-zrodil-vynalez-ktery-zmenil-detstvi-po-celem-svete","status":"publish","type":"post","link":"https:\/\/mybook.am\/?p=22432","title":{"rendered":"Byla prost\u011b unaven\u00e1. Ale pr\u00e1v\u011b z \u00fanavy se zrodil vyn\u00e1lez, kter\u00fd zm\u011bnil d\u011btstv\u00ed po cel\u00e9m sv\u011bt\u011b."},"content":{"rendered":"\n<p class=\"has-medium-font-size\">\u0160ic\u00ed stroj hu\u010del ve tm\u011b jako tvrdohlav\u00e1 v\u010dela. Venku se lilo jako z konve a na podlaze se ty\u010dily hory mokr\u00fdch plen \u2013 bled\u00e9, m\u00e1tov\u00e9, tvrdohlav\u011b von\u00edc\u00ed m\u00fddlem a \u00fanavou. Marion Donovanov\u00e1 sed\u011bla se schoulen\u00fdmi rameny. Z okraj\u016f sprchov\u00e9ho z\u00e1v\u011bsu kapala voda \u2013 toho sam\u00e9ho, kter\u00fd pr\u00e1v\u011b sundala. V dom\u011b spaly dv\u011b d\u011bti. A ona, kter\u00e1 nespala t\u0159i dny, si z toho z\u00e1v\u011bsu vy\u0159ez\u00e1vala budoucnost.<\/p>\n\n\n\n<p class=\"has-medium-font-size\">Nikdo v\u00e1m ne\u0159ekl, jak\u00e9 to je b\u00fdt matkou ve \u010dty\u0159iceti letech. Byla to pr\u00e1ce bez dn\u016f volna, bez pod\u011bkov\u00e1n\u00ed, bez p\u0159est\u00e1vek. Nakrm\u00edte, perete, \u017eehl\u00edte, uklid\u0148ujete \u2013 a ve\u010der jste sama kouskem ticha. Sv\u011bt to pova\u017eoval za normu. \u201eTo d\u011blaly na\u0161e matky,\u201c \u0159\u00edkali mu\u017ei v oblec\u00edch a man\u017eelky zvykl\u00e9 na poslu\u0161nost. Ale Marion nebyla submisivn\u00ed. Takhle u\u017e prost\u011b nemohla \u017e\u00edt.<\/p>\n\n\n\n<figure class=\"wp-block-image size-full\"><img loading=\"lazy\" decoding=\"async\" width=\"800\" height=\"643\" src=\"https:\/\/mybook.am\/wp-content\/uploads\/2025\/10\/4654984.jpeg\" alt=\"\" class=\"wp-image-22434\" srcset=\"https:\/\/mybook.am\/wp-content\/uploads\/2025\/10\/4654984.jpeg 800w, https:\/\/mybook.am\/wp-content\/uploads\/2025\/10\/4654984-300x241.jpeg 300w, https:\/\/mybook.am\/wp-content\/uploads\/2025\/10\/4654984-768x617.jpeg 768w\" sizes=\"auto, (max-width: 800px) 100vw, 800px\" \/><\/figure>\n\n\n\n<p class=\"has-medium-font-size\">Vid\u011bla vzorec: ve sv\u011bt\u011b, kde v\u0161echny vyn\u00e1lezy vytv\u00e1\u0159eli mu\u017ei, nikdo nep\u0159em\u00fd\u0161lel o \u017een\u00e1ch, kter\u00e9 vymaz\u00e1valy chyby jin\u00fdch lid\u00ed.<br>A pak sundala z\u00e1v\u011bs.<\/p>\n\n\n\n<p class=\"has-medium-font-size\">L\u00e1tka byla hladk\u00e1, chladn\u00e1, t\u00e9m\u011b\u0159 symbolick\u00e1 \u2013 nepromokav\u00e1, jako n\u011b\u010d\u00ed nedorozum\u011bn\u00ed. Marion vyst\u0159ihla tvar, p\u0159ipnula ho a povzdechla si. \u201eCo kdy\u017e to bude fungovat?\u201c pomyslela si. A ono to fungovalo. Prvn\u00ed nepromokav\u00fd potah na pleny v\u016fbec. \u017d\u00e1dn\u00e9 utrpen\u00ed, \u017e\u00e1dn\u00e9 zaplaven\u00ed. Nazvala to \u201eLo\u010f\u201c \u2013 mal\u00e1 sp\u00e1sa v oce\u00e1nu mate\u0159sk\u00e9 \u00fanavy.<\/p>\n\n\n\n<p class=\"has-medium-font-size\">Ale kdy\u017e p\u0159ivezla sv\u016fj prototyp do tov\u00e1ren, p\u0159iv\u00edtaly ji \u00fasm\u011bvy protkan\u00e9 opovr\u017een\u00edm.<br>\u201eTo nen\u00ed nutn\u00e9,\u201c \u0159ekli j\u00ed. \u201eMatky se bez toho obejdou.\u201c<br>\u201eMo\u017en\u00e1,\u201c odpov\u011bd\u011bla, \u201eale kdo \u0159ekl, \u017ee by m\u011bly?\u201c Sv\u011bt nem\u00e1 r\u00e1d ty, kte\u0159\u00ed znep\u0159\u00edjem\u0148uj\u00ed zn\u00e1m\u00e9 v\u011bci.<br>V\u00fdrobci probl\u00e9m nevid\u011bli \u2013 koneckonc\u016f, nebyli to oni, kdo prali mokr\u00e9 prost\u011bradla.<br>Nech\u00e1pali, \u017ee za m\u011bkkou l\u00e1tkou se skr\u00fdvala revoluce: ne pohodl\u00ed, ale \u00facta k mate\u0159sk\u00e9mu \u010dasu.<\/p>\n\n\n\n<p class=\"has-medium-font-size\">Marion prodala sv\u00e9 prvn\u00ed v\u00e1rky v Saks Fifth Avenue. \u017deny si je kupovaly, ani\u017e by se d\u00edvaly na cenu. Zpr\u00e1va se \u0161\u00ed\u0159ila rychleji ne\u017e reklama \u2013 kuchyn\u011bmi, pr\u00e1delnami a rozhovory ve front\u00e1ch. Tak za\u010d\u00edn\u00e1 ka\u017ed\u00e1 opravdov\u00e1 revoluce: ti\u0161e, mezi t\u011bmi, kter\u00e9 nelze sly\u0161et.<\/p>\n\n\n\n<p class=\"has-medium-font-size\">Ale to byla jen prvn\u00ed kapitola. Donovan snila o plence, kterou by nebylo t\u0159eba pr\u00e1t. Jednor\u00e1zov\u00e9.<\/p>\n\n\n\n<p class=\"has-medium-font-size\">\u201eNemo\u017en\u00e9,\u201c \u0159\u00edkali j\u00ed.<br>\u201eNen\u00ed to ekologick\u00e9,\u201c \u0161kubli ostatn\u00ed.<br>\u201eTo je rozmar,\u201c sm\u00e1li se mu\u017ei v kravat\u00e1ch.<\/p>\n\n\n\n<p class=\"has-medium-font-size\">Vid\u011bli odpadky. Ona vid\u011bla svobodu.<br>Proto\u017ee svoboda nen\u00ed abstrakce. Je to p\u011bt hodin sp\u00e1nku m\u00edsto jedn\u00e9. Je to ve\u010der, kdy m\u016f\u017eete sv\u00e9 d\u00edt\u011b jednodu\u0161e obejmout, m\u00edsto abyste st\u00e1li nad vrouc\u00ed vodou s kle\u0161t\u011bmi.<\/p>\n\n\n\n<p class=\"has-medium-font-size\">Jej\u00ed n\u00e1pad byl odm\u00edtnut. Ale n\u00e1pady neum\u00edraj\u00ed \u2013 prost\u011b \u010dekaj\u00ed na svou p\u0159\u00edle\u017eitost. O n\u011bkolik let pozd\u011bji in\u017een\u00fd\u0159i ze spole\u010dnosti Procter &amp; Gamble, inspirovan\u00ed jej\u00edm v\u00fdvojem, vytvo\u0159ili Pampers. Co se zd\u00e1lo jako \u0161\u00edlenstv\u00ed, se stalo standardem civilizace.<\/p>\n\n\n\n<p class=\"has-medium-font-size\">V t\u00e9to dob\u011b u\u017e Marion m\u011bla dva tucty patent\u016f. Jej\u00ed vyn\u00e1lezy \u0159e\u0161ily mal\u00e9, ale skute\u010dn\u00e9 probl\u00e9my: jak skladovat nit\u011b, jak vyndat p\u0159edm\u011bt z vysok\u00e9 police, jak si usnadnit ka\u017edodenn\u00ed \u017eivot. Nehledala sl\u00e1vu \u2013 jen spravedlnost.<br>Pro \u017eeny, kter\u00fdm bylo \u0159e\u010deno, aby \u201ebyly trp\u011bliv\u00e9\u201c.<br>Pro matky, kter\u00fdm bylo \u0159e\u010deno, \u017ee \u201e\u017eeny v dom\u00e1cnosti\u201c.<br>Pro sebe sama.<\/p>\n\n\n\n<p class=\"has-medium-font-size\">Kdy\u017e v roce 2014 zem\u0159ela, bylo j\u00ed 92 let. Jen m\u00e1lokdo znal jej\u00ed jm\u00e9no. Ale ka\u017ed\u00e1 matka na planet\u011b \u017eila ve sv\u011bt\u011b, kter\u00fd zm\u011bnila vlastn\u00edma rukama.<\/p>\n\n\n\n<p class=\"has-medium-font-size\">Ironick\u00e9, \u017ee? Nejhlasit\u011bj\u0161\u00ed revoluce za\u010d\u00ednaj\u00ed v tichu. Ne na n\u00e1m\u011bst\u00edch, ale v kuchyn\u00edch. Ne z ambic\u00ed, ale z \u00fanavy.<\/p>\n\n\n\n<p class=\"has-medium-font-size\">Marion se jednoho dne jednodu\u0161e zeptala:<br>\u201ePro\u010d bych tohle m\u011bla sn\u00e1\u0161et?\u201c<br>A to je v\u0161e.<\/p>\n","protected":false},"excerpt":{"rendered":"\u0160ic\u00ed stroj hu\u010del ve tm\u011b jako tvrdohlav\u00e1 v\u010dela. Venku se lilo jako z konve a na podlaze se ty\u010dily hory mokr\u00fdch plen \u2013 \n<a class=\"moretag\" href=\"https:\/\/mybook.am\/?p=22432\"> [...]<\/a>","protected":false},"author":1,"featured_media":22434,"comment_status":"open","ping_status":"open","sticky":false,"template":"","format":"standard","meta":{"footnotes":""},"categories":[1],"tags":[],"class_list":["post-22432","post","type-post","status-publish","format-standard","has-post-thumbnail","hentry","category-ceska"],"yoast_head":"<!-- This site is optimized with the Yoast SEO plugin v27.5 - https:\/\/yoast.com\/product\/yoast-seo-wordpress\/ -->\n<title>Byla prost\u011b unaven\u00e1. Ale pr\u00e1v\u011b z \u00fanavy se zrodil vyn\u00e1lez, kter\u00fd zm\u011bnil d\u011btstv\u00ed po cel\u00e9m sv\u011bt\u011b. -<\/title>\n<meta name=\"robots\" content=\"index, follow, max-snippet:-1, max-image-preview:large, max-video-preview:-1\" \/>\n<link rel=\"canonical\" href=\"https:\/\/mybook.am\/?p=22432\" \/>\n<meta property=\"og:locale\" content=\"ru_RU\" \/>\n<meta property=\"og:type\" content=\"article\" \/>\n<meta property=\"og:title\" content=\"Byla prost\u011b unaven\u00e1. Ale pr\u00e1v\u011b z \u00fanavy se zrodil vyn\u00e1lez, kter\u00fd zm\u011bnil d\u011btstv\u00ed po cel\u00e9m sv\u011bt\u011b. -\" \/>\n<meta property=\"og:description\" content=\"\u0160ic\u00ed stroj hu\u010del ve tm\u011b jako tvrdohlav\u00e1 v\u010dela. Venku se lilo jako z konve a na podlaze se ty\u010dily hory mokr\u00fdch plen \u2013\" \/>\n<meta property=\"og:url\" content=\"https:\/\/mybook.am\/?p=22432\" \/>\n<meta property=\"article:published_time\" content=\"2025-10-31T15:56:03+00:00\" \/>\n<meta property=\"article:modified_time\" content=\"2025-10-31T15:56:04+00:00\" \/>\n<meta property=\"og:image\" content=\"https:\/\/mybook.am\/wp-content\/uploads\/2025\/10\/4654984.jpeg\" \/>\n\t<meta property=\"og:image:width\" content=\"800\" \/>\n\t<meta property=\"og:image:height\" content=\"643\" \/>\n\t<meta property=\"og:image:type\" content=\"image\/jpeg\" \/>\n<meta name=\"author\" content=\"admin\" \/>\n<meta name=\"twitter:card\" content=\"summary_large_image\" \/>\n<meta name=\"twitter:label1\" content=\"\u041d\u0430\u043f\u0438\u0441\u0430\u043d\u043e \u0430\u0432\u0442\u043e\u0440\u043e\u043c\" \/>\n\t<meta name=\"twitter:data1\" content=\"admin\" \/>\n\t<meta name=\"twitter:label2\" content=\"\u041f\u0440\u0438\u043c\u0435\u0440\u043d\u043e\u0435 \u0432\u0440\u0435\u043c\u044f \u0434\u043b\u044f \u0447\u0442\u0435\u043d\u0438\u044f\" \/>\n\t<meta name=\"twitter:data2\" content=\"4 \u043c\u0438\u043d\u0443\u0442\u044b\" \/>\n<script type=\"application\/ld+json\" class=\"yoast-schema-graph\">{\"@context\":\"https:\\\/\\\/schema.org\",\"@graph\":[{\"@type\":\"Article\",\"@id\":\"https:\\\/\\\/mybook.am\\\/?p=22432#article\",\"isPartOf\":{\"@id\":\"https:\\\/\\\/mybook.am\\\/?p=22432\"},\"author\":{\"name\":\"admin\",\"@id\":\"https:\\\/\\\/mybook.am\\\/#\\\/schema\\\/person\\\/e730847942cff3a199774e803916e97e\"},\"headline\":\"Byla prost\u011b unaven\u00e1. Ale pr\u00e1v\u011b z \u00fanavy se zrodil vyn\u00e1lez, kter\u00fd zm\u011bnil d\u011btstv\u00ed po cel\u00e9m sv\u011bt\u011b.\",\"datePublished\":\"2025-10-31T15:56:03+00:00\",\"dateModified\":\"2025-10-31T15:56:04+00:00\",\"mainEntityOfPage\":{\"@id\":\"https:\\\/\\\/mybook.am\\\/?p=22432\"},\"wordCount\":703,\"commentCount\":0,\"image\":{\"@id\":\"https:\\\/\\\/mybook.am\\\/?p=22432#primaryimage\"},\"thumbnailUrl\":\"https:\\\/\\\/mybook.am\\\/wp-content\\\/uploads\\\/2025\\\/10\\\/4654984.jpeg\",\"articleSection\":[\"\u010cesk\u00e1\"],\"inLanguage\":\"ru-RU\",\"potentialAction\":[{\"@type\":\"CommentAction\",\"name\":\"Comment\",\"target\":[\"https:\\\/\\\/mybook.am\\\/?p=22432#respond\"]}]},{\"@type\":\"WebPage\",\"@id\":\"https:\\\/\\\/mybook.am\\\/?p=22432\",\"url\":\"https:\\\/\\\/mybook.am\\\/?p=22432\",\"name\":\"Byla prost\u011b unaven\u00e1. Ale pr\u00e1v\u011b z \u00fanavy se zrodil vyn\u00e1lez, kter\u00fd zm\u011bnil d\u011btstv\u00ed po cel\u00e9m sv\u011bt\u011b. -\",\"isPartOf\":{\"@id\":\"https:\\\/\\\/mybook.am\\\/#website\"},\"primaryImageOfPage\":{\"@id\":\"https:\\\/\\\/mybook.am\\\/?p=22432#primaryimage\"},\"image\":{\"@id\":\"https:\\\/\\\/mybook.am\\\/?p=22432#primaryimage\"},\"thumbnailUrl\":\"https:\\\/\\\/mybook.am\\\/wp-content\\\/uploads\\\/2025\\\/10\\\/4654984.jpeg\",\"datePublished\":\"2025-10-31T15:56:03+00:00\",\"dateModified\":\"2025-10-31T15:56:04+00:00\",\"author\":{\"@id\":\"https:\\\/\\\/mybook.am\\\/#\\\/schema\\\/person\\\/e730847942cff3a199774e803916e97e\"},\"breadcrumb\":{\"@id\":\"https:\\\/\\\/mybook.am\\\/?p=22432#breadcrumb\"},\"inLanguage\":\"ru-RU\",\"potentialAction\":[{\"@type\":\"ReadAction\",\"target\":[\"https:\\\/\\\/mybook.am\\\/?p=22432\"]}]},{\"@type\":\"ImageObject\",\"inLanguage\":\"ru-RU\",\"@id\":\"https:\\\/\\\/mybook.am\\\/?p=22432#primaryimage\",\"url\":\"https:\\\/\\\/mybook.am\\\/wp-content\\\/uploads\\\/2025\\\/10\\\/4654984.jpeg\",\"contentUrl\":\"https:\\\/\\\/mybook.am\\\/wp-content\\\/uploads\\\/2025\\\/10\\\/4654984.jpeg\",\"width\":800,\"height\":643},{\"@type\":\"BreadcrumbList\",\"@id\":\"https:\\\/\\\/mybook.am\\\/?p=22432#breadcrumb\",\"itemListElement\":[{\"@type\":\"ListItem\",\"position\":1,\"name\":\"\u0413\u043b\u0430\u0432\u043d\u0430\u044f \u0441\u0442\u0440\u0430\u043d\u0438\u0446\u0430\",\"item\":\"https:\\\/\\\/mybook.am\\\/\"},{\"@type\":\"ListItem\",\"position\":2,\"name\":\"Byla prost\u011b unaven\u00e1. Ale pr\u00e1v\u011b z \u00fanavy se zrodil vyn\u00e1lez, kter\u00fd zm\u011bnil d\u011btstv\u00ed po cel\u00e9m sv\u011bt\u011b.\"}]},{\"@type\":\"WebSite\",\"@id\":\"https:\\\/\\\/mybook.am\\\/#website\",\"url\":\"https:\\\/\\\/mybook.am\\\/\",\"name\":\"\",\"description\":\"\",\"potentialAction\":[{\"@type\":\"SearchAction\",\"target\":{\"@type\":\"EntryPoint\",\"urlTemplate\":\"https:\\\/\\\/mybook.am\\\/?s={search_term_string}\"},\"query-input\":{\"@type\":\"PropertyValueSpecification\",\"valueRequired\":true,\"valueName\":\"search_term_string\"}}],\"inLanguage\":\"ru-RU\"},{\"@type\":\"Person\",\"@id\":\"https:\\\/\\\/mybook.am\\\/#\\\/schema\\\/person\\\/e730847942cff3a199774e803916e97e\",\"name\":\"admin\",\"image\":{\"@type\":\"ImageObject\",\"inLanguage\":\"ru-RU\",\"@id\":\"https:\\\/\\\/secure.gravatar.com\\\/avatar\\\/df64e550a0653b7be0f1bcf897f33faad9c2c8153472b2d9319beafb51370f6f?s=96&d=mm&r=g\",\"url\":\"https:\\\/\\\/secure.gravatar.com\\\/avatar\\\/df64e550a0653b7be0f1bcf897f33faad9c2c8153472b2d9319beafb51370f6f?s=96&d=mm&r=g\",\"contentUrl\":\"https:\\\/\\\/secure.gravatar.com\\\/avatar\\\/df64e550a0653b7be0f1bcf897f33faad9c2c8153472b2d9319beafb51370f6f?s=96&d=mm&r=g\",\"caption\":\"admin\"},\"sameAs\":[\"http:\\\/\\\/mybook.am\"],\"url\":\"https:\\\/\\\/mybook.am\\\/?author=1\"}]}<\/script>\n<!-- \/ Yoast SEO plugin. -->","yoast_head_json":{"title":"Byla prost\u011b unaven\u00e1. Ale pr\u00e1v\u011b z \u00fanavy se zrodil vyn\u00e1lez, kter\u00fd zm\u011bnil d\u011btstv\u00ed po cel\u00e9m sv\u011bt\u011b. -","robots":{"index":"index","follow":"follow","max-snippet":"max-snippet:-1","max-image-preview":"max-image-preview:large","max-video-preview":"max-video-preview:-1"},"canonical":"https:\/\/mybook.am\/?p=22432","og_locale":"ru_RU","og_type":"article","og_title":"Byla prost\u011b unaven\u00e1. Ale pr\u00e1v\u011b z \u00fanavy se zrodil vyn\u00e1lez, kter\u00fd zm\u011bnil d\u011btstv\u00ed po cel\u00e9m sv\u011bt\u011b. -","og_description":"\u0160ic\u00ed stroj hu\u010del ve tm\u011b jako tvrdohlav\u00e1 v\u010dela. Venku se lilo jako z konve a na podlaze se ty\u010dily hory mokr\u00fdch plen \u2013","og_url":"https:\/\/mybook.am\/?p=22432","article_published_time":"2025-10-31T15:56:03+00:00","article_modified_time":"2025-10-31T15:56:04+00:00","og_image":[{"width":800,"height":643,"url":"https:\/\/mybook.am\/wp-content\/uploads\/2025\/10\/4654984.jpeg","type":"image\/jpeg"}],"author":"admin","twitter_card":"summary_large_image","twitter_misc":{"\u041d\u0430\u043f\u0438\u0441\u0430\u043d\u043e \u0430\u0432\u0442\u043e\u0440\u043e\u043c":"admin","\u041f\u0440\u0438\u043c\u0435\u0440\u043d\u043e\u0435 \u0432\u0440\u0435\u043c\u044f \u0434\u043b\u044f \u0447\u0442\u0435\u043d\u0438\u044f":"4 \u043c\u0438\u043d\u0443\u0442\u044b"},"schema":{"@context":"https:\/\/schema.org","@graph":[{"@type":"Article","@id":"https:\/\/mybook.am\/?p=22432#article","isPartOf":{"@id":"https:\/\/mybook.am\/?p=22432"},"author":{"name":"admin","@id":"https:\/\/mybook.am\/#\/schema\/person\/e730847942cff3a199774e803916e97e"},"headline":"Byla prost\u011b unaven\u00e1. Ale pr\u00e1v\u011b z \u00fanavy se zrodil vyn\u00e1lez, kter\u00fd zm\u011bnil d\u011btstv\u00ed po cel\u00e9m sv\u011bt\u011b.","datePublished":"2025-10-31T15:56:03+00:00","dateModified":"2025-10-31T15:56:04+00:00","mainEntityOfPage":{"@id":"https:\/\/mybook.am\/?p=22432"},"wordCount":703,"commentCount":0,"image":{"@id":"https:\/\/mybook.am\/?p=22432#primaryimage"},"thumbnailUrl":"https:\/\/mybook.am\/wp-content\/uploads\/2025\/10\/4654984.jpeg","articleSection":["\u010cesk\u00e1"],"inLanguage":"ru-RU","potentialAction":[{"@type":"CommentAction","name":"Comment","target":["https:\/\/mybook.am\/?p=22432#respond"]}]},{"@type":"WebPage","@id":"https:\/\/mybook.am\/?p=22432","url":"https:\/\/mybook.am\/?p=22432","name":"Byla prost\u011b unaven\u00e1. Ale pr\u00e1v\u011b z \u00fanavy se zrodil vyn\u00e1lez, kter\u00fd zm\u011bnil d\u011btstv\u00ed po cel\u00e9m sv\u011bt\u011b. -","isPartOf":{"@id":"https:\/\/mybook.am\/#website"},"primaryImageOfPage":{"@id":"https:\/\/mybook.am\/?p=22432#primaryimage"},"image":{"@id":"https:\/\/mybook.am\/?p=22432#primaryimage"},"thumbnailUrl":"https:\/\/mybook.am\/wp-content\/uploads\/2025\/10\/4654984.jpeg","datePublished":"2025-10-31T15:56:03+00:00","dateModified":"2025-10-31T15:56:04+00:00","author":{"@id":"https:\/\/mybook.am\/#\/schema\/person\/e730847942cff3a199774e803916e97e"},"breadcrumb":{"@id":"https:\/\/mybook.am\/?p=22432#breadcrumb"},"inLanguage":"ru-RU","potentialAction":[{"@type":"ReadAction","target":["https:\/\/mybook.am\/?p=22432"]}]},{"@type":"ImageObject","inLanguage":"ru-RU","@id":"https:\/\/mybook.am\/?p=22432#primaryimage","url":"https:\/\/mybook.am\/wp-content\/uploads\/2025\/10\/4654984.jpeg","contentUrl":"https:\/\/mybook.am\/wp-content\/uploads\/2025\/10\/4654984.jpeg","width":800,"height":643},{"@type":"BreadcrumbList","@id":"https:\/\/mybook.am\/?p=22432#breadcrumb","itemListElement":[{"@type":"ListItem","position":1,"name":"\u0413\u043b\u0430\u0432\u043d\u0430\u044f \u0441\u0442\u0440\u0430\u043d\u0438\u0446\u0430","item":"https:\/\/mybook.am\/"},{"@type":"ListItem","position":2,"name":"Byla prost\u011b unaven\u00e1. Ale pr\u00e1v\u011b z \u00fanavy se zrodil vyn\u00e1lez, kter\u00fd zm\u011bnil d\u011btstv\u00ed po cel\u00e9m sv\u011bt\u011b."}]},{"@type":"WebSite","@id":"https:\/\/mybook.am\/#website","url":"https:\/\/mybook.am\/","name":"","description":"","potentialAction":[{"@type":"SearchAction","target":{"@type":"EntryPoint","urlTemplate":"https:\/\/mybook.am\/?s={search_term_string}"},"query-input":{"@type":"PropertyValueSpecification","valueRequired":true,"valueName":"search_term_string"}}],"inLanguage":"ru-RU"},{"@type":"Person","@id":"https:\/\/mybook.am\/#\/schema\/person\/e730847942cff3a199774e803916e97e","name":"admin","image":{"@type":"ImageObject","inLanguage":"ru-RU","@id":"https:\/\/secure.gravatar.com\/avatar\/df64e550a0653b7be0f1bcf897f33faad9c2c8153472b2d9319beafb51370f6f?s=96&d=mm&r=g","url":"https:\/\/secure.gravatar.com\/avatar\/df64e550a0653b7be0f1bcf897f33faad9c2c8153472b2d9319beafb51370f6f?s=96&d=mm&r=g","contentUrl":"https:\/\/secure.gravatar.com\/avatar\/df64e550a0653b7be0f1bcf897f33faad9c2c8153472b2d9319beafb51370f6f?s=96&d=mm&r=g","caption":"admin"},"sameAs":["http:\/\/mybook.am"],"url":"https:\/\/mybook.am\/?author=1"}]}},"views":118,"_links":{"self":[{"href":"https:\/\/mybook.am\/index.php?rest_route=\/wp\/v2\/posts\/22432","targetHints":{"allow":["GET"]}}],"collection":[{"href":"https:\/\/mybook.am\/index.php?rest_route=\/wp\/v2\/posts"}],"about":[{"href":"https:\/\/mybook.am\/index.php?rest_route=\/wp\/v2\/types\/post"}],"author":[{"embeddable":true,"href":"https:\/\/mybook.am\/index.php?rest_route=\/wp\/v2\/users\/1"}],"replies":[{"embeddable":true,"href":"https:\/\/mybook.am\/index.php?rest_route=%2Fwp%2Fv2%2Fcomments&post=22432"}],"version-history":[{"count":1,"href":"https:\/\/mybook.am\/index.php?rest_route=\/wp\/v2\/posts\/22432\/revisions"}],"predecessor-version":[{"id":22435,"href":"https:\/\/mybook.am\/index.php?rest_route=\/wp\/v2\/posts\/22432\/revisions\/22435"}],"wp:featuredmedia":[{"embeddable":true,"href":"https:\/\/mybook.am\/index.php?rest_route=\/wp\/v2\/media\/22434"}],"wp:attachment":[{"href":"https:\/\/mybook.am\/index.php?rest_route=%2Fwp%2Fv2%2Fmedia&parent=22432"}],"wp:term":[{"taxonomy":"category","embeddable":true,"href":"https:\/\/mybook.am\/index.php?rest_route=%2Fwp%2Fv2%2Fcategories&post=22432"},{"taxonomy":"post_tag","embeddable":true,"href":"https:\/\/mybook.am\/index.php?rest_route=%2Fwp%2Fv2%2Ftags&post=22432"}],"curies":[{"name":"wp","href":"https:\/\/api.w.org\/{rel}","templated":true}]}}