{"id":22442,"date":"2025-10-31T19:16:07","date_gmt":"2025-10-31T16:16:07","guid":{"rendered":"https:\/\/mybook.am\/?p=22442"},"modified":"2025-10-31T19:16:08","modified_gmt":"2025-10-31T16:16:08","slug":"il-te-sauvera-meme-si-le-monde-en-decide-autrement","status":"publish","type":"post","link":"https:\/\/mybook.am\/?p=22442","title":{"rendered":"Il te sauvera, m\u00eame si le monde en d\u00e9cide autrement."},"content":{"rendered":"\n<p class=\"has-medium-font-size\">Il s&#8217;est lib\u00e9r\u00e9 de sa laisse au moment o\u00f9 j&#8217;ai cri\u00e9. Le sable sous mes pieds \u00e9tait froid et le grondement des vagues r\u00e9sonnait dans mes oreilles. Les vagues d\u00e9ferlaient avec force, comme pour effacer toute pr\u00e9sence humaine sur le rivage. Je me souviens de cet instant presque au ralenti&nbsp;: une silhouette sombre se d\u00e9tachant sur la mer grise, un \u00e9clair d&#8217;\u00e9cume blanche, et sa silhouette plongeant dans l&#8217;eau. Personne ne bougeait. Seulement lui.<\/p>\n\n\n\n<p class=\"has-medium-font-size\">Puis tout est devenu flou&nbsp;: l&#8217;eau, les cris, les touffes d&#8217;algues, le go\u00fbt sal\u00e9 de la panique. J&#8217;avais l&#8217;impression de dispara\u00eetre, de me dissoudre dans cet ab\u00eeme glac\u00e9. Et soudain, quelque chose de chaud, de vivant, d&#8217;obstin\u00e9, a saisi ma main. Sa bouche. Sa force. Son souffle. Il ne nageait pas simplement&nbsp;; il luttait contre l&#8217;oc\u00e9an pour ma vie.<\/p>\n\n\n\n<figure class=\"wp-block-image size-large\"><img loading=\"lazy\" decoding=\"async\" width=\"820\" height=\"1024\" src=\"https:\/\/mybook.am\/wp-content\/uploads\/2025\/10\/6564654-1-820x1024.jpeg\" alt=\"\" class=\"wp-image-22443\" srcset=\"https:\/\/mybook.am\/wp-content\/uploads\/2025\/10\/6564654-1-820x1024.jpeg 820w, https:\/\/mybook.am\/wp-content\/uploads\/2025\/10\/6564654-1-240x300.jpeg 240w, https:\/\/mybook.am\/wp-content\/uploads\/2025\/10\/6564654-1-768x959.jpeg 768w, https:\/\/mybook.am\/wp-content\/uploads\/2025\/10\/6564654-1.jpeg 1080w\" sizes=\"auto, (max-width: 820px) 100vw, 820px\" \/><\/figure>\n\n\n\n<p class=\"has-medium-font-size\">Une fois sur la plage, je suis rest\u00e9e allong\u00e9e, toussant, incr\u00e9dule de respirer. Il s&#8217;est assis pr\u00e8s de moi. Il respirait, sans me regarder. Comme si tout cela \u00e9tait normal.<\/p>\n\n\n\n<p class=\"has-medium-font-size\">Et puis des gens sont arriv\u00e9s. Les m\u00eames qui nous avaient regard\u00e9s avec irritation une heure plus t\u00f4t : \u00ab Vous ne pouvez pas amener de chiens ici. \u00bb Ils s&#8217;affairaient, faisaient demi-tour, apportaient des serviettes. Mais il ne s&#8217;approcha pas. Il resta pr\u00e8s de moi. Comme s&#8217;il savait : le bruit est \u00e9ph\u00e9m\u00e8re, et le silence est \u00e9ternel.<\/p>\n\n\n\n<p class=\"has-medium-font-size\">Vous \u00eates-vous d\u00e9j\u00e0 demand\u00e9 pourquoi un chien se jette dans un incendie, dans une rivi\u00e8re glac\u00e9e, sous les d\u00e9combres d&#8217;une maison ? On ne lui a pas expliqu\u00e9 que c&#8217;\u00e9tait dangereux. Il sent simplement ce dont il a besoin.<\/p>\n\n\n\n<p class=\"has-medium-font-size\">J&#8217;ai vu un jour mon voisin crier apr\u00e8s son berger allemand qui avait d\u00e9chir\u00e9 un oreiller. Il ne savait pas que ce m\u00eame chien sauverait son fils d&#8217;une maison en flammes un an plus tard. Alors, il s&#8217;est agenouill\u00e9 devant lui, en sanglotant, et le chien lui a simplement l\u00e9ch\u00e9 les paumes. Sans offense. Sans jugement.<\/p>\n\n\n\n<p class=\"has-medium-font-size\">Les chiens ne connaissent pas la loi, mais ils la respectent mieux que nous. Ils ne cat\u00e9gorisent pas l&#8217;amour : m\u00e9rit\u00e9 ou non. Ils sont, tout simplement. Et quand le monde entier dit \u00ab non \u00bb, ils vont l\u00e0 o\u00f9 il est n\u00e9cessaire.<\/p>\n\n\n\n<p class=\"has-medium-font-size\">C&#8217;est leur force tranquille. Leur logique simple, et pourtant inaccessible : \u00eatre l\u00e0 quand on a peur. Ne pas demander \u00ab pourquoi \u00bb. Ne pas attendre de gratitude. Juste \u00eatre.<\/p>\n\n\n\n<p class=\"has-medium-font-size\">Parfois, je me dis que c&#8217;est pour \u00e7a qu&#8217;il est si difficile de les comprendre. Nous recherchons le profit, ils recherchent le sens. Nous lisons les r\u00e8gles, ils sentent le chemin. Et c&#8217;est peut-\u00eatre pr\u00e9cis\u00e9ment pour \u00e7a que le monde essaie de les limiter : parce que leur loyaut\u00e9 r\u00e9v\u00e8le notre faiblesse.<\/p>\n\n\n\n<p class=\"has-medium-font-size\">J&#8217;ai vu sa vieillesse. Son museau gris, sa d\u00e9marche raide, ses yeux comme une flamme ambr\u00e9e et chaude. Il ne courait plus, ne sauvait plus. Il restait simplement couch\u00e9 pr\u00e8s de la porte, comme s&#8217;il gardait non pas la maison, mais la m\u00e9moire elle-m\u00eame. Quand il est parti, la maison est devenue d&#8217;un silence insoutenable. M\u00eame le vent semblait \u00e9tranger.<\/p>\n\n\n\n<p class=\"has-medium-font-size\">Et me revoil\u00e0 sur cette plage. Je vois un panneau : \u00ab Chiens interdits \u00bb. Les gens passent, leurs serviettes, leurs appareils, leurs boissons \u00e0 la main. Plus personne ne regarde la mer comme il le faisait alors.<\/p>\n\n\n\n<p class=\"has-medium-font-size\">Je m&#8217;assieds sur le sable, ferme les yeux et j&#8217;entends un clapotis au loin. Une simple vague, peut-\u00eatre. Ou peut-\u00eatre un souvenir qui respire encore tout pr\u00e8s.<\/p>\n\n\n\n<p class=\"has-medium-font-size\">Il ne m&#8217;a pas seulement sauv\u00e9e une fois. Il m&#8217;a appris \u00e0 me sauver moi-m\u00eame.<\/p>\n\n\n\n<p class=\"has-medium-font-size\">Que le monde dicte ses propres interdits. Qu&#8217;il trace de nouveaux panneaux. Qu&#8217;il d\u00e9cide qui peut m&#8217;approcher et qui ne le peut pas. Quand la nuit tombera et que les vagues commenceront \u00e0 se lever, les r\u00e8gles seront les premi\u00e8res \u00e0 dispara\u00eetre.<\/p>\n\n\n\n<p class=\"has-medium-font-size\">Et alors, dans l&#8217;obscurit\u00e9 et le froid, tu entendras un souffle familier. Tu sentiras une fourrure sous ta paume.<\/p>\n\n\n\n<p class=\"has-medium-font-size\">Il te retrouvera.<\/p>\n\n\n\n<p class=\"has-medium-font-size\">Il te sauvera.<\/p>\n","protected":false},"excerpt":{"rendered":"Il s&#8217;est lib\u00e9r\u00e9 de sa laisse au moment o\u00f9 j&#8217;ai cri\u00e9. Le sable sous mes pieds \u00e9tait froid et le grondement des vagues \n<a class=\"moretag\" href=\"https:\/\/mybook.am\/?p=22442\"> [...]<\/a>","protected":false},"author":1,"featured_media":22443,"comment_status":"open","ping_status":"open","sticky":false,"template":"","format":"standard","meta":{"footnotes":""},"categories":[3],"tags":[],"class_list":["post-22442","post","type-post","status-publish","format-standard","has-post-thumbnail","hentry","category-fotto"],"yoast_head":"<!-- This site is optimized with the Yoast SEO plugin v27.5 - https:\/\/yoast.com\/product\/yoast-seo-wordpress\/ -->\n<title>Il te sauvera, m\u00eame si le monde en d\u00e9cide autrement. -<\/title>\n<meta name=\"robots\" content=\"index, follow, max-snippet:-1, max-image-preview:large, max-video-preview:-1\" \/>\n<link rel=\"canonical\" href=\"https:\/\/mybook.am\/?p=22442\" \/>\n<meta property=\"og:locale\" content=\"ru_RU\" \/>\n<meta property=\"og:type\" content=\"article\" \/>\n<meta property=\"og:title\" content=\"Il te sauvera, m\u00eame si le monde en d\u00e9cide autrement. -\" \/>\n<meta property=\"og:description\" content=\"Il s&#8217;est lib\u00e9r\u00e9 de sa laisse au moment o\u00f9 j&#8217;ai cri\u00e9. Le sable sous mes pieds \u00e9tait froid et le grondement des vagues\" \/>\n<meta property=\"og:url\" content=\"https:\/\/mybook.am\/?p=22442\" \/>\n<meta property=\"article:published_time\" content=\"2025-10-31T16:16:07+00:00\" \/>\n<meta property=\"article:modified_time\" content=\"2025-10-31T16:16:08+00:00\" \/>\n<meta property=\"og:image\" content=\"https:\/\/mybook.am\/wp-content\/uploads\/2025\/10\/6564654-1.jpeg\" \/>\n\t<meta property=\"og:image:width\" content=\"1080\" \/>\n\t<meta property=\"og:image:height\" content=\"1348\" \/>\n\t<meta property=\"og:image:type\" content=\"image\/jpeg\" \/>\n<meta name=\"author\" content=\"admin\" \/>\n<meta name=\"twitter:card\" content=\"summary_large_image\" \/>\n<meta name=\"twitter:label1\" content=\"\u041d\u0430\u043f\u0438\u0441\u0430\u043d\u043e \u0430\u0432\u0442\u043e\u0440\u043e\u043c\" \/>\n\t<meta name=\"twitter:data1\" content=\"admin\" \/>\n\t<meta name=\"twitter:label2\" content=\"\u041f\u0440\u0438\u043c\u0435\u0440\u043d\u043e\u0435 \u0432\u0440\u0435\u043c\u044f \u0434\u043b\u044f \u0447\u0442\u0435\u043d\u0438\u044f\" \/>\n\t<meta name=\"twitter:data2\" content=\"4 \u043c\u0438\u043d\u0443\u0442\u044b\" \/>\n<script type=\"application\/ld+json\" class=\"yoast-schema-graph\">{\"@context\":\"https:\\\/\\\/schema.org\",\"@graph\":[{\"@type\":\"Article\",\"@id\":\"https:\\\/\\\/mybook.am\\\/?p=22442#article\",\"isPartOf\":{\"@id\":\"https:\\\/\\\/mybook.am\\\/?p=22442\"},\"author\":{\"name\":\"admin\",\"@id\":\"https:\\\/\\\/mybook.am\\\/#\\\/schema\\\/person\\\/e730847942cff3a199774e803916e97e\"},\"headline\":\"Il te sauvera, m\u00eame si le monde en d\u00e9cide autrement.\",\"datePublished\":\"2025-10-31T16:16:07+00:00\",\"dateModified\":\"2025-10-31T16:16:08+00:00\",\"mainEntityOfPage\":{\"@id\":\"https:\\\/\\\/mybook.am\\\/?p=22442\"},\"wordCount\":732,\"commentCount\":0,\"image\":{\"@id\":\"https:\\\/\\\/mybook.am\\\/?p=22442#primaryimage\"},\"thumbnailUrl\":\"https:\\\/\\\/mybook.am\\\/wp-content\\\/uploads\\\/2025\\\/10\\\/6564654-1.jpeg\",\"articleSection\":[\"FRANS\"],\"inLanguage\":\"ru-RU\",\"potentialAction\":[{\"@type\":\"CommentAction\",\"name\":\"Comment\",\"target\":[\"https:\\\/\\\/mybook.am\\\/?p=22442#respond\"]}]},{\"@type\":\"WebPage\",\"@id\":\"https:\\\/\\\/mybook.am\\\/?p=22442\",\"url\":\"https:\\\/\\\/mybook.am\\\/?p=22442\",\"name\":\"Il te sauvera, m\u00eame si le monde en d\u00e9cide autrement. -\",\"isPartOf\":{\"@id\":\"https:\\\/\\\/mybook.am\\\/#website\"},\"primaryImageOfPage\":{\"@id\":\"https:\\\/\\\/mybook.am\\\/?p=22442#primaryimage\"},\"image\":{\"@id\":\"https:\\\/\\\/mybook.am\\\/?p=22442#primaryimage\"},\"thumbnailUrl\":\"https:\\\/\\\/mybook.am\\\/wp-content\\\/uploads\\\/2025\\\/10\\\/6564654-1.jpeg\",\"datePublished\":\"2025-10-31T16:16:07+00:00\",\"dateModified\":\"2025-10-31T16:16:08+00:00\",\"author\":{\"@id\":\"https:\\\/\\\/mybook.am\\\/#\\\/schema\\\/person\\\/e730847942cff3a199774e803916e97e\"},\"breadcrumb\":{\"@id\":\"https:\\\/\\\/mybook.am\\\/?p=22442#breadcrumb\"},\"inLanguage\":\"ru-RU\",\"potentialAction\":[{\"@type\":\"ReadAction\",\"target\":[\"https:\\\/\\\/mybook.am\\\/?p=22442\"]}]},{\"@type\":\"ImageObject\",\"inLanguage\":\"ru-RU\",\"@id\":\"https:\\\/\\\/mybook.am\\\/?p=22442#primaryimage\",\"url\":\"https:\\\/\\\/mybook.am\\\/wp-content\\\/uploads\\\/2025\\\/10\\\/6564654-1.jpeg\",\"contentUrl\":\"https:\\\/\\\/mybook.am\\\/wp-content\\\/uploads\\\/2025\\\/10\\\/6564654-1.jpeg\",\"width\":1080,\"height\":1348},{\"@type\":\"BreadcrumbList\",\"@id\":\"https:\\\/\\\/mybook.am\\\/?p=22442#breadcrumb\",\"itemListElement\":[{\"@type\":\"ListItem\",\"position\":1,\"name\":\"\u0413\u043b\u0430\u0432\u043d\u0430\u044f \u0441\u0442\u0440\u0430\u043d\u0438\u0446\u0430\",\"item\":\"https:\\\/\\\/mybook.am\\\/\"},{\"@type\":\"ListItem\",\"position\":2,\"name\":\"Il te sauvera, m\u00eame si le monde en d\u00e9cide autrement.\"}]},{\"@type\":\"WebSite\",\"@id\":\"https:\\\/\\\/mybook.am\\\/#website\",\"url\":\"https:\\\/\\\/mybook.am\\\/\",\"name\":\"\",\"description\":\"\",\"potentialAction\":[{\"@type\":\"SearchAction\",\"target\":{\"@type\":\"EntryPoint\",\"urlTemplate\":\"https:\\\/\\\/mybook.am\\\/?s={search_term_string}\"},\"query-input\":{\"@type\":\"PropertyValueSpecification\",\"valueRequired\":true,\"valueName\":\"search_term_string\"}}],\"inLanguage\":\"ru-RU\"},{\"@type\":\"Person\",\"@id\":\"https:\\\/\\\/mybook.am\\\/#\\\/schema\\\/person\\\/e730847942cff3a199774e803916e97e\",\"name\":\"admin\",\"image\":{\"@type\":\"ImageObject\",\"inLanguage\":\"ru-RU\",\"@id\":\"https:\\\/\\\/secure.gravatar.com\\\/avatar\\\/df64e550a0653b7be0f1bcf897f33faad9c2c8153472b2d9319beafb51370f6f?s=96&d=mm&r=g\",\"url\":\"https:\\\/\\\/secure.gravatar.com\\\/avatar\\\/df64e550a0653b7be0f1bcf897f33faad9c2c8153472b2d9319beafb51370f6f?s=96&d=mm&r=g\",\"contentUrl\":\"https:\\\/\\\/secure.gravatar.com\\\/avatar\\\/df64e550a0653b7be0f1bcf897f33faad9c2c8153472b2d9319beafb51370f6f?s=96&d=mm&r=g\",\"caption\":\"admin\"},\"sameAs\":[\"http:\\\/\\\/mybook.am\"],\"url\":\"https:\\\/\\\/mybook.am\\\/?author=1\"}]}<\/script>\n<!-- \/ Yoast SEO plugin. -->","yoast_head_json":{"title":"Il te sauvera, m\u00eame si le monde en d\u00e9cide autrement. -","robots":{"index":"index","follow":"follow","max-snippet":"max-snippet:-1","max-image-preview":"max-image-preview:large","max-video-preview":"max-video-preview:-1"},"canonical":"https:\/\/mybook.am\/?p=22442","og_locale":"ru_RU","og_type":"article","og_title":"Il te sauvera, m\u00eame si le monde en d\u00e9cide autrement. -","og_description":"Il s&#8217;est lib\u00e9r\u00e9 de sa laisse au moment o\u00f9 j&#8217;ai cri\u00e9. Le sable sous mes pieds \u00e9tait froid et le grondement des vagues","og_url":"https:\/\/mybook.am\/?p=22442","article_published_time":"2025-10-31T16:16:07+00:00","article_modified_time":"2025-10-31T16:16:08+00:00","og_image":[{"width":1080,"height":1348,"url":"https:\/\/mybook.am\/wp-content\/uploads\/2025\/10\/6564654-1.jpeg","type":"image\/jpeg"}],"author":"admin","twitter_card":"summary_large_image","twitter_misc":{"\u041d\u0430\u043f\u0438\u0441\u0430\u043d\u043e \u0430\u0432\u0442\u043e\u0440\u043e\u043c":"admin","\u041f\u0440\u0438\u043c\u0435\u0440\u043d\u043e\u0435 \u0432\u0440\u0435\u043c\u044f \u0434\u043b\u044f \u0447\u0442\u0435\u043d\u0438\u044f":"4 \u043c\u0438\u043d\u0443\u0442\u044b"},"schema":{"@context":"https:\/\/schema.org","@graph":[{"@type":"Article","@id":"https:\/\/mybook.am\/?p=22442#article","isPartOf":{"@id":"https:\/\/mybook.am\/?p=22442"},"author":{"name":"admin","@id":"https:\/\/mybook.am\/#\/schema\/person\/e730847942cff3a199774e803916e97e"},"headline":"Il te sauvera, m\u00eame si le monde en d\u00e9cide autrement.","datePublished":"2025-10-31T16:16:07+00:00","dateModified":"2025-10-31T16:16:08+00:00","mainEntityOfPage":{"@id":"https:\/\/mybook.am\/?p=22442"},"wordCount":732,"commentCount":0,"image":{"@id":"https:\/\/mybook.am\/?p=22442#primaryimage"},"thumbnailUrl":"https:\/\/mybook.am\/wp-content\/uploads\/2025\/10\/6564654-1.jpeg","articleSection":["FRANS"],"inLanguage":"ru-RU","potentialAction":[{"@type":"CommentAction","name":"Comment","target":["https:\/\/mybook.am\/?p=22442#respond"]}]},{"@type":"WebPage","@id":"https:\/\/mybook.am\/?p=22442","url":"https:\/\/mybook.am\/?p=22442","name":"Il te sauvera, m\u00eame si le monde en d\u00e9cide autrement. -","isPartOf":{"@id":"https:\/\/mybook.am\/#website"},"primaryImageOfPage":{"@id":"https:\/\/mybook.am\/?p=22442#primaryimage"},"image":{"@id":"https:\/\/mybook.am\/?p=22442#primaryimage"},"thumbnailUrl":"https:\/\/mybook.am\/wp-content\/uploads\/2025\/10\/6564654-1.jpeg","datePublished":"2025-10-31T16:16:07+00:00","dateModified":"2025-10-31T16:16:08+00:00","author":{"@id":"https:\/\/mybook.am\/#\/schema\/person\/e730847942cff3a199774e803916e97e"},"breadcrumb":{"@id":"https:\/\/mybook.am\/?p=22442#breadcrumb"},"inLanguage":"ru-RU","potentialAction":[{"@type":"ReadAction","target":["https:\/\/mybook.am\/?p=22442"]}]},{"@type":"ImageObject","inLanguage":"ru-RU","@id":"https:\/\/mybook.am\/?p=22442#primaryimage","url":"https:\/\/mybook.am\/wp-content\/uploads\/2025\/10\/6564654-1.jpeg","contentUrl":"https:\/\/mybook.am\/wp-content\/uploads\/2025\/10\/6564654-1.jpeg","width":1080,"height":1348},{"@type":"BreadcrumbList","@id":"https:\/\/mybook.am\/?p=22442#breadcrumb","itemListElement":[{"@type":"ListItem","position":1,"name":"\u0413\u043b\u0430\u0432\u043d\u0430\u044f \u0441\u0442\u0440\u0430\u043d\u0438\u0446\u0430","item":"https:\/\/mybook.am\/"},{"@type":"ListItem","position":2,"name":"Il te sauvera, m\u00eame si le monde en d\u00e9cide autrement."}]},{"@type":"WebSite","@id":"https:\/\/mybook.am\/#website","url":"https:\/\/mybook.am\/","name":"","description":"","potentialAction":[{"@type":"SearchAction","target":{"@type":"EntryPoint","urlTemplate":"https:\/\/mybook.am\/?s={search_term_string}"},"query-input":{"@type":"PropertyValueSpecification","valueRequired":true,"valueName":"search_term_string"}}],"inLanguage":"ru-RU"},{"@type":"Person","@id":"https:\/\/mybook.am\/#\/schema\/person\/e730847942cff3a199774e803916e97e","name":"admin","image":{"@type":"ImageObject","inLanguage":"ru-RU","@id":"https:\/\/secure.gravatar.com\/avatar\/df64e550a0653b7be0f1bcf897f33faad9c2c8153472b2d9319beafb51370f6f?s=96&d=mm&r=g","url":"https:\/\/secure.gravatar.com\/avatar\/df64e550a0653b7be0f1bcf897f33faad9c2c8153472b2d9319beafb51370f6f?s=96&d=mm&r=g","contentUrl":"https:\/\/secure.gravatar.com\/avatar\/df64e550a0653b7be0f1bcf897f33faad9c2c8153472b2d9319beafb51370f6f?s=96&d=mm&r=g","caption":"admin"},"sameAs":["http:\/\/mybook.am"],"url":"https:\/\/mybook.am\/?author=1"}]}},"views":103,"_links":{"self":[{"href":"https:\/\/mybook.am\/index.php?rest_route=\/wp\/v2\/posts\/22442","targetHints":{"allow":["GET"]}}],"collection":[{"href":"https:\/\/mybook.am\/index.php?rest_route=\/wp\/v2\/posts"}],"about":[{"href":"https:\/\/mybook.am\/index.php?rest_route=\/wp\/v2\/types\/post"}],"author":[{"embeddable":true,"href":"https:\/\/mybook.am\/index.php?rest_route=\/wp\/v2\/users\/1"}],"replies":[{"embeddable":true,"href":"https:\/\/mybook.am\/index.php?rest_route=%2Fwp%2Fv2%2Fcomments&post=22442"}],"version-history":[{"count":1,"href":"https:\/\/mybook.am\/index.php?rest_route=\/wp\/v2\/posts\/22442\/revisions"}],"predecessor-version":[{"id":22444,"href":"https:\/\/mybook.am\/index.php?rest_route=\/wp\/v2\/posts\/22442\/revisions\/22444"}],"wp:featuredmedia":[{"embeddable":true,"href":"https:\/\/mybook.am\/index.php?rest_route=\/wp\/v2\/media\/22443"}],"wp:attachment":[{"href":"https:\/\/mybook.am\/index.php?rest_route=%2Fwp%2Fv2%2Fmedia&parent=22442"}],"wp:term":[{"taxonomy":"category","embeddable":true,"href":"https:\/\/mybook.am\/index.php?rest_route=%2Fwp%2Fv2%2Fcategories&post=22442"},{"taxonomy":"post_tag","embeddable":true,"href":"https:\/\/mybook.am\/index.php?rest_route=%2Fwp%2Fv2%2Ftags&post=22442"}],"curies":[{"name":"wp","href":"https:\/\/api.w.org\/{rel}","templated":true}]}}