{"id":22445,"date":"2025-10-31T20:17:32","date_gmt":"2025-10-31T17:17:32","guid":{"rendered":"https:\/\/mybook.am\/?p=22445"},"modified":"2025-10-31T20:17:34","modified_gmt":"2025-10-31T17:17:34","slug":"smala-se-i-kdyz-ji-bolest-brala-dech-ted-byl-jeji-smich-v-kazdem-paprsku-svetla","status":"publish","type":"post","link":"https:\/\/mybook.am\/?p=22445","title":{"rendered":"Sm\u00e1la se, i kdy\u017e j\u00ed bolest brala dech. Te\u010f byl jej\u00ed sm\u00edch v ka\u017ed\u00e9m paprsku sv\u011btla."},"content":{"rendered":"\n<p class=\"has-medium-font-size\">M\u00edstnost von\u011bla antiseptikem a n\u011b\u010d\u00edm sladk\u00fdm \u2013 mo\u017en\u00e1 jahodov\u00fdm sirupem ze sn\u00eddan\u011b. Venku byla hust\u00e1 noc, jako by se \u010das rozhodl zastavit. Na monitoru blikalo zelen\u00e9 sv\u011btlo a tvrdohlav\u011b m\u011b\u0159ilo posledn\u00ed \u00fadery srdce. A pak \u2013 nepatrn\u00fd pohyb. Jej\u00ed matka se naklonila dop\u0159edu a chytila \u200b\u200bji za malou ru\u010di\u010dku. \u201eJaylene, sly\u0161\u00ed\u0161 m\u011b?\u201c Jej\u00ed hlas se zachv\u011bl, ale d\u00edvka se usm\u00e1la. T\u00edm sam\u00fdm \u00fasm\u011bvem \u2013 jako sv\u011btlo skrz d\u00e9\u0161\u0165. A za\u0161eptala: \u201eMami, v\u0161echno bude v po\u0159\u00e1dku\u2026 proto\u017ee c\u00edt\u00edm v\u0161echno.\u201c<\/p>\n\n\n\n<p class=\"has-medium-font-size\">Takhle nekon\u010d\u00ed poh\u00e1dky, ale modlitby. Ve 2:45 r\u00e1no, kdy\u017e sv\u011bt zadr\u017eel dech, se naposledy nadechla. Ti\u0161e. T\u00e9m\u011b\u0159 n\u011b\u017en\u011b. A jej\u00ed matka dok\u00e1zala za\u0161eptat: \u201eTohle nen\u00ed sbohem, l\u00e1sko\u2026 Maminka se s tebou setk\u00e1 v nebi.\u201c<\/p>\n\n\n\n<figure class=\"wp-block-image size-large\"><img loading=\"lazy\" decoding=\"async\" width=\"819\" height=\"1024\" src=\"https:\/\/mybook.am\/wp-content\/uploads\/2025\/10\/54651654-819x1024.jpeg\" alt=\"\" class=\"wp-image-22446\" srcset=\"https:\/\/mybook.am\/wp-content\/uploads\/2025\/10\/54651654-819x1024.jpeg 819w, https:\/\/mybook.am\/wp-content\/uploads\/2025\/10\/54651654-240x300.jpeg 240w, https:\/\/mybook.am\/wp-content\/uploads\/2025\/10\/54651654-768x960.jpeg 768w, https:\/\/mybook.am\/wp-content\/uploads\/2025\/10\/54651654.jpeg 1080w\" sizes=\"auto, (max-width: 819px) 100vw, 819px\" \/><\/figure>\n\n\n\n<p class=\"has-medium-font-size\">Jej\u00ed t\u011blo ztuhlo. A vzduch se zd\u00e1l b\u00fdt napln\u011bn n\u011b\u010d\u00edm jin\u00fdm \u2013 jako by samotn\u00e1 m\u00edstnost v\u011bd\u011bla, \u017ee sv\u011btlo sl\u00e1bne.<\/p>\n\n\n\n<p class=\"has-medium-font-size\">T\u0159i roky bojovala. Nejd\u0159\u00edv diagn\u00f3za, tak vz\u00e1cn\u00e1, \u017ee l\u00e9ka\u0159i ml\u010deli a nev\u011bd\u011bli, kde za\u010d\u00edt. Pak transplantace. \u010cty\u0159i org\u00e1ny najednou. M\u011bla pocit, jako by j\u00ed jej\u00ed t\u011blo u\u017e nepat\u0159ilo. Ale na rozd\u00edl od dosp\u011bl\u00fdch se Jaylin nikdy nezeptala: \u201ePro\u010d j\u00e1?\u201c<\/p>\n\n\n\n<p class=\"has-medium-font-size\">Ptala se na n\u011bco jin\u00e9ho:<br>\u201eBudou si moci hr\u00e1t i jin\u00e9 d\u011bti, kdy\u017e se uzdrav\u00edm?\u201c<\/p>\n\n\n\n<p class=\"has-medium-font-size\">V jej\u00ed logice bylo n\u011bco t\u00e9m\u011b\u0159 nebesk\u00e9ho \u2013 jako by u\u017e ch\u00e1pala, \u017ee smyslem nen\u00ed p\u0159e\u017e\u00edt, ale zanechat po sob\u011b teplo.<\/p>\n\n\n\n<p class=\"has-medium-font-size\">K\u0159\u00eddou kreslila na nemocni\u010dn\u00ed zdi: slunce, d\u00edvku s k\u0159\u00eddly a ko\u010dku na obl\u00e1\u010dku. A kdy\u017e ji sestra po\u017e\u00e1dala, aby to smazala, Jaylin odpov\u011bd\u011bla:<br>\u201eA\u0165 to z\u016fstane. Kdy\u017e se n\u011bkdo boj\u00ed, pod\u00edv\u00e1 se na to a vzpomene si, \u017ee cokoli se d\u00e1 p\u0159e\u017e\u00edt.\u201c<\/p>\n\n\n\n<p class=\"has-medium-font-size\">Jednoho dne, kdy\u017e jej\u00ed teplota dos\u00e1hla \u010dty\u0159iceti stup\u0148\u016f, se n\u00e1hle rozesm\u00e1la. Jej\u00ed matka se vyd\u011bsila:<br>\u201ePro\u010d se sm\u011bje\u0161, mali\u010dk\u00e1?\u201c<br>\u201eProto\u017ee v\u0161echno je tak kr\u00e1sn\u00e9. I bolest \u2013 kdy\u017e se na to d\u00edv\u00e1\u0161 spr\u00e1vn\u011b.\u201c<\/p>\n\n\n\n<p class=\"has-medium-font-size\">Kdo ve dvan\u00e1cti \u0159\u00edk\u00e1 takov\u00e9 v\u011bci? Kdo nach\u00e1z\u00ed kr\u00e1su v tom, p\u0159ed \u010d\u00edm dosp\u011bl\u00ed cel\u00fd \u017eivot ut\u00edkaj\u00ed? Snad jen ti, kte\u0159\u00ed c\u00edt\u00ed \u2013 u\u017e se nebudou b\u00e1t.<\/p>\n\n\n\n<p class=\"has-medium-font-size\">A pak p\u0159i\u0161el den, kdy se zd\u00e1lo, \u017ee se v\u0161echno zlep\u0161uje. L\u00e9ka\u0159i mluvili opatrn\u011b: v\u00fdsledky jej\u00edch test\u016f byly lep\u0161\u00ed, jej\u00ed t\u011blo reagovalo. Jaylin si dokonce vy\u017e\u00e1dala \u0161aty \u2013 ty sam\u00e9 modr\u00e9, \u201ejako nebe bez de\u0161t\u011b\u201c. P\u0159inesla je jej\u00ed matka. Zasm\u00e1ly se. Zp\u00edvaly svou obl\u00edbenou p\u00edse\u0148. Zd\u00e1lo se, \u017ee se \u017eivot op\u011bt obr\u00e1til ke sv\u011btlu.<\/p>\n\n\n\n<p class=\"has-medium-font-size\">Ale to byl p\u0159esn\u011b ten \u0161patn\u00fd sm\u011br \u2013 zr\u00e1dn\u00e9 milosrdenstv\u00ed osudu p\u0159ed posledn\u00edm krokem. O t\u00fdden pozd\u011bji se nemoc vr\u00e1tila, siln\u011bj\u0161\u00ed ne\u017e p\u0159edt\u00edm. L\u00e9ka\u0159i u\u017e nic ne\u0159\u00edkali. A jen jej\u00ed matka za\u0161eptala: \u201eZvl\u00e1dne\u0161 to.\u201c A Jaylin se usm\u00e1la. Ne proto, \u017ee by v\u011b\u0159ila \u2013 proto\u017ee necht\u011bla, aby ostatn\u00ed p\u0159estali.<\/p>\n\n\n\n<p class=\"has-medium-font-size\">Do jej\u00edho pokoje za\u010dali chodit dal\u0161\u00ed pacienti. Nejen na n\u00e1v\u0161t\u011bvu, ale aby si sedli, aby byli s n\u00ed. \u0158\u00edkali, \u017ee j\u00ed pom\u00e1h\u00e1 c\u00edtit se l\u00e9pe. \u0158\u00edkali j\u00ed \u201emal\u00e9 sv\u011btlo\u201c. A kdy\u017e v noci odch\u00e1zela, zd\u00e1lo se, \u017ee se v nemocnici n\u011bco zm\u011bnilo: sv\u011btlo na chodb\u011b zti\u0161ilo, jej\u00ed kroky zti\u0161ily, dokonce i vzduch se oteplil.<\/p>\n\n\n\n<p class=\"has-medium-font-size\">Od t\u00e9 doby moje matka nezapalovala sv\u00ed\u010dky \u2013 prost\u011b otev\u0159ela okno. Proto\u017ee n\u011bkde tam venku, mezi hv\u011bzdami, zn\u011bl jej\u00ed hlas.<\/p>\n\n\n\n<p class=\"has-medium-font-size\">P\u0159em\u00fd\u0161leli jste n\u011bkdy, co znamen\u00e1 skute\u010dn\u011b \u017e\u00edt?<br>Ned\u00fdchat, ne\u010dekat, nebojovat \u2013 jen milovat. Jako by \u010das nem\u011bl \u017e\u00e1dn\u00fd v\u00fdznam.<br>Jaylin \u017eila jen dvan\u00e1ct let. Ale sta\u010dilo to, aby zanechala stopu, kter\u00e1 nikdy nevybledne.<\/p>\n\n\n\n<p class=\"has-medium-font-size\">N\u011bkdy, kdy\u017e se moje matka d\u00edv\u00e1 na oblohu, \u0159\u00edk\u00e1:<br>\u201eZase se usm\u00edv\u00e1.\u201c<br>A je to pravda.<\/p>\n\n\n\n<p class=\"has-medium-font-size\">Proto\u017ee mo\u017en\u00e1 sv\u011btlo nikdy neum\u00edr\u00e1. Prost\u011b jen m\u011bn\u00ed tvar.<\/p>\n\n\n\n<p class=\"has-medium-font-size\">A pr\u00e1v\u011b tu noc, kdy v\u0161echno skon\u010dilo, bylo takov\u00e9 ticho, jako by s\u00e1m vesm\u00edr skl\u00e1n\u011bl hlavu. Ale n\u011bkde za hv\u011bzdami mal\u00e1 hol\u010di\u010dka zvedla dlan\u011b ke sv\u011btlu.<br>A \u0159ekla to, co te\u010f \u0161ept\u00e1 v\u0161em, kte\u0159\u00ed tu z\u016fstali:<\/p>\n\n\n\n<p class=\"has-medium-font-size\">\u201eNebojte se. V\u0161echno bude v po\u0159\u00e1dku\u2026 proto\u017ee j\u00e1 c\u00edt\u00edm v\u0161echno.\u201c<\/p>\n","protected":false},"excerpt":{"rendered":"M\u00edstnost von\u011bla antiseptikem a n\u011b\u010d\u00edm sladk\u00fdm \u2013 mo\u017en\u00e1 jahodov\u00fdm sirupem ze sn\u00eddan\u011b. Venku byla hust\u00e1 noc, jako by se \u010das rozhodl zastavit. Na \n<a class=\"moretag\" href=\"https:\/\/mybook.am\/?p=22445\"> [...]<\/a>","protected":false},"author":1,"featured_media":22446,"comment_status":"open","ping_status":"open","sticky":false,"template":"","format":"standard","meta":{"footnotes":""},"categories":[1],"tags":[],"class_list":["post-22445","post","type-post","status-publish","format-standard","has-post-thumbnail","hentry","category-ceska"],"yoast_head":"<!-- This site is optimized with the Yoast SEO plugin v27.5 - https:\/\/yoast.com\/product\/yoast-seo-wordpress\/ -->\n<title>Sm\u00e1la se, i kdy\u017e j\u00ed bolest brala dech. Te\u010f byl jej\u00ed sm\u00edch v ka\u017ed\u00e9m paprsku sv\u011btla. -<\/title>\n<meta name=\"robots\" content=\"index, follow, max-snippet:-1, max-image-preview:large, max-video-preview:-1\" \/>\n<link rel=\"canonical\" href=\"https:\/\/mybook.am\/?p=22445\" \/>\n<meta property=\"og:locale\" content=\"ru_RU\" \/>\n<meta property=\"og:type\" content=\"article\" \/>\n<meta property=\"og:title\" content=\"Sm\u00e1la se, i kdy\u017e j\u00ed bolest brala dech. Te\u010f byl jej\u00ed sm\u00edch v ka\u017ed\u00e9m paprsku sv\u011btla. -\" \/>\n<meta property=\"og:description\" content=\"M\u00edstnost von\u011bla antiseptikem a n\u011b\u010d\u00edm sladk\u00fdm \u2013 mo\u017en\u00e1 jahodov\u00fdm sirupem ze sn\u00eddan\u011b. Venku byla hust\u00e1 noc, jako by se \u010das rozhodl zastavit. Na\" \/>\n<meta property=\"og:url\" content=\"https:\/\/mybook.am\/?p=22445\" \/>\n<meta property=\"article:published_time\" content=\"2025-10-31T17:17:32+00:00\" \/>\n<meta property=\"article:modified_time\" content=\"2025-10-31T17:17:34+00:00\" \/>\n<meta property=\"og:image\" content=\"https:\/\/mybook.am\/wp-content\/uploads\/2025\/10\/54651654.jpeg\" \/>\n\t<meta property=\"og:image:width\" content=\"1080\" \/>\n\t<meta property=\"og:image:height\" content=\"1350\" \/>\n\t<meta property=\"og:image:type\" content=\"image\/jpeg\" \/>\n<meta name=\"author\" content=\"admin\" \/>\n<meta name=\"twitter:card\" content=\"summary_large_image\" \/>\n<meta name=\"twitter:label1\" content=\"\u041d\u0430\u043f\u0438\u0441\u0430\u043d\u043e \u0430\u0432\u0442\u043e\u0440\u043e\u043c\" \/>\n\t<meta name=\"twitter:data1\" content=\"admin\" \/>\n\t<meta name=\"twitter:label2\" content=\"\u041f\u0440\u0438\u043c\u0435\u0440\u043d\u043e\u0435 \u0432\u0440\u0435\u043c\u044f \u0434\u043b\u044f \u0447\u0442\u0435\u043d\u0438\u044f\" \/>\n\t<meta name=\"twitter:data2\" content=\"4 \u043c\u0438\u043d\u0443\u0442\u044b\" \/>\n<script type=\"application\/ld+json\" class=\"yoast-schema-graph\">{\"@context\":\"https:\\\/\\\/schema.org\",\"@graph\":[{\"@type\":\"Article\",\"@id\":\"https:\\\/\\\/mybook.am\\\/?p=22445#article\",\"isPartOf\":{\"@id\":\"https:\\\/\\\/mybook.am\\\/?p=22445\"},\"author\":{\"name\":\"admin\",\"@id\":\"https:\\\/\\\/mybook.am\\\/#\\\/schema\\\/person\\\/e730847942cff3a199774e803916e97e\"},\"headline\":\"Sm\u00e1la se, i kdy\u017e j\u00ed bolest brala dech. Te\u010f byl jej\u00ed sm\u00edch v ka\u017ed\u00e9m paprsku sv\u011btla.\",\"datePublished\":\"2025-10-31T17:17:32+00:00\",\"dateModified\":\"2025-10-31T17:17:34+00:00\",\"mainEntityOfPage\":{\"@id\":\"https:\\\/\\\/mybook.am\\\/?p=22445\"},\"wordCount\":811,\"commentCount\":0,\"image\":{\"@id\":\"https:\\\/\\\/mybook.am\\\/?p=22445#primaryimage\"},\"thumbnailUrl\":\"https:\\\/\\\/mybook.am\\\/wp-content\\\/uploads\\\/2025\\\/10\\\/54651654.jpeg\",\"articleSection\":[\"\u010cesk\u00e1\"],\"inLanguage\":\"ru-RU\",\"potentialAction\":[{\"@type\":\"CommentAction\",\"name\":\"Comment\",\"target\":[\"https:\\\/\\\/mybook.am\\\/?p=22445#respond\"]}]},{\"@type\":\"WebPage\",\"@id\":\"https:\\\/\\\/mybook.am\\\/?p=22445\",\"url\":\"https:\\\/\\\/mybook.am\\\/?p=22445\",\"name\":\"Sm\u00e1la se, i kdy\u017e j\u00ed bolest brala dech. Te\u010f byl jej\u00ed sm\u00edch v ka\u017ed\u00e9m paprsku sv\u011btla. -\",\"isPartOf\":{\"@id\":\"https:\\\/\\\/mybook.am\\\/#website\"},\"primaryImageOfPage\":{\"@id\":\"https:\\\/\\\/mybook.am\\\/?p=22445#primaryimage\"},\"image\":{\"@id\":\"https:\\\/\\\/mybook.am\\\/?p=22445#primaryimage\"},\"thumbnailUrl\":\"https:\\\/\\\/mybook.am\\\/wp-content\\\/uploads\\\/2025\\\/10\\\/54651654.jpeg\",\"datePublished\":\"2025-10-31T17:17:32+00:00\",\"dateModified\":\"2025-10-31T17:17:34+00:00\",\"author\":{\"@id\":\"https:\\\/\\\/mybook.am\\\/#\\\/schema\\\/person\\\/e730847942cff3a199774e803916e97e\"},\"breadcrumb\":{\"@id\":\"https:\\\/\\\/mybook.am\\\/?p=22445#breadcrumb\"},\"inLanguage\":\"ru-RU\",\"potentialAction\":[{\"@type\":\"ReadAction\",\"target\":[\"https:\\\/\\\/mybook.am\\\/?p=22445\"]}]},{\"@type\":\"ImageObject\",\"inLanguage\":\"ru-RU\",\"@id\":\"https:\\\/\\\/mybook.am\\\/?p=22445#primaryimage\",\"url\":\"https:\\\/\\\/mybook.am\\\/wp-content\\\/uploads\\\/2025\\\/10\\\/54651654.jpeg\",\"contentUrl\":\"https:\\\/\\\/mybook.am\\\/wp-content\\\/uploads\\\/2025\\\/10\\\/54651654.jpeg\",\"width\":1080,\"height\":1350},{\"@type\":\"BreadcrumbList\",\"@id\":\"https:\\\/\\\/mybook.am\\\/?p=22445#breadcrumb\",\"itemListElement\":[{\"@type\":\"ListItem\",\"position\":1,\"name\":\"\u0413\u043b\u0430\u0432\u043d\u0430\u044f \u0441\u0442\u0440\u0430\u043d\u0438\u0446\u0430\",\"item\":\"https:\\\/\\\/mybook.am\\\/\"},{\"@type\":\"ListItem\",\"position\":2,\"name\":\"Sm\u00e1la se, i kdy\u017e j\u00ed bolest brala dech. Te\u010f byl jej\u00ed sm\u00edch v ka\u017ed\u00e9m paprsku sv\u011btla.\"}]},{\"@type\":\"WebSite\",\"@id\":\"https:\\\/\\\/mybook.am\\\/#website\",\"url\":\"https:\\\/\\\/mybook.am\\\/\",\"name\":\"\",\"description\":\"\",\"potentialAction\":[{\"@type\":\"SearchAction\",\"target\":{\"@type\":\"EntryPoint\",\"urlTemplate\":\"https:\\\/\\\/mybook.am\\\/?s={search_term_string}\"},\"query-input\":{\"@type\":\"PropertyValueSpecification\",\"valueRequired\":true,\"valueName\":\"search_term_string\"}}],\"inLanguage\":\"ru-RU\"},{\"@type\":\"Person\",\"@id\":\"https:\\\/\\\/mybook.am\\\/#\\\/schema\\\/person\\\/e730847942cff3a199774e803916e97e\",\"name\":\"admin\",\"image\":{\"@type\":\"ImageObject\",\"inLanguage\":\"ru-RU\",\"@id\":\"https:\\\/\\\/secure.gravatar.com\\\/avatar\\\/df64e550a0653b7be0f1bcf897f33faad9c2c8153472b2d9319beafb51370f6f?s=96&d=mm&r=g\",\"url\":\"https:\\\/\\\/secure.gravatar.com\\\/avatar\\\/df64e550a0653b7be0f1bcf897f33faad9c2c8153472b2d9319beafb51370f6f?s=96&d=mm&r=g\",\"contentUrl\":\"https:\\\/\\\/secure.gravatar.com\\\/avatar\\\/df64e550a0653b7be0f1bcf897f33faad9c2c8153472b2d9319beafb51370f6f?s=96&d=mm&r=g\",\"caption\":\"admin\"},\"sameAs\":[\"http:\\\/\\\/mybook.am\"],\"url\":\"https:\\\/\\\/mybook.am\\\/?author=1\"}]}<\/script>\n<!-- \/ Yoast SEO plugin. -->","yoast_head_json":{"title":"Sm\u00e1la se, i kdy\u017e j\u00ed bolest brala dech. Te\u010f byl jej\u00ed sm\u00edch v ka\u017ed\u00e9m paprsku sv\u011btla. -","robots":{"index":"index","follow":"follow","max-snippet":"max-snippet:-1","max-image-preview":"max-image-preview:large","max-video-preview":"max-video-preview:-1"},"canonical":"https:\/\/mybook.am\/?p=22445","og_locale":"ru_RU","og_type":"article","og_title":"Sm\u00e1la se, i kdy\u017e j\u00ed bolest brala dech. Te\u010f byl jej\u00ed sm\u00edch v ka\u017ed\u00e9m paprsku sv\u011btla. -","og_description":"M\u00edstnost von\u011bla antiseptikem a n\u011b\u010d\u00edm sladk\u00fdm \u2013 mo\u017en\u00e1 jahodov\u00fdm sirupem ze sn\u00eddan\u011b. Venku byla hust\u00e1 noc, jako by se \u010das rozhodl zastavit. Na","og_url":"https:\/\/mybook.am\/?p=22445","article_published_time":"2025-10-31T17:17:32+00:00","article_modified_time":"2025-10-31T17:17:34+00:00","og_image":[{"width":1080,"height":1350,"url":"https:\/\/mybook.am\/wp-content\/uploads\/2025\/10\/54651654.jpeg","type":"image\/jpeg"}],"author":"admin","twitter_card":"summary_large_image","twitter_misc":{"\u041d\u0430\u043f\u0438\u0441\u0430\u043d\u043e \u0430\u0432\u0442\u043e\u0440\u043e\u043c":"admin","\u041f\u0440\u0438\u043c\u0435\u0440\u043d\u043e\u0435 \u0432\u0440\u0435\u043c\u044f \u0434\u043b\u044f \u0447\u0442\u0435\u043d\u0438\u044f":"4 \u043c\u0438\u043d\u0443\u0442\u044b"},"schema":{"@context":"https:\/\/schema.org","@graph":[{"@type":"Article","@id":"https:\/\/mybook.am\/?p=22445#article","isPartOf":{"@id":"https:\/\/mybook.am\/?p=22445"},"author":{"name":"admin","@id":"https:\/\/mybook.am\/#\/schema\/person\/e730847942cff3a199774e803916e97e"},"headline":"Sm\u00e1la se, i kdy\u017e j\u00ed bolest brala dech. Te\u010f byl jej\u00ed sm\u00edch v ka\u017ed\u00e9m paprsku sv\u011btla.","datePublished":"2025-10-31T17:17:32+00:00","dateModified":"2025-10-31T17:17:34+00:00","mainEntityOfPage":{"@id":"https:\/\/mybook.am\/?p=22445"},"wordCount":811,"commentCount":0,"image":{"@id":"https:\/\/mybook.am\/?p=22445#primaryimage"},"thumbnailUrl":"https:\/\/mybook.am\/wp-content\/uploads\/2025\/10\/54651654.jpeg","articleSection":["\u010cesk\u00e1"],"inLanguage":"ru-RU","potentialAction":[{"@type":"CommentAction","name":"Comment","target":["https:\/\/mybook.am\/?p=22445#respond"]}]},{"@type":"WebPage","@id":"https:\/\/mybook.am\/?p=22445","url":"https:\/\/mybook.am\/?p=22445","name":"Sm\u00e1la se, i kdy\u017e j\u00ed bolest brala dech. Te\u010f byl jej\u00ed sm\u00edch v ka\u017ed\u00e9m paprsku sv\u011btla. -","isPartOf":{"@id":"https:\/\/mybook.am\/#website"},"primaryImageOfPage":{"@id":"https:\/\/mybook.am\/?p=22445#primaryimage"},"image":{"@id":"https:\/\/mybook.am\/?p=22445#primaryimage"},"thumbnailUrl":"https:\/\/mybook.am\/wp-content\/uploads\/2025\/10\/54651654.jpeg","datePublished":"2025-10-31T17:17:32+00:00","dateModified":"2025-10-31T17:17:34+00:00","author":{"@id":"https:\/\/mybook.am\/#\/schema\/person\/e730847942cff3a199774e803916e97e"},"breadcrumb":{"@id":"https:\/\/mybook.am\/?p=22445#breadcrumb"},"inLanguage":"ru-RU","potentialAction":[{"@type":"ReadAction","target":["https:\/\/mybook.am\/?p=22445"]}]},{"@type":"ImageObject","inLanguage":"ru-RU","@id":"https:\/\/mybook.am\/?p=22445#primaryimage","url":"https:\/\/mybook.am\/wp-content\/uploads\/2025\/10\/54651654.jpeg","contentUrl":"https:\/\/mybook.am\/wp-content\/uploads\/2025\/10\/54651654.jpeg","width":1080,"height":1350},{"@type":"BreadcrumbList","@id":"https:\/\/mybook.am\/?p=22445#breadcrumb","itemListElement":[{"@type":"ListItem","position":1,"name":"\u0413\u043b\u0430\u0432\u043d\u0430\u044f \u0441\u0442\u0440\u0430\u043d\u0438\u0446\u0430","item":"https:\/\/mybook.am\/"},{"@type":"ListItem","position":2,"name":"Sm\u00e1la se, i kdy\u017e j\u00ed bolest brala dech. Te\u010f byl jej\u00ed sm\u00edch v ka\u017ed\u00e9m paprsku sv\u011btla."}]},{"@type":"WebSite","@id":"https:\/\/mybook.am\/#website","url":"https:\/\/mybook.am\/","name":"","description":"","potentialAction":[{"@type":"SearchAction","target":{"@type":"EntryPoint","urlTemplate":"https:\/\/mybook.am\/?s={search_term_string}"},"query-input":{"@type":"PropertyValueSpecification","valueRequired":true,"valueName":"search_term_string"}}],"inLanguage":"ru-RU"},{"@type":"Person","@id":"https:\/\/mybook.am\/#\/schema\/person\/e730847942cff3a199774e803916e97e","name":"admin","image":{"@type":"ImageObject","inLanguage":"ru-RU","@id":"https:\/\/secure.gravatar.com\/avatar\/df64e550a0653b7be0f1bcf897f33faad9c2c8153472b2d9319beafb51370f6f?s=96&d=mm&r=g","url":"https:\/\/secure.gravatar.com\/avatar\/df64e550a0653b7be0f1bcf897f33faad9c2c8153472b2d9319beafb51370f6f?s=96&d=mm&r=g","contentUrl":"https:\/\/secure.gravatar.com\/avatar\/df64e550a0653b7be0f1bcf897f33faad9c2c8153472b2d9319beafb51370f6f?s=96&d=mm&r=g","caption":"admin"},"sameAs":["http:\/\/mybook.am"],"url":"https:\/\/mybook.am\/?author=1"}]}},"views":124,"_links":{"self":[{"href":"https:\/\/mybook.am\/index.php?rest_route=\/wp\/v2\/posts\/22445","targetHints":{"allow":["GET"]}}],"collection":[{"href":"https:\/\/mybook.am\/index.php?rest_route=\/wp\/v2\/posts"}],"about":[{"href":"https:\/\/mybook.am\/index.php?rest_route=\/wp\/v2\/types\/post"}],"author":[{"embeddable":true,"href":"https:\/\/mybook.am\/index.php?rest_route=\/wp\/v2\/users\/1"}],"replies":[{"embeddable":true,"href":"https:\/\/mybook.am\/index.php?rest_route=%2Fwp%2Fv2%2Fcomments&post=22445"}],"version-history":[{"count":1,"href":"https:\/\/mybook.am\/index.php?rest_route=\/wp\/v2\/posts\/22445\/revisions"}],"predecessor-version":[{"id":22447,"href":"https:\/\/mybook.am\/index.php?rest_route=\/wp\/v2\/posts\/22445\/revisions\/22447"}],"wp:featuredmedia":[{"embeddable":true,"href":"https:\/\/mybook.am\/index.php?rest_route=\/wp\/v2\/media\/22446"}],"wp:attachment":[{"href":"https:\/\/mybook.am\/index.php?rest_route=%2Fwp%2Fv2%2Fmedia&parent=22445"}],"wp:term":[{"taxonomy":"category","embeddable":true,"href":"https:\/\/mybook.am\/index.php?rest_route=%2Fwp%2Fv2%2Fcategories&post=22445"},{"taxonomy":"post_tag","embeddable":true,"href":"https:\/\/mybook.am\/index.php?rest_route=%2Fwp%2Fv2%2Ftags&post=22445"}],"curies":[{"name":"wp","href":"https:\/\/api.w.org\/{rel}","templated":true}]}}