{"id":22470,"date":"2025-11-01T20:47:56","date_gmt":"2025-11-01T17:47:56","guid":{"rendered":"https:\/\/mybook.am\/?p=22470"},"modified":"2025-11-01T20:47:58","modified_gmt":"2025-11-01T17:47:58","slug":"ponizil-ji-pred-vsemi-nazval-ji-sluzebnici-a-hned-druhy-den-cely-tabor-videl-kdo-ten-vojak-doopravdy-je","status":"publish","type":"post","link":"https:\/\/mybook.am\/?p=22470","title":{"rendered":"Pon\u00ed\u017eil ji p\u0159ed v\u0161emi, nazval ji \u201eslu\u017eebnic\u00ed\u201c a hned druh\u00fd den cel\u00fd t\u00e1bor vid\u011bl, kdo ten voj\u00e1k doopravdy je."},"content":{"rendered":"\n<p class=\"has-medium-font-size\">\u201eP\u0159ines mi k\u00e1vu, \u017eeno!\u201c pro\u0159\u00edzl rann\u00ed vzduch poru\u010d\u00edk\u016fv hlas jako v\u00fdst\u0159el. Prach nad cvi\u010di\u0161t\u011bm se ani nestihl usadit po n\u00e1stupu a jeho v\u00fdk\u0159ik se u\u017e oz\u00fdval mezi stany.<br>D\u00edvka st\u00e1la s hrnkem v ruce. Na jej\u00ed tv\u00e1\u0159i nebyla ani stopa strachu. Jen chladn\u00e9, soust\u0159ed\u011bn\u00e9 ticho.<br>\u201eJsem voja\u010dka, stejn\u011b jako ty,\u201c odpov\u011bd\u011bla ti\u0161e, ale dostate\u010dn\u011b hlasit\u011b, aby ji v\u0161ichni sly\u0161eli. \u201eNepod\u00e1v\u00e1m k\u00e1vu. Jdu p\u0159\u00edkladem.\u201c<\/p>\n\n\n\n<p class=\"has-medium-font-size\">Na vte\u0159inu vzduch zmrzl. Zd\u00e1lo se, \u017ee i vlajka na sto\u017e\u00e1ru p\u0159estala \u0161ustit. Poru\u010d\u00edk p\u0159istoupil bl\u00ed\u017e \u2013 p\u0159\u00edli\u0161 bl\u00edzko. P\u00e1chl sp\u00e1leninou, potem a pon\u00ed\u017een\u00edm, kter\u00e9 c\u00edtil, ale nep\u0159izn\u00e1val.<br>\u201eNev\u00ed\u0161, s k\u00fdm mluv\u00ed\u0161,\u201c zasy\u010del. \u201eZa takov\u00e1 slova by t\u011b mohli odsud vyhodit.\u201c<br>Neh\u00fdbala se. Jen jej\u00ed pohled \u2013 p\u0159\u00edm\u00fd, klidn\u00fd, t\u00e9m\u011b\u0159 vzdorovit\u00fd.<br>\u201eV\u00edm,\u201c \u0159ekla ti\u0161e. \u201eS n\u011bk\u00fdm, kdo si plete moc s d\u016fstojnost\u00ed.\u201c<\/p>\n\n\n\n<figure class=\"wp-block-image size-full\"><img loading=\"lazy\" decoding=\"async\" width=\"800\" height=\"575\" src=\"https:\/\/mybook.am\/wp-content\/uploads\/2025\/11\/564984654.jpeg\" alt=\"\" class=\"wp-image-22471\" srcset=\"https:\/\/mybook.am\/wp-content\/uploads\/2025\/11\/564984654.jpeg 800w, https:\/\/mybook.am\/wp-content\/uploads\/2025\/11\/564984654-300x216.jpeg 300w, https:\/\/mybook.am\/wp-content\/uploads\/2025\/11\/564984654-768x552.jpeg 768w, https:\/\/mybook.am\/wp-content\/uploads\/2025\/11\/564984654-120x85.jpeg 120w\" sizes=\"auto, (max-width: 800px) 100vw, 800px\" \/><\/figure>\n\n\n\n<p class=\"has-medium-font-size\">Dav se pohnul. N\u011bkdo zaka\u0161lal, n\u011bkdo se odvr\u00e1til a p\u0159edst\u00edral, \u017ee je zanepr\u00e1zdn\u011bn\u00fd. V\u0161ichni c\u00edtili pach n\u011b\u010deho nebezpe\u010dn\u00e9ho. Poru\u010d\u00edk m\u00e1vl rukou, ale neude\u0159il \u2013 neodv\u00e1\u017eil se. M\u00edsto toho jen hodil p\u0159es rameno:<br>\u201eZ\u00edtra se ohl\u00e1s\u00edm veliteli. Uvid\u00edme, jak budete zp\u00edvat.\u201c<\/p>\n\n\n\n<p class=\"has-medium-font-size\">Noc v t\u00e1bo\u0159e ti\u0161e ub\u00edhala. D\u00e9\u0161\u0165 bubnoval na pl\u00e1t\u011bn\u00e9 st\u0159echy stan\u016f. D\u00edvka sed\u011bla uvnit\u0159 a \u010distila si pu\u0161ku. Jej\u00ed prsty se pohybovaly sebejist\u011b, bez zbyte\u010dn\u00fdch my\u0161lenek. U\u017e v\u011bd\u011bla, \u017ee z\u00edtra se o v\u0161em rozhodne. Ale ne tak, jak o\u010dek\u00e1val.<\/p>\n\n\n\n<p class=\"has-medium-font-size\">R\u00e1no za\u010dalo poplachem. N\u011bkde ve v\u00fdchodn\u00edm sektoru vybuchla mina \u2013 pr\u016fzkumn\u00fd t\u00fdm se dostal pod palbu. Poru\u010d\u00edk tam byl. Panika, kr\u00e1tk\u00e9 povely, bl\u00e1to, krev. D\u00edvka, kter\u00e1 usly\u0161ela v\u00fdk\u0159iky v r\u00e1diu, popadla l\u00e9k\u00e1rni\u010dku a bez \u010dek\u00e1n\u00ed na rozkazy se vrhla k v\u00fdbuchu.<\/p>\n\n\n\n<p class=\"has-medium-font-size\">Kdy\u017e dos\u00e1hla sv\u00e9ho m\u00edsta, zem\u011b pod jej\u00edma nohama kou\u0159ila. Poru\u010d\u00edk le\u017eel u z\u00e1kopu a dr\u017eel se zran\u011bn\u00e9ho ramene.<br>\u201eNep\u0159ibli\u017euj se,\u201c zask\u0159ehotal, \u201eud\u011bl\u00e1m to s\u00e1m\u2026\u201c<br>Neposlouchala. Roztrhla si ruk\u00e1v, zastavila krv\u00e1cen\u00ed a dala si pl\u00e1\u0161\u0165 pod hlavu.<br>\u201eBu\u010f zticha,\u201c \u0159ekla. \u201e\u0160et\u0159i s\u00edly.\u201c<\/p>\n\n\n\n<p class=\"has-medium-font-size\">Pokusil se usm\u00e1t \u2013 neohraban\u011b, zmaten\u011b.<br>\u201eJ\u00e1\u2026 jsem si nemyslel, \u017ee\u2026\u201c<br>\u201e\u017de v\u00e1m \u017eena m\u016f\u017ee zachr\u00e1nit \u017eivot?\u201c dokon\u010dila. \u201ePamatujte, veliteli, \u017ee vlast se nebr\u00e1n\u00ed pohlav\u00edm, ale duchem.\u201c<\/p>\n\n\n\n<p class=\"has-medium-font-size\">Kdy\u017e je evakuovali, cel\u00fd t\u00e1bor ml\u010dky sledoval, jak ho t\u00e1hne bahnem, zat\u00edmco \u0161rapnely hv\u00edzdaly. Pozd\u011bji, v nemocnici, po\u017e\u00e1dal o setk\u00e1n\u00ed. Jeho tv\u00e1\u0159 zbledla, jako by mu n\u011bkdo strhl brn\u011bn\u00ed.<br>\u201eM\u011bl jsi pravdu,\u201c \u0159ekl ti\u0161e. \u201eVid\u011bl jsem ve tob\u011b slabost, ale ty jsi na\u0161la s\u00edlu, kter\u00e1 mi sama chyb\u011bla.\u201c<\/p>\n\n\n\n<p class=\"has-medium-font-size\">Jen p\u0159ik\u00fdvla. \u201eV\u0161ichni se u\u010d\u00edme, veliteli. Jen ne ka\u017ed\u00fd p\u0159izn\u00e1 od koho.\u201c<\/p>\n\n\n\n<p class=\"has-medium-font-size\">Dal\u0161\u00ed den byl v t\u00e1bo\u0159e vyd\u00e1n rozkaz. D\u00edvka byla p\u0159edstavena k vyznamen\u00e1n\u00ed \u2013 za state\u010dnost a z\u00e1chranu kamar\u00e1da. A tent\u00fd\u017e poru\u010d\u00edk osobn\u011b st\u00e1l p\u0159ed frontou a \u0159ekl:<br>\u201eV\u010dera jsem byla slep\u00e1. Dnes vid\u00edm jasn\u011b. Tato voja\u010dka je p\u0159\u00edkladem pro n\u00e1s v\u0161echny.\u201c<\/p>\n\n\n\n<p class=\"has-medium-font-size\">Ani \u017eiv\u00e1 du\u0161e nepronesla ani slovo. Jen v\u00edtr vanouc\u00ed mezi stany jim p\u0159ipom\u00ednal, jak tenk\u00e1 je hranice mezi hrdost\u00ed a ct\u00ed.<br>A pokud se nyn\u00ed n\u011bkdo z nov\u011b p\u0159\u00edchoz\u00edch pod\u00edval na tu d\u00edvku, vid\u011bl v\u00edc ne\u017e jen voja\u010dku. Vid\u011bli \u010dlov\u011bka, kter\u00fd v nejt\u011b\u017e\u0161\u00ed chv\u00edli zvolil lidskost p\u0159ed hrdost\u00ed.<\/p>\n\n\n\n<p class=\"has-medium-font-size\">N\u011bkdy nejsou k ni\u010den\u00ed star\u00e9ho \u0159\u00e1du pot\u0159eba hlasit\u00e9 protesty. Sta\u010d\u00ed prost\u011b nepod\u00e1vat k\u00e1vu a z\u016fstat st\u00e1t.<\/p>\n","protected":false},"excerpt":{"rendered":"\u201eP\u0159ines mi k\u00e1vu, \u017eeno!\u201c pro\u0159\u00edzl rann\u00ed vzduch poru\u010d\u00edk\u016fv hlas jako v\u00fdst\u0159el. Prach nad cvi\u010di\u0161t\u011bm se ani nestihl usadit po n\u00e1stupu a jeho v\u00fdk\u0159ik \n<a class=\"moretag\" href=\"https:\/\/mybook.am\/?p=22470\"> [...]<\/a>","protected":false},"author":1,"featured_media":22471,"comment_status":"open","ping_status":"open","sticky":false,"template":"","format":"standard","meta":{"footnotes":""},"categories":[1],"tags":[],"class_list":["post-22470","post","type-post","status-publish","format-standard","has-post-thumbnail","hentry","category-ceska"],"yoast_head":"<!-- This site is optimized with the Yoast SEO plugin v27.5 - https:\/\/yoast.com\/product\/yoast-seo-wordpress\/ -->\n<title>Pon\u00ed\u017eil ji p\u0159ed v\u0161emi, nazval ji \u201eslu\u017eebnic\u00ed\u201c a hned druh\u00fd den cel\u00fd t\u00e1bor vid\u011bl, kdo ten voj\u00e1k doopravdy je. -<\/title>\n<meta name=\"robots\" content=\"index, follow, max-snippet:-1, max-image-preview:large, max-video-preview:-1\" \/>\n<link rel=\"canonical\" href=\"https:\/\/mybook.am\/?p=22470\" \/>\n<meta property=\"og:locale\" content=\"ru_RU\" \/>\n<meta property=\"og:type\" content=\"article\" \/>\n<meta property=\"og:title\" content=\"Pon\u00ed\u017eil ji p\u0159ed v\u0161emi, nazval ji \u201eslu\u017eebnic\u00ed\u201c a hned druh\u00fd den cel\u00fd t\u00e1bor vid\u011bl, kdo ten voj\u00e1k doopravdy je. -\" \/>\n<meta property=\"og:description\" content=\"\u201eP\u0159ines mi k\u00e1vu, \u017eeno!\u201c pro\u0159\u00edzl rann\u00ed vzduch poru\u010d\u00edk\u016fv hlas jako v\u00fdst\u0159el. Prach nad cvi\u010di\u0161t\u011bm se ani nestihl usadit po n\u00e1stupu a jeho v\u00fdk\u0159ik\" \/>\n<meta property=\"og:url\" content=\"https:\/\/mybook.am\/?p=22470\" \/>\n<meta property=\"article:published_time\" content=\"2025-11-01T17:47:56+00:00\" \/>\n<meta property=\"article:modified_time\" content=\"2025-11-01T17:47:58+00:00\" \/>\n<meta property=\"og:image\" content=\"https:\/\/mybook.am\/wp-content\/uploads\/2025\/11\/564984654.jpeg\" \/>\n\t<meta property=\"og:image:width\" content=\"800\" \/>\n\t<meta property=\"og:image:height\" content=\"575\" \/>\n\t<meta property=\"og:image:type\" content=\"image\/jpeg\" \/>\n<meta name=\"author\" content=\"admin\" \/>\n<meta name=\"twitter:card\" content=\"summary_large_image\" \/>\n<meta name=\"twitter:label1\" content=\"\u041d\u0430\u043f\u0438\u0441\u0430\u043d\u043e \u0430\u0432\u0442\u043e\u0440\u043e\u043c\" \/>\n\t<meta name=\"twitter:data1\" content=\"admin\" \/>\n\t<meta name=\"twitter:label2\" content=\"\u041f\u0440\u0438\u043c\u0435\u0440\u043d\u043e\u0435 \u0432\u0440\u0435\u043c\u044f \u0434\u043b\u044f \u0447\u0442\u0435\u043d\u0438\u044f\" \/>\n\t<meta name=\"twitter:data2\" content=\"3 \u043c\u0438\u043d\u0443\u0442\u044b\" \/>\n<script type=\"application\/ld+json\" class=\"yoast-schema-graph\">{\"@context\":\"https:\\\/\\\/schema.org\",\"@graph\":[{\"@type\":\"Article\",\"@id\":\"https:\\\/\\\/mybook.am\\\/?p=22470#article\",\"isPartOf\":{\"@id\":\"https:\\\/\\\/mybook.am\\\/?p=22470\"},\"author\":{\"name\":\"admin\",\"@id\":\"https:\\\/\\\/mybook.am\\\/#\\\/schema\\\/person\\\/e730847942cff3a199774e803916e97e\"},\"headline\":\"Pon\u00ed\u017eil ji p\u0159ed v\u0161emi, nazval ji \u201eslu\u017eebnic\u00ed\u201c a hned druh\u00fd den cel\u00fd t\u00e1bor vid\u011bl, kdo ten voj\u00e1k doopravdy je.\",\"datePublished\":\"2025-11-01T17:47:56+00:00\",\"dateModified\":\"2025-11-01T17:47:58+00:00\",\"mainEntityOfPage\":{\"@id\":\"https:\\\/\\\/mybook.am\\\/?p=22470\"},\"wordCount\":708,\"commentCount\":0,\"image\":{\"@id\":\"https:\\\/\\\/mybook.am\\\/?p=22470#primaryimage\"},\"thumbnailUrl\":\"https:\\\/\\\/mybook.am\\\/wp-content\\\/uploads\\\/2025\\\/11\\\/564984654.jpeg\",\"articleSection\":[\"\u010cesk\u00e1\"],\"inLanguage\":\"ru-RU\",\"potentialAction\":[{\"@type\":\"CommentAction\",\"name\":\"Comment\",\"target\":[\"https:\\\/\\\/mybook.am\\\/?p=22470#respond\"]}]},{\"@type\":\"WebPage\",\"@id\":\"https:\\\/\\\/mybook.am\\\/?p=22470\",\"url\":\"https:\\\/\\\/mybook.am\\\/?p=22470\",\"name\":\"Pon\u00ed\u017eil ji p\u0159ed v\u0161emi, nazval ji \u201eslu\u017eebnic\u00ed\u201c a hned druh\u00fd den cel\u00fd t\u00e1bor vid\u011bl, kdo ten voj\u00e1k doopravdy je. -\",\"isPartOf\":{\"@id\":\"https:\\\/\\\/mybook.am\\\/#website\"},\"primaryImageOfPage\":{\"@id\":\"https:\\\/\\\/mybook.am\\\/?p=22470#primaryimage\"},\"image\":{\"@id\":\"https:\\\/\\\/mybook.am\\\/?p=22470#primaryimage\"},\"thumbnailUrl\":\"https:\\\/\\\/mybook.am\\\/wp-content\\\/uploads\\\/2025\\\/11\\\/564984654.jpeg\",\"datePublished\":\"2025-11-01T17:47:56+00:00\",\"dateModified\":\"2025-11-01T17:47:58+00:00\",\"author\":{\"@id\":\"https:\\\/\\\/mybook.am\\\/#\\\/schema\\\/person\\\/e730847942cff3a199774e803916e97e\"},\"breadcrumb\":{\"@id\":\"https:\\\/\\\/mybook.am\\\/?p=22470#breadcrumb\"},\"inLanguage\":\"ru-RU\",\"potentialAction\":[{\"@type\":\"ReadAction\",\"target\":[\"https:\\\/\\\/mybook.am\\\/?p=22470\"]}]},{\"@type\":\"ImageObject\",\"inLanguage\":\"ru-RU\",\"@id\":\"https:\\\/\\\/mybook.am\\\/?p=22470#primaryimage\",\"url\":\"https:\\\/\\\/mybook.am\\\/wp-content\\\/uploads\\\/2025\\\/11\\\/564984654.jpeg\",\"contentUrl\":\"https:\\\/\\\/mybook.am\\\/wp-content\\\/uploads\\\/2025\\\/11\\\/564984654.jpeg\",\"width\":800,\"height\":575},{\"@type\":\"BreadcrumbList\",\"@id\":\"https:\\\/\\\/mybook.am\\\/?p=22470#breadcrumb\",\"itemListElement\":[{\"@type\":\"ListItem\",\"position\":1,\"name\":\"\u0413\u043b\u0430\u0432\u043d\u0430\u044f \u0441\u0442\u0440\u0430\u043d\u0438\u0446\u0430\",\"item\":\"https:\\\/\\\/mybook.am\\\/\"},{\"@type\":\"ListItem\",\"position\":2,\"name\":\"Pon\u00ed\u017eil ji p\u0159ed v\u0161emi, nazval ji \u201eslu\u017eebnic\u00ed\u201c a hned druh\u00fd den cel\u00fd t\u00e1bor vid\u011bl, kdo ten voj\u00e1k doopravdy je.\"}]},{\"@type\":\"WebSite\",\"@id\":\"https:\\\/\\\/mybook.am\\\/#website\",\"url\":\"https:\\\/\\\/mybook.am\\\/\",\"name\":\"\",\"description\":\"\",\"potentialAction\":[{\"@type\":\"SearchAction\",\"target\":{\"@type\":\"EntryPoint\",\"urlTemplate\":\"https:\\\/\\\/mybook.am\\\/?s={search_term_string}\"},\"query-input\":{\"@type\":\"PropertyValueSpecification\",\"valueRequired\":true,\"valueName\":\"search_term_string\"}}],\"inLanguage\":\"ru-RU\"},{\"@type\":\"Person\",\"@id\":\"https:\\\/\\\/mybook.am\\\/#\\\/schema\\\/person\\\/e730847942cff3a199774e803916e97e\",\"name\":\"admin\",\"image\":{\"@type\":\"ImageObject\",\"inLanguage\":\"ru-RU\",\"@id\":\"https:\\\/\\\/secure.gravatar.com\\\/avatar\\\/df64e550a0653b7be0f1bcf897f33faad9c2c8153472b2d9319beafb51370f6f?s=96&d=mm&r=g\",\"url\":\"https:\\\/\\\/secure.gravatar.com\\\/avatar\\\/df64e550a0653b7be0f1bcf897f33faad9c2c8153472b2d9319beafb51370f6f?s=96&d=mm&r=g\",\"contentUrl\":\"https:\\\/\\\/secure.gravatar.com\\\/avatar\\\/df64e550a0653b7be0f1bcf897f33faad9c2c8153472b2d9319beafb51370f6f?s=96&d=mm&r=g\",\"caption\":\"admin\"},\"sameAs\":[\"http:\\\/\\\/mybook.am\"],\"url\":\"https:\\\/\\\/mybook.am\\\/?author=1\"}]}<\/script>\n<!-- \/ Yoast SEO plugin. -->","yoast_head_json":{"title":"Pon\u00ed\u017eil ji p\u0159ed v\u0161emi, nazval ji \u201eslu\u017eebnic\u00ed\u201c a hned druh\u00fd den cel\u00fd t\u00e1bor vid\u011bl, kdo ten voj\u00e1k doopravdy je. -","robots":{"index":"index","follow":"follow","max-snippet":"max-snippet:-1","max-image-preview":"max-image-preview:large","max-video-preview":"max-video-preview:-1"},"canonical":"https:\/\/mybook.am\/?p=22470","og_locale":"ru_RU","og_type":"article","og_title":"Pon\u00ed\u017eil ji p\u0159ed v\u0161emi, nazval ji \u201eslu\u017eebnic\u00ed\u201c a hned druh\u00fd den cel\u00fd t\u00e1bor vid\u011bl, kdo ten voj\u00e1k doopravdy je. -","og_description":"\u201eP\u0159ines mi k\u00e1vu, \u017eeno!\u201c pro\u0159\u00edzl rann\u00ed vzduch poru\u010d\u00edk\u016fv hlas jako v\u00fdst\u0159el. Prach nad cvi\u010di\u0161t\u011bm se ani nestihl usadit po n\u00e1stupu a jeho v\u00fdk\u0159ik","og_url":"https:\/\/mybook.am\/?p=22470","article_published_time":"2025-11-01T17:47:56+00:00","article_modified_time":"2025-11-01T17:47:58+00:00","og_image":[{"width":800,"height":575,"url":"https:\/\/mybook.am\/wp-content\/uploads\/2025\/11\/564984654.jpeg","type":"image\/jpeg"}],"author":"admin","twitter_card":"summary_large_image","twitter_misc":{"\u041d\u0430\u043f\u0438\u0441\u0430\u043d\u043e \u0430\u0432\u0442\u043e\u0440\u043e\u043c":"admin","\u041f\u0440\u0438\u043c\u0435\u0440\u043d\u043e\u0435 \u0432\u0440\u0435\u043c\u044f \u0434\u043b\u044f \u0447\u0442\u0435\u043d\u0438\u044f":"3 \u043c\u0438\u043d\u0443\u0442\u044b"},"schema":{"@context":"https:\/\/schema.org","@graph":[{"@type":"Article","@id":"https:\/\/mybook.am\/?p=22470#article","isPartOf":{"@id":"https:\/\/mybook.am\/?p=22470"},"author":{"name":"admin","@id":"https:\/\/mybook.am\/#\/schema\/person\/e730847942cff3a199774e803916e97e"},"headline":"Pon\u00ed\u017eil ji p\u0159ed v\u0161emi, nazval ji \u201eslu\u017eebnic\u00ed\u201c a hned druh\u00fd den cel\u00fd t\u00e1bor vid\u011bl, kdo ten voj\u00e1k doopravdy je.","datePublished":"2025-11-01T17:47:56+00:00","dateModified":"2025-11-01T17:47:58+00:00","mainEntityOfPage":{"@id":"https:\/\/mybook.am\/?p=22470"},"wordCount":708,"commentCount":0,"image":{"@id":"https:\/\/mybook.am\/?p=22470#primaryimage"},"thumbnailUrl":"https:\/\/mybook.am\/wp-content\/uploads\/2025\/11\/564984654.jpeg","articleSection":["\u010cesk\u00e1"],"inLanguage":"ru-RU","potentialAction":[{"@type":"CommentAction","name":"Comment","target":["https:\/\/mybook.am\/?p=22470#respond"]}]},{"@type":"WebPage","@id":"https:\/\/mybook.am\/?p=22470","url":"https:\/\/mybook.am\/?p=22470","name":"Pon\u00ed\u017eil ji p\u0159ed v\u0161emi, nazval ji \u201eslu\u017eebnic\u00ed\u201c a hned druh\u00fd den cel\u00fd t\u00e1bor vid\u011bl, kdo ten voj\u00e1k doopravdy je. -","isPartOf":{"@id":"https:\/\/mybook.am\/#website"},"primaryImageOfPage":{"@id":"https:\/\/mybook.am\/?p=22470#primaryimage"},"image":{"@id":"https:\/\/mybook.am\/?p=22470#primaryimage"},"thumbnailUrl":"https:\/\/mybook.am\/wp-content\/uploads\/2025\/11\/564984654.jpeg","datePublished":"2025-11-01T17:47:56+00:00","dateModified":"2025-11-01T17:47:58+00:00","author":{"@id":"https:\/\/mybook.am\/#\/schema\/person\/e730847942cff3a199774e803916e97e"},"breadcrumb":{"@id":"https:\/\/mybook.am\/?p=22470#breadcrumb"},"inLanguage":"ru-RU","potentialAction":[{"@type":"ReadAction","target":["https:\/\/mybook.am\/?p=22470"]}]},{"@type":"ImageObject","inLanguage":"ru-RU","@id":"https:\/\/mybook.am\/?p=22470#primaryimage","url":"https:\/\/mybook.am\/wp-content\/uploads\/2025\/11\/564984654.jpeg","contentUrl":"https:\/\/mybook.am\/wp-content\/uploads\/2025\/11\/564984654.jpeg","width":800,"height":575},{"@type":"BreadcrumbList","@id":"https:\/\/mybook.am\/?p=22470#breadcrumb","itemListElement":[{"@type":"ListItem","position":1,"name":"\u0413\u043b\u0430\u0432\u043d\u0430\u044f \u0441\u0442\u0440\u0430\u043d\u0438\u0446\u0430","item":"https:\/\/mybook.am\/"},{"@type":"ListItem","position":2,"name":"Pon\u00ed\u017eil ji p\u0159ed v\u0161emi, nazval ji \u201eslu\u017eebnic\u00ed\u201c a hned druh\u00fd den cel\u00fd t\u00e1bor vid\u011bl, kdo ten voj\u00e1k doopravdy je."}]},{"@type":"WebSite","@id":"https:\/\/mybook.am\/#website","url":"https:\/\/mybook.am\/","name":"","description":"","potentialAction":[{"@type":"SearchAction","target":{"@type":"EntryPoint","urlTemplate":"https:\/\/mybook.am\/?s={search_term_string}"},"query-input":{"@type":"PropertyValueSpecification","valueRequired":true,"valueName":"search_term_string"}}],"inLanguage":"ru-RU"},{"@type":"Person","@id":"https:\/\/mybook.am\/#\/schema\/person\/e730847942cff3a199774e803916e97e","name":"admin","image":{"@type":"ImageObject","inLanguage":"ru-RU","@id":"https:\/\/secure.gravatar.com\/avatar\/df64e550a0653b7be0f1bcf897f33faad9c2c8153472b2d9319beafb51370f6f?s=96&d=mm&r=g","url":"https:\/\/secure.gravatar.com\/avatar\/df64e550a0653b7be0f1bcf897f33faad9c2c8153472b2d9319beafb51370f6f?s=96&d=mm&r=g","contentUrl":"https:\/\/secure.gravatar.com\/avatar\/df64e550a0653b7be0f1bcf897f33faad9c2c8153472b2d9319beafb51370f6f?s=96&d=mm&r=g","caption":"admin"},"sameAs":["http:\/\/mybook.am"],"url":"https:\/\/mybook.am\/?author=1"}]}},"views":113,"_links":{"self":[{"href":"https:\/\/mybook.am\/index.php?rest_route=\/wp\/v2\/posts\/22470","targetHints":{"allow":["GET"]}}],"collection":[{"href":"https:\/\/mybook.am\/index.php?rest_route=\/wp\/v2\/posts"}],"about":[{"href":"https:\/\/mybook.am\/index.php?rest_route=\/wp\/v2\/types\/post"}],"author":[{"embeddable":true,"href":"https:\/\/mybook.am\/index.php?rest_route=\/wp\/v2\/users\/1"}],"replies":[{"embeddable":true,"href":"https:\/\/mybook.am\/index.php?rest_route=%2Fwp%2Fv2%2Fcomments&post=22470"}],"version-history":[{"count":1,"href":"https:\/\/mybook.am\/index.php?rest_route=\/wp\/v2\/posts\/22470\/revisions"}],"predecessor-version":[{"id":22472,"href":"https:\/\/mybook.am\/index.php?rest_route=\/wp\/v2\/posts\/22470\/revisions\/22472"}],"wp:featuredmedia":[{"embeddable":true,"href":"https:\/\/mybook.am\/index.php?rest_route=\/wp\/v2\/media\/22471"}],"wp:attachment":[{"href":"https:\/\/mybook.am\/index.php?rest_route=%2Fwp%2Fv2%2Fmedia&parent=22470"}],"wp:term":[{"taxonomy":"category","embeddable":true,"href":"https:\/\/mybook.am\/index.php?rest_route=%2Fwp%2Fv2%2Fcategories&post=22470"},{"taxonomy":"post_tag","embeddable":true,"href":"https:\/\/mybook.am\/index.php?rest_route=%2Fwp%2Fv2%2Ftags&post=22470"}],"curies":[{"name":"wp","href":"https:\/\/api.w.org\/{rel}","templated":true}]}}