{"id":24063,"date":"2025-12-12T12:00:44","date_gmt":"2025-12-12T09:00:44","guid":{"rendered":"https:\/\/mybook.am\/?p=24063"},"modified":"2025-12-12T12:00:45","modified_gmt":"2025-12-12T09:00:45","slug":"prvni-okamzik-kdy-po-porodu-uvidela-sve-dite-mel-byt-prece-nejstastnejsi-v-jejim-zivote","status":"publish","type":"post","link":"https:\/\/mybook.am\/?p=24063","title":{"rendered":"Prvn\u00ed okam\u017eik, kdy po porodu uvid\u011bla sv\u00e9 d\u00edt\u011b, m\u011bl b\u00fdt p\u0159ece nej\u0161\u0165astn\u011bj\u0161\u00ed v jej\u00edm \u017eivot\u011b."},"content":{"rendered":"\n<p>Jen\u017ee m\u00edsto radosti se z jej\u00edch \u00fast vydral v\u00fdk\u0159ik, kter\u00fd prob\u011bhl celou nemocnic\u00ed jako studen\u00fd v\u00edtr:<br>\u201eTo nen\u00ed moje d\u00edt\u011b! To nen\u00ed m\u016fj syn!\u201c<\/p>\n\n\n\n<p>Porod p\u0159i\u0161el p\u0159\u00edli\u0161 brzy. P\u0159\u00edli\u0161 n\u00e1hle. Emma ztratila v\u011bdom\u00ed u\u017e na s\u00e1le a probudila se a\u017e ve chv\u00edli, kdy nad n\u00ed st\u00e1l l\u00e9ka\u0159 se strnul\u00fdm v\u00fdrazem.<\/p>\n\n\n\n<p>\u201eV\u00e1\u0161 syn je v kritick\u00e9m stavu. Museli jsme ho ulo\u017eit do inkub\u00e1toru,\u201c ozn\u00e1mil bez jedin\u00e9ho n\u00e1znaku \u00falevy.<\/p>\n\n\n\n<p>Danielovi vysv\u011btlili, \u017ee d\u00edt\u011b p\u0159i\u0161lo na sv\u011bt p\u0159ed\u010dasn\u011b, pot\u0159ebuje p\u0159\u00edstroje a neust\u00e1l\u00fd dohled.<br>\u201eUvid\u00edte ho pozd\u011bji,\u201c dodal doktor a uhnul pohledem.<\/p>\n\n\n\n<p>To pozd\u011bji se natahovalo cel\u00fd den.<br>Emma ze\u0161\u00edlela ne\u010dek\u00e1n\u00edm, ale tichou nejistotou, kter\u00e1 j\u00ed kousala do \u017eeber. Prosila alespo\u0148 o fotografii \u2014 odm\u00edtli. Pr\u00fd je \u201estav p\u0159\u00edli\u0161 nestabiln\u00ed\u201c.<\/p>\n\n\n\n<figure class=\"wp-block-image size-full\"><img loading=\"lazy\" decoding=\"async\" width=\"800\" height=\"565\" src=\"https:\/\/mybook.am\/wp-content\/uploads\/2025\/12\/879465498654.jpeg\" alt=\"\" class=\"wp-image-24064\" srcset=\"https:\/\/mybook.am\/wp-content\/uploads\/2025\/12\/879465498654.jpeg 800w, https:\/\/mybook.am\/wp-content\/uploads\/2025\/12\/879465498654-300x212.jpeg 300w, https:\/\/mybook.am\/wp-content\/uploads\/2025\/12\/879465498654-768x542.jpeg 768w, https:\/\/mybook.am\/wp-content\/uploads\/2025\/12\/879465498654-120x85.jpeg 120w\" sizes=\"auto, (max-width: 800px) 100vw, 800px\" \/><\/figure>\n\n\n\n<p>A pak, na druh\u00fd den, p\u0159i\u0161la zpr\u00e1va, kter\u00e1 j\u00ed podrazila sv\u011bt:<\/p>\n\n\n\n<p>\u201eObjevila se u n\u011bj vz\u00e1cn\u00e1, n\u00e1hle vznikl\u00e1 porucha,\u201c ozn\u00e1mil l\u00e9ka\u0159 s podivn\u011b sev\u0159en\u00fdmi rty.<\/p>\n\n\n\n<p>Emma c\u00edtila, jak se j\u00ed propad\u00e1 \u017ealudek.<br>\u201eAle\u2026 v\u0161echny testy b\u011bhem t\u011bhotenstv\u00ed byly perfektn\u00ed\u2026\u201c<\/p>\n\n\n\n<p>A n\u00e1hle ten zlom \u2014 prudk\u00fd, zoufal\u00fd:<br>\u201eChci ho vid\u011bt! Hned!\u201c<\/p>\n\n\n\n<p>Zavedli ji do jednotky intenzivn\u00ed p\u00e9\u010de. Za sklem inkub\u00e1toru le\u017eelo d\u00edt\u011b \u2014 huben\u00e9, namodral\u00e9, zarostl\u00e9 trubi\u010dkami.<\/p>\n\n\n\n<p>Emma ztuhla.<br>A pak\u2026 n\u011bco v n\u00ed prasklo.<\/p>\n\n\n\n<p>\u201eTo nen\u00ed on,\u201c vydechla. A pak u\u017e jen k\u0159i\u010dela:<br>\u201eTOHLE NEN\u00cd M\u00c9 D\u00cdT\u011a! M\u016eJ SYN TAKHLE NEVYPADAL!\u201c<\/p>\n\n\n\n<p>Sestra ji uklid\u0148ovala sladk\u00fdm t\u00f3nem, kter\u00fd jen dr\u00e1\u017edil:<br>\u201eJste po porodu\u2026 to je stres. Nedono\u0161en\u00e9 d\u011bti se m\u011bn\u00ed ze dne na den\u2026\u201c<\/p>\n\n\n\n<p>Nikdo ji nebral v\u00e1\u017en\u011b. Nikdo nev\u011b\u0159il, \u017ee matka pozn\u00e1 vlastn\u00ed krev, i kdyby byla v temn\u00e9 m\u00edstnosti mezi stovkou jin\u00fdch d\u011bt\u00ed.<\/p>\n\n\n\n<p>Daniel st\u00e1l u n\u00ed, rozpolcen\u00fd mezi v\u00edrou v nemocnici a instinktivn\u00ed hr\u016fzou, kter\u00e1 mu \u0159\u00edkala: Emma n\u011bco c\u00edt\u00ed\u2026 n\u011bco, co my nevid\u00edme.<\/p>\n\n\n\n<p>A pr\u00e1v\u011b v tu chv\u00edli se inkub\u00e1tor kr\u00e1tce ozval.<br>Jemn\u00e9 p\u00edpnut\u00ed \u2014 jako kdyby samo za\u0159\u00edzen\u00ed cht\u011blo potvrdit jej\u00ed podez\u0159en\u00ed.<\/p>\n\n\n\n<p>Emma se naklonila bl\u00ed\u017e\u2026 a uvid\u011bla to.<\/p>\n\n\n\n<p>Mal\u00e1 mate\u0159sk\u00e1 znam\u00e9nka na b\u0159\u00ed\u0161ku.<br>Takov\u00e1, jak\u00e9 jej\u00ed d\u00edt\u011b nem\u011blo. Ona si to pamatovala. Ka\u017ed\u00fd detail.<\/p>\n\n\n\n<p>\u201eTohle\u2026 tohle je jin\u00fd chlapec,\u201c \u0159ekla ti\u0161e, ale t\u00edm tich\u00fdm hlasem, kter\u00fd se dok\u00e1\u017ee za\u0159\u00edznout do vzduchu.<\/p>\n\n\n\n<p>Doktor zbledl. N\u011bkdo rychle ode\u0161el. Atmosf\u00e9ra v m\u00edstnosti zt\u011b\u017ekla, jako by si sama uv\u011bdomila, \u017ee tu stoj\u00ed uprost\u0159ed obrovsk\u00e9 chyby.<\/p>\n\n\n\n<p>Vzali je do mal\u00e9 konzulta\u010dn\u00ed m\u00edstnosti. Polo\u017eili p\u0159ed n\u011b pap\u00edry.<br>A pak p\u0159i\u0161la pravda, kter\u00e1 by zlomila i siln\u011bj\u0161\u00ed lidi:<\/p>\n\n\n\n<p>\u201eDo\u0161lo k z\u00e1m\u011bn\u011b novorozenc\u016f.\u201c<\/p>\n\n\n\n<p>Emma sev\u0159ela ruce v p\u011bst. Daniel vydechl tak prudce, \u017ee mu p\u0159esko\u010dil hlas.<\/p>\n\n\n\n<p>\u201eA n\u00e1\u0161 syn?\u201c<br>Zn\u011bl jako \u010dlov\u011bk, kter\u00fd se pt\u00e1 na vlastn\u00ed srdce.<\/p>\n\n\n\n<p>\u201eDomn\u00edv\u00e1me se\u2026 \u017ee byl p\u0159evezen do jin\u00e9ho odd\u011blen\u00ed. Pr\u00e1v\u011b ho hled\u00e1me.\u201c<\/p>\n\n\n\n<p>To slovo hled\u00e1me se zakouslo do jeho du\u0161e.<br>Jak m\u016f\u017ee nemocnice hledat d\u00edt\u011b?<\/p>\n\n\n\n<p>A pak se z vedlej\u0161\u00ed chodby ozval zoufal\u00fd k\u0159ik jin\u00e9ho mu\u017ee:<br>\u201eTohle nen\u00ed moje d\u00edt\u011b! Chci sv\u00e9ho syna zp\u00e1tky!\u201c<\/p>\n\n\n\n<p>Emma vyb\u011bhla ven \u2014 a sv\u011bt na vte\u0159inu p\u0159estal existovat.<br>Proto\u017ee v ciz\u00ed n\u00e1ru\u010di le\u017eelo miminko, kter\u00e9 m\u011blo jej\u00ed o\u010di. Danie\u00adlovy rty. A tichou, nepopiratelnou podobu, kterou \u017e\u00e1dn\u00e1 genetick\u00e1 porucha nevysv\u011btl\u00ed.<\/p>\n\n\n\n<p>D\u00edt\u011b se na ni pod\u00edvalo.<br>Mal\u00fd, k\u0159ehk\u00fd pohled, kter\u00fd j\u00ed rozlomil hrudn\u00edk.<\/p>\n\n\n\n<p>A Emma pochopila:<br>Tohle je on. Tohle je m\u016fj syn.<\/p>\n\n\n\n<p>Sv\u011bt se j\u00ed vr\u00e1til do rukou a\u017e ve chv\u00edli, kdy si ho kone\u010dn\u011b mohla p\u0159itisknout k sob\u011b.<\/p>\n","protected":false},"excerpt":{"rendered":"Jen\u017ee m\u00edsto radosti se z jej\u00edch \u00fast vydral v\u00fdk\u0159ik, kter\u00fd prob\u011bhl celou nemocnic\u00ed jako studen\u00fd v\u00edtr:\u201eTo nen\u00ed moje d\u00edt\u011b! To nen\u00ed m\u016fj syn!\u201c \n<a class=\"moretag\" href=\"https:\/\/mybook.am\/?p=24063\"> [...]<\/a>","protected":false},"author":1,"featured_media":24064,"comment_status":"open","ping_status":"open","sticky":false,"template":"","format":"standard","meta":{"footnotes":""},"categories":[1],"tags":[],"class_list":["post-24063","post","type-post","status-publish","format-standard","has-post-thumbnail","hentry","category-ceska"],"yoast_head":"<!-- This site is optimized with the Yoast SEO plugin v27.4 - https:\/\/yoast.com\/product\/yoast-seo-wordpress\/ -->\n<title>Prvn\u00ed okam\u017eik, kdy po porodu uvid\u011bla sv\u00e9 d\u00edt\u011b, m\u011bl b\u00fdt p\u0159ece nej\u0161\u0165astn\u011bj\u0161\u00ed v jej\u00edm \u017eivot\u011b. -<\/title>\n<meta name=\"robots\" content=\"index, follow, max-snippet:-1, max-image-preview:large, max-video-preview:-1\" \/>\n<link rel=\"canonical\" href=\"https:\/\/mybook.am\/?p=24063\" \/>\n<meta property=\"og:locale\" content=\"ru_RU\" \/>\n<meta property=\"og:type\" content=\"article\" \/>\n<meta property=\"og:title\" content=\"Prvn\u00ed okam\u017eik, kdy po porodu uvid\u011bla sv\u00e9 d\u00edt\u011b, m\u011bl b\u00fdt p\u0159ece nej\u0161\u0165astn\u011bj\u0161\u00ed v jej\u00edm \u017eivot\u011b. -\" \/>\n<meta property=\"og:description\" content=\"Jen\u017ee m\u00edsto radosti se z jej\u00edch \u00fast vydral v\u00fdk\u0159ik, kter\u00fd prob\u011bhl celou nemocnic\u00ed jako studen\u00fd v\u00edtr:\u201eTo nen\u00ed moje d\u00edt\u011b! To nen\u00ed m\u016fj syn!\u201c\" \/>\n<meta property=\"og:url\" content=\"https:\/\/mybook.am\/?p=24063\" \/>\n<meta property=\"article:published_time\" content=\"2025-12-12T09:00:44+00:00\" \/>\n<meta property=\"article:modified_time\" content=\"2025-12-12T09:00:45+00:00\" \/>\n<meta property=\"og:image\" content=\"https:\/\/mybook.am\/wp-content\/uploads\/2025\/12\/879465498654.jpeg\" \/>\n\t<meta property=\"og:image:width\" content=\"800\" \/>\n\t<meta property=\"og:image:height\" content=\"565\" \/>\n\t<meta property=\"og:image:type\" content=\"image\/jpeg\" \/>\n<meta name=\"author\" content=\"admin\" \/>\n<meta name=\"twitter:card\" content=\"summary_large_image\" \/>\n<meta name=\"twitter:label1\" content=\"\u041d\u0430\u043f\u0438\u0441\u0430\u043d\u043e \u0430\u0432\u0442\u043e\u0440\u043e\u043c\" \/>\n\t<meta name=\"twitter:data1\" content=\"admin\" \/>\n\t<meta name=\"twitter:label2\" content=\"\u041f\u0440\u0438\u043c\u0435\u0440\u043d\u043e\u0435 \u0432\u0440\u0435\u043c\u044f \u0434\u043b\u044f \u0447\u0442\u0435\u043d\u0438\u044f\" \/>\n\t<meta name=\"twitter:data2\" content=\"4 \u043c\u0438\u043d\u0443\u0442\u044b\" \/>\n<script type=\"application\/ld+json\" class=\"yoast-schema-graph\">{\"@context\":\"https:\\\/\\\/schema.org\",\"@graph\":[{\"@type\":\"Article\",\"@id\":\"https:\\\/\\\/mybook.am\\\/?p=24063#article\",\"isPartOf\":{\"@id\":\"https:\\\/\\\/mybook.am\\\/?p=24063\"},\"author\":{\"name\":\"admin\",\"@id\":\"https:\\\/\\\/mybook.am\\\/#\\\/schema\\\/person\\\/e730847942cff3a199774e803916e97e\"},\"headline\":\"Prvn\u00ed okam\u017eik, kdy po porodu uvid\u011bla sv\u00e9 d\u00edt\u011b, m\u011bl b\u00fdt p\u0159ece nej\u0161\u0165astn\u011bj\u0161\u00ed v jej\u00edm \u017eivot\u011b.\",\"datePublished\":\"2025-12-12T09:00:44+00:00\",\"dateModified\":\"2025-12-12T09:00:45+00:00\",\"mainEntityOfPage\":{\"@id\":\"https:\\\/\\\/mybook.am\\\/?p=24063\"},\"wordCount\":708,\"commentCount\":0,\"image\":{\"@id\":\"https:\\\/\\\/mybook.am\\\/?p=24063#primaryimage\"},\"thumbnailUrl\":\"https:\\\/\\\/mybook.am\\\/wp-content\\\/uploads\\\/2025\\\/12\\\/879465498654.jpeg\",\"articleSection\":[\"\u010cesk\u00e1\"],\"inLanguage\":\"ru-RU\",\"potentialAction\":[{\"@type\":\"CommentAction\",\"name\":\"Comment\",\"target\":[\"https:\\\/\\\/mybook.am\\\/?p=24063#respond\"]}]},{\"@type\":\"WebPage\",\"@id\":\"https:\\\/\\\/mybook.am\\\/?p=24063\",\"url\":\"https:\\\/\\\/mybook.am\\\/?p=24063\",\"name\":\"Prvn\u00ed okam\u017eik, kdy po porodu uvid\u011bla sv\u00e9 d\u00edt\u011b, m\u011bl b\u00fdt p\u0159ece nej\u0161\u0165astn\u011bj\u0161\u00ed v jej\u00edm \u017eivot\u011b. -\",\"isPartOf\":{\"@id\":\"https:\\\/\\\/mybook.am\\\/#website\"},\"primaryImageOfPage\":{\"@id\":\"https:\\\/\\\/mybook.am\\\/?p=24063#primaryimage\"},\"image\":{\"@id\":\"https:\\\/\\\/mybook.am\\\/?p=24063#primaryimage\"},\"thumbnailUrl\":\"https:\\\/\\\/mybook.am\\\/wp-content\\\/uploads\\\/2025\\\/12\\\/879465498654.jpeg\",\"datePublished\":\"2025-12-12T09:00:44+00:00\",\"dateModified\":\"2025-12-12T09:00:45+00:00\",\"author\":{\"@id\":\"https:\\\/\\\/mybook.am\\\/#\\\/schema\\\/person\\\/e730847942cff3a199774e803916e97e\"},\"breadcrumb\":{\"@id\":\"https:\\\/\\\/mybook.am\\\/?p=24063#breadcrumb\"},\"inLanguage\":\"ru-RU\",\"potentialAction\":[{\"@type\":\"ReadAction\",\"target\":[\"https:\\\/\\\/mybook.am\\\/?p=24063\"]}]},{\"@type\":\"ImageObject\",\"inLanguage\":\"ru-RU\",\"@id\":\"https:\\\/\\\/mybook.am\\\/?p=24063#primaryimage\",\"url\":\"https:\\\/\\\/mybook.am\\\/wp-content\\\/uploads\\\/2025\\\/12\\\/879465498654.jpeg\",\"contentUrl\":\"https:\\\/\\\/mybook.am\\\/wp-content\\\/uploads\\\/2025\\\/12\\\/879465498654.jpeg\",\"width\":800,\"height\":565},{\"@type\":\"BreadcrumbList\",\"@id\":\"https:\\\/\\\/mybook.am\\\/?p=24063#breadcrumb\",\"itemListElement\":[{\"@type\":\"ListItem\",\"position\":1,\"name\":\"\u0413\u043b\u0430\u0432\u043d\u0430\u044f \u0441\u0442\u0440\u0430\u043d\u0438\u0446\u0430\",\"item\":\"https:\\\/\\\/mybook.am\\\/\"},{\"@type\":\"ListItem\",\"position\":2,\"name\":\"Prvn\u00ed okam\u017eik, kdy po porodu uvid\u011bla sv\u00e9 d\u00edt\u011b, m\u011bl b\u00fdt p\u0159ece nej\u0161\u0165astn\u011bj\u0161\u00ed v jej\u00edm \u017eivot\u011b.\"}]},{\"@type\":\"WebSite\",\"@id\":\"https:\\\/\\\/mybook.am\\\/#website\",\"url\":\"https:\\\/\\\/mybook.am\\\/\",\"name\":\"\",\"description\":\"\",\"potentialAction\":[{\"@type\":\"SearchAction\",\"target\":{\"@type\":\"EntryPoint\",\"urlTemplate\":\"https:\\\/\\\/mybook.am\\\/?s={search_term_string}\"},\"query-input\":{\"@type\":\"PropertyValueSpecification\",\"valueRequired\":true,\"valueName\":\"search_term_string\"}}],\"inLanguage\":\"ru-RU\"},{\"@type\":\"Person\",\"@id\":\"https:\\\/\\\/mybook.am\\\/#\\\/schema\\\/person\\\/e730847942cff3a199774e803916e97e\",\"name\":\"admin\",\"image\":{\"@type\":\"ImageObject\",\"inLanguage\":\"ru-RU\",\"@id\":\"https:\\\/\\\/secure.gravatar.com\\\/avatar\\\/df64e550a0653b7be0f1bcf897f33faad9c2c8153472b2d9319beafb51370f6f?s=96&d=mm&r=g\",\"url\":\"https:\\\/\\\/secure.gravatar.com\\\/avatar\\\/df64e550a0653b7be0f1bcf897f33faad9c2c8153472b2d9319beafb51370f6f?s=96&d=mm&r=g\",\"contentUrl\":\"https:\\\/\\\/secure.gravatar.com\\\/avatar\\\/df64e550a0653b7be0f1bcf897f33faad9c2c8153472b2d9319beafb51370f6f?s=96&d=mm&r=g\",\"caption\":\"admin\"},\"sameAs\":[\"http:\\\/\\\/mybook.am\"],\"url\":\"https:\\\/\\\/mybook.am\\\/?author=1\"}]}<\/script>\n<!-- \/ Yoast SEO plugin. -->","yoast_head_json":{"title":"Prvn\u00ed okam\u017eik, kdy po porodu uvid\u011bla sv\u00e9 d\u00edt\u011b, m\u011bl b\u00fdt p\u0159ece nej\u0161\u0165astn\u011bj\u0161\u00ed v jej\u00edm \u017eivot\u011b. -","robots":{"index":"index","follow":"follow","max-snippet":"max-snippet:-1","max-image-preview":"max-image-preview:large","max-video-preview":"max-video-preview:-1"},"canonical":"https:\/\/mybook.am\/?p=24063","og_locale":"ru_RU","og_type":"article","og_title":"Prvn\u00ed okam\u017eik, kdy po porodu uvid\u011bla sv\u00e9 d\u00edt\u011b, m\u011bl b\u00fdt p\u0159ece nej\u0161\u0165astn\u011bj\u0161\u00ed v jej\u00edm \u017eivot\u011b. -","og_description":"Jen\u017ee m\u00edsto radosti se z jej\u00edch \u00fast vydral v\u00fdk\u0159ik, kter\u00fd prob\u011bhl celou nemocnic\u00ed jako studen\u00fd v\u00edtr:\u201eTo nen\u00ed moje d\u00edt\u011b! To nen\u00ed m\u016fj syn!\u201c","og_url":"https:\/\/mybook.am\/?p=24063","article_published_time":"2025-12-12T09:00:44+00:00","article_modified_time":"2025-12-12T09:00:45+00:00","og_image":[{"width":800,"height":565,"url":"https:\/\/mybook.am\/wp-content\/uploads\/2025\/12\/879465498654.jpeg","type":"image\/jpeg"}],"author":"admin","twitter_card":"summary_large_image","twitter_misc":{"\u041d\u0430\u043f\u0438\u0441\u0430\u043d\u043e \u0430\u0432\u0442\u043e\u0440\u043e\u043c":"admin","\u041f\u0440\u0438\u043c\u0435\u0440\u043d\u043e\u0435 \u0432\u0440\u0435\u043c\u044f \u0434\u043b\u044f \u0447\u0442\u0435\u043d\u0438\u044f":"4 \u043c\u0438\u043d\u0443\u0442\u044b"},"schema":{"@context":"https:\/\/schema.org","@graph":[{"@type":"Article","@id":"https:\/\/mybook.am\/?p=24063#article","isPartOf":{"@id":"https:\/\/mybook.am\/?p=24063"},"author":{"name":"admin","@id":"https:\/\/mybook.am\/#\/schema\/person\/e730847942cff3a199774e803916e97e"},"headline":"Prvn\u00ed okam\u017eik, kdy po porodu uvid\u011bla sv\u00e9 d\u00edt\u011b, m\u011bl b\u00fdt p\u0159ece nej\u0161\u0165astn\u011bj\u0161\u00ed v jej\u00edm \u017eivot\u011b.","datePublished":"2025-12-12T09:00:44+00:00","dateModified":"2025-12-12T09:00:45+00:00","mainEntityOfPage":{"@id":"https:\/\/mybook.am\/?p=24063"},"wordCount":708,"commentCount":0,"image":{"@id":"https:\/\/mybook.am\/?p=24063#primaryimage"},"thumbnailUrl":"https:\/\/mybook.am\/wp-content\/uploads\/2025\/12\/879465498654.jpeg","articleSection":["\u010cesk\u00e1"],"inLanguage":"ru-RU","potentialAction":[{"@type":"CommentAction","name":"Comment","target":["https:\/\/mybook.am\/?p=24063#respond"]}]},{"@type":"WebPage","@id":"https:\/\/mybook.am\/?p=24063","url":"https:\/\/mybook.am\/?p=24063","name":"Prvn\u00ed okam\u017eik, kdy po porodu uvid\u011bla sv\u00e9 d\u00edt\u011b, m\u011bl b\u00fdt p\u0159ece nej\u0161\u0165astn\u011bj\u0161\u00ed v jej\u00edm \u017eivot\u011b. -","isPartOf":{"@id":"https:\/\/mybook.am\/#website"},"primaryImageOfPage":{"@id":"https:\/\/mybook.am\/?p=24063#primaryimage"},"image":{"@id":"https:\/\/mybook.am\/?p=24063#primaryimage"},"thumbnailUrl":"https:\/\/mybook.am\/wp-content\/uploads\/2025\/12\/879465498654.jpeg","datePublished":"2025-12-12T09:00:44+00:00","dateModified":"2025-12-12T09:00:45+00:00","author":{"@id":"https:\/\/mybook.am\/#\/schema\/person\/e730847942cff3a199774e803916e97e"},"breadcrumb":{"@id":"https:\/\/mybook.am\/?p=24063#breadcrumb"},"inLanguage":"ru-RU","potentialAction":[{"@type":"ReadAction","target":["https:\/\/mybook.am\/?p=24063"]}]},{"@type":"ImageObject","inLanguage":"ru-RU","@id":"https:\/\/mybook.am\/?p=24063#primaryimage","url":"https:\/\/mybook.am\/wp-content\/uploads\/2025\/12\/879465498654.jpeg","contentUrl":"https:\/\/mybook.am\/wp-content\/uploads\/2025\/12\/879465498654.jpeg","width":800,"height":565},{"@type":"BreadcrumbList","@id":"https:\/\/mybook.am\/?p=24063#breadcrumb","itemListElement":[{"@type":"ListItem","position":1,"name":"\u0413\u043b\u0430\u0432\u043d\u0430\u044f \u0441\u0442\u0440\u0430\u043d\u0438\u0446\u0430","item":"https:\/\/mybook.am\/"},{"@type":"ListItem","position":2,"name":"Prvn\u00ed okam\u017eik, kdy po porodu uvid\u011bla sv\u00e9 d\u00edt\u011b, m\u011bl b\u00fdt p\u0159ece nej\u0161\u0165astn\u011bj\u0161\u00ed v jej\u00edm \u017eivot\u011b."}]},{"@type":"WebSite","@id":"https:\/\/mybook.am\/#website","url":"https:\/\/mybook.am\/","name":"","description":"","potentialAction":[{"@type":"SearchAction","target":{"@type":"EntryPoint","urlTemplate":"https:\/\/mybook.am\/?s={search_term_string}"},"query-input":{"@type":"PropertyValueSpecification","valueRequired":true,"valueName":"search_term_string"}}],"inLanguage":"ru-RU"},{"@type":"Person","@id":"https:\/\/mybook.am\/#\/schema\/person\/e730847942cff3a199774e803916e97e","name":"admin","image":{"@type":"ImageObject","inLanguage":"ru-RU","@id":"https:\/\/secure.gravatar.com\/avatar\/df64e550a0653b7be0f1bcf897f33faad9c2c8153472b2d9319beafb51370f6f?s=96&d=mm&r=g","url":"https:\/\/secure.gravatar.com\/avatar\/df64e550a0653b7be0f1bcf897f33faad9c2c8153472b2d9319beafb51370f6f?s=96&d=mm&r=g","contentUrl":"https:\/\/secure.gravatar.com\/avatar\/df64e550a0653b7be0f1bcf897f33faad9c2c8153472b2d9319beafb51370f6f?s=96&d=mm&r=g","caption":"admin"},"sameAs":["http:\/\/mybook.am"],"url":"https:\/\/mybook.am\/?author=1"}]}},"views":79,"_links":{"self":[{"href":"https:\/\/mybook.am\/index.php?rest_route=\/wp\/v2\/posts\/24063","targetHints":{"allow":["GET"]}}],"collection":[{"href":"https:\/\/mybook.am\/index.php?rest_route=\/wp\/v2\/posts"}],"about":[{"href":"https:\/\/mybook.am\/index.php?rest_route=\/wp\/v2\/types\/post"}],"author":[{"embeddable":true,"href":"https:\/\/mybook.am\/index.php?rest_route=\/wp\/v2\/users\/1"}],"replies":[{"embeddable":true,"href":"https:\/\/mybook.am\/index.php?rest_route=%2Fwp%2Fv2%2Fcomments&post=24063"}],"version-history":[{"count":1,"href":"https:\/\/mybook.am\/index.php?rest_route=\/wp\/v2\/posts\/24063\/revisions"}],"predecessor-version":[{"id":24065,"href":"https:\/\/mybook.am\/index.php?rest_route=\/wp\/v2\/posts\/24063\/revisions\/24065"}],"wp:featuredmedia":[{"embeddable":true,"href":"https:\/\/mybook.am\/index.php?rest_route=\/wp\/v2\/media\/24064"}],"wp:attachment":[{"href":"https:\/\/mybook.am\/index.php?rest_route=%2Fwp%2Fv2%2Fmedia&parent=24063"}],"wp:term":[{"taxonomy":"category","embeddable":true,"href":"https:\/\/mybook.am\/index.php?rest_route=%2Fwp%2Fv2%2Fcategories&post=24063"},{"taxonomy":"post_tag","embeddable":true,"href":"https:\/\/mybook.am\/index.php?rest_route=%2Fwp%2Fv2%2Ftags&post=24063"}],"curies":[{"name":"wp","href":"https:\/\/api.w.org\/{rel}","templated":true}]}}