{"id":24094,"date":"2025-12-13T08:34:42","date_gmt":"2025-12-13T05:34:42","guid":{"rendered":"https:\/\/mybook.am\/?p=24094"},"modified":"2025-12-13T08:34:43","modified_gmt":"2025-12-13T05:34:43","slug":"na-palube-nahle-ztichla-i-ta-nejmensi-sumeni-jako-by-letadlo-samo-zadrzelo-dech","status":"publish","type":"post","link":"https:\/\/mybook.am\/?p=24094","title":{"rendered":"Na palub\u011b n\u00e1hle ztichla i ta nejmen\u0161\u00ed \u0161um\u011bn\u00ed. Jako by letadlo samo zadr\u017eelo dech."},"content":{"rendered":"\n<p>Na\u0161e t\u0159\u00ed\u00adm\u011bs\u00ed\u010dn\u00ed vnu\u010dka, kter\u00e1 je\u0161t\u011b p\u0159ed chv\u00edl\u00ed k\u0159i\u010dela tak zoufale, a\u017e jsem se t\u0159\u00e1sla od vy\u010derp\u00e1n\u00ed, najednou zmlkla\u2026 p\u0159esn\u011b ve chv\u00edli, kdy se k n\u00e1m naklonil nezn\u00e1m\u00fd mu\u017e.<br>A to, co se stalo d\u00e1l, zasko\u010dilo i ty nejchladn\u011bj\u0161\u00ed cestuj\u00edc\u00ed.<\/p>\n\n\n\n<p>Je mi p\u011bta\u0161edes\u00e1t a myslela jsem si, \u017ee u\u017e m\u011b v \u017eivot\u011b nic nem\u016f\u017ee zlomit. M\u00fdlila jsem se.<\/p>\n\n\n\n<p>Den, kdy moje dcera porodila, byl z\u00e1rove\u0148 dnem, kdy ode\u0161la. A jako by to nesta\u010dilo, jej\u00ed man\u017eel nechal na stole kr\u00e1tk\u00fd l\u00edstek:<br>\u201eNecht\u011bl jsem b\u00fdt otcem.\u201c<br>Ode\u0161el bez jedin\u00e9ho pohledu zp\u011bt.<br>A j\u00e1 z\u016fstala sama \u2013 s novorozenou Annou v n\u00e1ru\u010d\u00ed a s penz\u00ed, kter\u00e1 sotva sta\u010dila na p\u0159e\u017eit\u00ed.<\/p>\n\n\n\n<figure class=\"wp-block-image size-full\"><img loading=\"lazy\" decoding=\"async\" width=\"752\" height=\"440\" src=\"https:\/\/mybook.am\/wp-content\/uploads\/2025\/12\/01565465465.jpeg\" alt=\"\" class=\"wp-image-24096\" srcset=\"https:\/\/mybook.am\/wp-content\/uploads\/2025\/12\/01565465465.jpeg 752w, https:\/\/mybook.am\/wp-content\/uploads\/2025\/12\/01565465465-300x176.jpeg 300w\" sizes=\"auto, (max-width: 752px) 100vw, 752px\" \/><\/figure>\n\n\n\n<p>Brala jsem ka\u017edou pr\u00e1ci, kter\u00e1 se naskytla. \u00daklidy, no\u010dn\u00ed sm\u011bny, v\u00edkendy. Pen\u00edze se rozpl\u00fdvaly rychleji, ne\u017e jsem je dok\u00e1zala vyd\u011blat.<br>P\u0159\u00edtelkyn\u011b mi jednou \u0159ekla, a\u0165 si dop\u0159eju aspo\u0148 mal\u00fd odpo\u010dinek, \u017ee Anna m\u016f\u017ee b\u00fdt p\u00e1r dn\u00ed u n\u00ed. A tak jsem si koupila nejlevn\u011bj\u0161\u00ed letenku a vyrazila.<\/p>\n\n\n\n<p>Hned po startu se v\u0161ak let prom\u011bnil v no\u010dn\u00ed m\u016fru.<br>Anna k\u0159i\u010dela bez pauzy, jako by se j\u00ed cel\u00fd sv\u011bt zhroutil. Cestuj\u00edc\u00ed si odka\u0161l\u00e1vali, obraceli o\u010di v sloup, n\u011bkte\u0159\u00ed si dokonce zacp\u00e1vali u\u0161i.<\/p>\n\n\n\n<p>A pak to p\u0159i\u0161lo \u2013 v\u00fdk\u0159ik zezadu, ostr\u00fd jako n\u016f\u017e:<\/p>\n\n\n\n<p>\u201eA\u0165 u\u017e to d\u00edt\u011b ZMLKNE!\u201c<\/p>\n\n\n\n<p>Srdce mi spadlo do \u017ealudku.<\/p>\n\n\n\n<p>\u201eJ\u00e1\u2026 sna\u017e\u00edm se,\u201c za\u0161eptala jsem.<\/p>\n\n\n\n<p>\u201eNesta\u010d\u00ed to! Pro\u010d to m\u00e1m trp\u011bt, kdy\u017e jsem si ZAPLATIL letenku?!\u201c<br>Jeho hlas se nesl celou kabinou, pln\u00fd opovr\u017een\u00ed.<\/p>\n\n\n\n<p>Kdy\u017e zak\u0159i\u010del naposledy:<br>\u201eZav\u0159ete ho na z\u00e1chod, dokud nep\u0159estane \u0159v\u00e1t!\u201c<br>\u2014 vzala jsem Annu do n\u00e1ru\u010d\u00ed a cht\u011bla se schovat do malink\u00e9 kabinky. Ne proto, \u017ee bych cht\u011bla ut\u00e9ct\u2026 ale proto\u017ee jsem se styd\u011bla, \u017ee jsem j\u00ed nedok\u00e1zala pomoct.<\/p>\n\n\n\n<p>Jen\u017ee p\u0159esn\u011b v tom okam\u017eiku se na m\u00e9m z\u00e1p\u011bst\u00ed objevila ciz\u00ed ruka. Jemn\u00e1, klidn\u00e1, skoro h\u0159ejiv\u00e1.<\/p>\n\n\n\n<p>A Anna \u2014 m\u016fj mal\u00fd, zoufal\u00fd uzl\u00ed\u010dek \u2014 v tu sekundu ztichla. Oto\u010dila hlavi\u010dku\u2026 a nat\u00e1hla ru\u010di\u010dku ne ke mn\u011b, ale k n\u011bmu.<\/p>\n\n\n\n<p>V\u0161ichni cestuj\u00edc\u00ed znehybn\u011bli.<br>Jako kdyby ten dotek otev\u0159el n\u011bjak\u00e9 star\u00e9, skryt\u00e9 dve\u0159e.<\/p>\n\n\n\n<p>Mu\u017e, kter\u00fd p\u0159ed n\u00e1mi st\u00e1l, nebyl na prvn\u00ed pohled ni\u010d\u00edm v\u00fdjime\u010dn\u00fd. Ale m\u011bl v o\u010d\u00edch zvl\u00e1\u0161tn\u00ed sv\u011btlo \u2014 takov\u00e9, jak\u00e9 nos\u00ed lid\u00e9, kte\u0159\u00ed u\u017e jednou p\u0159i\u0161li o v\u0161echno.<\/p>\n\n\n\n<p>Vzhl\u00e9dl ke mn\u011b a velmi ti\u0161e \u0159ekl:<\/p>\n\n\n\n<p>\u201eJsem d\u011btsk\u00fd kardiolog. Mysl\u00edm, \u017ee mal\u00e1 m\u00e1 epizodu bolesti z p\u0159et\u00ed\u017een\u00ed. Letadla to n\u011bkdy d\u011blaj\u00ed.\u201c<br>Pak se smutn\u011b usm\u00e1l.<br>\u201eA d\u011bti\u2026 n\u011bkdy uc\u00edt\u00ed bezpe\u010d\u00ed tam, kde my sami ho u\u017e neum\u00edme naj\u00edt.\u201c<\/p>\n\n\n\n<p>Nikdo ani ned\u00fdchal.<\/p>\n\n\n\n<p>A pr\u00e1v\u011b tehdy dodal v\u011btu, kter\u00e1 se mi vryla do kost\u00ed:<\/p>\n\n\n\n<p>\u201eMoje dcera zem\u0159ela p\u0159ed t\u0159emi lety.\u201c<br>Pod\u00edval se na Annu, jako by ji znal cel\u00fd \u017eivot.<br>\u201eA od t\u00e9 doby se po\u0159\u00e1d u\u010d\u00edm, jak \u017e\u00edt s tichem, kter\u00e9 po n\u00ed z\u016fstalo.\u201c<\/p>\n\n\n\n<p>V jeho rukou se Anna usm\u00e1la \u2014 poprv\u00e9 za cel\u00fd let.<br>A mu\u017e, kter\u00fd na n\u00e1s k\u0159i\u010del, jen st\u00e1l a vypadal, jako by mu n\u011bkdo nastavil zrcadlo, kter\u00e9mu se cel\u00fd \u017eivot vyh\u00fdbal.<\/p>\n\n\n\n<p>\u201ePromi\u0148te,\u201c vypravil ze sebe. \u201eJ\u00e1\u2026 jsem nem\u011bl tu\u0161en\u00ed.\u201c<\/p>\n\n\n\n<p>Kardiolog se na n\u011bj pod\u00edval ne s hn\u011bvem, ale s \u00fanavou \u010dlov\u011bka, kter\u00fd v\u00ed, \u017ee sv\u011bt je pln\u00fd bolesti, jen\u017e nen\u00ed vid\u011bt pouh\u00fdm okem.<\/p>\n\n\n\n<p>\u201eNikdy nev\u00edme, \u010d\u00edm kdo proch\u00e1z\u00ed,\u201c \u0159ekl klidn\u011b. \u201eAle st\u00e1le m\u00e1me mo\u017enost volby.\u201c<\/p>\n\n\n\n<p>Sed\u011bl s Annou a\u017e do p\u0159ist\u00e1n\u00ed.<br>A kdy\u017e mi ji vracel, pohladil ji po z\u00e1dech a dodal:<\/p>\n\n\n\n<p>\u201eOpatrujte ji. Je to druh\u00e1 \u0161ance \u2014 pro v\u00e1s\u2026 i pro ni.\u201c<\/p>\n\n\n\n<p>A pak ode\u0161el. \u017d\u00e1dn\u00e9 jm\u00e9no, \u017e\u00e1dn\u00e9 vysv\u011btlen\u00ed.<br>Jen zvl\u00e1\u0161tn\u00ed pocit, \u017ee se potkaly dv\u011b ztracen\u00e9 du\u0161e, kter\u00e9 se na p\u00e1r minut navz\u00e1jem zachr\u00e1nily.<\/p>\n\n\n\n<p>Dodnes p\u0159em\u00fd\u0161l\u00edm:<br>Byl to on, kdo uti\u0161il Annu\u2026 nebo to byla Anna, kdo uti\u0161il jeho?<\/p>\n","protected":false},"excerpt":{"rendered":"Na\u0161e t\u0159\u00ed\u00adm\u011bs\u00ed\u010dn\u00ed vnu\u010dka, kter\u00e1 je\u0161t\u011b p\u0159ed chv\u00edl\u00ed k\u0159i\u010dela tak zoufale, a\u017e jsem se t\u0159\u00e1sla od vy\u010derp\u00e1n\u00ed, najednou zmlkla\u2026 p\u0159esn\u011b ve chv\u00edli, kdy se \n<a class=\"moretag\" href=\"https:\/\/mybook.am\/?p=24094\"> [...]<\/a>","protected":false},"author":1,"featured_media":24096,"comment_status":"open","ping_status":"open","sticky":false,"template":"","format":"standard","meta":{"footnotes":""},"categories":[1],"tags":[],"class_list":["post-24094","post","type-post","status-publish","format-standard","has-post-thumbnail","hentry","category-ceska"],"yoast_head":"<!-- This site is optimized with the Yoast SEO plugin v27.5 - https:\/\/yoast.com\/product\/yoast-seo-wordpress\/ -->\n<title>Na palub\u011b n\u00e1hle ztichla i ta nejmen\u0161\u00ed \u0161um\u011bn\u00ed. Jako by letadlo samo zadr\u017eelo dech. -<\/title>\n<meta name=\"robots\" content=\"index, follow, max-snippet:-1, max-image-preview:large, max-video-preview:-1\" \/>\n<link rel=\"canonical\" href=\"https:\/\/mybook.am\/?p=24094\" \/>\n<meta property=\"og:locale\" content=\"ru_RU\" \/>\n<meta property=\"og:type\" content=\"article\" \/>\n<meta property=\"og:title\" content=\"Na palub\u011b n\u00e1hle ztichla i ta nejmen\u0161\u00ed \u0161um\u011bn\u00ed. Jako by letadlo samo zadr\u017eelo dech. -\" \/>\n<meta property=\"og:description\" content=\"Na\u0161e t\u0159\u00ed\u00adm\u011bs\u00ed\u010dn\u00ed vnu\u010dka, kter\u00e1 je\u0161t\u011b p\u0159ed chv\u00edl\u00ed k\u0159i\u010dela tak zoufale, a\u017e jsem se t\u0159\u00e1sla od vy\u010derp\u00e1n\u00ed, najednou zmlkla\u2026 p\u0159esn\u011b ve chv\u00edli, kdy se\" \/>\n<meta property=\"og:url\" content=\"https:\/\/mybook.am\/?p=24094\" \/>\n<meta property=\"article:published_time\" content=\"2025-12-13T05:34:42+00:00\" \/>\n<meta property=\"article:modified_time\" content=\"2025-12-13T05:34:43+00:00\" \/>\n<meta property=\"og:image\" content=\"https:\/\/mybook.am\/wp-content\/uploads\/2025\/12\/01565465465.jpeg\" \/>\n\t<meta property=\"og:image:width\" content=\"752\" \/>\n\t<meta property=\"og:image:height\" content=\"440\" \/>\n\t<meta property=\"og:image:type\" content=\"image\/jpeg\" \/>\n<meta name=\"author\" content=\"admin\" \/>\n<meta name=\"twitter:card\" content=\"summary_large_image\" \/>\n<meta name=\"twitter:label1\" content=\"\u041d\u0430\u043f\u0438\u0441\u0430\u043d\u043e \u0430\u0432\u0442\u043e\u0440\u043e\u043c\" \/>\n\t<meta name=\"twitter:data1\" content=\"admin\" \/>\n\t<meta name=\"twitter:label2\" content=\"\u041f\u0440\u0438\u043c\u0435\u0440\u043d\u043e\u0435 \u0432\u0440\u0435\u043c\u044f \u0434\u043b\u044f \u0447\u0442\u0435\u043d\u0438\u044f\" \/>\n\t<meta name=\"twitter:data2\" content=\"4 \u043c\u0438\u043d\u0443\u0442\u044b\" \/>\n<script type=\"application\/ld+json\" class=\"yoast-schema-graph\">{\"@context\":\"https:\\\/\\\/schema.org\",\"@graph\":[{\"@type\":\"Article\",\"@id\":\"https:\\\/\\\/mybook.am\\\/?p=24094#article\",\"isPartOf\":{\"@id\":\"https:\\\/\\\/mybook.am\\\/?p=24094\"},\"author\":{\"name\":\"admin\",\"@id\":\"https:\\\/\\\/mybook.am\\\/#\\\/schema\\\/person\\\/e730847942cff3a199774e803916e97e\"},\"headline\":\"Na palub\u011b n\u00e1hle ztichla i ta nejmen\u0161\u00ed \u0161um\u011bn\u00ed. Jako by letadlo samo zadr\u017eelo dech.\",\"datePublished\":\"2025-12-13T05:34:42+00:00\",\"dateModified\":\"2025-12-13T05:34:43+00:00\",\"mainEntityOfPage\":{\"@id\":\"https:\\\/\\\/mybook.am\\\/?p=24094\"},\"wordCount\":778,\"commentCount\":0,\"image\":{\"@id\":\"https:\\\/\\\/mybook.am\\\/?p=24094#primaryimage\"},\"thumbnailUrl\":\"https:\\\/\\\/mybook.am\\\/wp-content\\\/uploads\\\/2025\\\/12\\\/01565465465.jpeg\",\"articleSection\":[\"\u010cesk\u00e1\"],\"inLanguage\":\"ru-RU\",\"potentialAction\":[{\"@type\":\"CommentAction\",\"name\":\"Comment\",\"target\":[\"https:\\\/\\\/mybook.am\\\/?p=24094#respond\"]}]},{\"@type\":\"WebPage\",\"@id\":\"https:\\\/\\\/mybook.am\\\/?p=24094\",\"url\":\"https:\\\/\\\/mybook.am\\\/?p=24094\",\"name\":\"Na palub\u011b n\u00e1hle ztichla i ta nejmen\u0161\u00ed \u0161um\u011bn\u00ed. Jako by letadlo samo zadr\u017eelo dech. -\",\"isPartOf\":{\"@id\":\"https:\\\/\\\/mybook.am\\\/#website\"},\"primaryImageOfPage\":{\"@id\":\"https:\\\/\\\/mybook.am\\\/?p=24094#primaryimage\"},\"image\":{\"@id\":\"https:\\\/\\\/mybook.am\\\/?p=24094#primaryimage\"},\"thumbnailUrl\":\"https:\\\/\\\/mybook.am\\\/wp-content\\\/uploads\\\/2025\\\/12\\\/01565465465.jpeg\",\"datePublished\":\"2025-12-13T05:34:42+00:00\",\"dateModified\":\"2025-12-13T05:34:43+00:00\",\"author\":{\"@id\":\"https:\\\/\\\/mybook.am\\\/#\\\/schema\\\/person\\\/e730847942cff3a199774e803916e97e\"},\"breadcrumb\":{\"@id\":\"https:\\\/\\\/mybook.am\\\/?p=24094#breadcrumb\"},\"inLanguage\":\"ru-RU\",\"potentialAction\":[{\"@type\":\"ReadAction\",\"target\":[\"https:\\\/\\\/mybook.am\\\/?p=24094\"]}]},{\"@type\":\"ImageObject\",\"inLanguage\":\"ru-RU\",\"@id\":\"https:\\\/\\\/mybook.am\\\/?p=24094#primaryimage\",\"url\":\"https:\\\/\\\/mybook.am\\\/wp-content\\\/uploads\\\/2025\\\/12\\\/01565465465.jpeg\",\"contentUrl\":\"https:\\\/\\\/mybook.am\\\/wp-content\\\/uploads\\\/2025\\\/12\\\/01565465465.jpeg\",\"width\":752,\"height\":440},{\"@type\":\"BreadcrumbList\",\"@id\":\"https:\\\/\\\/mybook.am\\\/?p=24094#breadcrumb\",\"itemListElement\":[{\"@type\":\"ListItem\",\"position\":1,\"name\":\"\u0413\u043b\u0430\u0432\u043d\u0430\u044f \u0441\u0442\u0440\u0430\u043d\u0438\u0446\u0430\",\"item\":\"https:\\\/\\\/mybook.am\\\/\"},{\"@type\":\"ListItem\",\"position\":2,\"name\":\"Na palub\u011b n\u00e1hle ztichla i ta nejmen\u0161\u00ed \u0161um\u011bn\u00ed. Jako by letadlo samo zadr\u017eelo dech.\"}]},{\"@type\":\"WebSite\",\"@id\":\"https:\\\/\\\/mybook.am\\\/#website\",\"url\":\"https:\\\/\\\/mybook.am\\\/\",\"name\":\"\",\"description\":\"\",\"potentialAction\":[{\"@type\":\"SearchAction\",\"target\":{\"@type\":\"EntryPoint\",\"urlTemplate\":\"https:\\\/\\\/mybook.am\\\/?s={search_term_string}\"},\"query-input\":{\"@type\":\"PropertyValueSpecification\",\"valueRequired\":true,\"valueName\":\"search_term_string\"}}],\"inLanguage\":\"ru-RU\"},{\"@type\":\"Person\",\"@id\":\"https:\\\/\\\/mybook.am\\\/#\\\/schema\\\/person\\\/e730847942cff3a199774e803916e97e\",\"name\":\"admin\",\"image\":{\"@type\":\"ImageObject\",\"inLanguage\":\"ru-RU\",\"@id\":\"https:\\\/\\\/secure.gravatar.com\\\/avatar\\\/df64e550a0653b7be0f1bcf897f33faad9c2c8153472b2d9319beafb51370f6f?s=96&d=mm&r=g\",\"url\":\"https:\\\/\\\/secure.gravatar.com\\\/avatar\\\/df64e550a0653b7be0f1bcf897f33faad9c2c8153472b2d9319beafb51370f6f?s=96&d=mm&r=g\",\"contentUrl\":\"https:\\\/\\\/secure.gravatar.com\\\/avatar\\\/df64e550a0653b7be0f1bcf897f33faad9c2c8153472b2d9319beafb51370f6f?s=96&d=mm&r=g\",\"caption\":\"admin\"},\"sameAs\":[\"http:\\\/\\\/mybook.am\"],\"url\":\"https:\\\/\\\/mybook.am\\\/?author=1\"}]}<\/script>\n<!-- \/ Yoast SEO plugin. -->","yoast_head_json":{"title":"Na palub\u011b n\u00e1hle ztichla i ta nejmen\u0161\u00ed \u0161um\u011bn\u00ed. Jako by letadlo samo zadr\u017eelo dech. -","robots":{"index":"index","follow":"follow","max-snippet":"max-snippet:-1","max-image-preview":"max-image-preview:large","max-video-preview":"max-video-preview:-1"},"canonical":"https:\/\/mybook.am\/?p=24094","og_locale":"ru_RU","og_type":"article","og_title":"Na palub\u011b n\u00e1hle ztichla i ta nejmen\u0161\u00ed \u0161um\u011bn\u00ed. Jako by letadlo samo zadr\u017eelo dech. -","og_description":"Na\u0161e t\u0159\u00ed\u00adm\u011bs\u00ed\u010dn\u00ed vnu\u010dka, kter\u00e1 je\u0161t\u011b p\u0159ed chv\u00edl\u00ed k\u0159i\u010dela tak zoufale, a\u017e jsem se t\u0159\u00e1sla od vy\u010derp\u00e1n\u00ed, najednou zmlkla\u2026 p\u0159esn\u011b ve chv\u00edli, kdy se","og_url":"https:\/\/mybook.am\/?p=24094","article_published_time":"2025-12-13T05:34:42+00:00","article_modified_time":"2025-12-13T05:34:43+00:00","og_image":[{"width":752,"height":440,"url":"https:\/\/mybook.am\/wp-content\/uploads\/2025\/12\/01565465465.jpeg","type":"image\/jpeg"}],"author":"admin","twitter_card":"summary_large_image","twitter_misc":{"\u041d\u0430\u043f\u0438\u0441\u0430\u043d\u043e \u0430\u0432\u0442\u043e\u0440\u043e\u043c":"admin","\u041f\u0440\u0438\u043c\u0435\u0440\u043d\u043e\u0435 \u0432\u0440\u0435\u043c\u044f \u0434\u043b\u044f \u0447\u0442\u0435\u043d\u0438\u044f":"4 \u043c\u0438\u043d\u0443\u0442\u044b"},"schema":{"@context":"https:\/\/schema.org","@graph":[{"@type":"Article","@id":"https:\/\/mybook.am\/?p=24094#article","isPartOf":{"@id":"https:\/\/mybook.am\/?p=24094"},"author":{"name":"admin","@id":"https:\/\/mybook.am\/#\/schema\/person\/e730847942cff3a199774e803916e97e"},"headline":"Na palub\u011b n\u00e1hle ztichla i ta nejmen\u0161\u00ed \u0161um\u011bn\u00ed. Jako by letadlo samo zadr\u017eelo dech.","datePublished":"2025-12-13T05:34:42+00:00","dateModified":"2025-12-13T05:34:43+00:00","mainEntityOfPage":{"@id":"https:\/\/mybook.am\/?p=24094"},"wordCount":778,"commentCount":0,"image":{"@id":"https:\/\/mybook.am\/?p=24094#primaryimage"},"thumbnailUrl":"https:\/\/mybook.am\/wp-content\/uploads\/2025\/12\/01565465465.jpeg","articleSection":["\u010cesk\u00e1"],"inLanguage":"ru-RU","potentialAction":[{"@type":"CommentAction","name":"Comment","target":["https:\/\/mybook.am\/?p=24094#respond"]}]},{"@type":"WebPage","@id":"https:\/\/mybook.am\/?p=24094","url":"https:\/\/mybook.am\/?p=24094","name":"Na palub\u011b n\u00e1hle ztichla i ta nejmen\u0161\u00ed \u0161um\u011bn\u00ed. Jako by letadlo samo zadr\u017eelo dech. -","isPartOf":{"@id":"https:\/\/mybook.am\/#website"},"primaryImageOfPage":{"@id":"https:\/\/mybook.am\/?p=24094#primaryimage"},"image":{"@id":"https:\/\/mybook.am\/?p=24094#primaryimage"},"thumbnailUrl":"https:\/\/mybook.am\/wp-content\/uploads\/2025\/12\/01565465465.jpeg","datePublished":"2025-12-13T05:34:42+00:00","dateModified":"2025-12-13T05:34:43+00:00","author":{"@id":"https:\/\/mybook.am\/#\/schema\/person\/e730847942cff3a199774e803916e97e"},"breadcrumb":{"@id":"https:\/\/mybook.am\/?p=24094#breadcrumb"},"inLanguage":"ru-RU","potentialAction":[{"@type":"ReadAction","target":["https:\/\/mybook.am\/?p=24094"]}]},{"@type":"ImageObject","inLanguage":"ru-RU","@id":"https:\/\/mybook.am\/?p=24094#primaryimage","url":"https:\/\/mybook.am\/wp-content\/uploads\/2025\/12\/01565465465.jpeg","contentUrl":"https:\/\/mybook.am\/wp-content\/uploads\/2025\/12\/01565465465.jpeg","width":752,"height":440},{"@type":"BreadcrumbList","@id":"https:\/\/mybook.am\/?p=24094#breadcrumb","itemListElement":[{"@type":"ListItem","position":1,"name":"\u0413\u043b\u0430\u0432\u043d\u0430\u044f \u0441\u0442\u0440\u0430\u043d\u0438\u0446\u0430","item":"https:\/\/mybook.am\/"},{"@type":"ListItem","position":2,"name":"Na palub\u011b n\u00e1hle ztichla i ta nejmen\u0161\u00ed \u0161um\u011bn\u00ed. Jako by letadlo samo zadr\u017eelo dech."}]},{"@type":"WebSite","@id":"https:\/\/mybook.am\/#website","url":"https:\/\/mybook.am\/","name":"","description":"","potentialAction":[{"@type":"SearchAction","target":{"@type":"EntryPoint","urlTemplate":"https:\/\/mybook.am\/?s={search_term_string}"},"query-input":{"@type":"PropertyValueSpecification","valueRequired":true,"valueName":"search_term_string"}}],"inLanguage":"ru-RU"},{"@type":"Person","@id":"https:\/\/mybook.am\/#\/schema\/person\/e730847942cff3a199774e803916e97e","name":"admin","image":{"@type":"ImageObject","inLanguage":"ru-RU","@id":"https:\/\/secure.gravatar.com\/avatar\/df64e550a0653b7be0f1bcf897f33faad9c2c8153472b2d9319beafb51370f6f?s=96&d=mm&r=g","url":"https:\/\/secure.gravatar.com\/avatar\/df64e550a0653b7be0f1bcf897f33faad9c2c8153472b2d9319beafb51370f6f?s=96&d=mm&r=g","contentUrl":"https:\/\/secure.gravatar.com\/avatar\/df64e550a0653b7be0f1bcf897f33faad9c2c8153472b2d9319beafb51370f6f?s=96&d=mm&r=g","caption":"admin"},"sameAs":["http:\/\/mybook.am"],"url":"https:\/\/mybook.am\/?author=1"}]}},"views":107,"_links":{"self":[{"href":"https:\/\/mybook.am\/index.php?rest_route=\/wp\/v2\/posts\/24094","targetHints":{"allow":["GET"]}}],"collection":[{"href":"https:\/\/mybook.am\/index.php?rest_route=\/wp\/v2\/posts"}],"about":[{"href":"https:\/\/mybook.am\/index.php?rest_route=\/wp\/v2\/types\/post"}],"author":[{"embeddable":true,"href":"https:\/\/mybook.am\/index.php?rest_route=\/wp\/v2\/users\/1"}],"replies":[{"embeddable":true,"href":"https:\/\/mybook.am\/index.php?rest_route=%2Fwp%2Fv2%2Fcomments&post=24094"}],"version-history":[{"count":1,"href":"https:\/\/mybook.am\/index.php?rest_route=\/wp\/v2\/posts\/24094\/revisions"}],"predecessor-version":[{"id":24097,"href":"https:\/\/mybook.am\/index.php?rest_route=\/wp\/v2\/posts\/24094\/revisions\/24097"}],"wp:featuredmedia":[{"embeddable":true,"href":"https:\/\/mybook.am\/index.php?rest_route=\/wp\/v2\/media\/24096"}],"wp:attachment":[{"href":"https:\/\/mybook.am\/index.php?rest_route=%2Fwp%2Fv2%2Fmedia&parent=24094"}],"wp:term":[{"taxonomy":"category","embeddable":true,"href":"https:\/\/mybook.am\/index.php?rest_route=%2Fwp%2Fv2%2Fcategories&post=24094"},{"taxonomy":"post_tag","embeddable":true,"href":"https:\/\/mybook.am\/index.php?rest_route=%2Fwp%2Fv2%2Ftags&post=24094"}],"curies":[{"name":"wp","href":"https:\/\/api.w.org\/{rel}","templated":true}]}}