{"id":24107,"date":"2025-12-13T14:50:44","date_gmt":"2025-12-13T11:50:44","guid":{"rendered":"https:\/\/mybook.am\/?p=24107"},"modified":"2025-12-13T14:50:44","modified_gmt":"2025-12-13T11:50:44","slug":"v-okamziku-kdy-zenich-zvedl-nevestin-zavoj-farar-nahle-zbledl-jako-by-mu-nekdo-vyrval-dech-z-plic","status":"publish","type":"post","link":"https:\/\/mybook.am\/?p=24107","title":{"rendered":"V okam\u017eiku, kdy \u017eenich zvedl nev\u011bstin z\u00e1voj, far\u00e1\u0159 n\u00e1hle zbledl, jako by mu n\u011bkdo vyrval dech z plic."},"content":{"rendered":"\n<p>Slune\u010dn\u00fd den, star\u00fd kostel, host\u00e9 usazen\u00ed v lavic\u00edch\u2014v\u0161echno p\u016fsobilo dokonale. Lily a Dmitrij vstoupili t\u00e9m\u011b\u0159 sou\u010dasn\u011b, co\u017e pot\u011b\u0161ilo i otce Feofana, mu\u017ee posedl\u00e9ho \u0159\u00e1dem a p\u0159esnost\u00ed.<\/p>\n\n\n\n<p>Kdy\u017e zazn\u011bla svatebn\u00ed hudba, Lily kr\u00e1\u010dela pomalu uli\u010dkou. Sv\u011btlo sv\u00ed\u010dek se odr\u00e1\u017eelo od jej\u00ed \u0161at\u016f a pr\u016fsvitn\u00e1 l\u00e1tka z\u00e1voje skr\u00fdvala ka\u017ed\u00fd detail jej\u00ed tv\u00e1\u0159e. Dmitrij st\u00e1l u olt\u00e1\u0159e napjat\u00fd jako struna, s rukama vlhk\u00fdma tak, \u017ee by mu z nich snad sklouzl i snubn\u00ed prsten.<\/p>\n\n\n\n<p>A pak p\u0159i\u0161el okam\u017eik pravdy.<\/p>\n\n\n\n<p>Otec Feofan po\u017e\u00e1dal tich\u00fdm hlasem:<\/p>\n\n\n\n<p>\u2014 Dmitriji, zvedni z\u00e1voj sv\u00e9 nev\u011bsty.<\/p>\n\n\n\n<p>\u017denich to ud\u011blal. Prsty se mu chv\u011bly, kdy\u017e uchopil tenkou krajku a pomalu ji pozvedl.<\/p>\n\n\n\n<figure class=\"wp-block-image size-full\"><img loading=\"lazy\" decoding=\"async\" width=\"800\" height=\"535\" src=\"https:\/\/mybook.am\/wp-content\/uploads\/2025\/12\/7987465498465.jpeg\" alt=\"\" class=\"wp-image-24108\" srcset=\"https:\/\/mybook.am\/wp-content\/uploads\/2025\/12\/7987465498465.jpeg 800w, https:\/\/mybook.am\/wp-content\/uploads\/2025\/12\/7987465498465-300x201.jpeg 300w, https:\/\/mybook.am\/wp-content\/uploads\/2025\/12\/7987465498465-768x514.jpeg 768w\" sizes=\"auto, (max-width: 800px) 100vw, 800px\" \/><\/figure>\n\n\n\n<p>A tehdy se to stalo.<\/p>\n\n\n\n<p>Far\u00e1\u0159 se zarazil, jako by p\u0159ed sebou vid\u011bl n\u011bco zak\u00e1zan\u00e9ho. Jeho o\u010di se roz\u0161\u00ed\u0159ily tak prudce, a\u017e to n\u011bkter\u00e9 hosty p\u0159inutilo vst\u00e1t. I zp\u011bv sboru n\u00e1hle utichl. V kostele vznikla tich\u00e1, t\u011b\u017ek\u00e1 prasklina\u2014n\u011bco, co nikdo nedok\u00e1zal pojmenovat.<\/p>\n\n\n\n<p>\u2014 Okam\u017eit\u011b p\u0159esta\u0148te, \u2014 vydechl otec Feofan a zvedl ruku, kter\u00e1 se sotva znateln\u011b t\u0159\u00e1sla. \u2014 Ob\u0159ad mus\u00ed b\u00fdt p\u0159eru\u0161en.<\/p>\n\n\n\n<p>Hlava ka\u017ed\u00e9ho v kostele se oto\u010dila k Lily. Ale nev\u011bsta jen st\u00e1la. Tich\u00e1, klidn\u00e1, a\u017e nep\u0159irozen\u011b vyrovnan\u00e1.<\/p>\n\n\n\n<p>A pak promluvila:<\/p>\n\n\n\n<p>\u2014 Poznal jste m\u011b, ot\u010de. \u017de ano?<\/p>\n\n\n\n<p>Feofan polkl. Jeho tv\u00e1\u0159 se zm\u011bnila, jako kdyby se mu b\u011bhem jedin\u00e9 sekundy vr\u00e1tily roky, kter\u00e9 se tak sna\u017eil zapomenout.<\/p>\n\n\n\n<p>\u2014 To\u2026 to nen\u00ed mo\u017en\u00e9, \u2014 za\u0161eptal. \u2014 Ty o\u010di\u2026 vid\u011bl jsem je u\u017e jednou.<\/p>\n\n\n\n<p>A lid\u00e9 to uc\u00edtili \u2014 ne pochopen\u00edm, ale instinktem. N\u011bco na t\u00e9 d\u00edvce nebylo v po\u0159\u00e1dku. Ne \u201estra\u0161ideln\u00e9ho\u201c zp\u016fsobu, ale hlubok\u00e9ho, lidsky neuchopiteln\u00e9ho.<\/p>\n\n\n\n<p>Dmitrij se oto\u010dil k Lily.<\/p>\n\n\n\n<p>\u2014 O \u010dem to mluv\u00ed? Co se d\u011bje?<\/p>\n\n\n\n<p>Lily sklopila pohled, skoro provinile.<\/p>\n\n\n\n<p>\u2014 Rodila jsem se v den, kdy jedna d\u00edvka zem\u0159ela. A on byl u toho.<\/p>\n\n\n\n<p>Tahle v\u011bta by v jin\u00e9m kontextu zn\u011bla jako zvl\u00e1\u0161tn\u00ed shoda okolnost\u00ed. Ale tady\u2014v chladn\u00e9m prostoru kostela, kde ka\u017ed\u00fd zvuk zn\u011bl jako v\u00fdk\u0159ik\u2014p\u016fsobila jinak. T\u011b\u017e\u0161\u00ed. Temn\u011bj\u0161\u00ed.<\/p>\n\n\n\n<p>Far\u00e1\u0159 p\u0159ik\u00fdvl. Jeho hlas byl hrub\u00fd, jako by vych\u00e1zel z krku p\u0159\u00edli\u0161 dlouho sev\u0159en\u00e9ho strachem.<\/p>\n\n\n\n<p>\u2014 Ta d\u00edvka\u2026 jej\u00ed o\u010di se d\u00edvaly p\u0159es m\u011b. Jako by v\u011bd\u011bla, \u017ee jej\u00ed p\u0159\u00edb\u011bh nekon\u010d\u00ed. A kdy\u017e jsem dnes uvid\u011bl tebe\u2026 vid\u011bl jsem je znovu.<\/p>\n\n\n\n<p>Lily pomalu zvedla hlavu. V jej\u00edm pohledu se mihlo n\u011bco, co rozhodilo i ty nejchladn\u011bj\u0161\u00ed povahy v lavic\u00edch. Ne zloba. Ne zoufalstv\u00ed.<\/p>\n\n\n\n<p>N\u011b\u010d\u00ed ciz\u00ed jistota.<\/p>\n\n\n\n<p>\u2014 Jej\u00ed hlas \u017eil ve mn\u011b roky jako ozv\u011bna, \u2014 \u0159ekla. \u2014 Ale dnes\u2026 dnes to p\u0159estala b\u00fdt ozv\u011bna.<\/p>\n\n\n\n<p>V kostele to zah\u0159m\u011blo tichem. Takov\u00fdm t\u00edm, kter\u00e9 \u010dlov\u011bk c\u00edt\u00ed a\u017e v hrudi.<\/p>\n\n\n\n<p>\u2014 Nemohu v\u00e1s oddat, \u2014 pokra\u010doval far\u00e1\u0159. \u2014 Nemohu spojit dv\u011b du\u0161e, kdy\u017e ve tv\u00e9m t\u011ble jsou\u2026 dv\u011b.<\/p>\n\n\n\n<p>Lily se usm\u00e1la. Jemn\u011b. Nevinn\u011b. A p\u0159esto z toho \u00fasm\u011bvu b\u011bhal mr\u00e1z po z\u00e1dech.<\/p>\n\n\n\n<p>\u2014 Nep\u0159i\u0161la jsem si pro po\u017eehn\u00e1n\u00ed, ot\u010de. P\u0159i\u0161la jsem si pro pravdu. A pro rozhodnut\u00ed, kter\u00e9 mus\u00ed ud\u011blat on.<\/p>\n\n\n\n<p>Pomalu se obr\u00e1tila k Dmitrijovi:<\/p>\n\n\n\n<p>\u2014 Chce\u0161 j\u00edt d\u00e1l se mnou? Se mnou\u2026 a s n\u00ed?<\/p>\n\n\n\n<p>Dmitrij se nadechl \u2014 a nevydechl.<\/p>\n\n\n\n<p>A host\u00e9 pochopili, \u017ee skute\u010dn\u00fd ob\u0159ad teprve za\u010d\u00edn\u00e1. Ale ne ten, na kter\u00fd p\u0159i\u0161li.<\/p>\n","protected":false},"excerpt":{"rendered":"Slune\u010dn\u00fd den, star\u00fd kostel, host\u00e9 usazen\u00ed v lavic\u00edch\u2014v\u0161echno p\u016fsobilo dokonale. Lily a Dmitrij vstoupili t\u00e9m\u011b\u0159 sou\u010dasn\u011b, co\u017e pot\u011b\u0161ilo i otce Feofana, mu\u017ee posedl\u00e9ho \n<a class=\"moretag\" href=\"https:\/\/mybook.am\/?p=24107\"> [...]<\/a>","protected":false},"author":1,"featured_media":24108,"comment_status":"open","ping_status":"open","sticky":false,"template":"","format":"standard","meta":{"footnotes":""},"categories":[1],"tags":[],"class_list":["post-24107","post","type-post","status-publish","format-standard","has-post-thumbnail","hentry","category-ceska"],"yoast_head":"<!-- This site is optimized with the Yoast SEO plugin v27.5 - https:\/\/yoast.com\/product\/yoast-seo-wordpress\/ -->\n<title>V okam\u017eiku, kdy \u017eenich zvedl nev\u011bstin z\u00e1voj, far\u00e1\u0159 n\u00e1hle zbledl, jako by mu n\u011bkdo vyrval dech z plic. -<\/title>\n<meta name=\"robots\" content=\"index, follow, max-snippet:-1, max-image-preview:large, max-video-preview:-1\" \/>\n<link rel=\"canonical\" href=\"https:\/\/mybook.am\/?p=24107\" \/>\n<meta property=\"og:locale\" content=\"ru_RU\" \/>\n<meta property=\"og:type\" content=\"article\" \/>\n<meta property=\"og:title\" content=\"V okam\u017eiku, kdy \u017eenich zvedl nev\u011bstin z\u00e1voj, far\u00e1\u0159 n\u00e1hle zbledl, jako by mu n\u011bkdo vyrval dech z plic. -\" \/>\n<meta property=\"og:description\" content=\"Slune\u010dn\u00fd den, star\u00fd kostel, host\u00e9 usazen\u00ed v lavic\u00edch\u2014v\u0161echno p\u016fsobilo dokonale. Lily a Dmitrij vstoupili t\u00e9m\u011b\u0159 sou\u010dasn\u011b, co\u017e pot\u011b\u0161ilo i otce Feofana, mu\u017ee posedl\u00e9ho\" \/>\n<meta property=\"og:url\" content=\"https:\/\/mybook.am\/?p=24107\" \/>\n<meta property=\"article:published_time\" content=\"2025-12-13T11:50:44+00:00\" \/>\n<meta property=\"og:image\" content=\"https:\/\/mybook.am\/wp-content\/uploads\/2025\/12\/7987465498465.jpeg\" \/>\n\t<meta property=\"og:image:width\" content=\"800\" \/>\n\t<meta property=\"og:image:height\" content=\"535\" \/>\n\t<meta property=\"og:image:type\" content=\"image\/jpeg\" \/>\n<meta name=\"author\" content=\"admin\" \/>\n<meta name=\"twitter:card\" content=\"summary_large_image\" \/>\n<meta name=\"twitter:label1\" content=\"\u041d\u0430\u043f\u0438\u0441\u0430\u043d\u043e \u0430\u0432\u0442\u043e\u0440\u043e\u043c\" \/>\n\t<meta name=\"twitter:data1\" content=\"admin\" \/>\n\t<meta name=\"twitter:label2\" content=\"\u041f\u0440\u0438\u043c\u0435\u0440\u043d\u043e\u0435 \u0432\u0440\u0435\u043c\u044f \u0434\u043b\u044f \u0447\u0442\u0435\u043d\u0438\u044f\" \/>\n\t<meta name=\"twitter:data2\" content=\"3 \u043c\u0438\u043d\u0443\u0442\u044b\" \/>\n<script type=\"application\/ld+json\" class=\"yoast-schema-graph\">{\"@context\":\"https:\\\/\\\/schema.org\",\"@graph\":[{\"@type\":\"Article\",\"@id\":\"https:\\\/\\\/mybook.am\\\/?p=24107#article\",\"isPartOf\":{\"@id\":\"https:\\\/\\\/mybook.am\\\/?p=24107\"},\"author\":{\"name\":\"admin\",\"@id\":\"https:\\\/\\\/mybook.am\\\/#\\\/schema\\\/person\\\/e730847942cff3a199774e803916e97e\"},\"headline\":\"V okam\u017eiku, kdy \u017eenich zvedl nev\u011bstin z\u00e1voj, far\u00e1\u0159 n\u00e1hle zbledl, jako by mu n\u011bkdo vyrval dech z plic.\",\"datePublished\":\"2025-12-13T11:50:44+00:00\",\"mainEntityOfPage\":{\"@id\":\"https:\\\/\\\/mybook.am\\\/?p=24107\"},\"wordCount\":652,\"commentCount\":0,\"image\":{\"@id\":\"https:\\\/\\\/mybook.am\\\/?p=24107#primaryimage\"},\"thumbnailUrl\":\"https:\\\/\\\/mybook.am\\\/wp-content\\\/uploads\\\/2025\\\/12\\\/7987465498465.jpeg\",\"articleSection\":[\"\u010cesk\u00e1\"],\"inLanguage\":\"ru-RU\",\"potentialAction\":[{\"@type\":\"CommentAction\",\"name\":\"Comment\",\"target\":[\"https:\\\/\\\/mybook.am\\\/?p=24107#respond\"]}]},{\"@type\":\"WebPage\",\"@id\":\"https:\\\/\\\/mybook.am\\\/?p=24107\",\"url\":\"https:\\\/\\\/mybook.am\\\/?p=24107\",\"name\":\"V okam\u017eiku, kdy \u017eenich zvedl nev\u011bstin z\u00e1voj, far\u00e1\u0159 n\u00e1hle zbledl, jako by mu n\u011bkdo vyrval dech z plic. -\",\"isPartOf\":{\"@id\":\"https:\\\/\\\/mybook.am\\\/#website\"},\"primaryImageOfPage\":{\"@id\":\"https:\\\/\\\/mybook.am\\\/?p=24107#primaryimage\"},\"image\":{\"@id\":\"https:\\\/\\\/mybook.am\\\/?p=24107#primaryimage\"},\"thumbnailUrl\":\"https:\\\/\\\/mybook.am\\\/wp-content\\\/uploads\\\/2025\\\/12\\\/7987465498465.jpeg\",\"datePublished\":\"2025-12-13T11:50:44+00:00\",\"author\":{\"@id\":\"https:\\\/\\\/mybook.am\\\/#\\\/schema\\\/person\\\/e730847942cff3a199774e803916e97e\"},\"breadcrumb\":{\"@id\":\"https:\\\/\\\/mybook.am\\\/?p=24107#breadcrumb\"},\"inLanguage\":\"ru-RU\",\"potentialAction\":[{\"@type\":\"ReadAction\",\"target\":[\"https:\\\/\\\/mybook.am\\\/?p=24107\"]}]},{\"@type\":\"ImageObject\",\"inLanguage\":\"ru-RU\",\"@id\":\"https:\\\/\\\/mybook.am\\\/?p=24107#primaryimage\",\"url\":\"https:\\\/\\\/mybook.am\\\/wp-content\\\/uploads\\\/2025\\\/12\\\/7987465498465.jpeg\",\"contentUrl\":\"https:\\\/\\\/mybook.am\\\/wp-content\\\/uploads\\\/2025\\\/12\\\/7987465498465.jpeg\",\"width\":800,\"height\":535},{\"@type\":\"BreadcrumbList\",\"@id\":\"https:\\\/\\\/mybook.am\\\/?p=24107#breadcrumb\",\"itemListElement\":[{\"@type\":\"ListItem\",\"position\":1,\"name\":\"\u0413\u043b\u0430\u0432\u043d\u0430\u044f \u0441\u0442\u0440\u0430\u043d\u0438\u0446\u0430\",\"item\":\"https:\\\/\\\/mybook.am\\\/\"},{\"@type\":\"ListItem\",\"position\":2,\"name\":\"V okam\u017eiku, kdy \u017eenich zvedl nev\u011bstin z\u00e1voj, far\u00e1\u0159 n\u00e1hle zbledl, jako by mu n\u011bkdo vyrval dech z plic.\"}]},{\"@type\":\"WebSite\",\"@id\":\"https:\\\/\\\/mybook.am\\\/#website\",\"url\":\"https:\\\/\\\/mybook.am\\\/\",\"name\":\"\",\"description\":\"\",\"potentialAction\":[{\"@type\":\"SearchAction\",\"target\":{\"@type\":\"EntryPoint\",\"urlTemplate\":\"https:\\\/\\\/mybook.am\\\/?s={search_term_string}\"},\"query-input\":{\"@type\":\"PropertyValueSpecification\",\"valueRequired\":true,\"valueName\":\"search_term_string\"}}],\"inLanguage\":\"ru-RU\"},{\"@type\":\"Person\",\"@id\":\"https:\\\/\\\/mybook.am\\\/#\\\/schema\\\/person\\\/e730847942cff3a199774e803916e97e\",\"name\":\"admin\",\"image\":{\"@type\":\"ImageObject\",\"inLanguage\":\"ru-RU\",\"@id\":\"https:\\\/\\\/secure.gravatar.com\\\/avatar\\\/df64e550a0653b7be0f1bcf897f33faad9c2c8153472b2d9319beafb51370f6f?s=96&d=mm&r=g\",\"url\":\"https:\\\/\\\/secure.gravatar.com\\\/avatar\\\/df64e550a0653b7be0f1bcf897f33faad9c2c8153472b2d9319beafb51370f6f?s=96&d=mm&r=g\",\"contentUrl\":\"https:\\\/\\\/secure.gravatar.com\\\/avatar\\\/df64e550a0653b7be0f1bcf897f33faad9c2c8153472b2d9319beafb51370f6f?s=96&d=mm&r=g\",\"caption\":\"admin\"},\"sameAs\":[\"http:\\\/\\\/mybook.am\"],\"url\":\"https:\\\/\\\/mybook.am\\\/?author=1\"}]}<\/script>\n<!-- \/ Yoast SEO plugin. -->","yoast_head_json":{"title":"V okam\u017eiku, kdy \u017eenich zvedl nev\u011bstin z\u00e1voj, far\u00e1\u0159 n\u00e1hle zbledl, jako by mu n\u011bkdo vyrval dech z plic. -","robots":{"index":"index","follow":"follow","max-snippet":"max-snippet:-1","max-image-preview":"max-image-preview:large","max-video-preview":"max-video-preview:-1"},"canonical":"https:\/\/mybook.am\/?p=24107","og_locale":"ru_RU","og_type":"article","og_title":"V okam\u017eiku, kdy \u017eenich zvedl nev\u011bstin z\u00e1voj, far\u00e1\u0159 n\u00e1hle zbledl, jako by mu n\u011bkdo vyrval dech z plic. -","og_description":"Slune\u010dn\u00fd den, star\u00fd kostel, host\u00e9 usazen\u00ed v lavic\u00edch\u2014v\u0161echno p\u016fsobilo dokonale. Lily a Dmitrij vstoupili t\u00e9m\u011b\u0159 sou\u010dasn\u011b, co\u017e pot\u011b\u0161ilo i otce Feofana, mu\u017ee posedl\u00e9ho","og_url":"https:\/\/mybook.am\/?p=24107","article_published_time":"2025-12-13T11:50:44+00:00","og_image":[{"width":800,"height":535,"url":"https:\/\/mybook.am\/wp-content\/uploads\/2025\/12\/7987465498465.jpeg","type":"image\/jpeg"}],"author":"admin","twitter_card":"summary_large_image","twitter_misc":{"\u041d\u0430\u043f\u0438\u0441\u0430\u043d\u043e \u0430\u0432\u0442\u043e\u0440\u043e\u043c":"admin","\u041f\u0440\u0438\u043c\u0435\u0440\u043d\u043e\u0435 \u0432\u0440\u0435\u043c\u044f \u0434\u043b\u044f \u0447\u0442\u0435\u043d\u0438\u044f":"3 \u043c\u0438\u043d\u0443\u0442\u044b"},"schema":{"@context":"https:\/\/schema.org","@graph":[{"@type":"Article","@id":"https:\/\/mybook.am\/?p=24107#article","isPartOf":{"@id":"https:\/\/mybook.am\/?p=24107"},"author":{"name":"admin","@id":"https:\/\/mybook.am\/#\/schema\/person\/e730847942cff3a199774e803916e97e"},"headline":"V okam\u017eiku, kdy \u017eenich zvedl nev\u011bstin z\u00e1voj, far\u00e1\u0159 n\u00e1hle zbledl, jako by mu n\u011bkdo vyrval dech z plic.","datePublished":"2025-12-13T11:50:44+00:00","mainEntityOfPage":{"@id":"https:\/\/mybook.am\/?p=24107"},"wordCount":652,"commentCount":0,"image":{"@id":"https:\/\/mybook.am\/?p=24107#primaryimage"},"thumbnailUrl":"https:\/\/mybook.am\/wp-content\/uploads\/2025\/12\/7987465498465.jpeg","articleSection":["\u010cesk\u00e1"],"inLanguage":"ru-RU","potentialAction":[{"@type":"CommentAction","name":"Comment","target":["https:\/\/mybook.am\/?p=24107#respond"]}]},{"@type":"WebPage","@id":"https:\/\/mybook.am\/?p=24107","url":"https:\/\/mybook.am\/?p=24107","name":"V okam\u017eiku, kdy \u017eenich zvedl nev\u011bstin z\u00e1voj, far\u00e1\u0159 n\u00e1hle zbledl, jako by mu n\u011bkdo vyrval dech z plic. -","isPartOf":{"@id":"https:\/\/mybook.am\/#website"},"primaryImageOfPage":{"@id":"https:\/\/mybook.am\/?p=24107#primaryimage"},"image":{"@id":"https:\/\/mybook.am\/?p=24107#primaryimage"},"thumbnailUrl":"https:\/\/mybook.am\/wp-content\/uploads\/2025\/12\/7987465498465.jpeg","datePublished":"2025-12-13T11:50:44+00:00","author":{"@id":"https:\/\/mybook.am\/#\/schema\/person\/e730847942cff3a199774e803916e97e"},"breadcrumb":{"@id":"https:\/\/mybook.am\/?p=24107#breadcrumb"},"inLanguage":"ru-RU","potentialAction":[{"@type":"ReadAction","target":["https:\/\/mybook.am\/?p=24107"]}]},{"@type":"ImageObject","inLanguage":"ru-RU","@id":"https:\/\/mybook.am\/?p=24107#primaryimage","url":"https:\/\/mybook.am\/wp-content\/uploads\/2025\/12\/7987465498465.jpeg","contentUrl":"https:\/\/mybook.am\/wp-content\/uploads\/2025\/12\/7987465498465.jpeg","width":800,"height":535},{"@type":"BreadcrumbList","@id":"https:\/\/mybook.am\/?p=24107#breadcrumb","itemListElement":[{"@type":"ListItem","position":1,"name":"\u0413\u043b\u0430\u0432\u043d\u0430\u044f \u0441\u0442\u0440\u0430\u043d\u0438\u0446\u0430","item":"https:\/\/mybook.am\/"},{"@type":"ListItem","position":2,"name":"V okam\u017eiku, kdy \u017eenich zvedl nev\u011bstin z\u00e1voj, far\u00e1\u0159 n\u00e1hle zbledl, jako by mu n\u011bkdo vyrval dech z plic."}]},{"@type":"WebSite","@id":"https:\/\/mybook.am\/#website","url":"https:\/\/mybook.am\/","name":"","description":"","potentialAction":[{"@type":"SearchAction","target":{"@type":"EntryPoint","urlTemplate":"https:\/\/mybook.am\/?s={search_term_string}"},"query-input":{"@type":"PropertyValueSpecification","valueRequired":true,"valueName":"search_term_string"}}],"inLanguage":"ru-RU"},{"@type":"Person","@id":"https:\/\/mybook.am\/#\/schema\/person\/e730847942cff3a199774e803916e97e","name":"admin","image":{"@type":"ImageObject","inLanguage":"ru-RU","@id":"https:\/\/secure.gravatar.com\/avatar\/df64e550a0653b7be0f1bcf897f33faad9c2c8153472b2d9319beafb51370f6f?s=96&d=mm&r=g","url":"https:\/\/secure.gravatar.com\/avatar\/df64e550a0653b7be0f1bcf897f33faad9c2c8153472b2d9319beafb51370f6f?s=96&d=mm&r=g","contentUrl":"https:\/\/secure.gravatar.com\/avatar\/df64e550a0653b7be0f1bcf897f33faad9c2c8153472b2d9319beafb51370f6f?s=96&d=mm&r=g","caption":"admin"},"sameAs":["http:\/\/mybook.am"],"url":"https:\/\/mybook.am\/?author=1"}]}},"views":99,"_links":{"self":[{"href":"https:\/\/mybook.am\/index.php?rest_route=\/wp\/v2\/posts\/24107","targetHints":{"allow":["GET"]}}],"collection":[{"href":"https:\/\/mybook.am\/index.php?rest_route=\/wp\/v2\/posts"}],"about":[{"href":"https:\/\/mybook.am\/index.php?rest_route=\/wp\/v2\/types\/post"}],"author":[{"embeddable":true,"href":"https:\/\/mybook.am\/index.php?rest_route=\/wp\/v2\/users\/1"}],"replies":[{"embeddable":true,"href":"https:\/\/mybook.am\/index.php?rest_route=%2Fwp%2Fv2%2Fcomments&post=24107"}],"version-history":[{"count":1,"href":"https:\/\/mybook.am\/index.php?rest_route=\/wp\/v2\/posts\/24107\/revisions"}],"predecessor-version":[{"id":24109,"href":"https:\/\/mybook.am\/index.php?rest_route=\/wp\/v2\/posts\/24107\/revisions\/24109"}],"wp:featuredmedia":[{"embeddable":true,"href":"https:\/\/mybook.am\/index.php?rest_route=\/wp\/v2\/media\/24108"}],"wp:attachment":[{"href":"https:\/\/mybook.am\/index.php?rest_route=%2Fwp%2Fv2%2Fmedia&parent=24107"}],"wp:term":[{"taxonomy":"category","embeddable":true,"href":"https:\/\/mybook.am\/index.php?rest_route=%2Fwp%2Fv2%2Fcategories&post=24107"},{"taxonomy":"post_tag","embeddable":true,"href":"https:\/\/mybook.am\/index.php?rest_route=%2Fwp%2Fv2%2Ftags&post=24107"}],"curies":[{"name":"wp","href":"https:\/\/api.w.org\/{rel}","templated":true}]}}