{"id":24132,"date":"2025-12-14T14:58:00","date_gmt":"2025-12-14T11:58:00","guid":{"rendered":"https:\/\/mybook.am\/?p=24132"},"modified":"2025-12-14T14:58:01","modified_gmt":"2025-12-14T11:58:01","slug":"moje-ctyrleta-dcera-si-dnes-vecer-sbalila-kufrik-a-oznamila-ze-odchazi-z-domu-zustal-jsem-stat-jako-prikovany-kdyz-jsem-slysel-duvod","status":"publish","type":"post","link":"https:\/\/mybook.am\/?p=24132","title":{"rendered":"Moje \u010dty\u0159let\u00e1 dcera si dnes ve\u010der sbalila kuf\u0159\u00edk a ozn\u00e1mila, \u017ee odch\u00e1z\u00ed z domu. Z\u016fstal jsem st\u00e1t jako p\u0159ikovan\u00fd, kdy\u017e jsem sly\u0161el d\u016fvod."},"content":{"rendered":"\n<p>Kdy\u017e jsem dnes ve\u010der otev\u0159el branku, \u010dekal m\u011b obraz, kter\u00fd mi \u00fapln\u011b zastavil dech. Moje mal\u00e1 dcera st\u00e1la p\u0159\u00edmo u prahu, jako by m\u011b tam hl\u00eddala. Na z\u00e1dech r\u016f\u017eov\u00fd bat\u016f\u017eek, vedle n\u00ed ten mal\u00fd cestovn\u00ed kuf\u0159\u00edk na kole\u010dk\u00e1ch, co jsme koupili na dovolenou k mo\u0159i.<\/p>\n\n\n\n<p>O\u010di m\u011bla zarudl\u00e9 a leskl\u00e9 \u2014 ur\u010dit\u011b p\u0159ed chv\u00edl\u00ed plakala.<\/p>\n\n\n\n<p>\u201eZlato\u2026 co se d\u011bje?\u201c p\u0159iklekl jsem si k n\u00ed. \u201ePro\u010d tady stoj\u00ed\u0161? A pro\u010d m\u00e1\u0161 ten kufr?\u201c<\/p>\n\n\n\n<p>Nadechla se tak hluboko, jako by se chystala ozn\u00e1mit rozsudek.<\/p>\n\n\n\n<p>\u201eTati\u2026 j\u00e1 z tohohle domu odch\u00e1z\u00edm.\u201c<\/p>\n\n\n\n<p>Srdce mi spadlo n\u011bkam k zemi.<\/p>\n\n\n\n<figure class=\"wp-block-image size-full\"><img loading=\"lazy\" decoding=\"async\" width=\"800\" height=\"467\" src=\"https:\/\/mybook.am\/wp-content\/uploads\/2025\/12\/78984549846.jpeg\" alt=\"\" class=\"wp-image-24135\" srcset=\"https:\/\/mybook.am\/wp-content\/uploads\/2025\/12\/78984549846.jpeg 800w, https:\/\/mybook.am\/wp-content\/uploads\/2025\/12\/78984549846-300x175.jpeg 300w, https:\/\/mybook.am\/wp-content\/uploads\/2025\/12\/78984549846-768x448.jpeg 768w, https:\/\/mybook.am\/wp-content\/uploads\/2025\/12\/78984549846-752x440.jpeg 752w\" sizes=\"auto, (max-width: 800px) 100vw, 800px\" \/><\/figure>\n\n\n\n<p>\u201eCo\u017ee? Kam jde\u0161? Pro\u010d? Co se stalo?\u201c<\/p>\n\n\n\n<p>Zamra\u010dila se, rty se j\u00ed rozt\u0159\u00e1sly.<\/p>\n\n\n\n<p>\u201eJ\u00e1 u\u017e tady prost\u011b nem\u016f\u017eu \u017e\u00edt!\u201c vyhrkla s takovou dramatickou jistotou, \u017ee by to here\u010dce na jevi\u0161ti nikdo nev\u011b\u0159il.<\/p>\n\n\n\n<p>Hlavou mi prolet\u011bly ty nejhor\u0161\u00ed sc\u00e9n\u00e1\u0159e. N\u011bkdo j\u00ed ubl\u00ed\u017eil? N\u011bco se stalo ve \u0161kolce?<\/p>\n\n\n\n<p>\u201ePros\u00edm\u2026 vysv\u011btli mi to po\u0159\u00e1dn\u011b,\u201c \u0159ekl jsem ti\u0161e, ale pevn\u011b.<\/p>\n\n\n\n<p>A pak pronesla v\u011btu, kter\u00e1 mi \u00fapln\u011b vypnula dech.<\/p>\n\n\n\n<p>\u201eTy m\u011b u\u017e nem\u00e1\u0161 r\u00e1d.\u201c<\/p>\n\n\n\n<p>Ten okam\u017eik byl jako studen\u00fd p\u00e1d z v\u00fd\u0161ky. \u010cty\u0159let\u00e9 d\u00edt\u011b. A tak siln\u00fd z\u00e1v\u011br.<\/p>\n\n\n\n<p>\u201ePro\u010d to \u0159\u00edk\u00e1\u0161?\u201c za\u0161eptal jsem.<\/p>\n\n\n\n<p>Pod\u00edvala se stranou:<\/p>\n\n\n\n<p>\u201eDneska\u2026 jsi pro m\u011b nep\u0159i\u0161el prvn\u00ed. V\u0161echny d\u011bti u\u017e byly pry\u010d. Sed\u011bla jsem sama na lavi\u010dce a myslela jsem\u2026 \u017ee jsi na m\u011b zapomn\u011bl. \u017de u\u017e m\u011b nechce\u0161.\u201c<\/p>\n\n\n\n<p>A pak dodala to nejhor\u0161\u00ed:<\/p>\n\n\n\n<p>\u201eA maminka \u0159ekla, \u017ee zase \u0159e\u0161\u00ed\u0161 svoje \u201adosp\u011bl\u00e1ck\u00fd v\u011bci\u2018. Tak jsem si myslela\u2026 \u017ee j\u00e1 jsem jenom p\u0159ek\u00e1\u017eka.\u201c<\/p>\n\n\n\n<p>Tady se mi n\u011bco v hrudi skute\u010dn\u011b zlomilo. Ne obrazn\u011b. Fyzicky.<\/p>\n\n\n\n<p>Posadil jsem se k n\u00ed bl\u00ed\u017e, vzal jej\u00ed mal\u00e9 ruce do sv\u00fdch.<\/p>\n\n\n\n<p>\u201ePoslouchej m\u011b\u2026 \u017e\u00e1dn\u00e1 moje pr\u00e1ce, \u017e\u00e1dn\u00fd dosp\u011bl\u00fd probl\u00e9m\u2026 nikdy nen\u00ed d\u016fle\u017eit\u011bj\u0161\u00ed ne\u017e ty. Nep\u0159i\u0161el jsem jako prvn\u00ed, proto\u017ee byla z\u00e1cpa. B\u00e1l jsem se, \u017ee bude\u0161 vyd\u011b\u0161en\u00e1. Ale nezapomn\u011bl jsem. Nemohl bych.\u201c<\/p>\n\n\n\n<p>Pod\u00edvala se na m\u011b s ned\u016fv\u011brou, kter\u00e1 by bolela i k\u00e1men.<\/p>\n\n\n\n<p>\u201eA kdybych ode\u0161la\u2026 plakal bys?\u201c zeptala se ti\u0161e.<\/p>\n\n\n\n<p>\u201eAno,\u201c odpov\u011bd\u011bl jsem bez v\u00e1h\u00e1n\u00ed. \u201eProto\u017ee d\u016fm bez tebe\u2026 je jen pr\u00e1zdn\u00e1 krabice. Nic v\u00edc.\u201c<\/p>\n\n\n\n<p>Dlouho ml\u010dela. Pak malinko kopla do kuf\u0159\u00edku \u2014 jako by najednou pochopila, jak mal\u00fd je sv\u011bt, do kter\u00e9ho se cht\u011bla schovat p\u0159ed sv\u00fdmi obavami.<\/p>\n\n\n\n<p>\u201eA p\u0159ijde\u0161 z\u00edtra prvn\u00ed?\u201c zeptala se nesm\u011ble.<\/p>\n\n\n\n<p>\u201eP\u0159ijdu je\u0161t\u011b d\u0159\u00edv. Klidn\u011b p\u0159ed otev\u00edra\u010dkou.\u201c<\/p>\n\n\n\n<p>Zhluboka vydechla. Ten vzdech byl m\u011bkk\u00fd, unaven\u00fd\u2026 a pln\u00fd \u00falevy.<\/p>\n\n\n\n<p>\u201eTak j\u00e1\u2026 j\u00e1 teda z\u016fstanu.\u201c<\/p>\n\n\n\n<p>Podala mi kuf\u0159\u00edk \u2014 ne jako zavazadlo, sp\u00ed\u0161 jako kapitulaci sv\u00fdch mal\u00fdch, ale obrovsky siln\u00fdch d\u011btsk\u00fdch strach\u016f. Uvnit\u0159 byly t\u0159i v\u011bci: ply\u0161ov\u00fd kr\u00e1l\u00ed\u010dek, py\u017eamko a krabi\u010dka samolepek.<\/p>\n\n\n\n<p>D\u011btsk\u00e1 logika: kdy\u017e ut\u00edk\u00e1\u0161, bere\u0161 to nejcenn\u011bj\u0161\u00ed.<\/p>\n\n\n\n<p>\u201eTati\u2026\u201c ozvala se znovu.<br>\u201eAno, l\u00e1sko?\u201c<br>\u201eM\u016f\u017ee\u0161 m\u011b obejmout?\u201c<\/p>\n\n\n\n<p>Objal jsem ji pevn\u011b. A pochopil jsem, \u017ee necht\u011bla odej\u00edt. Jen cht\u011bla v\u011bd\u011bt, jestli p\u016fjdu za n\u00ed.<\/p>\n\n\n\n<p>A \u017ee n\u011bkdy nejv\u011bt\u0161\u00ed d\u011btsk\u00fdm k\u0159ikem o pomoc nen\u00ed k\u0159ik \u2014 ale mal\u00fd kuf\u0159\u00edk u dve\u0159\u00ed.<\/p>\n","protected":false},"excerpt":{"rendered":"Kdy\u017e jsem dnes ve\u010der otev\u0159el branku, \u010dekal m\u011b obraz, kter\u00fd mi \u00fapln\u011b zastavil dech. Moje mal\u00e1 dcera st\u00e1la p\u0159\u00edmo u prahu, jako by \n<a class=\"moretag\" href=\"https:\/\/mybook.am\/?p=24132\"> [...]<\/a>","protected":false},"author":1,"featured_media":24135,"comment_status":"open","ping_status":"open","sticky":false,"template":"","format":"standard","meta":{"footnotes":""},"categories":[1],"tags":[],"class_list":["post-24132","post","type-post","status-publish","format-standard","has-post-thumbnail","hentry","category-ceska"],"yoast_head":"<!-- This site is optimized with the Yoast SEO plugin v27.5 - https:\/\/yoast.com\/product\/yoast-seo-wordpress\/ -->\n<title>Moje \u010dty\u0159let\u00e1 dcera si dnes ve\u010der sbalila kuf\u0159\u00edk a ozn\u00e1mila, \u017ee odch\u00e1z\u00ed z domu. Z\u016fstal jsem st\u00e1t jako p\u0159ikovan\u00fd, kdy\u017e jsem sly\u0161el d\u016fvod. -<\/title>\n<meta name=\"robots\" content=\"index, follow, max-snippet:-1, max-image-preview:large, max-video-preview:-1\" \/>\n<link rel=\"canonical\" href=\"https:\/\/mybook.am\/?p=24132\" \/>\n<meta property=\"og:locale\" content=\"ru_RU\" \/>\n<meta property=\"og:type\" content=\"article\" \/>\n<meta property=\"og:title\" content=\"Moje \u010dty\u0159let\u00e1 dcera si dnes ve\u010der sbalila kuf\u0159\u00edk a ozn\u00e1mila, \u017ee odch\u00e1z\u00ed z domu. Z\u016fstal jsem st\u00e1t jako p\u0159ikovan\u00fd, kdy\u017e jsem sly\u0161el d\u016fvod. -\" \/>\n<meta property=\"og:description\" content=\"Kdy\u017e jsem dnes ve\u010der otev\u0159el branku, \u010dekal m\u011b obraz, kter\u00fd mi \u00fapln\u011b zastavil dech. Moje mal\u00e1 dcera st\u00e1la p\u0159\u00edmo u prahu, jako by\" \/>\n<meta property=\"og:url\" content=\"https:\/\/mybook.am\/?p=24132\" \/>\n<meta property=\"article:published_time\" content=\"2025-12-14T11:58:00+00:00\" \/>\n<meta property=\"article:modified_time\" content=\"2025-12-14T11:58:01+00:00\" \/>\n<meta property=\"og:image\" content=\"https:\/\/mybook.am\/wp-content\/uploads\/2025\/12\/78984549846.jpeg\" \/>\n\t<meta property=\"og:image:width\" content=\"800\" \/>\n\t<meta property=\"og:image:height\" content=\"467\" \/>\n\t<meta property=\"og:image:type\" content=\"image\/jpeg\" \/>\n<meta name=\"author\" content=\"admin\" \/>\n<meta name=\"twitter:card\" content=\"summary_large_image\" \/>\n<meta name=\"twitter:label1\" content=\"\u041d\u0430\u043f\u0438\u0441\u0430\u043d\u043e \u0430\u0432\u0442\u043e\u0440\u043e\u043c\" \/>\n\t<meta name=\"twitter:data1\" content=\"admin\" \/>\n\t<meta name=\"twitter:label2\" content=\"\u041f\u0440\u0438\u043c\u0435\u0440\u043d\u043e\u0435 \u0432\u0440\u0435\u043c\u044f \u0434\u043b\u044f \u0447\u0442\u0435\u043d\u0438\u044f\" \/>\n\t<meta name=\"twitter:data2\" content=\"3 \u043c\u0438\u043d\u0443\u0442\u044b\" \/>\n<script type=\"application\/ld+json\" class=\"yoast-schema-graph\">{\"@context\":\"https:\\\/\\\/schema.org\",\"@graph\":[{\"@type\":\"Article\",\"@id\":\"https:\\\/\\\/mybook.am\\\/?p=24132#article\",\"isPartOf\":{\"@id\":\"https:\\\/\\\/mybook.am\\\/?p=24132\"},\"author\":{\"name\":\"admin\",\"@id\":\"https:\\\/\\\/mybook.am\\\/#\\\/schema\\\/person\\\/e730847942cff3a199774e803916e97e\"},\"headline\":\"Moje \u010dty\u0159let\u00e1 dcera si dnes ve\u010der sbalila kuf\u0159\u00edk a ozn\u00e1mila, \u017ee odch\u00e1z\u00ed z domu. Z\u016fstal jsem st\u00e1t jako p\u0159ikovan\u00fd, kdy\u017e jsem sly\u0161el d\u016fvod.\",\"datePublished\":\"2025-12-14T11:58:00+00:00\",\"dateModified\":\"2025-12-14T11:58:01+00:00\",\"mainEntityOfPage\":{\"@id\":\"https:\\\/\\\/mybook.am\\\/?p=24132\"},\"wordCount\":624,\"commentCount\":0,\"image\":{\"@id\":\"https:\\\/\\\/mybook.am\\\/?p=24132#primaryimage\"},\"thumbnailUrl\":\"https:\\\/\\\/mybook.am\\\/wp-content\\\/uploads\\\/2025\\\/12\\\/78984549846.jpeg\",\"articleSection\":[\"\u010cesk\u00e1\"],\"inLanguage\":\"ru-RU\",\"potentialAction\":[{\"@type\":\"CommentAction\",\"name\":\"Comment\",\"target\":[\"https:\\\/\\\/mybook.am\\\/?p=24132#respond\"]}]},{\"@type\":\"WebPage\",\"@id\":\"https:\\\/\\\/mybook.am\\\/?p=24132\",\"url\":\"https:\\\/\\\/mybook.am\\\/?p=24132\",\"name\":\"Moje \u010dty\u0159let\u00e1 dcera si dnes ve\u010der sbalila kuf\u0159\u00edk a ozn\u00e1mila, \u017ee odch\u00e1z\u00ed z domu. Z\u016fstal jsem st\u00e1t jako p\u0159ikovan\u00fd, kdy\u017e jsem sly\u0161el d\u016fvod. -\",\"isPartOf\":{\"@id\":\"https:\\\/\\\/mybook.am\\\/#website\"},\"primaryImageOfPage\":{\"@id\":\"https:\\\/\\\/mybook.am\\\/?p=24132#primaryimage\"},\"image\":{\"@id\":\"https:\\\/\\\/mybook.am\\\/?p=24132#primaryimage\"},\"thumbnailUrl\":\"https:\\\/\\\/mybook.am\\\/wp-content\\\/uploads\\\/2025\\\/12\\\/78984549846.jpeg\",\"datePublished\":\"2025-12-14T11:58:00+00:00\",\"dateModified\":\"2025-12-14T11:58:01+00:00\",\"author\":{\"@id\":\"https:\\\/\\\/mybook.am\\\/#\\\/schema\\\/person\\\/e730847942cff3a199774e803916e97e\"},\"breadcrumb\":{\"@id\":\"https:\\\/\\\/mybook.am\\\/?p=24132#breadcrumb\"},\"inLanguage\":\"ru-RU\",\"potentialAction\":[{\"@type\":\"ReadAction\",\"target\":[\"https:\\\/\\\/mybook.am\\\/?p=24132\"]}]},{\"@type\":\"ImageObject\",\"inLanguage\":\"ru-RU\",\"@id\":\"https:\\\/\\\/mybook.am\\\/?p=24132#primaryimage\",\"url\":\"https:\\\/\\\/mybook.am\\\/wp-content\\\/uploads\\\/2025\\\/12\\\/78984549846.jpeg\",\"contentUrl\":\"https:\\\/\\\/mybook.am\\\/wp-content\\\/uploads\\\/2025\\\/12\\\/78984549846.jpeg\",\"width\":800,\"height\":467},{\"@type\":\"BreadcrumbList\",\"@id\":\"https:\\\/\\\/mybook.am\\\/?p=24132#breadcrumb\",\"itemListElement\":[{\"@type\":\"ListItem\",\"position\":1,\"name\":\"\u0413\u043b\u0430\u0432\u043d\u0430\u044f \u0441\u0442\u0440\u0430\u043d\u0438\u0446\u0430\",\"item\":\"https:\\\/\\\/mybook.am\\\/\"},{\"@type\":\"ListItem\",\"position\":2,\"name\":\"Moje \u010dty\u0159let\u00e1 dcera si dnes ve\u010der sbalila kuf\u0159\u00edk a ozn\u00e1mila, \u017ee odch\u00e1z\u00ed z domu. Z\u016fstal jsem st\u00e1t jako p\u0159ikovan\u00fd, kdy\u017e jsem sly\u0161el d\u016fvod.\"}]},{\"@type\":\"WebSite\",\"@id\":\"https:\\\/\\\/mybook.am\\\/#website\",\"url\":\"https:\\\/\\\/mybook.am\\\/\",\"name\":\"\",\"description\":\"\",\"potentialAction\":[{\"@type\":\"SearchAction\",\"target\":{\"@type\":\"EntryPoint\",\"urlTemplate\":\"https:\\\/\\\/mybook.am\\\/?s={search_term_string}\"},\"query-input\":{\"@type\":\"PropertyValueSpecification\",\"valueRequired\":true,\"valueName\":\"search_term_string\"}}],\"inLanguage\":\"ru-RU\"},{\"@type\":\"Person\",\"@id\":\"https:\\\/\\\/mybook.am\\\/#\\\/schema\\\/person\\\/e730847942cff3a199774e803916e97e\",\"name\":\"admin\",\"image\":{\"@type\":\"ImageObject\",\"inLanguage\":\"ru-RU\",\"@id\":\"https:\\\/\\\/secure.gravatar.com\\\/avatar\\\/df64e550a0653b7be0f1bcf897f33faad9c2c8153472b2d9319beafb51370f6f?s=96&d=mm&r=g\",\"url\":\"https:\\\/\\\/secure.gravatar.com\\\/avatar\\\/df64e550a0653b7be0f1bcf897f33faad9c2c8153472b2d9319beafb51370f6f?s=96&d=mm&r=g\",\"contentUrl\":\"https:\\\/\\\/secure.gravatar.com\\\/avatar\\\/df64e550a0653b7be0f1bcf897f33faad9c2c8153472b2d9319beafb51370f6f?s=96&d=mm&r=g\",\"caption\":\"admin\"},\"sameAs\":[\"http:\\\/\\\/mybook.am\"],\"url\":\"https:\\\/\\\/mybook.am\\\/?author=1\"}]}<\/script>\n<!-- \/ Yoast SEO plugin. -->","yoast_head_json":{"title":"Moje \u010dty\u0159let\u00e1 dcera si dnes ve\u010der sbalila kuf\u0159\u00edk a ozn\u00e1mila, \u017ee odch\u00e1z\u00ed z domu. Z\u016fstal jsem st\u00e1t jako p\u0159ikovan\u00fd, kdy\u017e jsem sly\u0161el d\u016fvod. -","robots":{"index":"index","follow":"follow","max-snippet":"max-snippet:-1","max-image-preview":"max-image-preview:large","max-video-preview":"max-video-preview:-1"},"canonical":"https:\/\/mybook.am\/?p=24132","og_locale":"ru_RU","og_type":"article","og_title":"Moje \u010dty\u0159let\u00e1 dcera si dnes ve\u010der sbalila kuf\u0159\u00edk a ozn\u00e1mila, \u017ee odch\u00e1z\u00ed z domu. Z\u016fstal jsem st\u00e1t jako p\u0159ikovan\u00fd, kdy\u017e jsem sly\u0161el d\u016fvod. -","og_description":"Kdy\u017e jsem dnes ve\u010der otev\u0159el branku, \u010dekal m\u011b obraz, kter\u00fd mi \u00fapln\u011b zastavil dech. Moje mal\u00e1 dcera st\u00e1la p\u0159\u00edmo u prahu, jako by","og_url":"https:\/\/mybook.am\/?p=24132","article_published_time":"2025-12-14T11:58:00+00:00","article_modified_time":"2025-12-14T11:58:01+00:00","og_image":[{"width":800,"height":467,"url":"https:\/\/mybook.am\/wp-content\/uploads\/2025\/12\/78984549846.jpeg","type":"image\/jpeg"}],"author":"admin","twitter_card":"summary_large_image","twitter_misc":{"\u041d\u0430\u043f\u0438\u0441\u0430\u043d\u043e \u0430\u0432\u0442\u043e\u0440\u043e\u043c":"admin","\u041f\u0440\u0438\u043c\u0435\u0440\u043d\u043e\u0435 \u0432\u0440\u0435\u043c\u044f \u0434\u043b\u044f \u0447\u0442\u0435\u043d\u0438\u044f":"3 \u043c\u0438\u043d\u0443\u0442\u044b"},"schema":{"@context":"https:\/\/schema.org","@graph":[{"@type":"Article","@id":"https:\/\/mybook.am\/?p=24132#article","isPartOf":{"@id":"https:\/\/mybook.am\/?p=24132"},"author":{"name":"admin","@id":"https:\/\/mybook.am\/#\/schema\/person\/e730847942cff3a199774e803916e97e"},"headline":"Moje \u010dty\u0159let\u00e1 dcera si dnes ve\u010der sbalila kuf\u0159\u00edk a ozn\u00e1mila, \u017ee odch\u00e1z\u00ed z domu. Z\u016fstal jsem st\u00e1t jako p\u0159ikovan\u00fd, kdy\u017e jsem sly\u0161el d\u016fvod.","datePublished":"2025-12-14T11:58:00+00:00","dateModified":"2025-12-14T11:58:01+00:00","mainEntityOfPage":{"@id":"https:\/\/mybook.am\/?p=24132"},"wordCount":624,"commentCount":0,"image":{"@id":"https:\/\/mybook.am\/?p=24132#primaryimage"},"thumbnailUrl":"https:\/\/mybook.am\/wp-content\/uploads\/2025\/12\/78984549846.jpeg","articleSection":["\u010cesk\u00e1"],"inLanguage":"ru-RU","potentialAction":[{"@type":"CommentAction","name":"Comment","target":["https:\/\/mybook.am\/?p=24132#respond"]}]},{"@type":"WebPage","@id":"https:\/\/mybook.am\/?p=24132","url":"https:\/\/mybook.am\/?p=24132","name":"Moje \u010dty\u0159let\u00e1 dcera si dnes ve\u010der sbalila kuf\u0159\u00edk a ozn\u00e1mila, \u017ee odch\u00e1z\u00ed z domu. Z\u016fstal jsem st\u00e1t jako p\u0159ikovan\u00fd, kdy\u017e jsem sly\u0161el d\u016fvod. -","isPartOf":{"@id":"https:\/\/mybook.am\/#website"},"primaryImageOfPage":{"@id":"https:\/\/mybook.am\/?p=24132#primaryimage"},"image":{"@id":"https:\/\/mybook.am\/?p=24132#primaryimage"},"thumbnailUrl":"https:\/\/mybook.am\/wp-content\/uploads\/2025\/12\/78984549846.jpeg","datePublished":"2025-12-14T11:58:00+00:00","dateModified":"2025-12-14T11:58:01+00:00","author":{"@id":"https:\/\/mybook.am\/#\/schema\/person\/e730847942cff3a199774e803916e97e"},"breadcrumb":{"@id":"https:\/\/mybook.am\/?p=24132#breadcrumb"},"inLanguage":"ru-RU","potentialAction":[{"@type":"ReadAction","target":["https:\/\/mybook.am\/?p=24132"]}]},{"@type":"ImageObject","inLanguage":"ru-RU","@id":"https:\/\/mybook.am\/?p=24132#primaryimage","url":"https:\/\/mybook.am\/wp-content\/uploads\/2025\/12\/78984549846.jpeg","contentUrl":"https:\/\/mybook.am\/wp-content\/uploads\/2025\/12\/78984549846.jpeg","width":800,"height":467},{"@type":"BreadcrumbList","@id":"https:\/\/mybook.am\/?p=24132#breadcrumb","itemListElement":[{"@type":"ListItem","position":1,"name":"\u0413\u043b\u0430\u0432\u043d\u0430\u044f \u0441\u0442\u0440\u0430\u043d\u0438\u0446\u0430","item":"https:\/\/mybook.am\/"},{"@type":"ListItem","position":2,"name":"Moje \u010dty\u0159let\u00e1 dcera si dnes ve\u010der sbalila kuf\u0159\u00edk a ozn\u00e1mila, \u017ee odch\u00e1z\u00ed z domu. Z\u016fstal jsem st\u00e1t jako p\u0159ikovan\u00fd, kdy\u017e jsem sly\u0161el d\u016fvod."}]},{"@type":"WebSite","@id":"https:\/\/mybook.am\/#website","url":"https:\/\/mybook.am\/","name":"","description":"","potentialAction":[{"@type":"SearchAction","target":{"@type":"EntryPoint","urlTemplate":"https:\/\/mybook.am\/?s={search_term_string}"},"query-input":{"@type":"PropertyValueSpecification","valueRequired":true,"valueName":"search_term_string"}}],"inLanguage":"ru-RU"},{"@type":"Person","@id":"https:\/\/mybook.am\/#\/schema\/person\/e730847942cff3a199774e803916e97e","name":"admin","image":{"@type":"ImageObject","inLanguage":"ru-RU","@id":"https:\/\/secure.gravatar.com\/avatar\/df64e550a0653b7be0f1bcf897f33faad9c2c8153472b2d9319beafb51370f6f?s=96&d=mm&r=g","url":"https:\/\/secure.gravatar.com\/avatar\/df64e550a0653b7be0f1bcf897f33faad9c2c8153472b2d9319beafb51370f6f?s=96&d=mm&r=g","contentUrl":"https:\/\/secure.gravatar.com\/avatar\/df64e550a0653b7be0f1bcf897f33faad9c2c8153472b2d9319beafb51370f6f?s=96&d=mm&r=g","caption":"admin"},"sameAs":["http:\/\/mybook.am"],"url":"https:\/\/mybook.am\/?author=1"}]}},"views":69,"_links":{"self":[{"href":"https:\/\/mybook.am\/index.php?rest_route=\/wp\/v2\/posts\/24132","targetHints":{"allow":["GET"]}}],"collection":[{"href":"https:\/\/mybook.am\/index.php?rest_route=\/wp\/v2\/posts"}],"about":[{"href":"https:\/\/mybook.am\/index.php?rest_route=\/wp\/v2\/types\/post"}],"author":[{"embeddable":true,"href":"https:\/\/mybook.am\/index.php?rest_route=\/wp\/v2\/users\/1"}],"replies":[{"embeddable":true,"href":"https:\/\/mybook.am\/index.php?rest_route=%2Fwp%2Fv2%2Fcomments&post=24132"}],"version-history":[{"count":1,"href":"https:\/\/mybook.am\/index.php?rest_route=\/wp\/v2\/posts\/24132\/revisions"}],"predecessor-version":[{"id":24136,"href":"https:\/\/mybook.am\/index.php?rest_route=\/wp\/v2\/posts\/24132\/revisions\/24136"}],"wp:featuredmedia":[{"embeddable":true,"href":"https:\/\/mybook.am\/index.php?rest_route=\/wp\/v2\/media\/24135"}],"wp:attachment":[{"href":"https:\/\/mybook.am\/index.php?rest_route=%2Fwp%2Fv2%2Fmedia&parent=24132"}],"wp:term":[{"taxonomy":"category","embeddable":true,"href":"https:\/\/mybook.am\/index.php?rest_route=%2Fwp%2Fv2%2Fcategories&post=24132"},{"taxonomy":"post_tag","embeddable":true,"href":"https:\/\/mybook.am\/index.php?rest_route=%2Fwp%2Fv2%2Ftags&post=24132"}],"curies":[{"name":"wp","href":"https:\/\/api.w.org\/{rel}","templated":true}]}}