{"id":24133,"date":"2025-12-14T14:58:50","date_gmt":"2025-12-14T11:58:50","guid":{"rendered":"https:\/\/mybook.am\/?p=24133"},"modified":"2025-12-14T14:58:52","modified_gmt":"2025-12-14T11:58:52","slug":"ce-soir-ma-fille-de-quatre-ans-a-fait-sa-valise-et-ma-annonce-quelle-quittait-la-maison","status":"publish","type":"post","link":"https:\/\/mybook.am\/?p=24133","title":{"rendered":"Ce soir, ma fille de quatre ans a fait sa valise et m\u2019a annonc\u00e9 qu\u2019elle quittait la maison."},"content":{"rendered":"\n<p>J\u2019ai ressenti un choc si brutal que je suis rest\u00e9 immobile quelques secondes.<br>Quand j\u2019ai travers\u00e9 la cour, j\u2019ai tout de suite compris que quelque chose n\u2019allait pas. Ma petite se tenait devant la porte d\u2019entr\u00e9e, droite comme une sentinelle, avec son minuscule sac rose sur le dos. \u00c0 c\u00f4t\u00e9 d\u2019elle, la valisette \u00e0 roulettes \u2014 celle qu\u2019on avait achet\u00e9e pour son premier voyage \u00e0 la mer.<\/p>\n\n\n\n<p>Ses yeux\u2026 rouges, brillants. Elle avait pleur\u00e9, c\u2019\u00e9tait \u00e9vident.<\/p>\n\n\n\n<p>\u2014 Ch\u00e9rie\u2026 qu\u2019est-ce qui se passe ? Pourquoi es-tu l\u00e0 ? Et pourquoi cette valise ?<\/p>\n\n\n\n<p>Elle a pris une longue inspiration, la t\u00eate l\u00e9g\u00e8rement lev\u00e9e comme quelqu\u2019un qui s\u2019appr\u00eate \u00e0 prononcer une v\u00e9rit\u00e9 trop grande pour son \u00e2ge.<\/p>\n\n\n\n<p>\u2014 Papa\u2026 je pars de cette maison.<\/p>\n\n\n\n<p>Mon c\u0153ur s\u2019est \u00e9cras\u00e9 contre mes c\u00f4tes.<\/p>\n\n\n\n<p>\u2014 Tu pars ? Mais\u2026 pourquoi ? O\u00f9 ? Qu\u2019est-ce qui s\u2019est pass\u00e9 ?<\/p>\n\n\n\n<figure class=\"wp-block-image size-full\"><img loading=\"lazy\" decoding=\"async\" width=\"800\" height=\"467\" src=\"https:\/\/mybook.am\/wp-content\/uploads\/2025\/12\/78984549846-1.jpeg\" alt=\"\" class=\"wp-image-24138\" srcset=\"https:\/\/mybook.am\/wp-content\/uploads\/2025\/12\/78984549846-1.jpeg 800w, https:\/\/mybook.am\/wp-content\/uploads\/2025\/12\/78984549846-1-300x175.jpeg 300w, https:\/\/mybook.am\/wp-content\/uploads\/2025\/12\/78984549846-1-768x448.jpeg 768w, https:\/\/mybook.am\/wp-content\/uploads\/2025\/12\/78984549846-1-752x440.jpeg 752w\" sizes=\"auto, (max-width: 800px) 100vw, 800px\" \/><\/figure>\n\n\n\n<p>Ses petites l\u00e8vres ont trembl\u00e9 avant qu\u2019elle ne l\u00e2che une phrase qui m\u2019a coup\u00e9 le souffle.<\/p>\n\n\n\n<p>\u2014 Je ne peux plus vivre ici.<\/p>\n\n\n\n<p>Pendant une seconde, le monde s\u2019est fait plus \u00e9troit. Est-ce que quelqu\u2019un lui avait fait du mal ? Est-ce que quelque chose \u00e9tait arriv\u00e9 \u00e0 l\u2019\u00e9cole ?<\/p>\n\n\n\n<p>\u2014 Explique-moi\u2026 s\u2019il te pla\u00eet.<\/p>\n\n\n\n<p>Et l\u00e0, presque en murmurant, elle a laiss\u00e9 tomber la bombe.<\/p>\n\n\n\n<p>\u2014 Tu ne m\u2019aimes plus.<\/p>\n\n\n\n<p>Cette phrase\u2026 lanc\u00e9e par une enfant de quatre ans\u2026 m\u2019a fendu en deux.<\/p>\n\n\n\n<p>\u2014 Pourquoi tu dis \u00e7a ? Qui t\u2019a mis cette id\u00e9e en t\u00eate ?<\/p>\n\n\n\n<p>Elle a baiss\u00e9 les yeux vers ses chaussures.<\/p>\n\n\n\n<p>\u2014 Aujourd\u2019hui\u2026 tu n\u2019es pas venu me chercher en premier. Tous les autres enfants \u00e9taient d\u00e9j\u00e0 partis. J\u2019\u00e9tais seule sur le banc. Et j\u2019ai cru que tu m\u2019avais oubli\u00e9e. Que tu ne voulais plus de moi.<\/p>\n\n\n\n<p>Puis elle a ajout\u00e9, avec une logique d\u2019enfant, mais une douleur d\u2019adulte:<\/p>\n\n\n\n<p>\u2014 Et maman a dit que tu \u00e9tais encore \u201coccup\u00e9 avec tes choses d\u2019adultes\u201d. Alors j\u2019ai compris que\u2026 je d\u00e9range.<\/p>\n\n\n\n<p>Cette derni\u00e8re phrase m\u2019a transperc\u00e9 comme une lame.<br>Pas parce qu\u2019elle \u00e9tait injuste \u2014 mais parce qu\u2019elle \u00e9tait crue, sinc\u00e8re, pens\u00e9e par un c\u0153ur minuscule et fragile.<\/p>\n\n\n\n<p>Je me suis accroupi, j\u2019ai pris ses mains dans les miennes.<\/p>\n\n\n\n<p>\u2014 \u00c9coute-moi bien\u2026 aucune \u201cchose d\u2019adulte\u201d, aucun travail, aucun probl\u00e8me ne sera jamais plus important que toi. Je ne suis pas arriv\u00e9 en premier parce qu\u2019il y avait un \u00e9norme embouteillage. J\u2019avais peur que tu t\u2019inqui\u00e8tes. Mais je ne t\u2019ai jamais oubli\u00e9e. Jamais.<\/p>\n\n\n\n<p>Elle a lev\u00e9 les yeux, pleins de m\u00e9fiance, comme si elle voulait croire\u2026 mais n\u2019osait pas encore.<\/p>\n\n\n\n<p>\u2014 Et si je partais pour de vrai\u2026 tu pleurerais ? demanda-t-elle d\u2019une petite voix.<\/p>\n\n\n\n<p>\u2014 Oui.<br>La r\u00e9ponse m\u2019est sortie du c\u0153ur, sans r\u00e9fl\u00e9chir.<br>\u2014 Parce qu\u2019une maison sans toi\u2026 ce n\u2019est qu\u2019une bo\u00eete vide. Rien d\u2019autre.<\/p>\n\n\n\n<p>Elle a regard\u00e9e sa petite valise, comme si elle r\u00e9alisait soudain qu\u2019elle n\u2019\u00e9tait pas une porte de sortie\u2026 mais un cri silencieux.<\/p>\n\n\n\n<p>\u2014 Et demain\u2026 tu viendras me chercher en premier ?<\/p>\n\n\n\n<p>\u2014 Je serai l\u00e0 avant tout le monde. M\u00eame avant que la porte de l\u2019\u00e9cole n\u2019ouvre.<\/p>\n\n\n\n<p>Elle a pouss\u00e9 un souffle tremblant, lourd\u2026 mais apais\u00e9.<br>Puis elle m\u2019a tendu la valise \u2014 non pas comme un bagage, mais comme un signe de paix. \u00c0 l\u2019int\u00e9rieur, trois objets: son lapin en peluche, un pyjama et une petite bo\u00eete d\u2019autocollants.<\/p>\n\n\n\n<p>La carte du monde d\u2019une enfant qui croyait devoir survivre ailleurs.<\/p>\n\n\n\n<p>\u2014 Papa\u2026<br>\u2014 Oui, mon amour ?<br>\u2014 Tu peux me prendre dans tes bras ?<\/p>\n\n\n\n<p>Je l\u2019ai serr\u00e9e contre moi.<br>Et j\u2019ai compris quelque chose d\u2019immense:<br>Elle ne voulait pas partir.<br>Elle voulait voir\u2026 si je viendrais la chercher.<\/p>\n\n\n\n<p>Et parfois, le plus grand cri d\u2019un enfant n\u2019a pas de son.<br>Il a une valise.<\/p>\n","protected":false},"excerpt":{"rendered":"J\u2019ai ressenti un choc si brutal que je suis rest\u00e9 immobile quelques secondes.Quand j\u2019ai travers\u00e9 la cour, j\u2019ai tout de suite compris que \n<a class=\"moretag\" href=\"https:\/\/mybook.am\/?p=24133\"> [...]<\/a>","protected":false},"author":1,"featured_media":24138,"comment_status":"open","ping_status":"open","sticky":false,"template":"","format":"standard","meta":{"footnotes":""},"categories":[3],"tags":[],"class_list":["post-24133","post","type-post","status-publish","format-standard","has-post-thumbnail","hentry","category-fotto"],"yoast_head":"<!-- This site is optimized with the Yoast SEO plugin v27.5 - https:\/\/yoast.com\/product\/yoast-seo-wordpress\/ -->\n<title>Ce soir, ma fille de quatre ans a fait sa valise et m\u2019a annonc\u00e9 qu\u2019elle quittait la maison. -<\/title>\n<meta name=\"robots\" content=\"index, follow, max-snippet:-1, max-image-preview:large, max-video-preview:-1\" \/>\n<link rel=\"canonical\" href=\"https:\/\/mybook.am\/?p=24133\" \/>\n<meta property=\"og:locale\" content=\"ru_RU\" \/>\n<meta property=\"og:type\" content=\"article\" \/>\n<meta property=\"og:title\" content=\"Ce soir, ma fille de quatre ans a fait sa valise et m\u2019a annonc\u00e9 qu\u2019elle quittait la maison. -\" \/>\n<meta property=\"og:description\" content=\"J\u2019ai ressenti un choc si brutal que je suis rest\u00e9 immobile quelques secondes.Quand j\u2019ai travers\u00e9 la cour, j\u2019ai tout de suite compris que\" \/>\n<meta property=\"og:url\" content=\"https:\/\/mybook.am\/?p=24133\" \/>\n<meta property=\"article:published_time\" content=\"2025-12-14T11:58:50+00:00\" \/>\n<meta property=\"article:modified_time\" content=\"2025-12-14T11:58:52+00:00\" \/>\n<meta property=\"og:image\" content=\"https:\/\/mybook.am\/wp-content\/uploads\/2025\/12\/78984549846-1.jpeg\" \/>\n\t<meta property=\"og:image:width\" content=\"800\" \/>\n\t<meta property=\"og:image:height\" content=\"467\" \/>\n\t<meta property=\"og:image:type\" content=\"image\/jpeg\" \/>\n<meta name=\"author\" content=\"admin\" \/>\n<meta name=\"twitter:card\" content=\"summary_large_image\" \/>\n<meta name=\"twitter:label1\" content=\"\u041d\u0430\u043f\u0438\u0441\u0430\u043d\u043e \u0430\u0432\u0442\u043e\u0440\u043e\u043c\" \/>\n\t<meta name=\"twitter:data1\" content=\"admin\" \/>\n\t<meta name=\"twitter:label2\" content=\"\u041f\u0440\u0438\u043c\u0435\u0440\u043d\u043e\u0435 \u0432\u0440\u0435\u043c\u044f \u0434\u043b\u044f \u0447\u0442\u0435\u043d\u0438\u044f\" \/>\n\t<meta name=\"twitter:data2\" content=\"4 \u043c\u0438\u043d\u0443\u0442\u044b\" \/>\n<script type=\"application\/ld+json\" class=\"yoast-schema-graph\">{\"@context\":\"https:\\\/\\\/schema.org\",\"@graph\":[{\"@type\":\"Article\",\"@id\":\"https:\\\/\\\/mybook.am\\\/?p=24133#article\",\"isPartOf\":{\"@id\":\"https:\\\/\\\/mybook.am\\\/?p=24133\"},\"author\":{\"name\":\"admin\",\"@id\":\"https:\\\/\\\/mybook.am\\\/#\\\/schema\\\/person\\\/e730847942cff3a199774e803916e97e\"},\"headline\":\"Ce soir, ma fille de quatre ans a fait sa valise et m\u2019a annonc\u00e9 qu\u2019elle quittait la maison.\",\"datePublished\":\"2025-12-14T11:58:50+00:00\",\"dateModified\":\"2025-12-14T11:58:52+00:00\",\"mainEntityOfPage\":{\"@id\":\"https:\\\/\\\/mybook.am\\\/?p=24133\"},\"wordCount\":689,\"commentCount\":0,\"image\":{\"@id\":\"https:\\\/\\\/mybook.am\\\/?p=24133#primaryimage\"},\"thumbnailUrl\":\"https:\\\/\\\/mybook.am\\\/wp-content\\\/uploads\\\/2025\\\/12\\\/78984549846-1.jpeg\",\"articleSection\":[\"FRANS\"],\"inLanguage\":\"ru-RU\",\"potentialAction\":[{\"@type\":\"CommentAction\",\"name\":\"Comment\",\"target\":[\"https:\\\/\\\/mybook.am\\\/?p=24133#respond\"]}]},{\"@type\":\"WebPage\",\"@id\":\"https:\\\/\\\/mybook.am\\\/?p=24133\",\"url\":\"https:\\\/\\\/mybook.am\\\/?p=24133\",\"name\":\"Ce soir, ma fille de quatre ans a fait sa valise et m\u2019a annonc\u00e9 qu\u2019elle quittait la maison. -\",\"isPartOf\":{\"@id\":\"https:\\\/\\\/mybook.am\\\/#website\"},\"primaryImageOfPage\":{\"@id\":\"https:\\\/\\\/mybook.am\\\/?p=24133#primaryimage\"},\"image\":{\"@id\":\"https:\\\/\\\/mybook.am\\\/?p=24133#primaryimage\"},\"thumbnailUrl\":\"https:\\\/\\\/mybook.am\\\/wp-content\\\/uploads\\\/2025\\\/12\\\/78984549846-1.jpeg\",\"datePublished\":\"2025-12-14T11:58:50+00:00\",\"dateModified\":\"2025-12-14T11:58:52+00:00\",\"author\":{\"@id\":\"https:\\\/\\\/mybook.am\\\/#\\\/schema\\\/person\\\/e730847942cff3a199774e803916e97e\"},\"breadcrumb\":{\"@id\":\"https:\\\/\\\/mybook.am\\\/?p=24133#breadcrumb\"},\"inLanguage\":\"ru-RU\",\"potentialAction\":[{\"@type\":\"ReadAction\",\"target\":[\"https:\\\/\\\/mybook.am\\\/?p=24133\"]}]},{\"@type\":\"ImageObject\",\"inLanguage\":\"ru-RU\",\"@id\":\"https:\\\/\\\/mybook.am\\\/?p=24133#primaryimage\",\"url\":\"https:\\\/\\\/mybook.am\\\/wp-content\\\/uploads\\\/2025\\\/12\\\/78984549846-1.jpeg\",\"contentUrl\":\"https:\\\/\\\/mybook.am\\\/wp-content\\\/uploads\\\/2025\\\/12\\\/78984549846-1.jpeg\",\"width\":800,\"height\":467},{\"@type\":\"BreadcrumbList\",\"@id\":\"https:\\\/\\\/mybook.am\\\/?p=24133#breadcrumb\",\"itemListElement\":[{\"@type\":\"ListItem\",\"position\":1,\"name\":\"\u0413\u043b\u0430\u0432\u043d\u0430\u044f \u0441\u0442\u0440\u0430\u043d\u0438\u0446\u0430\",\"item\":\"https:\\\/\\\/mybook.am\\\/\"},{\"@type\":\"ListItem\",\"position\":2,\"name\":\"Ce soir, ma fille de quatre ans a fait sa valise et m\u2019a annonc\u00e9 qu\u2019elle quittait la maison.\"}]},{\"@type\":\"WebSite\",\"@id\":\"https:\\\/\\\/mybook.am\\\/#website\",\"url\":\"https:\\\/\\\/mybook.am\\\/\",\"name\":\"\",\"description\":\"\",\"potentialAction\":[{\"@type\":\"SearchAction\",\"target\":{\"@type\":\"EntryPoint\",\"urlTemplate\":\"https:\\\/\\\/mybook.am\\\/?s={search_term_string}\"},\"query-input\":{\"@type\":\"PropertyValueSpecification\",\"valueRequired\":true,\"valueName\":\"search_term_string\"}}],\"inLanguage\":\"ru-RU\"},{\"@type\":\"Person\",\"@id\":\"https:\\\/\\\/mybook.am\\\/#\\\/schema\\\/person\\\/e730847942cff3a199774e803916e97e\",\"name\":\"admin\",\"image\":{\"@type\":\"ImageObject\",\"inLanguage\":\"ru-RU\",\"@id\":\"https:\\\/\\\/secure.gravatar.com\\\/avatar\\\/df64e550a0653b7be0f1bcf897f33faad9c2c8153472b2d9319beafb51370f6f?s=96&d=mm&r=g\",\"url\":\"https:\\\/\\\/secure.gravatar.com\\\/avatar\\\/df64e550a0653b7be0f1bcf897f33faad9c2c8153472b2d9319beafb51370f6f?s=96&d=mm&r=g\",\"contentUrl\":\"https:\\\/\\\/secure.gravatar.com\\\/avatar\\\/df64e550a0653b7be0f1bcf897f33faad9c2c8153472b2d9319beafb51370f6f?s=96&d=mm&r=g\",\"caption\":\"admin\"},\"sameAs\":[\"http:\\\/\\\/mybook.am\"],\"url\":\"https:\\\/\\\/mybook.am\\\/?author=1\"}]}<\/script>\n<!-- \/ Yoast SEO plugin. -->","yoast_head_json":{"title":"Ce soir, ma fille de quatre ans a fait sa valise et m\u2019a annonc\u00e9 qu\u2019elle quittait la maison. -","robots":{"index":"index","follow":"follow","max-snippet":"max-snippet:-1","max-image-preview":"max-image-preview:large","max-video-preview":"max-video-preview:-1"},"canonical":"https:\/\/mybook.am\/?p=24133","og_locale":"ru_RU","og_type":"article","og_title":"Ce soir, ma fille de quatre ans a fait sa valise et m\u2019a annonc\u00e9 qu\u2019elle quittait la maison. -","og_description":"J\u2019ai ressenti un choc si brutal que je suis rest\u00e9 immobile quelques secondes.Quand j\u2019ai travers\u00e9 la cour, j\u2019ai tout de suite compris que","og_url":"https:\/\/mybook.am\/?p=24133","article_published_time":"2025-12-14T11:58:50+00:00","article_modified_time":"2025-12-14T11:58:52+00:00","og_image":[{"width":800,"height":467,"url":"https:\/\/mybook.am\/wp-content\/uploads\/2025\/12\/78984549846-1.jpeg","type":"image\/jpeg"}],"author":"admin","twitter_card":"summary_large_image","twitter_misc":{"\u041d\u0430\u043f\u0438\u0441\u0430\u043d\u043e \u0430\u0432\u0442\u043e\u0440\u043e\u043c":"admin","\u041f\u0440\u0438\u043c\u0435\u0440\u043d\u043e\u0435 \u0432\u0440\u0435\u043c\u044f \u0434\u043b\u044f \u0447\u0442\u0435\u043d\u0438\u044f":"4 \u043c\u0438\u043d\u0443\u0442\u044b"},"schema":{"@context":"https:\/\/schema.org","@graph":[{"@type":"Article","@id":"https:\/\/mybook.am\/?p=24133#article","isPartOf":{"@id":"https:\/\/mybook.am\/?p=24133"},"author":{"name":"admin","@id":"https:\/\/mybook.am\/#\/schema\/person\/e730847942cff3a199774e803916e97e"},"headline":"Ce soir, ma fille de quatre ans a fait sa valise et m\u2019a annonc\u00e9 qu\u2019elle quittait la maison.","datePublished":"2025-12-14T11:58:50+00:00","dateModified":"2025-12-14T11:58:52+00:00","mainEntityOfPage":{"@id":"https:\/\/mybook.am\/?p=24133"},"wordCount":689,"commentCount":0,"image":{"@id":"https:\/\/mybook.am\/?p=24133#primaryimage"},"thumbnailUrl":"https:\/\/mybook.am\/wp-content\/uploads\/2025\/12\/78984549846-1.jpeg","articleSection":["FRANS"],"inLanguage":"ru-RU","potentialAction":[{"@type":"CommentAction","name":"Comment","target":["https:\/\/mybook.am\/?p=24133#respond"]}]},{"@type":"WebPage","@id":"https:\/\/mybook.am\/?p=24133","url":"https:\/\/mybook.am\/?p=24133","name":"Ce soir, ma fille de quatre ans a fait sa valise et m\u2019a annonc\u00e9 qu\u2019elle quittait la maison. -","isPartOf":{"@id":"https:\/\/mybook.am\/#website"},"primaryImageOfPage":{"@id":"https:\/\/mybook.am\/?p=24133#primaryimage"},"image":{"@id":"https:\/\/mybook.am\/?p=24133#primaryimage"},"thumbnailUrl":"https:\/\/mybook.am\/wp-content\/uploads\/2025\/12\/78984549846-1.jpeg","datePublished":"2025-12-14T11:58:50+00:00","dateModified":"2025-12-14T11:58:52+00:00","author":{"@id":"https:\/\/mybook.am\/#\/schema\/person\/e730847942cff3a199774e803916e97e"},"breadcrumb":{"@id":"https:\/\/mybook.am\/?p=24133#breadcrumb"},"inLanguage":"ru-RU","potentialAction":[{"@type":"ReadAction","target":["https:\/\/mybook.am\/?p=24133"]}]},{"@type":"ImageObject","inLanguage":"ru-RU","@id":"https:\/\/mybook.am\/?p=24133#primaryimage","url":"https:\/\/mybook.am\/wp-content\/uploads\/2025\/12\/78984549846-1.jpeg","contentUrl":"https:\/\/mybook.am\/wp-content\/uploads\/2025\/12\/78984549846-1.jpeg","width":800,"height":467},{"@type":"BreadcrumbList","@id":"https:\/\/mybook.am\/?p=24133#breadcrumb","itemListElement":[{"@type":"ListItem","position":1,"name":"\u0413\u043b\u0430\u0432\u043d\u0430\u044f \u0441\u0442\u0440\u0430\u043d\u0438\u0446\u0430","item":"https:\/\/mybook.am\/"},{"@type":"ListItem","position":2,"name":"Ce soir, ma fille de quatre ans a fait sa valise et m\u2019a annonc\u00e9 qu\u2019elle quittait la maison."}]},{"@type":"WebSite","@id":"https:\/\/mybook.am\/#website","url":"https:\/\/mybook.am\/","name":"","description":"","potentialAction":[{"@type":"SearchAction","target":{"@type":"EntryPoint","urlTemplate":"https:\/\/mybook.am\/?s={search_term_string}"},"query-input":{"@type":"PropertyValueSpecification","valueRequired":true,"valueName":"search_term_string"}}],"inLanguage":"ru-RU"},{"@type":"Person","@id":"https:\/\/mybook.am\/#\/schema\/person\/e730847942cff3a199774e803916e97e","name":"admin","image":{"@type":"ImageObject","inLanguage":"ru-RU","@id":"https:\/\/secure.gravatar.com\/avatar\/df64e550a0653b7be0f1bcf897f33faad9c2c8153472b2d9319beafb51370f6f?s=96&d=mm&r=g","url":"https:\/\/secure.gravatar.com\/avatar\/df64e550a0653b7be0f1bcf897f33faad9c2c8153472b2d9319beafb51370f6f?s=96&d=mm&r=g","contentUrl":"https:\/\/secure.gravatar.com\/avatar\/df64e550a0653b7be0f1bcf897f33faad9c2c8153472b2d9319beafb51370f6f?s=96&d=mm&r=g","caption":"admin"},"sameAs":["http:\/\/mybook.am"],"url":"https:\/\/mybook.am\/?author=1"}]}},"views":67,"_links":{"self":[{"href":"https:\/\/mybook.am\/index.php?rest_route=\/wp\/v2\/posts\/24133","targetHints":{"allow":["GET"]}}],"collection":[{"href":"https:\/\/mybook.am\/index.php?rest_route=\/wp\/v2\/posts"}],"about":[{"href":"https:\/\/mybook.am\/index.php?rest_route=\/wp\/v2\/types\/post"}],"author":[{"embeddable":true,"href":"https:\/\/mybook.am\/index.php?rest_route=\/wp\/v2\/users\/1"}],"replies":[{"embeddable":true,"href":"https:\/\/mybook.am\/index.php?rest_route=%2Fwp%2Fv2%2Fcomments&post=24133"}],"version-history":[{"count":1,"href":"https:\/\/mybook.am\/index.php?rest_route=\/wp\/v2\/posts\/24133\/revisions"}],"predecessor-version":[{"id":24139,"href":"https:\/\/mybook.am\/index.php?rest_route=\/wp\/v2\/posts\/24133\/revisions\/24139"}],"wp:featuredmedia":[{"embeddable":true,"href":"https:\/\/mybook.am\/index.php?rest_route=\/wp\/v2\/media\/24138"}],"wp:attachment":[{"href":"https:\/\/mybook.am\/index.php?rest_route=%2Fwp%2Fv2%2Fmedia&parent=24133"}],"wp:term":[{"taxonomy":"category","embeddable":true,"href":"https:\/\/mybook.am\/index.php?rest_route=%2Fwp%2Fv2%2Fcategories&post=24133"},{"taxonomy":"post_tag","embeddable":true,"href":"https:\/\/mybook.am\/index.php?rest_route=%2Fwp%2Fv2%2Ftags&post=24133"}],"curies":[{"name":"wp","href":"https:\/\/api.w.org\/{rel}","templated":true}]}}