{"id":24186,"date":"2025-12-16T10:01:57","date_gmt":"2025-12-16T07:01:57","guid":{"rendered":"https:\/\/mybook.am\/?p=24186"},"modified":"2025-12-16T10:01:58","modified_gmt":"2025-12-16T07:01:58","slug":"drzela-jsem-dech-kdyz-to-rekla","status":"publish","type":"post","link":"https:\/\/mybook.am\/?p=24186","title":{"rendered":"Dr\u017eela jsem dech, kdy\u017e to \u0159ekla."},"content":{"rendered":"\n<p>Lisa sed\u011bla na okraji porodn\u00edho l\u016f\u017eka a v n\u00e1ru\u010d\u00ed m\u011bla svou novorozenou sestru. Byla tak mali\u010dk\u00e1, \u017ee se zd\u00e1lo nemo\u017en\u00e9, aby ji \u010dty\u0159let\u00e9 d\u00edt\u011b dok\u00e1zalo udr\u017eet. A p\u0159esto ji Lisa sv\u00edrala s p\u0159ekvapivou jistotou \u2014 opatrn\u011b, t\u00e9m\u011b\u0159 ob\u0159adn\u011b. Jako by v rukou nedr\u017eela miminko, ale n\u011bco k\u0159ehk\u00e9ho a d\u016fle\u017eit\u00e9ho, co se nesm\u00ed po\u0161kodit.<\/p>\n\n\n\n<p>M\u011bla na sob\u011b \u010derven\u00fd overal a vlasy sta\u017een\u00e9 do nedbal\u00e9ho cul\u00edku. Oby\u010dejn\u00fd d\u011btsk\u00fd obraz. Jen jej\u00ed o\u010di byly jin\u00e9. Ne radostn\u00e9, ne zv\u011bdav\u00e9. Bylo v nich soust\u0159ed\u011bn\u00ed, kter\u00e9 ke \u010dty\u0159let\u00e9mu d\u00edt\u011bti nepat\u0159\u00ed.<\/p>\n\n\n\n<p>Vzduch v pokoji von\u011bl dezinfekc\u00ed a teplem nov\u00e9ho \u017eivota. Po porodu jsem byla vy\u010derpan\u00e1, ale \u0161\u0165astn\u00e1. Cel\u00e9 m\u011bs\u00edce jsem se b\u00e1la jedin\u00e9 v\u011bci: jak Lisa p\u0159ijme svou sestru. Jestli se nebude c\u00edtit odstr\u010den\u00e1. Jestli v n\u00ed neza\u010dne r\u016fst \u017e\u00e1rlivost.<\/p>\n\n\n\n<p>Kdy\u017e jsem ji vid\u011bla, jak se k miminku skl\u00e1n\u00ed a ti\u0161e \u0161ept\u00e1, myslela jsem si, \u017ee v\u0161echny ty obavy byly zbyte\u010dn\u00e9.<\/p>\n\n\n\n<figure class=\"wp-block-image size-full\"><img loading=\"lazy\" decoding=\"async\" width=\"800\" height=\"518\" src=\"https:\/\/mybook.am\/wp-content\/uploads\/2025\/12\/879879846598.jpeg\" alt=\"\" class=\"wp-image-24187\" srcset=\"https:\/\/mybook.am\/wp-content\/uploads\/2025\/12\/879879846598.jpeg 800w, https:\/\/mybook.am\/wp-content\/uploads\/2025\/12\/879879846598-300x194.jpeg 300w, https:\/\/mybook.am\/wp-content\/uploads\/2025\/12\/879879846598-768x497.jpeg 768w\" sizes=\"auto, (max-width: 800px) 100vw, 800px\" \/><\/figure>\n\n\n\n<p>Pak ale \u0159ekla n\u011bco, co mi st\u00e1hlo krev v \u017eil\u00e1ch.<\/p>\n\n\n\n<p>\u2014 Te\u010f u\u017e m\u00e1m n\u011bkoho \u2014 za\u0161eptala.<\/p>\n\n\n\n<p>Usm\u00e1la jsem se. Unaven\u011b, dojat\u011b.<\/p>\n\n\n\n<p>\u2014 Koho, l\u00e1sko?<\/p>\n\n\n\n<p>Nepod\u00edvala se na m\u011b. O\u010di m\u011bla po\u0159\u00e1d up\u0159en\u00e9 na drobnou tv\u00e1\u0159i\u010dku, kter\u00e1 se sotva h\u00fdbala v pravideln\u00e9m rytmu dechu.<\/p>\n\n\n\n<p>\u2014 N\u011bkoho, komu budu vypr\u00e1v\u011bt tajemstv\u00ed.<\/p>\n\n\n\n<p>P\u0159es p\u00e1te\u0159 mi p\u0159eb\u011bhl chlad.<\/p>\n\n\n\n<p>\u2014 Jak\u00e1 tajemstv\u00ed? \u2014 zeptala jsem se a sna\u017eila se zn\u00edt klidn\u011b.<\/p>\n\n\n\n<p>Lisa se lehce pousm\u00e1la, jako by \u0161lo o n\u011bco samoz\u0159ejm\u00e9ho.<\/p>\n\n\n\n<p>\u2014 Takov\u00e1, co se ne\u0159\u00edkaj\u00ed tat\u00ednkovi.<\/p>\n\n\n\n<p>Ztuhla jsem.<\/p>\n\n\n\n<p>\u2014 Pro\u010d bys je nem\u011bla \u0159\u00edkat tat\u00ednkovi?<\/p>\n\n\n\n<p>Tehdy ke mn\u011b kone\u010dn\u011b zvedla o\u010di. Byly a\u017e d\u011bsiv\u011b v\u00e1\u017en\u00e9. \u017d\u00e1dn\u00e1 hra. \u017d\u00e1dn\u00e1 fantazie.<\/p>\n\n\n\n<p>\u2014 Proto\u017ee nem\u00e1 r\u00e1d, kdy\u017e bre\u010d\u00edm.<\/p>\n\n\n\n<p>Zasm\u00e1la jsem se. Nev\u011bdom\u011b. Obrann\u011b.<\/p>\n\n\n\n<p>\u2014 Tat\u00ednek t\u011b m\u00e1 r\u00e1d. Jen je n\u011bkdy unaven\u00fd.<\/p>\n\n\n\n<p>Lisa pomalu zavrt\u011bla hlavou.<\/p>\n\n\n\n<p>\u2014 Kdy\u017e je unaven\u00fd, tak ml\u010d\u00ed \u2014 \u0159ekla. \u2014 Kdy\u017e m\u011b nem\u00e1 r\u00e1d, tak mluv\u00ed potichu.<\/p>\n\n\n\n<p>Sestra u dve\u0159\u00ed ztuhla. Vid\u011bla jsem to koutkem oka. V\u0161echno se najednou zd\u00e1lo p\u0159\u00edli\u0161 tich\u00e9.<\/p>\n\n\n\n<p>\u2014 Co \u0159\u00edk\u00e1? \u2014 zeptala jsem se.<\/p>\n\n\n\n<p>Lisa se sklonila k miminku a \u0161eptla mu n\u011bco do ucha. Tak ti\u0161e, \u017ee jsem to nesly\u0161ela.<\/p>\n\n\n\n<p>\u2014 To ti pov\u00edm pozd\u011bji \u2014 \u0159ekla sest\u0159e. \u2014 A\u017e bude\u0161 v\u011bt\u0161\u00ed.<\/p>\n\n\n\n<p>\u2014 Liso \u2014 ozvala jsem se ost\u0159eji, ne\u017e jsem cht\u011bla. \u2014 Pod\u00edvej se na m\u011b.<\/p>\n\n\n\n<p>Poslechla. Bez odporu.<\/p>\n\n\n\n<p>\u2014 \u0158\u00edk\u00e1, \u017ee by ses zlobila, kdybys to v\u011bd\u011bla \u2014 vysv\u011btlila klidn\u011b. \u2014 Proto je to tajemstv\u00ed.<\/p>\n\n\n\n<p>Srdce mi bu\u0161ilo tak hlasit\u011b, \u017ee jsem m\u011bla pocit, \u017ee ho sly\u0161\u00ed cel\u00fd pokoj.<\/p>\n\n\n\n<p>\u2014 Jak\u00e9 tajemstv\u00ed?<\/p>\n\n\n\n<p>Chv\u00edli p\u0159em\u00fd\u0161lela.<\/p>\n\n\n\n<p>\u2014 \u017de mus\u00edm b\u00fdt ticho \u2014 odpov\u011bd\u011bla nakonec. \u2014 V\u017edycky. I kdy\u017e to bol\u00ed.<\/p>\n\n\n\n<p>Zav\u0159ela jsem o\u010di. V hlav\u011b se mi za\u010daly skl\u00e1dat drobn\u00e9 obrazy, kter\u00fdm jsem d\u0159\u00edv nep\u0159ikl\u00e1dala v\u00fdznam: Lisa, kter\u00e1 nikdy nikoho nebud\u00ed. Lisa, kter\u00e1 pl\u00e1\u010de bez hlasu. Lisa, kter\u00e1 se omlouv\u00e1, i kdy\u017e nic neud\u011blala.<\/p>\n\n\n\n<p>\u2014 A kdy\u017e nejsi ticho? \u2014 za\u0161eptala jsem.<\/p>\n\n\n\n<p>Sklopila o\u010di.<\/p>\n\n\n\n<p>\u2014 Tak jsem \u0161patn\u00e1.<\/p>\n\n\n\n<p>Ta v\u011bta m\u011b zas\u00e1hla v\u00edc ne\u017e k\u0159ik. Proto\u017ee v n\u00ed nebyl strach. Jen nau\u010den\u00fd z\u00e1v\u011br.<\/p>\n\n\n\n<p>\u2014 Tat\u00ednek je hodn\u00fd \u2014 dodala rychle, jako by se b\u00e1la, \u017ee \u0159ekla p\u0159\u00edli\u0161. \u2014 Jen nem\u00e1 r\u00e1d hluk.<\/p>\n\n\n\n<p>Pak se znovu usm\u00e1la. D\u011btsky. Nevinn\u011b.<\/p>\n\n\n\n<p>\u2014 Ale te\u010f m\u00e1m sestru \u2014 \u0159ekla. \u2014 Nau\u010d\u00edm ji, jak b\u00fdt hodn\u00e1. Aby n\u00e1s m\u011bl r\u00e1d.<\/p>\n\n\n\n<p>P\u0159itiskla jsem ob\u011b d\u011bti k sob\u011b, zapomn\u011bla na bolest, na kabely, na cel\u00fd sv\u011bt kolem. V tu chv\u00edli mi do\u0161lo n\u011bco, co m\u011b d\u011bs\u00ed dodnes:<\/p>\n\n\n\n<p>Nejhor\u0161\u00ed nebylo to, co Lisa \u0159ekla.<br>Nejhor\u0161\u00ed bylo, jak dlouho to dok\u00e1zala ne\u0159\u00edkat.<\/p>\n\n\n\n<p>A \u017ee jsem to cel\u00e9 ty roky nesly\u0161ela.<\/p>\n","protected":false},"excerpt":{"rendered":"Lisa sed\u011bla na okraji porodn\u00edho l\u016f\u017eka a v n\u00e1ru\u010d\u00ed m\u011bla svou novorozenou sestru. Byla tak mali\u010dk\u00e1, \u017ee se zd\u00e1lo nemo\u017en\u00e9, aby ji \u010dty\u0159let\u00e9 \n<a class=\"moretag\" href=\"https:\/\/mybook.am\/?p=24186\"> [...]<\/a>","protected":false},"author":1,"featured_media":24187,"comment_status":"open","ping_status":"open","sticky":false,"template":"","format":"standard","meta":{"footnotes":""},"categories":[1],"tags":[],"class_list":["post-24186","post","type-post","status-publish","format-standard","has-post-thumbnail","hentry","category-ceska"],"yoast_head":"<!-- This site is optimized with the Yoast SEO plugin v27.5 - https:\/\/yoast.com\/product\/yoast-seo-wordpress\/ -->\n<title>Dr\u017eela jsem dech, kdy\u017e to \u0159ekla. -<\/title>\n<meta name=\"robots\" content=\"index, follow, max-snippet:-1, max-image-preview:large, max-video-preview:-1\" \/>\n<link rel=\"canonical\" href=\"https:\/\/mybook.am\/?p=24186\" \/>\n<meta property=\"og:locale\" content=\"ru_RU\" \/>\n<meta property=\"og:type\" content=\"article\" \/>\n<meta property=\"og:title\" content=\"Dr\u017eela jsem dech, kdy\u017e to \u0159ekla. -\" \/>\n<meta property=\"og:description\" content=\"Lisa sed\u011bla na okraji porodn\u00edho l\u016f\u017eka a v n\u00e1ru\u010d\u00ed m\u011bla svou novorozenou sestru. Byla tak mali\u010dk\u00e1, \u017ee se zd\u00e1lo nemo\u017en\u00e9, aby ji \u010dty\u0159let\u00e9\" \/>\n<meta property=\"og:url\" content=\"https:\/\/mybook.am\/?p=24186\" \/>\n<meta property=\"article:published_time\" content=\"2025-12-16T07:01:57+00:00\" \/>\n<meta property=\"article:modified_time\" content=\"2025-12-16T07:01:58+00:00\" \/>\n<meta property=\"og:image\" content=\"https:\/\/mybook.am\/wp-content\/uploads\/2025\/12\/879879846598.jpeg\" \/>\n\t<meta property=\"og:image:width\" content=\"800\" \/>\n\t<meta property=\"og:image:height\" content=\"518\" \/>\n\t<meta property=\"og:image:type\" content=\"image\/jpeg\" \/>\n<meta name=\"author\" content=\"admin\" \/>\n<meta name=\"twitter:card\" content=\"summary_large_image\" \/>\n<meta name=\"twitter:label1\" content=\"\u041d\u0430\u043f\u0438\u0441\u0430\u043d\u043e \u0430\u0432\u0442\u043e\u0440\u043e\u043c\" \/>\n\t<meta name=\"twitter:data1\" content=\"admin\" \/>\n\t<meta name=\"twitter:label2\" content=\"\u041f\u0440\u0438\u043c\u0435\u0440\u043d\u043e\u0435 \u0432\u0440\u0435\u043c\u044f \u0434\u043b\u044f \u0447\u0442\u0435\u043d\u0438\u044f\" \/>\n\t<meta name=\"twitter:data2\" content=\"4 \u043c\u0438\u043d\u0443\u0442\u044b\" \/>\n<script type=\"application\/ld+json\" class=\"yoast-schema-graph\">{\"@context\":\"https:\\\/\\\/schema.org\",\"@graph\":[{\"@type\":\"Article\",\"@id\":\"https:\\\/\\\/mybook.am\\\/?p=24186#article\",\"isPartOf\":{\"@id\":\"https:\\\/\\\/mybook.am\\\/?p=24186\"},\"author\":{\"name\":\"admin\",\"@id\":\"https:\\\/\\\/mybook.am\\\/#\\\/schema\\\/person\\\/e730847942cff3a199774e803916e97e\"},\"headline\":\"Dr\u017eela jsem dech, kdy\u017e to \u0159ekla.\",\"datePublished\":\"2025-12-16T07:01:57+00:00\",\"dateModified\":\"2025-12-16T07:01:58+00:00\",\"mainEntityOfPage\":{\"@id\":\"https:\\\/\\\/mybook.am\\\/?p=24186\"},\"wordCount\":705,\"commentCount\":0,\"image\":{\"@id\":\"https:\\\/\\\/mybook.am\\\/?p=24186#primaryimage\"},\"thumbnailUrl\":\"https:\\\/\\\/mybook.am\\\/wp-content\\\/uploads\\\/2025\\\/12\\\/879879846598.jpeg\",\"articleSection\":[\"\u010cesk\u00e1\"],\"inLanguage\":\"ru-RU\",\"potentialAction\":[{\"@type\":\"CommentAction\",\"name\":\"Comment\",\"target\":[\"https:\\\/\\\/mybook.am\\\/?p=24186#respond\"]}]},{\"@type\":\"WebPage\",\"@id\":\"https:\\\/\\\/mybook.am\\\/?p=24186\",\"url\":\"https:\\\/\\\/mybook.am\\\/?p=24186\",\"name\":\"Dr\u017eela jsem dech, kdy\u017e to \u0159ekla. -\",\"isPartOf\":{\"@id\":\"https:\\\/\\\/mybook.am\\\/#website\"},\"primaryImageOfPage\":{\"@id\":\"https:\\\/\\\/mybook.am\\\/?p=24186#primaryimage\"},\"image\":{\"@id\":\"https:\\\/\\\/mybook.am\\\/?p=24186#primaryimage\"},\"thumbnailUrl\":\"https:\\\/\\\/mybook.am\\\/wp-content\\\/uploads\\\/2025\\\/12\\\/879879846598.jpeg\",\"datePublished\":\"2025-12-16T07:01:57+00:00\",\"dateModified\":\"2025-12-16T07:01:58+00:00\",\"author\":{\"@id\":\"https:\\\/\\\/mybook.am\\\/#\\\/schema\\\/person\\\/e730847942cff3a199774e803916e97e\"},\"breadcrumb\":{\"@id\":\"https:\\\/\\\/mybook.am\\\/?p=24186#breadcrumb\"},\"inLanguage\":\"ru-RU\",\"potentialAction\":[{\"@type\":\"ReadAction\",\"target\":[\"https:\\\/\\\/mybook.am\\\/?p=24186\"]}]},{\"@type\":\"ImageObject\",\"inLanguage\":\"ru-RU\",\"@id\":\"https:\\\/\\\/mybook.am\\\/?p=24186#primaryimage\",\"url\":\"https:\\\/\\\/mybook.am\\\/wp-content\\\/uploads\\\/2025\\\/12\\\/879879846598.jpeg\",\"contentUrl\":\"https:\\\/\\\/mybook.am\\\/wp-content\\\/uploads\\\/2025\\\/12\\\/879879846598.jpeg\",\"width\":800,\"height\":518},{\"@type\":\"BreadcrumbList\",\"@id\":\"https:\\\/\\\/mybook.am\\\/?p=24186#breadcrumb\",\"itemListElement\":[{\"@type\":\"ListItem\",\"position\":1,\"name\":\"\u0413\u043b\u0430\u0432\u043d\u0430\u044f \u0441\u0442\u0440\u0430\u043d\u0438\u0446\u0430\",\"item\":\"https:\\\/\\\/mybook.am\\\/\"},{\"@type\":\"ListItem\",\"position\":2,\"name\":\"Dr\u017eela jsem dech, kdy\u017e to \u0159ekla.\"}]},{\"@type\":\"WebSite\",\"@id\":\"https:\\\/\\\/mybook.am\\\/#website\",\"url\":\"https:\\\/\\\/mybook.am\\\/\",\"name\":\"\",\"description\":\"\",\"potentialAction\":[{\"@type\":\"SearchAction\",\"target\":{\"@type\":\"EntryPoint\",\"urlTemplate\":\"https:\\\/\\\/mybook.am\\\/?s={search_term_string}\"},\"query-input\":{\"@type\":\"PropertyValueSpecification\",\"valueRequired\":true,\"valueName\":\"search_term_string\"}}],\"inLanguage\":\"ru-RU\"},{\"@type\":\"Person\",\"@id\":\"https:\\\/\\\/mybook.am\\\/#\\\/schema\\\/person\\\/e730847942cff3a199774e803916e97e\",\"name\":\"admin\",\"image\":{\"@type\":\"ImageObject\",\"inLanguage\":\"ru-RU\",\"@id\":\"https:\\\/\\\/secure.gravatar.com\\\/avatar\\\/df64e550a0653b7be0f1bcf897f33faad9c2c8153472b2d9319beafb51370f6f?s=96&d=mm&r=g\",\"url\":\"https:\\\/\\\/secure.gravatar.com\\\/avatar\\\/df64e550a0653b7be0f1bcf897f33faad9c2c8153472b2d9319beafb51370f6f?s=96&d=mm&r=g\",\"contentUrl\":\"https:\\\/\\\/secure.gravatar.com\\\/avatar\\\/df64e550a0653b7be0f1bcf897f33faad9c2c8153472b2d9319beafb51370f6f?s=96&d=mm&r=g\",\"caption\":\"admin\"},\"sameAs\":[\"http:\\\/\\\/mybook.am\"],\"url\":\"https:\\\/\\\/mybook.am\\\/?author=1\"}]}<\/script>\n<!-- \/ Yoast SEO plugin. -->","yoast_head_json":{"title":"Dr\u017eela jsem dech, kdy\u017e to \u0159ekla. -","robots":{"index":"index","follow":"follow","max-snippet":"max-snippet:-1","max-image-preview":"max-image-preview:large","max-video-preview":"max-video-preview:-1"},"canonical":"https:\/\/mybook.am\/?p=24186","og_locale":"ru_RU","og_type":"article","og_title":"Dr\u017eela jsem dech, kdy\u017e to \u0159ekla. -","og_description":"Lisa sed\u011bla na okraji porodn\u00edho l\u016f\u017eka a v n\u00e1ru\u010d\u00ed m\u011bla svou novorozenou sestru. Byla tak mali\u010dk\u00e1, \u017ee se zd\u00e1lo nemo\u017en\u00e9, aby ji \u010dty\u0159let\u00e9","og_url":"https:\/\/mybook.am\/?p=24186","article_published_time":"2025-12-16T07:01:57+00:00","article_modified_time":"2025-12-16T07:01:58+00:00","og_image":[{"width":800,"height":518,"url":"https:\/\/mybook.am\/wp-content\/uploads\/2025\/12\/879879846598.jpeg","type":"image\/jpeg"}],"author":"admin","twitter_card":"summary_large_image","twitter_misc":{"\u041d\u0430\u043f\u0438\u0441\u0430\u043d\u043e \u0430\u0432\u0442\u043e\u0440\u043e\u043c":"admin","\u041f\u0440\u0438\u043c\u0435\u0440\u043d\u043e\u0435 \u0432\u0440\u0435\u043c\u044f \u0434\u043b\u044f \u0447\u0442\u0435\u043d\u0438\u044f":"4 \u043c\u0438\u043d\u0443\u0442\u044b"},"schema":{"@context":"https:\/\/schema.org","@graph":[{"@type":"Article","@id":"https:\/\/mybook.am\/?p=24186#article","isPartOf":{"@id":"https:\/\/mybook.am\/?p=24186"},"author":{"name":"admin","@id":"https:\/\/mybook.am\/#\/schema\/person\/e730847942cff3a199774e803916e97e"},"headline":"Dr\u017eela jsem dech, kdy\u017e to \u0159ekla.","datePublished":"2025-12-16T07:01:57+00:00","dateModified":"2025-12-16T07:01:58+00:00","mainEntityOfPage":{"@id":"https:\/\/mybook.am\/?p=24186"},"wordCount":705,"commentCount":0,"image":{"@id":"https:\/\/mybook.am\/?p=24186#primaryimage"},"thumbnailUrl":"https:\/\/mybook.am\/wp-content\/uploads\/2025\/12\/879879846598.jpeg","articleSection":["\u010cesk\u00e1"],"inLanguage":"ru-RU","potentialAction":[{"@type":"CommentAction","name":"Comment","target":["https:\/\/mybook.am\/?p=24186#respond"]}]},{"@type":"WebPage","@id":"https:\/\/mybook.am\/?p=24186","url":"https:\/\/mybook.am\/?p=24186","name":"Dr\u017eela jsem dech, kdy\u017e to \u0159ekla. -","isPartOf":{"@id":"https:\/\/mybook.am\/#website"},"primaryImageOfPage":{"@id":"https:\/\/mybook.am\/?p=24186#primaryimage"},"image":{"@id":"https:\/\/mybook.am\/?p=24186#primaryimage"},"thumbnailUrl":"https:\/\/mybook.am\/wp-content\/uploads\/2025\/12\/879879846598.jpeg","datePublished":"2025-12-16T07:01:57+00:00","dateModified":"2025-12-16T07:01:58+00:00","author":{"@id":"https:\/\/mybook.am\/#\/schema\/person\/e730847942cff3a199774e803916e97e"},"breadcrumb":{"@id":"https:\/\/mybook.am\/?p=24186#breadcrumb"},"inLanguage":"ru-RU","potentialAction":[{"@type":"ReadAction","target":["https:\/\/mybook.am\/?p=24186"]}]},{"@type":"ImageObject","inLanguage":"ru-RU","@id":"https:\/\/mybook.am\/?p=24186#primaryimage","url":"https:\/\/mybook.am\/wp-content\/uploads\/2025\/12\/879879846598.jpeg","contentUrl":"https:\/\/mybook.am\/wp-content\/uploads\/2025\/12\/879879846598.jpeg","width":800,"height":518},{"@type":"BreadcrumbList","@id":"https:\/\/mybook.am\/?p=24186#breadcrumb","itemListElement":[{"@type":"ListItem","position":1,"name":"\u0413\u043b\u0430\u0432\u043d\u0430\u044f \u0441\u0442\u0440\u0430\u043d\u0438\u0446\u0430","item":"https:\/\/mybook.am\/"},{"@type":"ListItem","position":2,"name":"Dr\u017eela jsem dech, kdy\u017e to \u0159ekla."}]},{"@type":"WebSite","@id":"https:\/\/mybook.am\/#website","url":"https:\/\/mybook.am\/","name":"","description":"","potentialAction":[{"@type":"SearchAction","target":{"@type":"EntryPoint","urlTemplate":"https:\/\/mybook.am\/?s={search_term_string}"},"query-input":{"@type":"PropertyValueSpecification","valueRequired":true,"valueName":"search_term_string"}}],"inLanguage":"ru-RU"},{"@type":"Person","@id":"https:\/\/mybook.am\/#\/schema\/person\/e730847942cff3a199774e803916e97e","name":"admin","image":{"@type":"ImageObject","inLanguage":"ru-RU","@id":"https:\/\/secure.gravatar.com\/avatar\/df64e550a0653b7be0f1bcf897f33faad9c2c8153472b2d9319beafb51370f6f?s=96&d=mm&r=g","url":"https:\/\/secure.gravatar.com\/avatar\/df64e550a0653b7be0f1bcf897f33faad9c2c8153472b2d9319beafb51370f6f?s=96&d=mm&r=g","contentUrl":"https:\/\/secure.gravatar.com\/avatar\/df64e550a0653b7be0f1bcf897f33faad9c2c8153472b2d9319beafb51370f6f?s=96&d=mm&r=g","caption":"admin"},"sameAs":["http:\/\/mybook.am"],"url":"https:\/\/mybook.am\/?author=1"}]}},"views":105,"_links":{"self":[{"href":"https:\/\/mybook.am\/index.php?rest_route=\/wp\/v2\/posts\/24186","targetHints":{"allow":["GET"]}}],"collection":[{"href":"https:\/\/mybook.am\/index.php?rest_route=\/wp\/v2\/posts"}],"about":[{"href":"https:\/\/mybook.am\/index.php?rest_route=\/wp\/v2\/types\/post"}],"author":[{"embeddable":true,"href":"https:\/\/mybook.am\/index.php?rest_route=\/wp\/v2\/users\/1"}],"replies":[{"embeddable":true,"href":"https:\/\/mybook.am\/index.php?rest_route=%2Fwp%2Fv2%2Fcomments&post=24186"}],"version-history":[{"count":1,"href":"https:\/\/mybook.am\/index.php?rest_route=\/wp\/v2\/posts\/24186\/revisions"}],"predecessor-version":[{"id":24188,"href":"https:\/\/mybook.am\/index.php?rest_route=\/wp\/v2\/posts\/24186\/revisions\/24188"}],"wp:featuredmedia":[{"embeddable":true,"href":"https:\/\/mybook.am\/index.php?rest_route=\/wp\/v2\/media\/24187"}],"wp:attachment":[{"href":"https:\/\/mybook.am\/index.php?rest_route=%2Fwp%2Fv2%2Fmedia&parent=24186"}],"wp:term":[{"taxonomy":"category","embeddable":true,"href":"https:\/\/mybook.am\/index.php?rest_route=%2Fwp%2Fv2%2Fcategories&post=24186"},{"taxonomy":"post_tag","embeddable":true,"href":"https:\/\/mybook.am\/index.php?rest_route=%2Fwp%2Fv2%2Ftags&post=24186"}],"curies":[{"name":"wp","href":"https:\/\/api.w.org\/{rel}","templated":true}]}}