{"id":24206,"date":"2025-12-16T16:47:46","date_gmt":"2025-12-16T13:47:46","guid":{"rendered":"https:\/\/mybook.am\/?p=24206"},"modified":"2025-12-16T16:47:47","modified_gmt":"2025-12-16T13:47:47","slug":"parfois-le-destin-necrit-pas-une-histoire-il-opere-sans-prevenir-sans-anesthesie","status":"publish","type":"post","link":"https:\/\/mybook.am\/?p=24206","title":{"rendered":"Parfois, le destin n\u2019\u00e9crit pas une histoire : il op\u00e8re. Sans pr\u00e9venir. Sans anesth\u00e9sie."},"content":{"rendered":"\n<p>Il sait exactement o\u00f9 faire mal. Et c\u2019est ainsi que la vie de Veronica Yoko Plebani a bascul\u00e9.<\/p>\n\n\n\n<p>\u00c0 quinze ans, son corps a fr\u00f4l\u00e9 l\u2019irr\u00e9versible. Une m\u00e9ningite bact\u00e9rienne fulgurante ne lui a laiss\u00e9 aucun r\u00e9pit. Elle a surv\u00e9cu \u2014 mais survivre ne signifie pas sortir indemne. Des cicatrices profondes sur les bras et les jambes. Des phalanges perdues. Un corps transform\u00e9 \u00e0 jamais. Et ce miroir, chaque matin, qui ne ment jamais.<\/p>\n\n\n\n<p>L\u2019adolescence est d\u00e9j\u00e0 un champ de mines. Le regard sur soi devient cruel, obsessionnel. Pour Veronica, il ne s\u2019agissait pas seulement d\u2019apparence, mais d\u2019identit\u00e9. Comment se reconna\u00eetre quand le corps ne correspond plus \u00e0 l\u2019image que l\u2019on avait de soi ? Comment continuer \u00e0 avancer quand chaque regard ext\u00e9rieur semble poser la m\u00eame question muette : et maintenant ?<\/p>\n\n\n\n<p>Les m\u00e9decins parlaient avec prudence. Les proches retenaient leur souffle. Le monde attendait de voir si elle allait se replier, dispara\u00eetre, s\u2019effacer. Elle a fait exactement l\u2019inverse.<\/p>\n\n\n\n<figure class=\"wp-block-image size-large\"><img loading=\"lazy\" decoding=\"async\" width=\"1024\" height=\"533\" src=\"https:\/\/mybook.am\/wp-content\/uploads\/2025\/12\/54894654-1-1024x533.jpg\" alt=\"\" class=\"wp-image-24212\" srcset=\"https:\/\/mybook.am\/wp-content\/uploads\/2025\/12\/54894654-1-1024x533.jpg 1024w, https:\/\/mybook.am\/wp-content\/uploads\/2025\/12\/54894654-1-300x156.jpg 300w, https:\/\/mybook.am\/wp-content\/uploads\/2025\/12\/54894654-1-768x400.jpg 768w, https:\/\/mybook.am\/wp-content\/uploads\/2025\/12\/54894654-1.jpg 1100w\" sizes=\"auto, (max-width: 1024px) 100vw, 1024px\" \/><\/figure>\n\n\n\n<p>Le sport n\u2019est pas arriv\u00e9 comme un r\u00eave, mais comme une bou\u00e9e. Une mani\u00e8re de reprendre possession de son corps, de retrouver le rythme, l\u2019effort, la respiration. Les d\u00e9buts ont \u00e9t\u00e9 impitoyables. Le corps r\u00e9sistait, l\u2019\u00e9quilibre trahissait, la douleur revenait sans cesse. Mais la douleur est un filtre brutal : elle d\u00e9truit ou elle transforme.<\/p>\n\n\n\n<p>Cano\u00eb, snowboard, triathlon. Sur le papier, ce sont des disciplines. En r\u00e9alit\u00e9, ce sont des milliers de d\u00e9cisions silencieuses. Se lever quand tout demande de rester au sol. Continuer quand personne ne regarde. Avancer sans promesse de r\u00e9compense. Veronica a choisi le mouvement, encore et encore.<\/p>\n\n\n\n<p>Rio, Sotchi, Tokyo, Paris. Les Jeux paralympiques ont suivi. Les m\u00e9dailles aussi. Mais elles ne sont jamais le c\u0153ur de l\u2019histoire. Elles en sont la cons\u00e9quence. La preuve qu\u2019un corps imparfait peut devenir un outil de puissance. Que les limites ne commencent pas l\u00e0 o\u00f9 il manque quelque chose, mais l\u00e0 o\u00f9 l\u2019on renonce.<\/p>\n\n\n\n<p>Aujourd\u2019hui, Veronica ne cache rien. Ni ses cicatrices, ni son parcours. Elle les porte comme une carte. Celle d\u2019un chemin travers\u00e9 dans la douleur, mais aussi dans la lucidit\u00e9. Elle ne s\u2019est pas reconstruite \u00e0 l\u2019identique. Elle s\u2019est reconstruite autrement.<\/p>\n\n\n\n<p>Quand elle s\u2019aligne sur la ligne de d\u00e9part, ce n\u2019est pas seulement une athl\u00e8te. C\u2019est une r\u00e9ponse vivante \u00e0 l\u2019id\u00e9e que la valeur humaine se mesure \u00e0 l\u2019int\u00e9grit\u00e9 physique. Elle incarne une autre v\u00e9rit\u00e9 : la confiance en soi na\u00eet de l\u2019acceptation, pas de la perfection.<\/p>\n\n\n\n<p>Des millions de personnes voient en elle bien plus qu\u2019une championne paralympique. Elles y reconnaissent leurs propres peurs : la maladie, la perte, la diff\u00e9rence, la fragilit\u00e9. Et soudain, une pens\u00e9e s\u2019impose : tout n\u2019est peut-\u00eatre pas fini.<\/p>\n\n\n\n<p>L\u2019histoire de Veronica Yoko Plebani n\u2019est pas confortable. Elle ne rassure pas. Elle d\u00e9range. Elle casse les illusions. Et c\u2019est pr\u00e9cis\u00e9ment pour cela qu\u2019elle touche si fort.<\/p>\n\n\n\n<p>Parce qu\u2019elle rappelle une chose essentielle, souvent oubli\u00e9e : l\u2019\u00eatre humain peut \u00eatre plus fort que ce qui l\u2019a bris\u00e9. Et parfois, bien plus fort qu\u2019il ne l\u2019aurait jamais imagin\u00e9.<\/p>\n","protected":false},"excerpt":{"rendered":"Il sait exactement o\u00f9 faire mal. Et c\u2019est ainsi que la vie de Veronica Yoko Plebani a bascul\u00e9. \u00c0 quinze ans, son corps \n<a class=\"moretag\" href=\"https:\/\/mybook.am\/?p=24206\"> [...]<\/a>","protected":false},"author":1,"featured_media":24212,"comment_status":"open","ping_status":"open","sticky":false,"template":"","format":"standard","meta":{"footnotes":""},"categories":[3],"tags":[],"class_list":["post-24206","post","type-post","status-publish","format-standard","has-post-thumbnail","hentry","category-fotto"],"yoast_head":"<!-- This site is optimized with the Yoast SEO plugin v27.5 - https:\/\/yoast.com\/product\/yoast-seo-wordpress\/ -->\n<title>Parfois, le destin n\u2019\u00e9crit pas une histoire : il op\u00e8re. Sans pr\u00e9venir. Sans anesth\u00e9sie. -<\/title>\n<meta name=\"robots\" content=\"index, follow, max-snippet:-1, max-image-preview:large, max-video-preview:-1\" \/>\n<link rel=\"canonical\" href=\"https:\/\/mybook.am\/?p=24206\" \/>\n<meta property=\"og:locale\" content=\"ru_RU\" \/>\n<meta property=\"og:type\" content=\"article\" \/>\n<meta property=\"og:title\" content=\"Parfois, le destin n\u2019\u00e9crit pas une histoire : il op\u00e8re. Sans pr\u00e9venir. Sans anesth\u00e9sie. -\" \/>\n<meta property=\"og:description\" content=\"Il sait exactement o\u00f9 faire mal. Et c\u2019est ainsi que la vie de Veronica Yoko Plebani a bascul\u00e9. \u00c0 quinze ans, son corps\" \/>\n<meta property=\"og:url\" content=\"https:\/\/mybook.am\/?p=24206\" \/>\n<meta property=\"article:published_time\" content=\"2025-12-16T13:47:46+00:00\" \/>\n<meta property=\"article:modified_time\" content=\"2025-12-16T13:47:47+00:00\" \/>\n<meta property=\"og:image\" content=\"https:\/\/mybook.am\/wp-content\/uploads\/2025\/12\/54894654-1.jpg\" \/>\n\t<meta property=\"og:image:width\" content=\"1100\" \/>\n\t<meta property=\"og:image:height\" content=\"573\" \/>\n\t<meta property=\"og:image:type\" content=\"image\/jpeg\" \/>\n<meta name=\"author\" content=\"admin\" \/>\n<meta name=\"twitter:card\" content=\"summary_large_image\" \/>\n<meta name=\"twitter:label1\" content=\"\u041d\u0430\u043f\u0438\u0441\u0430\u043d\u043e \u0430\u0432\u0442\u043e\u0440\u043e\u043c\" \/>\n\t<meta name=\"twitter:data1\" content=\"admin\" \/>\n\t<meta name=\"twitter:label2\" content=\"\u041f\u0440\u0438\u043c\u0435\u0440\u043d\u043e\u0435 \u0432\u0440\u0435\u043c\u044f \u0434\u043b\u044f \u0447\u0442\u0435\u043d\u0438\u044f\" \/>\n\t<meta name=\"twitter:data2\" content=\"4 \u043c\u0438\u043d\u0443\u0442\u044b\" \/>\n<script type=\"application\/ld+json\" class=\"yoast-schema-graph\">{\"@context\":\"https:\\\/\\\/schema.org\",\"@graph\":[{\"@type\":\"Article\",\"@id\":\"https:\\\/\\\/mybook.am\\\/?p=24206#article\",\"isPartOf\":{\"@id\":\"https:\\\/\\\/mybook.am\\\/?p=24206\"},\"author\":{\"name\":\"admin\",\"@id\":\"https:\\\/\\\/mybook.am\\\/#\\\/schema\\\/person\\\/e730847942cff3a199774e803916e97e\"},\"headline\":\"Parfois, le destin n\u2019\u00e9crit pas une histoire : il op\u00e8re. Sans pr\u00e9venir. Sans anesth\u00e9sie.\",\"datePublished\":\"2025-12-16T13:47:46+00:00\",\"dateModified\":\"2025-12-16T13:47:47+00:00\",\"mainEntityOfPage\":{\"@id\":\"https:\\\/\\\/mybook.am\\\/?p=24206\"},\"wordCount\":573,\"commentCount\":0,\"image\":{\"@id\":\"https:\\\/\\\/mybook.am\\\/?p=24206#primaryimage\"},\"thumbnailUrl\":\"https:\\\/\\\/mybook.am\\\/wp-content\\\/uploads\\\/2025\\\/12\\\/54894654-1.jpg\",\"articleSection\":[\"FRANS\"],\"inLanguage\":\"ru-RU\",\"potentialAction\":[{\"@type\":\"CommentAction\",\"name\":\"Comment\",\"target\":[\"https:\\\/\\\/mybook.am\\\/?p=24206#respond\"]}]},{\"@type\":\"WebPage\",\"@id\":\"https:\\\/\\\/mybook.am\\\/?p=24206\",\"url\":\"https:\\\/\\\/mybook.am\\\/?p=24206\",\"name\":\"Parfois, le destin n\u2019\u00e9crit pas une histoire : il op\u00e8re. Sans pr\u00e9venir. Sans anesth\u00e9sie. -\",\"isPartOf\":{\"@id\":\"https:\\\/\\\/mybook.am\\\/#website\"},\"primaryImageOfPage\":{\"@id\":\"https:\\\/\\\/mybook.am\\\/?p=24206#primaryimage\"},\"image\":{\"@id\":\"https:\\\/\\\/mybook.am\\\/?p=24206#primaryimage\"},\"thumbnailUrl\":\"https:\\\/\\\/mybook.am\\\/wp-content\\\/uploads\\\/2025\\\/12\\\/54894654-1.jpg\",\"datePublished\":\"2025-12-16T13:47:46+00:00\",\"dateModified\":\"2025-12-16T13:47:47+00:00\",\"author\":{\"@id\":\"https:\\\/\\\/mybook.am\\\/#\\\/schema\\\/person\\\/e730847942cff3a199774e803916e97e\"},\"breadcrumb\":{\"@id\":\"https:\\\/\\\/mybook.am\\\/?p=24206#breadcrumb\"},\"inLanguage\":\"ru-RU\",\"potentialAction\":[{\"@type\":\"ReadAction\",\"target\":[\"https:\\\/\\\/mybook.am\\\/?p=24206\"]}]},{\"@type\":\"ImageObject\",\"inLanguage\":\"ru-RU\",\"@id\":\"https:\\\/\\\/mybook.am\\\/?p=24206#primaryimage\",\"url\":\"https:\\\/\\\/mybook.am\\\/wp-content\\\/uploads\\\/2025\\\/12\\\/54894654-1.jpg\",\"contentUrl\":\"https:\\\/\\\/mybook.am\\\/wp-content\\\/uploads\\\/2025\\\/12\\\/54894654-1.jpg\",\"width\":1100,\"height\":573},{\"@type\":\"BreadcrumbList\",\"@id\":\"https:\\\/\\\/mybook.am\\\/?p=24206#breadcrumb\",\"itemListElement\":[{\"@type\":\"ListItem\",\"position\":1,\"name\":\"\u0413\u043b\u0430\u0432\u043d\u0430\u044f \u0441\u0442\u0440\u0430\u043d\u0438\u0446\u0430\",\"item\":\"https:\\\/\\\/mybook.am\\\/\"},{\"@type\":\"ListItem\",\"position\":2,\"name\":\"Parfois, le destin n\u2019\u00e9crit pas une histoire : il op\u00e8re. Sans pr\u00e9venir. Sans anesth\u00e9sie.\"}]},{\"@type\":\"WebSite\",\"@id\":\"https:\\\/\\\/mybook.am\\\/#website\",\"url\":\"https:\\\/\\\/mybook.am\\\/\",\"name\":\"\",\"description\":\"\",\"potentialAction\":[{\"@type\":\"SearchAction\",\"target\":{\"@type\":\"EntryPoint\",\"urlTemplate\":\"https:\\\/\\\/mybook.am\\\/?s={search_term_string}\"},\"query-input\":{\"@type\":\"PropertyValueSpecification\",\"valueRequired\":true,\"valueName\":\"search_term_string\"}}],\"inLanguage\":\"ru-RU\"},{\"@type\":\"Person\",\"@id\":\"https:\\\/\\\/mybook.am\\\/#\\\/schema\\\/person\\\/e730847942cff3a199774e803916e97e\",\"name\":\"admin\",\"image\":{\"@type\":\"ImageObject\",\"inLanguage\":\"ru-RU\",\"@id\":\"https:\\\/\\\/secure.gravatar.com\\\/avatar\\\/df64e550a0653b7be0f1bcf897f33faad9c2c8153472b2d9319beafb51370f6f?s=96&d=mm&r=g\",\"url\":\"https:\\\/\\\/secure.gravatar.com\\\/avatar\\\/df64e550a0653b7be0f1bcf897f33faad9c2c8153472b2d9319beafb51370f6f?s=96&d=mm&r=g\",\"contentUrl\":\"https:\\\/\\\/secure.gravatar.com\\\/avatar\\\/df64e550a0653b7be0f1bcf897f33faad9c2c8153472b2d9319beafb51370f6f?s=96&d=mm&r=g\",\"caption\":\"admin\"},\"sameAs\":[\"http:\\\/\\\/mybook.am\"],\"url\":\"https:\\\/\\\/mybook.am\\\/?author=1\"}]}<\/script>\n<!-- \/ Yoast SEO plugin. -->","yoast_head_json":{"title":"Parfois, le destin n\u2019\u00e9crit pas une histoire : il op\u00e8re. Sans pr\u00e9venir. Sans anesth\u00e9sie. -","robots":{"index":"index","follow":"follow","max-snippet":"max-snippet:-1","max-image-preview":"max-image-preview:large","max-video-preview":"max-video-preview:-1"},"canonical":"https:\/\/mybook.am\/?p=24206","og_locale":"ru_RU","og_type":"article","og_title":"Parfois, le destin n\u2019\u00e9crit pas une histoire : il op\u00e8re. Sans pr\u00e9venir. Sans anesth\u00e9sie. -","og_description":"Il sait exactement o\u00f9 faire mal. Et c\u2019est ainsi que la vie de Veronica Yoko Plebani a bascul\u00e9. \u00c0 quinze ans, son corps","og_url":"https:\/\/mybook.am\/?p=24206","article_published_time":"2025-12-16T13:47:46+00:00","article_modified_time":"2025-12-16T13:47:47+00:00","og_image":[{"width":1100,"height":573,"url":"https:\/\/mybook.am\/wp-content\/uploads\/2025\/12\/54894654-1.jpg","type":"image\/jpeg"}],"author":"admin","twitter_card":"summary_large_image","twitter_misc":{"\u041d\u0430\u043f\u0438\u0441\u0430\u043d\u043e \u0430\u0432\u0442\u043e\u0440\u043e\u043c":"admin","\u041f\u0440\u0438\u043c\u0435\u0440\u043d\u043e\u0435 \u0432\u0440\u0435\u043c\u044f \u0434\u043b\u044f \u0447\u0442\u0435\u043d\u0438\u044f":"4 \u043c\u0438\u043d\u0443\u0442\u044b"},"schema":{"@context":"https:\/\/schema.org","@graph":[{"@type":"Article","@id":"https:\/\/mybook.am\/?p=24206#article","isPartOf":{"@id":"https:\/\/mybook.am\/?p=24206"},"author":{"name":"admin","@id":"https:\/\/mybook.am\/#\/schema\/person\/e730847942cff3a199774e803916e97e"},"headline":"Parfois, le destin n\u2019\u00e9crit pas une histoire : il op\u00e8re. Sans pr\u00e9venir. Sans anesth\u00e9sie.","datePublished":"2025-12-16T13:47:46+00:00","dateModified":"2025-12-16T13:47:47+00:00","mainEntityOfPage":{"@id":"https:\/\/mybook.am\/?p=24206"},"wordCount":573,"commentCount":0,"image":{"@id":"https:\/\/mybook.am\/?p=24206#primaryimage"},"thumbnailUrl":"https:\/\/mybook.am\/wp-content\/uploads\/2025\/12\/54894654-1.jpg","articleSection":["FRANS"],"inLanguage":"ru-RU","potentialAction":[{"@type":"CommentAction","name":"Comment","target":["https:\/\/mybook.am\/?p=24206#respond"]}]},{"@type":"WebPage","@id":"https:\/\/mybook.am\/?p=24206","url":"https:\/\/mybook.am\/?p=24206","name":"Parfois, le destin n\u2019\u00e9crit pas une histoire : il op\u00e8re. Sans pr\u00e9venir. Sans anesth\u00e9sie. -","isPartOf":{"@id":"https:\/\/mybook.am\/#website"},"primaryImageOfPage":{"@id":"https:\/\/mybook.am\/?p=24206#primaryimage"},"image":{"@id":"https:\/\/mybook.am\/?p=24206#primaryimage"},"thumbnailUrl":"https:\/\/mybook.am\/wp-content\/uploads\/2025\/12\/54894654-1.jpg","datePublished":"2025-12-16T13:47:46+00:00","dateModified":"2025-12-16T13:47:47+00:00","author":{"@id":"https:\/\/mybook.am\/#\/schema\/person\/e730847942cff3a199774e803916e97e"},"breadcrumb":{"@id":"https:\/\/mybook.am\/?p=24206#breadcrumb"},"inLanguage":"ru-RU","potentialAction":[{"@type":"ReadAction","target":["https:\/\/mybook.am\/?p=24206"]}]},{"@type":"ImageObject","inLanguage":"ru-RU","@id":"https:\/\/mybook.am\/?p=24206#primaryimage","url":"https:\/\/mybook.am\/wp-content\/uploads\/2025\/12\/54894654-1.jpg","contentUrl":"https:\/\/mybook.am\/wp-content\/uploads\/2025\/12\/54894654-1.jpg","width":1100,"height":573},{"@type":"BreadcrumbList","@id":"https:\/\/mybook.am\/?p=24206#breadcrumb","itemListElement":[{"@type":"ListItem","position":1,"name":"\u0413\u043b\u0430\u0432\u043d\u0430\u044f \u0441\u0442\u0440\u0430\u043d\u0438\u0446\u0430","item":"https:\/\/mybook.am\/"},{"@type":"ListItem","position":2,"name":"Parfois, le destin n\u2019\u00e9crit pas une histoire : il op\u00e8re. Sans pr\u00e9venir. Sans anesth\u00e9sie."}]},{"@type":"WebSite","@id":"https:\/\/mybook.am\/#website","url":"https:\/\/mybook.am\/","name":"","description":"","potentialAction":[{"@type":"SearchAction","target":{"@type":"EntryPoint","urlTemplate":"https:\/\/mybook.am\/?s={search_term_string}"},"query-input":{"@type":"PropertyValueSpecification","valueRequired":true,"valueName":"search_term_string"}}],"inLanguage":"ru-RU"},{"@type":"Person","@id":"https:\/\/mybook.am\/#\/schema\/person\/e730847942cff3a199774e803916e97e","name":"admin","image":{"@type":"ImageObject","inLanguage":"ru-RU","@id":"https:\/\/secure.gravatar.com\/avatar\/df64e550a0653b7be0f1bcf897f33faad9c2c8153472b2d9319beafb51370f6f?s=96&d=mm&r=g","url":"https:\/\/secure.gravatar.com\/avatar\/df64e550a0653b7be0f1bcf897f33faad9c2c8153472b2d9319beafb51370f6f?s=96&d=mm&r=g","contentUrl":"https:\/\/secure.gravatar.com\/avatar\/df64e550a0653b7be0f1bcf897f33faad9c2c8153472b2d9319beafb51370f6f?s=96&d=mm&r=g","caption":"admin"},"sameAs":["http:\/\/mybook.am"],"url":"https:\/\/mybook.am\/?author=1"}]}},"views":94,"_links":{"self":[{"href":"https:\/\/mybook.am\/index.php?rest_route=\/wp\/v2\/posts\/24206","targetHints":{"allow":["GET"]}}],"collection":[{"href":"https:\/\/mybook.am\/index.php?rest_route=\/wp\/v2\/posts"}],"about":[{"href":"https:\/\/mybook.am\/index.php?rest_route=\/wp\/v2\/types\/post"}],"author":[{"embeddable":true,"href":"https:\/\/mybook.am\/index.php?rest_route=\/wp\/v2\/users\/1"}],"replies":[{"embeddable":true,"href":"https:\/\/mybook.am\/index.php?rest_route=%2Fwp%2Fv2%2Fcomments&post=24206"}],"version-history":[{"count":1,"href":"https:\/\/mybook.am\/index.php?rest_route=\/wp\/v2\/posts\/24206\/revisions"}],"predecessor-version":[{"id":24213,"href":"https:\/\/mybook.am\/index.php?rest_route=\/wp\/v2\/posts\/24206\/revisions\/24213"}],"wp:featuredmedia":[{"embeddable":true,"href":"https:\/\/mybook.am\/index.php?rest_route=\/wp\/v2\/media\/24212"}],"wp:attachment":[{"href":"https:\/\/mybook.am\/index.php?rest_route=%2Fwp%2Fv2%2Fmedia&parent=24206"}],"wp:term":[{"taxonomy":"category","embeddable":true,"href":"https:\/\/mybook.am\/index.php?rest_route=%2Fwp%2Fv2%2Fcategories&post=24206"},{"taxonomy":"post_tag","embeddable":true,"href":"https:\/\/mybook.am\/index.php?rest_route=%2Fwp%2Fv2%2Ftags&post=24206"}],"curies":[{"name":"wp","href":"https:\/\/api.w.org\/{rel}","templated":true}]}}