{"id":24216,"date":"2025-12-16T20:48:20","date_gmt":"2025-12-16T17:48:20","guid":{"rendered":"https:\/\/mybook.am\/?p=24216"},"modified":"2025-12-16T20:48:21","modified_gmt":"2025-12-16T17:48:21","slug":"vanocni-pohadka-v-olomouci-se-rozpadla-behem-nekolika-minutruske-kolo-se-nahle-zastavilo","status":"publish","type":"post","link":"https:\/\/mybook.am\/?p=24216","title":{"rendered":"V\u00e1no\u010dn\u00ed poh\u00e1dka v Olomouci se rozpadla b\u011bhem n\u011bkolika minutRusk\u00e9 kolo se n\u00e1hle zastavilo."},"content":{"rendered":"\n<p>Lid\u00e9 z\u016fstali uv\u011bzn\u011bni vysoko nad zem\u00ed a sv\u00e1te\u010dn\u00ed ve\u010der se prom\u011bnil v tich\u00e9 nap\u011bt\u00ed.<\/p>\n\n\n\n<p>Olomouc ten ve\u010der \u017eila V\u00e1nocemi. N\u00e1m\u011bst\u00ed z\u00e1\u0159ilo sv\u011btly, ve vzduchu se m\u00edsila v\u016fn\u011b sko\u0159ice, pun\u010de a pe\u010den\u00fdch mandl\u00ed. D\u011bti tahaly rodi\u010de ke st\u00e1nk\u016fm, dosp\u011bl\u00ed se na chv\u00edli usm\u00edvali beze sp\u011bchu. M\u011bsto vypadalo p\u0159esn\u011b tak, jak m\u00e1 v prosinci vypadat \u2014 klidn\u00e9, tepl\u00e9, t\u00e9m\u011b\u0159 poh\u00e1dkov\u00e9.<\/p>\n\n\n\n<p>Pr\u00e1v\u011b v takov\u00fdch chv\u00edl\u00edch ale realita ude\u0159\u00ed nejtvrd\u011bji.<\/p>\n\n\n\n<p>Rusk\u00e9 kolo, jedna z hlavn\u00edch atrakc\u00ed v\u00e1no\u010dn\u00edch trh\u016f, se zastavilo bez varov\u00e1n\u00ed. \u017d\u00e1dn\u00e1 r\u00e1na, \u017e\u00e1dn\u00fd v\u00fdk\u0159ik, \u017e\u00e1dn\u00fd dramatick\u00fd zvuk. Jen ticho. Kabiny z\u016fstaly viset ve vzduchu, jako by n\u011bkdo zm\u00e1\u010dkl pauzu nejen na stroji, ale i na lidsk\u00e9m dechu.<\/p>\n\n\n\n<figure class=\"wp-block-image size-full\"><img loading=\"lazy\" decoding=\"async\" width=\"660\" height=\"430\" src=\"https:\/\/mybook.am\/wp-content\/uploads\/2025\/12\/798798798756498.jpg\" alt=\"\" class=\"wp-image-24217\" srcset=\"https:\/\/mybook.am\/wp-content\/uploads\/2025\/12\/798798798756498.jpg 660w, https:\/\/mybook.am\/wp-content\/uploads\/2025\/12\/798798798756498-300x195.jpg 300w\" sizes=\"auto, (max-width: 660px) 100vw, 660px\" \/><\/figure>\n\n\n\n<p>Zpo\u010d\u00e1tku si toho skoro nikdo nev\u0161iml. Lid\u00e9 dole se sm\u00e1li, fotili, mysleli si, \u017ee jde o kr\u00e1tkou p\u0159est\u00e1vku. Naho\u0159e v\u0161ak \u00fasm\u011bvy rychle mizely. N\u011bkdo zaklepal na sklo, n\u011bkdo zkontroloval mobil, n\u011bkdo se pokusil zavtipkovat. Po n\u011bkolika minut\u00e1ch bylo jasno: tohle nen\u00ed sou\u010d\u00e1st programu.<\/p>\n\n\n\n<p>V\u00fd\u0161ka najednou p\u0159estala b\u00fdt romantick\u00e1.<\/p>\n\n\n\n<p>V jedn\u00e9 kabin\u011b matka instinktivn\u011b objala d\u00edt\u011b, kter\u00e9 je\u0161t\u011b p\u0159ed chv\u00edl\u00ed nad\u0161en\u011b m\u00e1valo dol\u016f. Te\u010f ml\u010delo a tisklo se k n\u00ed. Jinde sed\u011bl star\u0161\u00ed p\u00e1r, kter\u00fd cht\u011bl \u201ejen vid\u011bt m\u011bsto shora\u201c, a dr\u017eel se za ruce tak pevn\u011b, jako by pod nimi nebylo n\u00e1m\u011bst\u00ed, ale pr\u00e1zdno. N\u011bkte\u0159\u00ed za\u010dali panika\u0159it, jin\u00fdm se t\u0159\u00e1sl hlas, n\u011bkomu se rozklepala kolena.<\/p>\n\n\n\n<p>Zespodu to po\u0159\u00e1d vypadalo skoro hezky. Osv\u011btlen\u00e9 kolo proti tmav\u00e9 obloze. Ale pro ty uvnit\u0159 se \u010das zpomalil do bolestn\u00e9 pomalosti. Minuty se t\u00e1hly. Zima pronikala oble\u010den\u00edm. Baterie v telefonech mizely. A hlavn\u011b \u2014 rostl pocit naprost\u00e9 bezmoci.<\/p>\n\n\n\n<p>Atmosf\u00e9ra na trhu se zm\u011bnila. Hudba zn\u011bla najednou cize. Sm\u00edch vyst\u0159\u00eddaly tich\u00e9 rozhovory. Lid\u00e9 zvedali hlavy a uv\u011bdomovali si, \u017ee tam naho\u0159e nejsou atrakce, ale skute\u010dn\u00ed lid\u00e9, kte\u0159\u00ed se boj\u00ed. N\u011bkdo si rozsv\u00edtil baterku na mobilu. N\u011bkdo jen st\u00e1l a ml\u010dky sledoval nehybn\u00e9 kabiny.<\/p>\n\n\n\n<p>Dorazili hasi\u010di a z\u00e1chran\u00e1\u0159i. Jejich reflexn\u00ed vesty ost\u0159e kontrastovaly s v\u00e1no\u010dn\u00edmi sv\u011btly. Kouzlo bylo pry\u010d. V\u0161echno se stalo v\u00e1\u017en\u00fdm. Skute\u010dn\u00fdm.<\/p>\n\n\n\n<p>Za\u010dala z\u00e1chrann\u00e1 akce. Pomalu, opatrn\u011b, bez chyb. Ka\u017ed\u00fd pohyb je\u0159\u00e1bu zadr\u017eoval dech stovek lid\u00ed. Ka\u017ed\u00fd centimetr dol\u016f znamenal \u00falevu i strach z\u00e1rove\u0148. Dole se n\u011bkdo modlil. N\u011bkdo plakal. N\u011bkdo nedok\u00e1zal odvr\u00e1tit pohled.<\/p>\n\n\n\n<p>Kdy\u017e byli prvn\u00ed lid\u00e9 kone\u010dn\u011b spu\u0161t\u011bni na zem, n\u00e1m\u011bst\u00ed propuklo v potlesk. Nebyl radostn\u00fd \u2014 byl \u00falevn\u00fd. Tak tlesk\u00e1te ne um\u011blc\u016fm, ale \u017eivotu. Lid\u00e9 vystupovali bled\u00ed, s rozt\u0159esen\u00fdma rukama, se slzami v o\u010d\u00edch. N\u011bkdo se hned objal s bl\u00edzk\u00fdmi. Jin\u00fd si sedl na studenou dla\u017ebu, proto\u017ee nohy ho u\u017e neunesly.<\/p>\n\n\n\n<p>N\u011bkdo \u0159ekl, \u017ee \u201eu\u017e je to dobr\u00e9\u201c. Ale hlas prozrazoval opak.<\/p>\n\n\n\n<p>Ten ve\u010der nezanechal zran\u011bn\u00ed ani ob\u011bti. Zanechal ale n\u011bco jin\u00e9ho \u2014 trhlinu v pocitu bezpe\u010d\u00ed. P\u0159ipomn\u011bl, jak rychle se pohodl\u00ed m\u016f\u017ee zm\u011bnit ve strach. Jak jedna technick\u00e1 chyba dok\u00e1\u017ee smazat hranici mezi sv\u00e1te\u010dn\u00ed poh\u00e1dkou a lidskou k\u0159ehkost\u00ed.<\/p>\n\n\n\n<p>Druh\u00fd den se trhy znovu otev\u0159ely. Sv\u011btla se rozsv\u00edtila. Rusk\u00e9 kolo \u2014 tentokr\u00e1t nehybn\u00e9 \u2014 p\u016fsobilo ti\u0161e a nevinn\u011b. Mnoz\u00ed kolem n\u011bj ale proch\u00e1zeli bez pohledu vzh\u016fru.<\/p>\n\n\n\n<p>Proto\u017ee V\u00e1noce nejsou jen o sv\u011btlech a \u00fasm\u011bvech. N\u011bkdy jsou o chv\u00edli, kdy vis\u00edte vysoko nad zem\u00ed a n\u00e1hle pochop\u00edte, jak k\u0159ehk\u00e1 m\u016f\u017ee b\u00fdt iluze bezpe\u010d\u00ed.<\/p>\n","protected":false},"excerpt":{"rendered":"Lid\u00e9 z\u016fstali uv\u011bzn\u011bni vysoko nad zem\u00ed a sv\u00e1te\u010dn\u00ed ve\u010der se prom\u011bnil v tich\u00e9 nap\u011bt\u00ed. Olomouc ten ve\u010der \u017eila V\u00e1nocemi. N\u00e1m\u011bst\u00ed z\u00e1\u0159ilo sv\u011btly, ve \n<a class=\"moretag\" href=\"https:\/\/mybook.am\/?p=24216\"> [...]<\/a>","protected":false},"author":1,"featured_media":24217,"comment_status":"open","ping_status":"open","sticky":false,"template":"","format":"standard","meta":{"footnotes":""},"categories":[1],"tags":[],"class_list":["post-24216","post","type-post","status-publish","format-standard","has-post-thumbnail","hentry","category-ceska"],"yoast_head":"<!-- This site is optimized with the Yoast SEO plugin v27.5 - https:\/\/yoast.com\/product\/yoast-seo-wordpress\/ -->\n<title>V\u00e1no\u010dn\u00ed poh\u00e1dka v Olomouci se rozpadla b\u011bhem n\u011bkolika minutRusk\u00e9 kolo se n\u00e1hle zastavilo. -<\/title>\n<meta name=\"robots\" content=\"index, follow, max-snippet:-1, max-image-preview:large, max-video-preview:-1\" \/>\n<link rel=\"canonical\" href=\"https:\/\/mybook.am\/?p=24216\" \/>\n<meta property=\"og:locale\" content=\"ru_RU\" \/>\n<meta property=\"og:type\" content=\"article\" \/>\n<meta property=\"og:title\" content=\"V\u00e1no\u010dn\u00ed poh\u00e1dka v Olomouci se rozpadla b\u011bhem n\u011bkolika minutRusk\u00e9 kolo se n\u00e1hle zastavilo. -\" \/>\n<meta property=\"og:description\" content=\"Lid\u00e9 z\u016fstali uv\u011bzn\u011bni vysoko nad zem\u00ed a sv\u00e1te\u010dn\u00ed ve\u010der se prom\u011bnil v tich\u00e9 nap\u011bt\u00ed. Olomouc ten ve\u010der \u017eila V\u00e1nocemi. N\u00e1m\u011bst\u00ed z\u00e1\u0159ilo sv\u011btly, ve\" \/>\n<meta property=\"og:url\" content=\"https:\/\/mybook.am\/?p=24216\" \/>\n<meta property=\"article:published_time\" content=\"2025-12-16T17:48:20+00:00\" \/>\n<meta property=\"article:modified_time\" content=\"2025-12-16T17:48:21+00:00\" \/>\n<meta property=\"og:image\" content=\"https:\/\/mybook.am\/wp-content\/uploads\/2025\/12\/798798798756498.jpg\" \/>\n\t<meta property=\"og:image:width\" content=\"660\" \/>\n\t<meta property=\"og:image:height\" content=\"430\" \/>\n\t<meta property=\"og:image:type\" content=\"image\/jpeg\" \/>\n<meta name=\"author\" content=\"admin\" \/>\n<meta name=\"twitter:card\" content=\"summary_large_image\" \/>\n<meta name=\"twitter:label1\" content=\"\u041d\u0430\u043f\u0438\u0441\u0430\u043d\u043e \u0430\u0432\u0442\u043e\u0440\u043e\u043c\" \/>\n\t<meta name=\"twitter:data1\" content=\"admin\" \/>\n\t<meta name=\"twitter:label2\" content=\"\u041f\u0440\u0438\u043c\u0435\u0440\u043d\u043e\u0435 \u0432\u0440\u0435\u043c\u044f \u0434\u043b\u044f \u0447\u0442\u0435\u043d\u0438\u044f\" \/>\n\t<meta name=\"twitter:data2\" content=\"4 \u043c\u0438\u043d\u0443\u0442\u044b\" \/>\n<script type=\"application\/ld+json\" class=\"yoast-schema-graph\">{\"@context\":\"https:\\\/\\\/schema.org\",\"@graph\":[{\"@type\":\"Article\",\"@id\":\"https:\\\/\\\/mybook.am\\\/?p=24216#article\",\"isPartOf\":{\"@id\":\"https:\\\/\\\/mybook.am\\\/?p=24216\"},\"author\":{\"name\":\"admin\",\"@id\":\"https:\\\/\\\/mybook.am\\\/#\\\/schema\\\/person\\\/e730847942cff3a199774e803916e97e\"},\"headline\":\"V\u00e1no\u010dn\u00ed poh\u00e1dka v Olomouci se rozpadla b\u011bhem n\u011bkolika minutRusk\u00e9 kolo se n\u00e1hle zastavilo.\",\"datePublished\":\"2025-12-16T17:48:20+00:00\",\"dateModified\":\"2025-12-16T17:48:21+00:00\",\"mainEntityOfPage\":{\"@id\":\"https:\\\/\\\/mybook.am\\\/?p=24216\"},\"wordCount\":692,\"commentCount\":0,\"image\":{\"@id\":\"https:\\\/\\\/mybook.am\\\/?p=24216#primaryimage\"},\"thumbnailUrl\":\"https:\\\/\\\/mybook.am\\\/wp-content\\\/uploads\\\/2025\\\/12\\\/798798798756498.jpg\",\"articleSection\":[\"\u010cesk\u00e1\"],\"inLanguage\":\"ru-RU\",\"potentialAction\":[{\"@type\":\"CommentAction\",\"name\":\"Comment\",\"target\":[\"https:\\\/\\\/mybook.am\\\/?p=24216#respond\"]}]},{\"@type\":\"WebPage\",\"@id\":\"https:\\\/\\\/mybook.am\\\/?p=24216\",\"url\":\"https:\\\/\\\/mybook.am\\\/?p=24216\",\"name\":\"V\u00e1no\u010dn\u00ed poh\u00e1dka v Olomouci se rozpadla b\u011bhem n\u011bkolika minutRusk\u00e9 kolo se n\u00e1hle zastavilo. -\",\"isPartOf\":{\"@id\":\"https:\\\/\\\/mybook.am\\\/#website\"},\"primaryImageOfPage\":{\"@id\":\"https:\\\/\\\/mybook.am\\\/?p=24216#primaryimage\"},\"image\":{\"@id\":\"https:\\\/\\\/mybook.am\\\/?p=24216#primaryimage\"},\"thumbnailUrl\":\"https:\\\/\\\/mybook.am\\\/wp-content\\\/uploads\\\/2025\\\/12\\\/798798798756498.jpg\",\"datePublished\":\"2025-12-16T17:48:20+00:00\",\"dateModified\":\"2025-12-16T17:48:21+00:00\",\"author\":{\"@id\":\"https:\\\/\\\/mybook.am\\\/#\\\/schema\\\/person\\\/e730847942cff3a199774e803916e97e\"},\"breadcrumb\":{\"@id\":\"https:\\\/\\\/mybook.am\\\/?p=24216#breadcrumb\"},\"inLanguage\":\"ru-RU\",\"potentialAction\":[{\"@type\":\"ReadAction\",\"target\":[\"https:\\\/\\\/mybook.am\\\/?p=24216\"]}]},{\"@type\":\"ImageObject\",\"inLanguage\":\"ru-RU\",\"@id\":\"https:\\\/\\\/mybook.am\\\/?p=24216#primaryimage\",\"url\":\"https:\\\/\\\/mybook.am\\\/wp-content\\\/uploads\\\/2025\\\/12\\\/798798798756498.jpg\",\"contentUrl\":\"https:\\\/\\\/mybook.am\\\/wp-content\\\/uploads\\\/2025\\\/12\\\/798798798756498.jpg\",\"width\":660,\"height\":430},{\"@type\":\"BreadcrumbList\",\"@id\":\"https:\\\/\\\/mybook.am\\\/?p=24216#breadcrumb\",\"itemListElement\":[{\"@type\":\"ListItem\",\"position\":1,\"name\":\"\u0413\u043b\u0430\u0432\u043d\u0430\u044f \u0441\u0442\u0440\u0430\u043d\u0438\u0446\u0430\",\"item\":\"https:\\\/\\\/mybook.am\\\/\"},{\"@type\":\"ListItem\",\"position\":2,\"name\":\"V\u00e1no\u010dn\u00ed poh\u00e1dka v Olomouci se rozpadla b\u011bhem n\u011bkolika minutRusk\u00e9 kolo se n\u00e1hle zastavilo.\"}]},{\"@type\":\"WebSite\",\"@id\":\"https:\\\/\\\/mybook.am\\\/#website\",\"url\":\"https:\\\/\\\/mybook.am\\\/\",\"name\":\"\",\"description\":\"\",\"potentialAction\":[{\"@type\":\"SearchAction\",\"target\":{\"@type\":\"EntryPoint\",\"urlTemplate\":\"https:\\\/\\\/mybook.am\\\/?s={search_term_string}\"},\"query-input\":{\"@type\":\"PropertyValueSpecification\",\"valueRequired\":true,\"valueName\":\"search_term_string\"}}],\"inLanguage\":\"ru-RU\"},{\"@type\":\"Person\",\"@id\":\"https:\\\/\\\/mybook.am\\\/#\\\/schema\\\/person\\\/e730847942cff3a199774e803916e97e\",\"name\":\"admin\",\"image\":{\"@type\":\"ImageObject\",\"inLanguage\":\"ru-RU\",\"@id\":\"https:\\\/\\\/secure.gravatar.com\\\/avatar\\\/df64e550a0653b7be0f1bcf897f33faad9c2c8153472b2d9319beafb51370f6f?s=96&d=mm&r=g\",\"url\":\"https:\\\/\\\/secure.gravatar.com\\\/avatar\\\/df64e550a0653b7be0f1bcf897f33faad9c2c8153472b2d9319beafb51370f6f?s=96&d=mm&r=g\",\"contentUrl\":\"https:\\\/\\\/secure.gravatar.com\\\/avatar\\\/df64e550a0653b7be0f1bcf897f33faad9c2c8153472b2d9319beafb51370f6f?s=96&d=mm&r=g\",\"caption\":\"admin\"},\"sameAs\":[\"http:\\\/\\\/mybook.am\"],\"url\":\"https:\\\/\\\/mybook.am\\\/?author=1\"}]}<\/script>\n<!-- \/ Yoast SEO plugin. -->","yoast_head_json":{"title":"V\u00e1no\u010dn\u00ed poh\u00e1dka v Olomouci se rozpadla b\u011bhem n\u011bkolika minutRusk\u00e9 kolo se n\u00e1hle zastavilo. -","robots":{"index":"index","follow":"follow","max-snippet":"max-snippet:-1","max-image-preview":"max-image-preview:large","max-video-preview":"max-video-preview:-1"},"canonical":"https:\/\/mybook.am\/?p=24216","og_locale":"ru_RU","og_type":"article","og_title":"V\u00e1no\u010dn\u00ed poh\u00e1dka v Olomouci se rozpadla b\u011bhem n\u011bkolika minutRusk\u00e9 kolo se n\u00e1hle zastavilo. -","og_description":"Lid\u00e9 z\u016fstali uv\u011bzn\u011bni vysoko nad zem\u00ed a sv\u00e1te\u010dn\u00ed ve\u010der se prom\u011bnil v tich\u00e9 nap\u011bt\u00ed. Olomouc ten ve\u010der \u017eila V\u00e1nocemi. N\u00e1m\u011bst\u00ed z\u00e1\u0159ilo sv\u011btly, ve","og_url":"https:\/\/mybook.am\/?p=24216","article_published_time":"2025-12-16T17:48:20+00:00","article_modified_time":"2025-12-16T17:48:21+00:00","og_image":[{"width":660,"height":430,"url":"https:\/\/mybook.am\/wp-content\/uploads\/2025\/12\/798798798756498.jpg","type":"image\/jpeg"}],"author":"admin","twitter_card":"summary_large_image","twitter_misc":{"\u041d\u0430\u043f\u0438\u0441\u0430\u043d\u043e \u0430\u0432\u0442\u043e\u0440\u043e\u043c":"admin","\u041f\u0440\u0438\u043c\u0435\u0440\u043d\u043e\u0435 \u0432\u0440\u0435\u043c\u044f \u0434\u043b\u044f \u0447\u0442\u0435\u043d\u0438\u044f":"4 \u043c\u0438\u043d\u0443\u0442\u044b"},"schema":{"@context":"https:\/\/schema.org","@graph":[{"@type":"Article","@id":"https:\/\/mybook.am\/?p=24216#article","isPartOf":{"@id":"https:\/\/mybook.am\/?p=24216"},"author":{"name":"admin","@id":"https:\/\/mybook.am\/#\/schema\/person\/e730847942cff3a199774e803916e97e"},"headline":"V\u00e1no\u010dn\u00ed poh\u00e1dka v Olomouci se rozpadla b\u011bhem n\u011bkolika minutRusk\u00e9 kolo se n\u00e1hle zastavilo.","datePublished":"2025-12-16T17:48:20+00:00","dateModified":"2025-12-16T17:48:21+00:00","mainEntityOfPage":{"@id":"https:\/\/mybook.am\/?p=24216"},"wordCount":692,"commentCount":0,"image":{"@id":"https:\/\/mybook.am\/?p=24216#primaryimage"},"thumbnailUrl":"https:\/\/mybook.am\/wp-content\/uploads\/2025\/12\/798798798756498.jpg","articleSection":["\u010cesk\u00e1"],"inLanguage":"ru-RU","potentialAction":[{"@type":"CommentAction","name":"Comment","target":["https:\/\/mybook.am\/?p=24216#respond"]}]},{"@type":"WebPage","@id":"https:\/\/mybook.am\/?p=24216","url":"https:\/\/mybook.am\/?p=24216","name":"V\u00e1no\u010dn\u00ed poh\u00e1dka v Olomouci se rozpadla b\u011bhem n\u011bkolika minutRusk\u00e9 kolo se n\u00e1hle zastavilo. -","isPartOf":{"@id":"https:\/\/mybook.am\/#website"},"primaryImageOfPage":{"@id":"https:\/\/mybook.am\/?p=24216#primaryimage"},"image":{"@id":"https:\/\/mybook.am\/?p=24216#primaryimage"},"thumbnailUrl":"https:\/\/mybook.am\/wp-content\/uploads\/2025\/12\/798798798756498.jpg","datePublished":"2025-12-16T17:48:20+00:00","dateModified":"2025-12-16T17:48:21+00:00","author":{"@id":"https:\/\/mybook.am\/#\/schema\/person\/e730847942cff3a199774e803916e97e"},"breadcrumb":{"@id":"https:\/\/mybook.am\/?p=24216#breadcrumb"},"inLanguage":"ru-RU","potentialAction":[{"@type":"ReadAction","target":["https:\/\/mybook.am\/?p=24216"]}]},{"@type":"ImageObject","inLanguage":"ru-RU","@id":"https:\/\/mybook.am\/?p=24216#primaryimage","url":"https:\/\/mybook.am\/wp-content\/uploads\/2025\/12\/798798798756498.jpg","contentUrl":"https:\/\/mybook.am\/wp-content\/uploads\/2025\/12\/798798798756498.jpg","width":660,"height":430},{"@type":"BreadcrumbList","@id":"https:\/\/mybook.am\/?p=24216#breadcrumb","itemListElement":[{"@type":"ListItem","position":1,"name":"\u0413\u043b\u0430\u0432\u043d\u0430\u044f \u0441\u0442\u0440\u0430\u043d\u0438\u0446\u0430","item":"https:\/\/mybook.am\/"},{"@type":"ListItem","position":2,"name":"V\u00e1no\u010dn\u00ed poh\u00e1dka v Olomouci se rozpadla b\u011bhem n\u011bkolika minutRusk\u00e9 kolo se n\u00e1hle zastavilo."}]},{"@type":"WebSite","@id":"https:\/\/mybook.am\/#website","url":"https:\/\/mybook.am\/","name":"","description":"","potentialAction":[{"@type":"SearchAction","target":{"@type":"EntryPoint","urlTemplate":"https:\/\/mybook.am\/?s={search_term_string}"},"query-input":{"@type":"PropertyValueSpecification","valueRequired":true,"valueName":"search_term_string"}}],"inLanguage":"ru-RU"},{"@type":"Person","@id":"https:\/\/mybook.am\/#\/schema\/person\/e730847942cff3a199774e803916e97e","name":"admin","image":{"@type":"ImageObject","inLanguage":"ru-RU","@id":"https:\/\/secure.gravatar.com\/avatar\/df64e550a0653b7be0f1bcf897f33faad9c2c8153472b2d9319beafb51370f6f?s=96&d=mm&r=g","url":"https:\/\/secure.gravatar.com\/avatar\/df64e550a0653b7be0f1bcf897f33faad9c2c8153472b2d9319beafb51370f6f?s=96&d=mm&r=g","contentUrl":"https:\/\/secure.gravatar.com\/avatar\/df64e550a0653b7be0f1bcf897f33faad9c2c8153472b2d9319beafb51370f6f?s=96&d=mm&r=g","caption":"admin"},"sameAs":["http:\/\/mybook.am"],"url":"https:\/\/mybook.am\/?author=1"}]}},"views":82,"_links":{"self":[{"href":"https:\/\/mybook.am\/index.php?rest_route=\/wp\/v2\/posts\/24216","targetHints":{"allow":["GET"]}}],"collection":[{"href":"https:\/\/mybook.am\/index.php?rest_route=\/wp\/v2\/posts"}],"about":[{"href":"https:\/\/mybook.am\/index.php?rest_route=\/wp\/v2\/types\/post"}],"author":[{"embeddable":true,"href":"https:\/\/mybook.am\/index.php?rest_route=\/wp\/v2\/users\/1"}],"replies":[{"embeddable":true,"href":"https:\/\/mybook.am\/index.php?rest_route=%2Fwp%2Fv2%2Fcomments&post=24216"}],"version-history":[{"count":1,"href":"https:\/\/mybook.am\/index.php?rest_route=\/wp\/v2\/posts\/24216\/revisions"}],"predecessor-version":[{"id":24218,"href":"https:\/\/mybook.am\/index.php?rest_route=\/wp\/v2\/posts\/24216\/revisions\/24218"}],"wp:featuredmedia":[{"embeddable":true,"href":"https:\/\/mybook.am\/index.php?rest_route=\/wp\/v2\/media\/24217"}],"wp:attachment":[{"href":"https:\/\/mybook.am\/index.php?rest_route=%2Fwp%2Fv2%2Fmedia&parent=24216"}],"wp:term":[{"taxonomy":"category","embeddable":true,"href":"https:\/\/mybook.am\/index.php?rest_route=%2Fwp%2Fv2%2Fcategories&post=24216"},{"taxonomy":"post_tag","embeddable":true,"href":"https:\/\/mybook.am\/index.php?rest_route=%2Fwp%2Fv2%2Ftags&post=24216"}],"curies":[{"name":"wp","href":"https:\/\/api.w.org\/{rel}","templated":true}]}}