{"id":24227,"date":"2025-12-17T10:28:40","date_gmt":"2025-12-17T07:28:40","guid":{"rendered":"https:\/\/mybook.am\/?p=24227"},"modified":"2025-12-17T10:28:41","modified_gmt":"2025-12-17T07:28:41","slug":"podzim-v-doveru-byl-letos-necekane-kruty","status":"publish","type":"post","link":"https:\/\/mybook.am\/?p=24227","title":{"rendered":"Podzim v Doveru byl letos ne\u010dekan\u011b krut\u00fd."},"content":{"rendered":"\n<p>Takov\u00fd ten \u010das, kdy vzduch stud\u00ed v\u00edc ne\u017e obvykle a realita si nebere serv\u00edtky. Pr\u00e1v\u011b tehdy se t\u0159iadvacetilet\u00e9mu Stevenu Eddleymu, oby\u010dejn\u00e9mu popel\u00e1\u0159i, zhroutil sv\u011bt zp\u016fsobem, na kter\u00fd v\u00e1s nep\u0159iprav\u00ed \u017e\u00e1dn\u00e1 zku\u0161enost.<\/p>\n\n\n\n<p>L\u00e9ka\u0159i mluvili klidn\u011b, t\u00e9m\u011b\u0159 odta\u017eit\u011b. Vz\u00e1cn\u00e1 a nevyl\u00e9\u010diteln\u00e1 forma rakoviny. M\u011bs\u00edce, ne roky. V\u011bta, kter\u00e1 se vyslov\u00ed b\u011bhem p\u00e1r vte\u0159in, ale v hlav\u011b zn\u00ed nav\u017edy. Pro syst\u00e9m to byl p\u0159\u00edpad. Pro Stevena konec budoucnosti, kterou je\u0161t\u011b ani neza\u010dal \u017e\u00edt.<\/p>\n\n\n\n<p>Ironie osudu byla nemilosrdn\u00e1. Jen t\u0159i t\u00fddny p\u0159ed diagn\u00f3zou poklekl p\u0159ed svou snoubenkou Hannah Jonesovou a po\u017e\u00e1dal ji o ruku. Pl\u00e1ny byly oby\u010dejn\u00e9 a kr\u00e1sn\u00e9: svatba pozd\u011bji, d\u016fm, spole\u010dn\u00e9 st\u00e1\u0159\u00ed. A pak p\u0159i\u0161la zpr\u00e1va, kter\u00e1 v\u0161echny tyto p\u0159edstavy smrskla na n\u011bkolik posledn\u00edch str\u00e1nek kalend\u00e1\u0159e.<\/p>\n\n\n\n<figure class=\"wp-block-image size-large\"><img loading=\"lazy\" decoding=\"async\" width=\"1024\" height=\"704\" src=\"https:\/\/mybook.am\/wp-content\/uploads\/2025\/12\/8487984-1024x704.jpg\" alt=\"\" class=\"wp-image-24228\" srcset=\"https:\/\/mybook.am\/wp-content\/uploads\/2025\/12\/8487984-1024x704.jpg 1024w, https:\/\/mybook.am\/wp-content\/uploads\/2025\/12\/8487984-300x206.jpg 300w, https:\/\/mybook.am\/wp-content\/uploads\/2025\/12\/8487984-768x528.jpg 768w, https:\/\/mybook.am\/wp-content\/uploads\/2025\/12\/8487984.jpg 1200w\" sizes=\"auto, (max-width: 1024px) 100vw, 1024px\" \/><\/figure>\n\n\n\n<p>V jejich dom\u011b se nek\u0159i\u010delo. Nebyly tam dramatick\u00e9 v\u00fdstupy ani obvi\u0148ov\u00e1n\u00ed sv\u011bta. Bylo tam ticho, strach a mal\u00e1 hol\u010di\u010dka jm\u00e9nem Liberty-Rose. Steven se na ni d\u00edval a pochopil jednu v\u011bc naprosto jasn\u011b: nem\u016f\u017ee odej\u00edt tak, aby po n\u011bm z\u016fstalo pr\u00e1zdno. Mus\u00ed po sob\u011b zanechat n\u011bco, co p\u0159e\u017eije bolest.<\/p>\n\n\n\n<p>Rozhodnut\u00ed bylo rychl\u00e9. Svatba hned. Ne kv\u016fli form\u00e1ln\u00edm slib\u016fm. Kv\u016fli l\u00e1sce, kter\u00e1 si nezaslou\u017e\u00ed \u010dekat. Kv\u016fli vzpom\u00ednce, kterou si jednou jeho dcera ponese v srdci jako d\u016fkaz, \u017ee jej\u00ed otec miloval naplno, i kdy\u017e v\u011bd\u011bl, kolik \u010dasu mu zb\u00fdv\u00e1.<\/p>\n\n\n\n<p>A tehdy se stalo n\u011bco, co dnes zn\u00ed skoro neuv\u011b\u0159iteln\u011b. Cel\u00e9 m\u011bsto se semklo. M\u00edstn\u00ed podnikatel\u00e9, soused\u00e9 i lid\u00e9, kte\u0159\u00ed Stevena nikdy osobn\u011b nepoznali, za\u010dali pom\u00e1hat. Bez ot\u00e1zek. Bez n\u00e1roku na uzn\u00e1n\u00ed. Jako by existovalo tich\u00e9 pravidlo: kdy\u017e osud zrad\u00ed, lid\u00e9 mus\u00ed b\u00fdt lep\u0161\u00ed.<\/p>\n\n\n\n<p>N\u011bkdo poskytl prostory, jin\u00fd v\u00fdzdobu, dal\u0161\u00ed j\u00eddlo. Ka\u017ed\u00fd p\u0159inesl to, co mohl. A v den svatby p\u0159i\u0161el okam\u017eik, kter\u00fd zlomil i ty nejtvrd\u0161\u00ed.<\/p>\n\n\n\n<p>P\u0159ed domem se neobjevila limuz\u00edna. P\u0159ijel konvoj popel\u00e1\u0159sk\u00fdch voz\u016f. Stevenovi kolegov\u00e9 z Veolie \u2013 mu\u017ei, se kter\u00fdmi ka\u017ed\u00fd den vyr\u00e1\u017eel do pr\u00e1ce, bez velk\u00fdch slov a gest \u2013 ho p\u0159ijeli vyzvednout tak, jak ho znali nejl\u00e9pe. Hlu\u010dn\u00e9, t\u011b\u017ek\u00e9 stroje se najednou staly symbolem \u00facty, soun\u00e1le\u017eitosti a lidsk\u00e9 solidarity.<\/p>\n\n\n\n<p>Nebyl to vtip. Nebyla to senzace. Bylo to tich\u00e9 \u201ez\u00e1le\u017e\u00ed n\u00e1m na tob\u011b\u201c.<\/p>\n\n\n\n<p>Steven se rozplakal. Ne ze strachu ze smrti, ale z p\u0159ekvapen\u00ed, kolik l\u00e1sky se vejde do oby\u010dejn\u00e9ho \u017eivota. V tu chv\u00edli pochopil, \u017ee i kr\u00e1tk\u00e1 existence m\u016f\u017ee m\u00edt hlubok\u00fd smysl. \u017de na d\u00e9lce nez\u00e1le\u017e\u00ed tolik jako na stop\u011b, kterou \u010dlov\u011bk zanech\u00e1 v ostatn\u00edch.<\/p>\n\n\n\n<p>Ten den nezru\u0161il diagn\u00f3zu. Nezm\u011bnil l\u00e9ka\u0159sk\u00e9 progn\u00f3zy. Ale zm\u011bnil n\u011bco d\u016fle\u017eit\u011bj\u0161\u00edho \u2013 pohled na to, co znamen\u00e1 \u017e\u00edt. Hannah pozd\u011bji \u0159ekla, \u017ee to byl nejv\u00fdznamn\u011bj\u0161\u00ed den jejich \u017eivota. Ne proto, \u017ee by byl dokonal\u00fd, ale proto, \u017ee byl skute\u010dn\u00fd.<\/p>\n\n\n\n<p>Tento p\u0159\u00edb\u011bh nen\u00ed o smrti. Je o volb\u011b. O tom, \u017ee i kdy\u017e se konec bl\u00ed\u017e\u00ed, l\u00e1ska se nemus\u00ed skr\u00fdvat. A \u017ee n\u011bkdy ti nejv\u011bt\u0161\u00ed hrdinov\u00e9 nemaj\u00ed uniformy sl\u00e1vy, ale pracovn\u00ed kombin\u00e9zy\u2026 a srdce, kter\u00e1 bij\u00ed pro druh\u00e9.<\/p>\n","protected":false},"excerpt":{"rendered":"Takov\u00fd ten \u010das, kdy vzduch stud\u00ed v\u00edc ne\u017e obvykle a realita si nebere serv\u00edtky. Pr\u00e1v\u011b tehdy se t\u0159iadvacetilet\u00e9mu Stevenu Eddleymu, oby\u010dejn\u00e9mu popel\u00e1\u0159i, zhroutil \n<a class=\"moretag\" href=\"https:\/\/mybook.am\/?p=24227\"> [...]<\/a>","protected":false},"author":1,"featured_media":24228,"comment_status":"open","ping_status":"open","sticky":false,"template":"","format":"standard","meta":{"footnotes":""},"categories":[1],"tags":[],"class_list":["post-24227","post","type-post","status-publish","format-standard","has-post-thumbnail","hentry","category-ceska"],"yoast_head":"<!-- This site is optimized with the Yoast SEO plugin v27.5 - https:\/\/yoast.com\/product\/yoast-seo-wordpress\/ -->\n<title>Podzim v Doveru byl letos ne\u010dekan\u011b krut\u00fd. -<\/title>\n<meta name=\"robots\" content=\"index, follow, max-snippet:-1, max-image-preview:large, max-video-preview:-1\" \/>\n<link rel=\"canonical\" href=\"https:\/\/mybook.am\/?p=24227\" \/>\n<meta property=\"og:locale\" content=\"ru_RU\" \/>\n<meta property=\"og:type\" content=\"article\" \/>\n<meta property=\"og:title\" content=\"Podzim v Doveru byl letos ne\u010dekan\u011b krut\u00fd. -\" \/>\n<meta property=\"og:description\" content=\"Takov\u00fd ten \u010das, kdy vzduch stud\u00ed v\u00edc ne\u017e obvykle a realita si nebere serv\u00edtky. Pr\u00e1v\u011b tehdy se t\u0159iadvacetilet\u00e9mu Stevenu Eddleymu, oby\u010dejn\u00e9mu popel\u00e1\u0159i, zhroutil\" \/>\n<meta property=\"og:url\" content=\"https:\/\/mybook.am\/?p=24227\" \/>\n<meta property=\"article:published_time\" content=\"2025-12-17T07:28:40+00:00\" \/>\n<meta property=\"article:modified_time\" content=\"2025-12-17T07:28:41+00:00\" \/>\n<meta property=\"og:image\" content=\"https:\/\/mybook.am\/wp-content\/uploads\/2025\/12\/8487984.jpg\" \/>\n\t<meta property=\"og:image:width\" content=\"1200\" \/>\n\t<meta property=\"og:image:height\" content=\"825\" \/>\n\t<meta property=\"og:image:type\" content=\"image\/jpeg\" \/>\n<meta name=\"author\" content=\"admin\" \/>\n<meta name=\"twitter:card\" content=\"summary_large_image\" \/>\n<meta name=\"twitter:label1\" content=\"\u041d\u0430\u043f\u0438\u0441\u0430\u043d\u043e \u0430\u0432\u0442\u043e\u0440\u043e\u043c\" \/>\n\t<meta name=\"twitter:data1\" content=\"admin\" \/>\n\t<meta name=\"twitter:label2\" content=\"\u041f\u0440\u0438\u043c\u0435\u0440\u043d\u043e\u0435 \u0432\u0440\u0435\u043c\u044f \u0434\u043b\u044f \u0447\u0442\u0435\u043d\u0438\u044f\" \/>\n\t<meta name=\"twitter:data2\" content=\"3 \u043c\u0438\u043d\u0443\u0442\u044b\" \/>\n<script type=\"application\/ld+json\" class=\"yoast-schema-graph\">{\"@context\":\"https:\\\/\\\/schema.org\",\"@graph\":[{\"@type\":\"Article\",\"@id\":\"https:\\\/\\\/mybook.am\\\/?p=24227#article\",\"isPartOf\":{\"@id\":\"https:\\\/\\\/mybook.am\\\/?p=24227\"},\"author\":{\"name\":\"admin\",\"@id\":\"https:\\\/\\\/mybook.am\\\/#\\\/schema\\\/person\\\/e730847942cff3a199774e803916e97e\"},\"headline\":\"Podzim v Doveru byl letos ne\u010dekan\u011b krut\u00fd.\",\"datePublished\":\"2025-12-17T07:28:40+00:00\",\"dateModified\":\"2025-12-17T07:28:41+00:00\",\"mainEntityOfPage\":{\"@id\":\"https:\\\/\\\/mybook.am\\\/?p=24227\"},\"wordCount\":609,\"commentCount\":0,\"image\":{\"@id\":\"https:\\\/\\\/mybook.am\\\/?p=24227#primaryimage\"},\"thumbnailUrl\":\"https:\\\/\\\/mybook.am\\\/wp-content\\\/uploads\\\/2025\\\/12\\\/8487984.jpg\",\"articleSection\":[\"\u010cesk\u00e1\"],\"inLanguage\":\"ru-RU\",\"potentialAction\":[{\"@type\":\"CommentAction\",\"name\":\"Comment\",\"target\":[\"https:\\\/\\\/mybook.am\\\/?p=24227#respond\"]}]},{\"@type\":\"WebPage\",\"@id\":\"https:\\\/\\\/mybook.am\\\/?p=24227\",\"url\":\"https:\\\/\\\/mybook.am\\\/?p=24227\",\"name\":\"Podzim v Doveru byl letos ne\u010dekan\u011b krut\u00fd. -\",\"isPartOf\":{\"@id\":\"https:\\\/\\\/mybook.am\\\/#website\"},\"primaryImageOfPage\":{\"@id\":\"https:\\\/\\\/mybook.am\\\/?p=24227#primaryimage\"},\"image\":{\"@id\":\"https:\\\/\\\/mybook.am\\\/?p=24227#primaryimage\"},\"thumbnailUrl\":\"https:\\\/\\\/mybook.am\\\/wp-content\\\/uploads\\\/2025\\\/12\\\/8487984.jpg\",\"datePublished\":\"2025-12-17T07:28:40+00:00\",\"dateModified\":\"2025-12-17T07:28:41+00:00\",\"author\":{\"@id\":\"https:\\\/\\\/mybook.am\\\/#\\\/schema\\\/person\\\/e730847942cff3a199774e803916e97e\"},\"breadcrumb\":{\"@id\":\"https:\\\/\\\/mybook.am\\\/?p=24227#breadcrumb\"},\"inLanguage\":\"ru-RU\",\"potentialAction\":[{\"@type\":\"ReadAction\",\"target\":[\"https:\\\/\\\/mybook.am\\\/?p=24227\"]}]},{\"@type\":\"ImageObject\",\"inLanguage\":\"ru-RU\",\"@id\":\"https:\\\/\\\/mybook.am\\\/?p=24227#primaryimage\",\"url\":\"https:\\\/\\\/mybook.am\\\/wp-content\\\/uploads\\\/2025\\\/12\\\/8487984.jpg\",\"contentUrl\":\"https:\\\/\\\/mybook.am\\\/wp-content\\\/uploads\\\/2025\\\/12\\\/8487984.jpg\",\"width\":1200,\"height\":825},{\"@type\":\"BreadcrumbList\",\"@id\":\"https:\\\/\\\/mybook.am\\\/?p=24227#breadcrumb\",\"itemListElement\":[{\"@type\":\"ListItem\",\"position\":1,\"name\":\"\u0413\u043b\u0430\u0432\u043d\u0430\u044f \u0441\u0442\u0440\u0430\u043d\u0438\u0446\u0430\",\"item\":\"https:\\\/\\\/mybook.am\\\/\"},{\"@type\":\"ListItem\",\"position\":2,\"name\":\"Podzim v Doveru byl letos ne\u010dekan\u011b krut\u00fd.\"}]},{\"@type\":\"WebSite\",\"@id\":\"https:\\\/\\\/mybook.am\\\/#website\",\"url\":\"https:\\\/\\\/mybook.am\\\/\",\"name\":\"\",\"description\":\"\",\"potentialAction\":[{\"@type\":\"SearchAction\",\"target\":{\"@type\":\"EntryPoint\",\"urlTemplate\":\"https:\\\/\\\/mybook.am\\\/?s={search_term_string}\"},\"query-input\":{\"@type\":\"PropertyValueSpecification\",\"valueRequired\":true,\"valueName\":\"search_term_string\"}}],\"inLanguage\":\"ru-RU\"},{\"@type\":\"Person\",\"@id\":\"https:\\\/\\\/mybook.am\\\/#\\\/schema\\\/person\\\/e730847942cff3a199774e803916e97e\",\"name\":\"admin\",\"image\":{\"@type\":\"ImageObject\",\"inLanguage\":\"ru-RU\",\"@id\":\"https:\\\/\\\/secure.gravatar.com\\\/avatar\\\/df64e550a0653b7be0f1bcf897f33faad9c2c8153472b2d9319beafb51370f6f?s=96&d=mm&r=g\",\"url\":\"https:\\\/\\\/secure.gravatar.com\\\/avatar\\\/df64e550a0653b7be0f1bcf897f33faad9c2c8153472b2d9319beafb51370f6f?s=96&d=mm&r=g\",\"contentUrl\":\"https:\\\/\\\/secure.gravatar.com\\\/avatar\\\/df64e550a0653b7be0f1bcf897f33faad9c2c8153472b2d9319beafb51370f6f?s=96&d=mm&r=g\",\"caption\":\"admin\"},\"sameAs\":[\"http:\\\/\\\/mybook.am\"],\"url\":\"https:\\\/\\\/mybook.am\\\/?author=1\"}]}<\/script>\n<!-- \/ Yoast SEO plugin. -->","yoast_head_json":{"title":"Podzim v Doveru byl letos ne\u010dekan\u011b krut\u00fd. -","robots":{"index":"index","follow":"follow","max-snippet":"max-snippet:-1","max-image-preview":"max-image-preview:large","max-video-preview":"max-video-preview:-1"},"canonical":"https:\/\/mybook.am\/?p=24227","og_locale":"ru_RU","og_type":"article","og_title":"Podzim v Doveru byl letos ne\u010dekan\u011b krut\u00fd. -","og_description":"Takov\u00fd ten \u010das, kdy vzduch stud\u00ed v\u00edc ne\u017e obvykle a realita si nebere serv\u00edtky. Pr\u00e1v\u011b tehdy se t\u0159iadvacetilet\u00e9mu Stevenu Eddleymu, oby\u010dejn\u00e9mu popel\u00e1\u0159i, zhroutil","og_url":"https:\/\/mybook.am\/?p=24227","article_published_time":"2025-12-17T07:28:40+00:00","article_modified_time":"2025-12-17T07:28:41+00:00","og_image":[{"width":1200,"height":825,"url":"https:\/\/mybook.am\/wp-content\/uploads\/2025\/12\/8487984.jpg","type":"image\/jpeg"}],"author":"admin","twitter_card":"summary_large_image","twitter_misc":{"\u041d\u0430\u043f\u0438\u0441\u0430\u043d\u043e \u0430\u0432\u0442\u043e\u0440\u043e\u043c":"admin","\u041f\u0440\u0438\u043c\u0435\u0440\u043d\u043e\u0435 \u0432\u0440\u0435\u043c\u044f \u0434\u043b\u044f \u0447\u0442\u0435\u043d\u0438\u044f":"3 \u043c\u0438\u043d\u0443\u0442\u044b"},"schema":{"@context":"https:\/\/schema.org","@graph":[{"@type":"Article","@id":"https:\/\/mybook.am\/?p=24227#article","isPartOf":{"@id":"https:\/\/mybook.am\/?p=24227"},"author":{"name":"admin","@id":"https:\/\/mybook.am\/#\/schema\/person\/e730847942cff3a199774e803916e97e"},"headline":"Podzim v Doveru byl letos ne\u010dekan\u011b krut\u00fd.","datePublished":"2025-12-17T07:28:40+00:00","dateModified":"2025-12-17T07:28:41+00:00","mainEntityOfPage":{"@id":"https:\/\/mybook.am\/?p=24227"},"wordCount":609,"commentCount":0,"image":{"@id":"https:\/\/mybook.am\/?p=24227#primaryimage"},"thumbnailUrl":"https:\/\/mybook.am\/wp-content\/uploads\/2025\/12\/8487984.jpg","articleSection":["\u010cesk\u00e1"],"inLanguage":"ru-RU","potentialAction":[{"@type":"CommentAction","name":"Comment","target":["https:\/\/mybook.am\/?p=24227#respond"]}]},{"@type":"WebPage","@id":"https:\/\/mybook.am\/?p=24227","url":"https:\/\/mybook.am\/?p=24227","name":"Podzim v Doveru byl letos ne\u010dekan\u011b krut\u00fd. -","isPartOf":{"@id":"https:\/\/mybook.am\/#website"},"primaryImageOfPage":{"@id":"https:\/\/mybook.am\/?p=24227#primaryimage"},"image":{"@id":"https:\/\/mybook.am\/?p=24227#primaryimage"},"thumbnailUrl":"https:\/\/mybook.am\/wp-content\/uploads\/2025\/12\/8487984.jpg","datePublished":"2025-12-17T07:28:40+00:00","dateModified":"2025-12-17T07:28:41+00:00","author":{"@id":"https:\/\/mybook.am\/#\/schema\/person\/e730847942cff3a199774e803916e97e"},"breadcrumb":{"@id":"https:\/\/mybook.am\/?p=24227#breadcrumb"},"inLanguage":"ru-RU","potentialAction":[{"@type":"ReadAction","target":["https:\/\/mybook.am\/?p=24227"]}]},{"@type":"ImageObject","inLanguage":"ru-RU","@id":"https:\/\/mybook.am\/?p=24227#primaryimage","url":"https:\/\/mybook.am\/wp-content\/uploads\/2025\/12\/8487984.jpg","contentUrl":"https:\/\/mybook.am\/wp-content\/uploads\/2025\/12\/8487984.jpg","width":1200,"height":825},{"@type":"BreadcrumbList","@id":"https:\/\/mybook.am\/?p=24227#breadcrumb","itemListElement":[{"@type":"ListItem","position":1,"name":"\u0413\u043b\u0430\u0432\u043d\u0430\u044f \u0441\u0442\u0440\u0430\u043d\u0438\u0446\u0430","item":"https:\/\/mybook.am\/"},{"@type":"ListItem","position":2,"name":"Podzim v Doveru byl letos ne\u010dekan\u011b krut\u00fd."}]},{"@type":"WebSite","@id":"https:\/\/mybook.am\/#website","url":"https:\/\/mybook.am\/","name":"","description":"","potentialAction":[{"@type":"SearchAction","target":{"@type":"EntryPoint","urlTemplate":"https:\/\/mybook.am\/?s={search_term_string}"},"query-input":{"@type":"PropertyValueSpecification","valueRequired":true,"valueName":"search_term_string"}}],"inLanguage":"ru-RU"},{"@type":"Person","@id":"https:\/\/mybook.am\/#\/schema\/person\/e730847942cff3a199774e803916e97e","name":"admin","image":{"@type":"ImageObject","inLanguage":"ru-RU","@id":"https:\/\/secure.gravatar.com\/avatar\/df64e550a0653b7be0f1bcf897f33faad9c2c8153472b2d9319beafb51370f6f?s=96&d=mm&r=g","url":"https:\/\/secure.gravatar.com\/avatar\/df64e550a0653b7be0f1bcf897f33faad9c2c8153472b2d9319beafb51370f6f?s=96&d=mm&r=g","contentUrl":"https:\/\/secure.gravatar.com\/avatar\/df64e550a0653b7be0f1bcf897f33faad9c2c8153472b2d9319beafb51370f6f?s=96&d=mm&r=g","caption":"admin"},"sameAs":["http:\/\/mybook.am"],"url":"https:\/\/mybook.am\/?author=1"}]}},"views":197,"_links":{"self":[{"href":"https:\/\/mybook.am\/index.php?rest_route=\/wp\/v2\/posts\/24227","targetHints":{"allow":["GET"]}}],"collection":[{"href":"https:\/\/mybook.am\/index.php?rest_route=\/wp\/v2\/posts"}],"about":[{"href":"https:\/\/mybook.am\/index.php?rest_route=\/wp\/v2\/types\/post"}],"author":[{"embeddable":true,"href":"https:\/\/mybook.am\/index.php?rest_route=\/wp\/v2\/users\/1"}],"replies":[{"embeddable":true,"href":"https:\/\/mybook.am\/index.php?rest_route=%2Fwp%2Fv2%2Fcomments&post=24227"}],"version-history":[{"count":1,"href":"https:\/\/mybook.am\/index.php?rest_route=\/wp\/v2\/posts\/24227\/revisions"}],"predecessor-version":[{"id":24229,"href":"https:\/\/mybook.am\/index.php?rest_route=\/wp\/v2\/posts\/24227\/revisions\/24229"}],"wp:featuredmedia":[{"embeddable":true,"href":"https:\/\/mybook.am\/index.php?rest_route=\/wp\/v2\/media\/24228"}],"wp:attachment":[{"href":"https:\/\/mybook.am\/index.php?rest_route=%2Fwp%2Fv2%2Fmedia&parent=24227"}],"wp:term":[{"taxonomy":"category","embeddable":true,"href":"https:\/\/mybook.am\/index.php?rest_route=%2Fwp%2Fv2%2Fcategories&post=24227"},{"taxonomy":"post_tag","embeddable":true,"href":"https:\/\/mybook.am\/index.php?rest_route=%2Fwp%2Fv2%2Ftags&post=24227"}],"curies":[{"name":"wp","href":"https:\/\/api.w.org\/{rel}","templated":true}]}}