{"id":24233,"date":"2025-12-17T12:08:16","date_gmt":"2025-12-17T09:08:16","guid":{"rendered":"https:\/\/mybook.am\/?p=24233"},"modified":"2025-12-17T12:08:18","modified_gmt":"2025-12-17T09:08:18","slug":"tato-fotografie-obletela-svet-ne-proto-ze-by-byla-krvava-nebo-zakazana","status":"publish","type":"post","link":"https:\/\/mybook.am\/?p=24233","title":{"rendered":"Tato fotografie oblet\u011bla sv\u011bt ne proto, \u017ee by byla krvav\u00e1 nebo zak\u00e1zan\u00e1."},"content":{"rendered":"\n<p>Pr\u00e1v\u011b naopak. Na prvn\u00ed pohled je t\u00e9m\u011b\u0159 oby\u010dejn\u00e1. A p\u0159esn\u011b v tom spo\u010d\u00edv\u00e1 jej\u00ed d\u011bsiv\u00e1 s\u00edla. Je to sn\u00edmek, u kter\u00e9ho se nejprve zaraz\u00ed\u0161 \u2013 a o vte\u0159inu pozd\u011bji m\u00e1\u0161 pocit, jako by t\u011b n\u011bkdo p\u0159istihl p\u0159i n\u011b\u010dem nep\u0159\u00edjemn\u00e9m. Jako by ti n\u011bkdo nastavil zrcadlo, p\u0159ed kter\u00e9 ses nikdy necht\u011bl postavit.<\/p>\n\n\n\n<p>Na fotografii nen\u00ed \u017e\u00e1dn\u00e1 zjevn\u00e1 katastrofa. \u017d\u00e1dn\u00e9 v\u00fdbuchy, \u017e\u00e1dn\u00e9 slzy v detailu. Jen jeden okam\u017eik, kter\u00fd by v\u011bt\u0161ina lid\u00ed d\u0159\u00edve bezmy\u0161lenkovit\u011b p\u0159esko\u010dila. A p\u0159esto se pod n\u00edm za\u010daly objevovat tis\u00edce stejn\u00fdch reakc\u00ed:<br>\u201eJe mi z toho \u00fazko.\u201c<br>\u201eNemohl jsem kv\u016fli tomu sp\u00e1t.\u201c<br>\u201eVid\u00edm v tom s\u00e1m sebe.\u201c<\/p>\n\n\n\n<p>Pro\u010d?<\/p>\n\n\n\n<p>Proto\u017ee ten sn\u00edmek nezachycuje ud\u00e1lost. Zachycuje n\u00e1sledek.<\/p>\n\n\n\n<figure class=\"wp-block-image size-large\"><img loading=\"lazy\" decoding=\"async\" width=\"1024\" height=\"601\" src=\"https:\/\/mybook.am\/wp-content\/uploads\/2025\/12\/798465489465-2-1024x601.jpg\" alt=\"\" class=\"wp-image-24234\" srcset=\"https:\/\/mybook.am\/wp-content\/uploads\/2025\/12\/798465489465-2-1024x601.jpg 1024w, https:\/\/mybook.am\/wp-content\/uploads\/2025\/12\/798465489465-2-300x176.jpg 300w, https:\/\/mybook.am\/wp-content\/uploads\/2025\/12\/798465489465-2-768x451.jpg 768w, https:\/\/mybook.am\/wp-content\/uploads\/2025\/12\/798465489465-2-1536x902.jpg 1536w, https:\/\/mybook.am\/wp-content\/uploads\/2025\/12\/798465489465-2-752x440.jpg 752w, https:\/\/mybook.am\/wp-content\/uploads\/2025\/12\/798465489465-2.jpg 2048w\" sizes=\"auto, (max-width: 1024px) 100vw, 1024px\" \/><\/figure>\n\n\n\n<p>V z\u00e1b\u011bru nen\u00ed k\u0159ik, ale sly\u0161\u00ed\u0161 ho.<br>Nen\u00ed tam pohyb, ale c\u00edt\u00ed\u0161 nap\u011bt\u00ed.<br>Nikdo nic nevysv\u011btluje \u2013 a p\u0159esto je v\u0161echno a\u017e bolestn\u011b jasn\u00e9.<\/p>\n\n\n\n<p>Lid\u00e9 se za\u010dali h\u00e1dat o to, co vlastn\u011b fotografie znamen\u00e1. Jedni v n\u00ed vid\u011bli trag\u00e9dii. Druz\u00ed lhostejnost. T\u0159et\u00ed oby\u010dejnou ka\u017edodennost, kter\u00e1 se stala normou. A nikdo se nem\u00fdlil. Proto\u017ee ten sn\u00edmek funguje jako zrcadlo: ne\u0159\u00edk\u00e1 ti, co m\u00e1\u0161 vid\u011bt. Nut\u00ed t\u011b vid\u011bt to, co u\u017e d\u00e1vno nechce\u0161.<\/p>\n\n\n\n<p>Nejd\u011bsiv\u011bj\u0161\u00ed na tom nen\u00ed samotn\u00fd obraz. Nejd\u011bsiv\u011bj\u0161\u00ed je, jak m\u00e1lo n\u00e1s podobn\u00e9 v\u011bci dnes p\u0159ekvapuj\u00ed.<\/p>\n\n\n\n<p>\u017dijeme ve sv\u011bt\u011b, kde takov\u00e9 fotografie obvykle jen prolet\u00ed obrazovkou. Kr\u00e1tk\u00fd povzdech, jedna reakce, dal\u0161\u00ed posunut\u00ed prstem. Jen\u017ee tenhle sn\u00edmek to nedovolil. Zastavil. P\u0159imrazil. A polo\u017eil ot\u00e1zku, p\u0159ed kterou se ned\u00e1 ut\u00e9ct:<br>\u201eOpravdu ti tohle p\u0159ipad\u00e1 norm\u00e1ln\u00ed?\u201c<\/p>\n\n\n\n<p>Autor fotografie pozd\u011bji \u0159ekl jedinou v\u011btu:<br>\u201eJ\u00e1 jen zm\u00e1\u010dkl spou\u0161\u0165. V\u0161echno ostatn\u00ed ud\u011blali lid\u00e9.\u201c<\/p>\n\n\n\n<p>A m\u011bl pravdu. Proto\u017ee strach, vztek, stud i ticho se nezrodily v objektivu, ale v hlav\u00e1ch t\u011bch, kdo se d\u00edvali. Ka\u017ed\u00fd si v tom obraze na\u0161el n\u011bco jin\u00e9ho: ztr\u00e1tu, samotu, syst\u00e9m, kter\u00fd mele lidi, \u00fanavu, o kter\u00e9 se nemluv\u00ed, tich\u00e9 souhlasy, kter\u00e9 bol\u00ed v\u00edc ne\u017e otev\u0159en\u00e9 n\u00e1sil\u00ed.<\/p>\n\n\n\n<p>Tenhle sn\u00edmek se nestal vir\u00e1ln\u00edm kv\u016fli algoritm\u016fm. Stal se vir\u00e1ln\u00edm, proto\u017ee zas\u00e1hl p\u0159esn\u011b to m\u00edsto, kter\u00e9 na\u0161e doba pe\u010dliv\u011b skr\u00fdv\u00e1. M\u00edsto, kde rad\u011bji odvrac\u00edme o\u010di. Kde je pohodln\u011bj\u0161\u00ed \u0159\u00edct \u201eto se m\u011b net\u00fdk\u00e1\u201c. Kde ml\u010den\u00ed p\u016fsob\u00ed bezpe\u010dn\u011bji ne\u017e ot\u00e1zky.<\/p>\n\n\n\n<p>Jen\u017ee pr\u00e1v\u011b proto se to t\u00fdk\u00e1 v\u0161ech.<\/p>\n\n\n\n<p>T\u011bch, kte\u0159\u00ed projdou kolem.<br>T\u011bch, kte\u0159\u00ed se d\u00edvaj\u00ed, ale nic neud\u011blaj\u00ed.<br>T\u011bch, kte\u0159\u00ed si zvykli.<br>I t\u011bch, kte\u0159\u00ed se jednoho dne ocitnou na druh\u00e9 stran\u011b z\u00e1b\u011bru.<\/p>\n\n\n\n<p>N\u011bkdy sta\u010d\u00ed jedin\u00e1 fotografie, aby \u0159ekla v\u00edc ne\u017e tis\u00edc \u010dl\u00e1nk\u016f. Ne\u017e\u00e1d\u00e1 o reakce. Netla\u010d\u00ed na emoce. Prost\u011b z\u016fstane v hlav\u011b \u2013 a odm\u00edt\u00e1 odej\u00edt.<\/p>\n\n\n\n<p>A pokud ti z n\u00ed nebylo dob\u0159e, nen\u00ed to n\u00e1hoda. Znamen\u00e1 to, \u017ee uvnit\u0159 je\u0161t\u011b n\u011bco reaguje. Ot\u00e1zka zn\u00ed u\u017e jen jedna:<br>co s t\u00edm pocitem ud\u011bl\u00e1me d\u00e1l?<\/p>\n","protected":false},"excerpt":{"rendered":"Pr\u00e1v\u011b naopak. Na prvn\u00ed pohled je t\u00e9m\u011b\u0159 oby\u010dejn\u00e1. A p\u0159esn\u011b v tom spo\u010d\u00edv\u00e1 jej\u00ed d\u011bsiv\u00e1 s\u00edla. Je to sn\u00edmek, u kter\u00e9ho se nejprve \n<a class=\"moretag\" href=\"https:\/\/mybook.am\/?p=24233\"> [...]<\/a>","protected":false},"author":1,"featured_media":24234,"comment_status":"open","ping_status":"open","sticky":false,"template":"","format":"standard","meta":{"footnotes":""},"categories":[1],"tags":[],"class_list":["post-24233","post","type-post","status-publish","format-standard","has-post-thumbnail","hentry","category-ceska"],"yoast_head":"<!-- This site is optimized with the Yoast SEO plugin v27.5 - https:\/\/yoast.com\/product\/yoast-seo-wordpress\/ -->\n<title>Tato fotografie oblet\u011bla sv\u011bt ne proto, \u017ee by byla krvav\u00e1 nebo zak\u00e1zan\u00e1. -<\/title>\n<meta name=\"robots\" content=\"index, follow, max-snippet:-1, max-image-preview:large, max-video-preview:-1\" \/>\n<link rel=\"canonical\" href=\"https:\/\/mybook.am\/?p=24233\" \/>\n<meta property=\"og:locale\" content=\"ru_RU\" \/>\n<meta property=\"og:type\" content=\"article\" \/>\n<meta property=\"og:title\" content=\"Tato fotografie oblet\u011bla sv\u011bt ne proto, \u017ee by byla krvav\u00e1 nebo zak\u00e1zan\u00e1. -\" \/>\n<meta property=\"og:description\" content=\"Pr\u00e1v\u011b naopak. Na prvn\u00ed pohled je t\u00e9m\u011b\u0159 oby\u010dejn\u00e1. A p\u0159esn\u011b v tom spo\u010d\u00edv\u00e1 jej\u00ed d\u011bsiv\u00e1 s\u00edla. Je to sn\u00edmek, u kter\u00e9ho se nejprve\" \/>\n<meta property=\"og:url\" content=\"https:\/\/mybook.am\/?p=24233\" \/>\n<meta property=\"article:published_time\" content=\"2025-12-17T09:08:16+00:00\" \/>\n<meta property=\"article:modified_time\" content=\"2025-12-17T09:08:18+00:00\" \/>\n<meta property=\"og:image\" content=\"https:\/\/mybook.am\/wp-content\/uploads\/2025\/12\/798465489465-2.jpg\" \/>\n\t<meta property=\"og:image:width\" content=\"2048\" \/>\n\t<meta property=\"og:image:height\" content=\"1202\" \/>\n\t<meta property=\"og:image:type\" content=\"image\/jpeg\" \/>\n<meta name=\"author\" content=\"admin\" \/>\n<meta name=\"twitter:card\" content=\"summary_large_image\" \/>\n<meta name=\"twitter:label1\" content=\"\u041d\u0430\u043f\u0438\u0441\u0430\u043d\u043e \u0430\u0432\u0442\u043e\u0440\u043e\u043c\" \/>\n\t<meta name=\"twitter:data1\" content=\"admin\" \/>\n\t<meta name=\"twitter:label2\" content=\"\u041f\u0440\u0438\u043c\u0435\u0440\u043d\u043e\u0435 \u0432\u0440\u0435\u043c\u044f \u0434\u043b\u044f \u0447\u0442\u0435\u043d\u0438\u044f\" \/>\n\t<meta name=\"twitter:data2\" content=\"3 \u043c\u0438\u043d\u0443\u0442\u044b\" \/>\n<script type=\"application\/ld+json\" class=\"yoast-schema-graph\">{\"@context\":\"https:\\\/\\\/schema.org\",\"@graph\":[{\"@type\":\"Article\",\"@id\":\"https:\\\/\\\/mybook.am\\\/?p=24233#article\",\"isPartOf\":{\"@id\":\"https:\\\/\\\/mybook.am\\\/?p=24233\"},\"author\":{\"name\":\"admin\",\"@id\":\"https:\\\/\\\/mybook.am\\\/#\\\/schema\\\/person\\\/e730847942cff3a199774e803916e97e\"},\"headline\":\"Tato fotografie oblet\u011bla sv\u011bt ne proto, \u017ee by byla krvav\u00e1 nebo zak\u00e1zan\u00e1.\",\"datePublished\":\"2025-12-17T09:08:16+00:00\",\"dateModified\":\"2025-12-17T09:08:18+00:00\",\"mainEntityOfPage\":{\"@id\":\"https:\\\/\\\/mybook.am\\\/?p=24233\"},\"wordCount\":581,\"commentCount\":0,\"image\":{\"@id\":\"https:\\\/\\\/mybook.am\\\/?p=24233#primaryimage\"},\"thumbnailUrl\":\"https:\\\/\\\/mybook.am\\\/wp-content\\\/uploads\\\/2025\\\/12\\\/798465489465-2.jpg\",\"articleSection\":[\"\u010cesk\u00e1\"],\"inLanguage\":\"ru-RU\",\"potentialAction\":[{\"@type\":\"CommentAction\",\"name\":\"Comment\",\"target\":[\"https:\\\/\\\/mybook.am\\\/?p=24233#respond\"]}]},{\"@type\":\"WebPage\",\"@id\":\"https:\\\/\\\/mybook.am\\\/?p=24233\",\"url\":\"https:\\\/\\\/mybook.am\\\/?p=24233\",\"name\":\"Tato fotografie oblet\u011bla sv\u011bt ne proto, \u017ee by byla krvav\u00e1 nebo zak\u00e1zan\u00e1. -\",\"isPartOf\":{\"@id\":\"https:\\\/\\\/mybook.am\\\/#website\"},\"primaryImageOfPage\":{\"@id\":\"https:\\\/\\\/mybook.am\\\/?p=24233#primaryimage\"},\"image\":{\"@id\":\"https:\\\/\\\/mybook.am\\\/?p=24233#primaryimage\"},\"thumbnailUrl\":\"https:\\\/\\\/mybook.am\\\/wp-content\\\/uploads\\\/2025\\\/12\\\/798465489465-2.jpg\",\"datePublished\":\"2025-12-17T09:08:16+00:00\",\"dateModified\":\"2025-12-17T09:08:18+00:00\",\"author\":{\"@id\":\"https:\\\/\\\/mybook.am\\\/#\\\/schema\\\/person\\\/e730847942cff3a199774e803916e97e\"},\"breadcrumb\":{\"@id\":\"https:\\\/\\\/mybook.am\\\/?p=24233#breadcrumb\"},\"inLanguage\":\"ru-RU\",\"potentialAction\":[{\"@type\":\"ReadAction\",\"target\":[\"https:\\\/\\\/mybook.am\\\/?p=24233\"]}]},{\"@type\":\"ImageObject\",\"inLanguage\":\"ru-RU\",\"@id\":\"https:\\\/\\\/mybook.am\\\/?p=24233#primaryimage\",\"url\":\"https:\\\/\\\/mybook.am\\\/wp-content\\\/uploads\\\/2025\\\/12\\\/798465489465-2.jpg\",\"contentUrl\":\"https:\\\/\\\/mybook.am\\\/wp-content\\\/uploads\\\/2025\\\/12\\\/798465489465-2.jpg\",\"width\":2048,\"height\":1202},{\"@type\":\"BreadcrumbList\",\"@id\":\"https:\\\/\\\/mybook.am\\\/?p=24233#breadcrumb\",\"itemListElement\":[{\"@type\":\"ListItem\",\"position\":1,\"name\":\"\u0413\u043b\u0430\u0432\u043d\u0430\u044f \u0441\u0442\u0440\u0430\u043d\u0438\u0446\u0430\",\"item\":\"https:\\\/\\\/mybook.am\\\/\"},{\"@type\":\"ListItem\",\"position\":2,\"name\":\"Tato fotografie oblet\u011bla sv\u011bt ne proto, \u017ee by byla krvav\u00e1 nebo zak\u00e1zan\u00e1.\"}]},{\"@type\":\"WebSite\",\"@id\":\"https:\\\/\\\/mybook.am\\\/#website\",\"url\":\"https:\\\/\\\/mybook.am\\\/\",\"name\":\"\",\"description\":\"\",\"potentialAction\":[{\"@type\":\"SearchAction\",\"target\":{\"@type\":\"EntryPoint\",\"urlTemplate\":\"https:\\\/\\\/mybook.am\\\/?s={search_term_string}\"},\"query-input\":{\"@type\":\"PropertyValueSpecification\",\"valueRequired\":true,\"valueName\":\"search_term_string\"}}],\"inLanguage\":\"ru-RU\"},{\"@type\":\"Person\",\"@id\":\"https:\\\/\\\/mybook.am\\\/#\\\/schema\\\/person\\\/e730847942cff3a199774e803916e97e\",\"name\":\"admin\",\"image\":{\"@type\":\"ImageObject\",\"inLanguage\":\"ru-RU\",\"@id\":\"https:\\\/\\\/secure.gravatar.com\\\/avatar\\\/df64e550a0653b7be0f1bcf897f33faad9c2c8153472b2d9319beafb51370f6f?s=96&d=mm&r=g\",\"url\":\"https:\\\/\\\/secure.gravatar.com\\\/avatar\\\/df64e550a0653b7be0f1bcf897f33faad9c2c8153472b2d9319beafb51370f6f?s=96&d=mm&r=g\",\"contentUrl\":\"https:\\\/\\\/secure.gravatar.com\\\/avatar\\\/df64e550a0653b7be0f1bcf897f33faad9c2c8153472b2d9319beafb51370f6f?s=96&d=mm&r=g\",\"caption\":\"admin\"},\"sameAs\":[\"http:\\\/\\\/mybook.am\"],\"url\":\"https:\\\/\\\/mybook.am\\\/?author=1\"}]}<\/script>\n<!-- \/ Yoast SEO plugin. -->","yoast_head_json":{"title":"Tato fotografie oblet\u011bla sv\u011bt ne proto, \u017ee by byla krvav\u00e1 nebo zak\u00e1zan\u00e1. -","robots":{"index":"index","follow":"follow","max-snippet":"max-snippet:-1","max-image-preview":"max-image-preview:large","max-video-preview":"max-video-preview:-1"},"canonical":"https:\/\/mybook.am\/?p=24233","og_locale":"ru_RU","og_type":"article","og_title":"Tato fotografie oblet\u011bla sv\u011bt ne proto, \u017ee by byla krvav\u00e1 nebo zak\u00e1zan\u00e1. -","og_description":"Pr\u00e1v\u011b naopak. Na prvn\u00ed pohled je t\u00e9m\u011b\u0159 oby\u010dejn\u00e1. A p\u0159esn\u011b v tom spo\u010d\u00edv\u00e1 jej\u00ed d\u011bsiv\u00e1 s\u00edla. Je to sn\u00edmek, u kter\u00e9ho se nejprve","og_url":"https:\/\/mybook.am\/?p=24233","article_published_time":"2025-12-17T09:08:16+00:00","article_modified_time":"2025-12-17T09:08:18+00:00","og_image":[{"width":2048,"height":1202,"url":"https:\/\/mybook.am\/wp-content\/uploads\/2025\/12\/798465489465-2.jpg","type":"image\/jpeg"}],"author":"admin","twitter_card":"summary_large_image","twitter_misc":{"\u041d\u0430\u043f\u0438\u0441\u0430\u043d\u043e \u0430\u0432\u0442\u043e\u0440\u043e\u043c":"admin","\u041f\u0440\u0438\u043c\u0435\u0440\u043d\u043e\u0435 \u0432\u0440\u0435\u043c\u044f \u0434\u043b\u044f \u0447\u0442\u0435\u043d\u0438\u044f":"3 \u043c\u0438\u043d\u0443\u0442\u044b"},"schema":{"@context":"https:\/\/schema.org","@graph":[{"@type":"Article","@id":"https:\/\/mybook.am\/?p=24233#article","isPartOf":{"@id":"https:\/\/mybook.am\/?p=24233"},"author":{"name":"admin","@id":"https:\/\/mybook.am\/#\/schema\/person\/e730847942cff3a199774e803916e97e"},"headline":"Tato fotografie oblet\u011bla sv\u011bt ne proto, \u017ee by byla krvav\u00e1 nebo zak\u00e1zan\u00e1.","datePublished":"2025-12-17T09:08:16+00:00","dateModified":"2025-12-17T09:08:18+00:00","mainEntityOfPage":{"@id":"https:\/\/mybook.am\/?p=24233"},"wordCount":581,"commentCount":0,"image":{"@id":"https:\/\/mybook.am\/?p=24233#primaryimage"},"thumbnailUrl":"https:\/\/mybook.am\/wp-content\/uploads\/2025\/12\/798465489465-2.jpg","articleSection":["\u010cesk\u00e1"],"inLanguage":"ru-RU","potentialAction":[{"@type":"CommentAction","name":"Comment","target":["https:\/\/mybook.am\/?p=24233#respond"]}]},{"@type":"WebPage","@id":"https:\/\/mybook.am\/?p=24233","url":"https:\/\/mybook.am\/?p=24233","name":"Tato fotografie oblet\u011bla sv\u011bt ne proto, \u017ee by byla krvav\u00e1 nebo zak\u00e1zan\u00e1. -","isPartOf":{"@id":"https:\/\/mybook.am\/#website"},"primaryImageOfPage":{"@id":"https:\/\/mybook.am\/?p=24233#primaryimage"},"image":{"@id":"https:\/\/mybook.am\/?p=24233#primaryimage"},"thumbnailUrl":"https:\/\/mybook.am\/wp-content\/uploads\/2025\/12\/798465489465-2.jpg","datePublished":"2025-12-17T09:08:16+00:00","dateModified":"2025-12-17T09:08:18+00:00","author":{"@id":"https:\/\/mybook.am\/#\/schema\/person\/e730847942cff3a199774e803916e97e"},"breadcrumb":{"@id":"https:\/\/mybook.am\/?p=24233#breadcrumb"},"inLanguage":"ru-RU","potentialAction":[{"@type":"ReadAction","target":["https:\/\/mybook.am\/?p=24233"]}]},{"@type":"ImageObject","inLanguage":"ru-RU","@id":"https:\/\/mybook.am\/?p=24233#primaryimage","url":"https:\/\/mybook.am\/wp-content\/uploads\/2025\/12\/798465489465-2.jpg","contentUrl":"https:\/\/mybook.am\/wp-content\/uploads\/2025\/12\/798465489465-2.jpg","width":2048,"height":1202},{"@type":"BreadcrumbList","@id":"https:\/\/mybook.am\/?p=24233#breadcrumb","itemListElement":[{"@type":"ListItem","position":1,"name":"\u0413\u043b\u0430\u0432\u043d\u0430\u044f \u0441\u0442\u0440\u0430\u043d\u0438\u0446\u0430","item":"https:\/\/mybook.am\/"},{"@type":"ListItem","position":2,"name":"Tato fotografie oblet\u011bla sv\u011bt ne proto, \u017ee by byla krvav\u00e1 nebo zak\u00e1zan\u00e1."}]},{"@type":"WebSite","@id":"https:\/\/mybook.am\/#website","url":"https:\/\/mybook.am\/","name":"","description":"","potentialAction":[{"@type":"SearchAction","target":{"@type":"EntryPoint","urlTemplate":"https:\/\/mybook.am\/?s={search_term_string}"},"query-input":{"@type":"PropertyValueSpecification","valueRequired":true,"valueName":"search_term_string"}}],"inLanguage":"ru-RU"},{"@type":"Person","@id":"https:\/\/mybook.am\/#\/schema\/person\/e730847942cff3a199774e803916e97e","name":"admin","image":{"@type":"ImageObject","inLanguage":"ru-RU","@id":"https:\/\/secure.gravatar.com\/avatar\/df64e550a0653b7be0f1bcf897f33faad9c2c8153472b2d9319beafb51370f6f?s=96&d=mm&r=g","url":"https:\/\/secure.gravatar.com\/avatar\/df64e550a0653b7be0f1bcf897f33faad9c2c8153472b2d9319beafb51370f6f?s=96&d=mm&r=g","contentUrl":"https:\/\/secure.gravatar.com\/avatar\/df64e550a0653b7be0f1bcf897f33faad9c2c8153472b2d9319beafb51370f6f?s=96&d=mm&r=g","caption":"admin"},"sameAs":["http:\/\/mybook.am"],"url":"https:\/\/mybook.am\/?author=1"}]}},"views":171,"_links":{"self":[{"href":"https:\/\/mybook.am\/index.php?rest_route=\/wp\/v2\/posts\/24233","targetHints":{"allow":["GET"]}}],"collection":[{"href":"https:\/\/mybook.am\/index.php?rest_route=\/wp\/v2\/posts"}],"about":[{"href":"https:\/\/mybook.am\/index.php?rest_route=\/wp\/v2\/types\/post"}],"author":[{"embeddable":true,"href":"https:\/\/mybook.am\/index.php?rest_route=\/wp\/v2\/users\/1"}],"replies":[{"embeddable":true,"href":"https:\/\/mybook.am\/index.php?rest_route=%2Fwp%2Fv2%2Fcomments&post=24233"}],"version-history":[{"count":1,"href":"https:\/\/mybook.am\/index.php?rest_route=\/wp\/v2\/posts\/24233\/revisions"}],"predecessor-version":[{"id":24235,"href":"https:\/\/mybook.am\/index.php?rest_route=\/wp\/v2\/posts\/24233\/revisions\/24235"}],"wp:featuredmedia":[{"embeddable":true,"href":"https:\/\/mybook.am\/index.php?rest_route=\/wp\/v2\/media\/24234"}],"wp:attachment":[{"href":"https:\/\/mybook.am\/index.php?rest_route=%2Fwp%2Fv2%2Fmedia&parent=24233"}],"wp:term":[{"taxonomy":"category","embeddable":true,"href":"https:\/\/mybook.am\/index.php?rest_route=%2Fwp%2Fv2%2Fcategories&post=24233"},{"taxonomy":"post_tag","embeddable":true,"href":"https:\/\/mybook.am\/index.php?rest_route=%2Fwp%2Fv2%2Ftags&post=24233"}],"curies":[{"name":"wp","href":"https:\/\/api.w.org\/{rel}","templated":true}]}}