{"id":24241,"date":"2025-12-17T18:31:25","date_gmt":"2025-12-17T15:31:25","guid":{"rendered":"https:\/\/mybook.am\/?p=24241"},"modified":"2025-12-17T18:31:26","modified_gmt":"2025-12-17T15:31:26","slug":"je-suis-restee-immobile-incapable-de-respirer-normalement","status":"publish","type":"post","link":"https:\/\/mybook.am\/?p=24241","title":{"rendered":"Je suis rest\u00e9e immobile, incapable de respirer normalement."},"content":{"rendered":"\n<p>Le monde semblait s\u2019\u00eatre r\u00e9tr\u00e9ci jusqu\u2019\u00e0 mes doigts. Sous la doublure du collier, cousue avec une pr\u00e9cision presque obsessionnelle, se trouvait une petite poche. \u00c0 l\u2019int\u00e9rieur : une enveloppe jaunie par le temps et une cl\u00e9 en m\u00e9tal. Une cl\u00e9 banale. Sans inscription, sans \u00e9clat. Le genre d\u2019objet que l\u2019on perd facilement\u2026 et que l\u2019on ne cache jamais sans raison.<\/p>\n\n\n\n<p>Nuka a soupir\u00e9 doucement et a pos\u00e9 sa t\u00eate contre ma cuisse. Pas un g\u00e9missement. Pas de peur. Juste ce calme \u00e9trange, comme si elle savait que tout arrivait exactement comme pr\u00e9vu.<\/p>\n\n\n\n<p>J\u2019ai ouvert l\u2019enveloppe. Le papier \u00e9tait pli\u00e9 avec soin. J\u2019ai reconnu l\u2019\u00e9criture imm\u00e9diatement : l\u00e9g\u00e8rement trembl\u00e9e, avec des lettres \u00e9tir\u00e9es. Ma grand-m\u00e8re \u00e9crivait toujours ainsi, comme si elle avait peu de temps, mais beaucoup de choses \u00e0 dire.<\/p>\n\n\n\n<p>\u00ab Si c\u2019est toi qui lis ces lignes, c\u2019est qu\u2019ils ont encore regard\u00e9 au mauvais endroit. \u00bb<\/p>\n\n\n\n<figure class=\"wp-block-image size-large\"><img loading=\"lazy\" decoding=\"async\" width=\"867\" height=\"1024\" src=\"https:\/\/mybook.am\/wp-content\/uploads\/2025\/12\/789465498465-1-867x1024.jpg\" alt=\"\" class=\"wp-image-24246\" srcset=\"https:\/\/mybook.am\/wp-content\/uploads\/2025\/12\/789465498465-1-867x1024.jpg 867w, https:\/\/mybook.am\/wp-content\/uploads\/2025\/12\/789465498465-1-254x300.jpg 254w, https:\/\/mybook.am\/wp-content\/uploads\/2025\/12\/789465498465-1-768x907.jpg 768w, https:\/\/mybook.am\/wp-content\/uploads\/2025\/12\/789465498465-1.jpg 1270w\" sizes=\"auto, (max-width: 867px) 100vw, 867px\" \/><\/figure>\n\n\n\n<p>Un frisson m\u2019a travers\u00e9. J\u2019ai eu l\u2019impression qu\u2019elle se tenait derri\u00e8re moi, silencieuse, observant la sc\u00e8ne avec ce sourire discret qu\u2019elle avait quand elle comprenait tout avant les autres.<\/p>\n\n\n\n<p>Elle \u00e9crivait qu\u2019elle nous avait vus. Ann\u00e9e apr\u00e8s ann\u00e9e. Les regards avides, les disputes d\u00e9guis\u00e9es en politesses, la fa\u00e7on dont l\u2019amour se transformait peu \u00e0 peu en calcul. Elle expliquait avoir choisi de ne pas confier son v\u00e9ritable h\u00e9ritage \u00e0 ceux qui fouilleraient les tiroirs, les armoires ou les comptes bancaires.<\/p>\n\n\n\n<p>\u00ab Ce qui a de la valeur ne se montre pas, \u00e9crivait-elle. Et ne fait jamais le plus de bruit. \u00bb<\/p>\n\n\n\n<p>La cl\u00e9 ouvrait, selon elle, une vieille caisse en bois dans l\u2019abri derri\u00e8re la maison. Celle que tout le monde consid\u00e9rait comme inutile, remplie de bric-\u00e0-brac. Elle avait toujours demand\u00e9 qu\u2019on n\u2019y touche pas. Et, \u00e9trangement, personne n\u2019avait jamais enfreint cette r\u00e8gle.<\/p>\n\n\n\n<p>Le lendemain matin, la maison \u00e9tait lourde de tension. Le caf\u00e9 \u00e9tait froid. Les conversations forc\u00e9es. Les regards pleins d\u2019attente. Personne ne m\u2019a demand\u00e9 o\u00f9 j\u2019avais pass\u00e9 la nuit. Personne n\u2019a remarqu\u00e9 que Nuka restait coll\u00e9e \u00e0 moi.<\/p>\n\n\n\n<p>J\u2019ai travers\u00e9 la pi\u00e8ce sans un mot et je suis sortie. La cl\u00e9 a r\u00e9sist\u00e9 un instant dans la serrure, comme si la caisse h\u00e9sitait encore. Puis elle s\u2019est ouverte.<\/p>\n\n\n\n<p>Il n\u2019y avait ni or, ni bijoux, ni argent.<\/p>\n\n\n\n<p>Il y avait des carnets. Des photos anciennes. Et un dossier.<\/p>\n\n\n\n<p>L\u2019histoire r\u00e9elle de notre famille. Pas celle racont\u00e9e lors des f\u00eates. Des preuves que ma grand-m\u00e8re avait vendu un terrain pour payer le traitement d\u2019une personne que tous consid\u00e9raient comme \u00e9trang\u00e8re. Un compte ouvert \u00e0 mon nom bien avant que je sache \u00e9crire. Et enfin, un document notari\u00e9 clair : tout revenait \u00e0 celui ou celle qui partirait sans rien r\u00e9clamer.<\/p>\n\n\n\n<p>\u00c0 celui qui choisirait la compassion plut\u00f4t que la guerre.<\/p>\n\n\n\n<p>Quand je suis ressortie, je n\u2019\u00e9tais pas plus riche. J\u2019\u00e9tais diff\u00e9rente. Plus calme. Plus lucide. D\u00e9lest\u00e9e de certaines illusions.<\/p>\n\n\n\n<p>Les autres ont h\u00e9rit\u00e9 de meubles, de vaisselle, et du sentiment d\u2019avoir gagn\u00e9.<br>Moi, j\u2019ai re\u00e7u quelque chose qu\u2019on ne peut ni partager ni voler.<\/p>\n\n\n\n<p>Un chien que personne ne voulait, et qui \u00e9tait la cl\u00e9.<br>Une lettre \u00e9crite par une femme qui voyait au-del\u00e0 des apparences.<br>Et la certitude que ma grand-m\u00e8re \u00e9tait partie\u2026 mais qu\u2019elle avait quand m\u00eame choisi.<\/p>\n\n\n\n<p>Ce soir-l\u00e0, Nuka s\u2019est endormie \u00e0 mes pieds. En caressant sa t\u00eate grisonnante, j\u2019ai compris une v\u00e9rit\u00e9 simple et d\u00e9rangeante : le v\u00e9ritable h\u00e9ritage ne crie jamais. Il attend. Et il va toujours \u00e0 celui qui sait \u00e9couter le silence.<\/p>\n","protected":false},"excerpt":{"rendered":"Le monde semblait s\u2019\u00eatre r\u00e9tr\u00e9ci jusqu\u2019\u00e0 mes doigts. Sous la doublure du collier, cousue avec une pr\u00e9cision presque obsessionnelle, se trouvait une petite \n<a class=\"moretag\" href=\"https:\/\/mybook.am\/?p=24241\"> [...]<\/a>","protected":false},"author":1,"featured_media":24246,"comment_status":"open","ping_status":"open","sticky":false,"template":"","format":"standard","meta":{"footnotes":""},"categories":[3],"tags":[],"class_list":["post-24241","post","type-post","status-publish","format-standard","has-post-thumbnail","hentry","category-fotto"],"yoast_head":"<!-- This site is optimized with the Yoast SEO plugin v27.5 - https:\/\/yoast.com\/product\/yoast-seo-wordpress\/ -->\n<title>Je suis rest\u00e9e immobile, incapable de respirer normalement. -<\/title>\n<meta name=\"robots\" content=\"index, follow, max-snippet:-1, max-image-preview:large, max-video-preview:-1\" \/>\n<link rel=\"canonical\" href=\"https:\/\/mybook.am\/?p=24241\" \/>\n<meta property=\"og:locale\" content=\"ru_RU\" \/>\n<meta property=\"og:type\" content=\"article\" \/>\n<meta property=\"og:title\" content=\"Je suis rest\u00e9e immobile, incapable de respirer normalement. -\" \/>\n<meta property=\"og:description\" content=\"Le monde semblait s\u2019\u00eatre r\u00e9tr\u00e9ci jusqu\u2019\u00e0 mes doigts. Sous la doublure du collier, cousue avec une pr\u00e9cision presque obsessionnelle, se trouvait une petite\" \/>\n<meta property=\"og:url\" content=\"https:\/\/mybook.am\/?p=24241\" \/>\n<meta property=\"article:published_time\" content=\"2025-12-17T15:31:25+00:00\" \/>\n<meta property=\"article:modified_time\" content=\"2025-12-17T15:31:26+00:00\" \/>\n<meta property=\"og:image\" content=\"https:\/\/mybook.am\/wp-content\/uploads\/2025\/12\/789465498465-1.jpg\" \/>\n\t<meta property=\"og:image:width\" content=\"1270\" \/>\n\t<meta property=\"og:image:height\" content=\"1500\" \/>\n\t<meta property=\"og:image:type\" content=\"image\/jpeg\" \/>\n<meta name=\"author\" content=\"admin\" \/>\n<meta name=\"twitter:card\" content=\"summary_large_image\" \/>\n<meta name=\"twitter:label1\" content=\"\u041d\u0430\u043f\u0438\u0441\u0430\u043d\u043e \u0430\u0432\u0442\u043e\u0440\u043e\u043c\" \/>\n\t<meta name=\"twitter:data1\" content=\"admin\" \/>\n\t<meta name=\"twitter:label2\" content=\"\u041f\u0440\u0438\u043c\u0435\u0440\u043d\u043e\u0435 \u0432\u0440\u0435\u043c\u044f \u0434\u043b\u044f \u0447\u0442\u0435\u043d\u0438\u044f\" \/>\n\t<meta name=\"twitter:data2\" content=\"4 \u043c\u0438\u043d\u0443\u0442\u044b\" \/>\n<script type=\"application\/ld+json\" class=\"yoast-schema-graph\">{\"@context\":\"https:\\\/\\\/schema.org\",\"@graph\":[{\"@type\":\"Article\",\"@id\":\"https:\\\/\\\/mybook.am\\\/?p=24241#article\",\"isPartOf\":{\"@id\":\"https:\\\/\\\/mybook.am\\\/?p=24241\"},\"author\":{\"name\":\"admin\",\"@id\":\"https:\\\/\\\/mybook.am\\\/#\\\/schema\\\/person\\\/e730847942cff3a199774e803916e97e\"},\"headline\":\"Je suis rest\u00e9e immobile, incapable de respirer normalement.\",\"datePublished\":\"2025-12-17T15:31:25+00:00\",\"dateModified\":\"2025-12-17T15:31:26+00:00\",\"mainEntityOfPage\":{\"@id\":\"https:\\\/\\\/mybook.am\\\/?p=24241\"},\"wordCount\":653,\"commentCount\":0,\"image\":{\"@id\":\"https:\\\/\\\/mybook.am\\\/?p=24241#primaryimage\"},\"thumbnailUrl\":\"https:\\\/\\\/mybook.am\\\/wp-content\\\/uploads\\\/2025\\\/12\\\/789465498465-1.jpg\",\"articleSection\":[\"FRANS\"],\"inLanguage\":\"ru-RU\",\"potentialAction\":[{\"@type\":\"CommentAction\",\"name\":\"Comment\",\"target\":[\"https:\\\/\\\/mybook.am\\\/?p=24241#respond\"]}]},{\"@type\":\"WebPage\",\"@id\":\"https:\\\/\\\/mybook.am\\\/?p=24241\",\"url\":\"https:\\\/\\\/mybook.am\\\/?p=24241\",\"name\":\"Je suis rest\u00e9e immobile, incapable de respirer normalement. -\",\"isPartOf\":{\"@id\":\"https:\\\/\\\/mybook.am\\\/#website\"},\"primaryImageOfPage\":{\"@id\":\"https:\\\/\\\/mybook.am\\\/?p=24241#primaryimage\"},\"image\":{\"@id\":\"https:\\\/\\\/mybook.am\\\/?p=24241#primaryimage\"},\"thumbnailUrl\":\"https:\\\/\\\/mybook.am\\\/wp-content\\\/uploads\\\/2025\\\/12\\\/789465498465-1.jpg\",\"datePublished\":\"2025-12-17T15:31:25+00:00\",\"dateModified\":\"2025-12-17T15:31:26+00:00\",\"author\":{\"@id\":\"https:\\\/\\\/mybook.am\\\/#\\\/schema\\\/person\\\/e730847942cff3a199774e803916e97e\"},\"breadcrumb\":{\"@id\":\"https:\\\/\\\/mybook.am\\\/?p=24241#breadcrumb\"},\"inLanguage\":\"ru-RU\",\"potentialAction\":[{\"@type\":\"ReadAction\",\"target\":[\"https:\\\/\\\/mybook.am\\\/?p=24241\"]}]},{\"@type\":\"ImageObject\",\"inLanguage\":\"ru-RU\",\"@id\":\"https:\\\/\\\/mybook.am\\\/?p=24241#primaryimage\",\"url\":\"https:\\\/\\\/mybook.am\\\/wp-content\\\/uploads\\\/2025\\\/12\\\/789465498465-1.jpg\",\"contentUrl\":\"https:\\\/\\\/mybook.am\\\/wp-content\\\/uploads\\\/2025\\\/12\\\/789465498465-1.jpg\",\"width\":1270,\"height\":1500},{\"@type\":\"BreadcrumbList\",\"@id\":\"https:\\\/\\\/mybook.am\\\/?p=24241#breadcrumb\",\"itemListElement\":[{\"@type\":\"ListItem\",\"position\":1,\"name\":\"\u0413\u043b\u0430\u0432\u043d\u0430\u044f \u0441\u0442\u0440\u0430\u043d\u0438\u0446\u0430\",\"item\":\"https:\\\/\\\/mybook.am\\\/\"},{\"@type\":\"ListItem\",\"position\":2,\"name\":\"Je suis rest\u00e9e immobile, incapable de respirer normalement.\"}]},{\"@type\":\"WebSite\",\"@id\":\"https:\\\/\\\/mybook.am\\\/#website\",\"url\":\"https:\\\/\\\/mybook.am\\\/\",\"name\":\"\",\"description\":\"\",\"potentialAction\":[{\"@type\":\"SearchAction\",\"target\":{\"@type\":\"EntryPoint\",\"urlTemplate\":\"https:\\\/\\\/mybook.am\\\/?s={search_term_string}\"},\"query-input\":{\"@type\":\"PropertyValueSpecification\",\"valueRequired\":true,\"valueName\":\"search_term_string\"}}],\"inLanguage\":\"ru-RU\"},{\"@type\":\"Person\",\"@id\":\"https:\\\/\\\/mybook.am\\\/#\\\/schema\\\/person\\\/e730847942cff3a199774e803916e97e\",\"name\":\"admin\",\"image\":{\"@type\":\"ImageObject\",\"inLanguage\":\"ru-RU\",\"@id\":\"https:\\\/\\\/secure.gravatar.com\\\/avatar\\\/df64e550a0653b7be0f1bcf897f33faad9c2c8153472b2d9319beafb51370f6f?s=96&d=mm&r=g\",\"url\":\"https:\\\/\\\/secure.gravatar.com\\\/avatar\\\/df64e550a0653b7be0f1bcf897f33faad9c2c8153472b2d9319beafb51370f6f?s=96&d=mm&r=g\",\"contentUrl\":\"https:\\\/\\\/secure.gravatar.com\\\/avatar\\\/df64e550a0653b7be0f1bcf897f33faad9c2c8153472b2d9319beafb51370f6f?s=96&d=mm&r=g\",\"caption\":\"admin\"},\"sameAs\":[\"http:\\\/\\\/mybook.am\"],\"url\":\"https:\\\/\\\/mybook.am\\\/?author=1\"}]}<\/script>\n<!-- \/ Yoast SEO plugin. -->","yoast_head_json":{"title":"Je suis rest\u00e9e immobile, incapable de respirer normalement. -","robots":{"index":"index","follow":"follow","max-snippet":"max-snippet:-1","max-image-preview":"max-image-preview:large","max-video-preview":"max-video-preview:-1"},"canonical":"https:\/\/mybook.am\/?p=24241","og_locale":"ru_RU","og_type":"article","og_title":"Je suis rest\u00e9e immobile, incapable de respirer normalement. -","og_description":"Le monde semblait s\u2019\u00eatre r\u00e9tr\u00e9ci jusqu\u2019\u00e0 mes doigts. Sous la doublure du collier, cousue avec une pr\u00e9cision presque obsessionnelle, se trouvait une petite","og_url":"https:\/\/mybook.am\/?p=24241","article_published_time":"2025-12-17T15:31:25+00:00","article_modified_time":"2025-12-17T15:31:26+00:00","og_image":[{"width":1270,"height":1500,"url":"https:\/\/mybook.am\/wp-content\/uploads\/2025\/12\/789465498465-1.jpg","type":"image\/jpeg"}],"author":"admin","twitter_card":"summary_large_image","twitter_misc":{"\u041d\u0430\u043f\u0438\u0441\u0430\u043d\u043e \u0430\u0432\u0442\u043e\u0440\u043e\u043c":"admin","\u041f\u0440\u0438\u043c\u0435\u0440\u043d\u043e\u0435 \u0432\u0440\u0435\u043c\u044f \u0434\u043b\u044f \u0447\u0442\u0435\u043d\u0438\u044f":"4 \u043c\u0438\u043d\u0443\u0442\u044b"},"schema":{"@context":"https:\/\/schema.org","@graph":[{"@type":"Article","@id":"https:\/\/mybook.am\/?p=24241#article","isPartOf":{"@id":"https:\/\/mybook.am\/?p=24241"},"author":{"name":"admin","@id":"https:\/\/mybook.am\/#\/schema\/person\/e730847942cff3a199774e803916e97e"},"headline":"Je suis rest\u00e9e immobile, incapable de respirer normalement.","datePublished":"2025-12-17T15:31:25+00:00","dateModified":"2025-12-17T15:31:26+00:00","mainEntityOfPage":{"@id":"https:\/\/mybook.am\/?p=24241"},"wordCount":653,"commentCount":0,"image":{"@id":"https:\/\/mybook.am\/?p=24241#primaryimage"},"thumbnailUrl":"https:\/\/mybook.am\/wp-content\/uploads\/2025\/12\/789465498465-1.jpg","articleSection":["FRANS"],"inLanguage":"ru-RU","potentialAction":[{"@type":"CommentAction","name":"Comment","target":["https:\/\/mybook.am\/?p=24241#respond"]}]},{"@type":"WebPage","@id":"https:\/\/mybook.am\/?p=24241","url":"https:\/\/mybook.am\/?p=24241","name":"Je suis rest\u00e9e immobile, incapable de respirer normalement. -","isPartOf":{"@id":"https:\/\/mybook.am\/#website"},"primaryImageOfPage":{"@id":"https:\/\/mybook.am\/?p=24241#primaryimage"},"image":{"@id":"https:\/\/mybook.am\/?p=24241#primaryimage"},"thumbnailUrl":"https:\/\/mybook.am\/wp-content\/uploads\/2025\/12\/789465498465-1.jpg","datePublished":"2025-12-17T15:31:25+00:00","dateModified":"2025-12-17T15:31:26+00:00","author":{"@id":"https:\/\/mybook.am\/#\/schema\/person\/e730847942cff3a199774e803916e97e"},"breadcrumb":{"@id":"https:\/\/mybook.am\/?p=24241#breadcrumb"},"inLanguage":"ru-RU","potentialAction":[{"@type":"ReadAction","target":["https:\/\/mybook.am\/?p=24241"]}]},{"@type":"ImageObject","inLanguage":"ru-RU","@id":"https:\/\/mybook.am\/?p=24241#primaryimage","url":"https:\/\/mybook.am\/wp-content\/uploads\/2025\/12\/789465498465-1.jpg","contentUrl":"https:\/\/mybook.am\/wp-content\/uploads\/2025\/12\/789465498465-1.jpg","width":1270,"height":1500},{"@type":"BreadcrumbList","@id":"https:\/\/mybook.am\/?p=24241#breadcrumb","itemListElement":[{"@type":"ListItem","position":1,"name":"\u0413\u043b\u0430\u0432\u043d\u0430\u044f \u0441\u0442\u0440\u0430\u043d\u0438\u0446\u0430","item":"https:\/\/mybook.am\/"},{"@type":"ListItem","position":2,"name":"Je suis rest\u00e9e immobile, incapable de respirer normalement."}]},{"@type":"WebSite","@id":"https:\/\/mybook.am\/#website","url":"https:\/\/mybook.am\/","name":"","description":"","potentialAction":[{"@type":"SearchAction","target":{"@type":"EntryPoint","urlTemplate":"https:\/\/mybook.am\/?s={search_term_string}"},"query-input":{"@type":"PropertyValueSpecification","valueRequired":true,"valueName":"search_term_string"}}],"inLanguage":"ru-RU"},{"@type":"Person","@id":"https:\/\/mybook.am\/#\/schema\/person\/e730847942cff3a199774e803916e97e","name":"admin","image":{"@type":"ImageObject","inLanguage":"ru-RU","@id":"https:\/\/secure.gravatar.com\/avatar\/df64e550a0653b7be0f1bcf897f33faad9c2c8153472b2d9319beafb51370f6f?s=96&d=mm&r=g","url":"https:\/\/secure.gravatar.com\/avatar\/df64e550a0653b7be0f1bcf897f33faad9c2c8153472b2d9319beafb51370f6f?s=96&d=mm&r=g","contentUrl":"https:\/\/secure.gravatar.com\/avatar\/df64e550a0653b7be0f1bcf897f33faad9c2c8153472b2d9319beafb51370f6f?s=96&d=mm&r=g","caption":"admin"},"sameAs":["http:\/\/mybook.am"],"url":"https:\/\/mybook.am\/?author=1"}]}},"views":312,"_links":{"self":[{"href":"https:\/\/mybook.am\/index.php?rest_route=\/wp\/v2\/posts\/24241","targetHints":{"allow":["GET"]}}],"collection":[{"href":"https:\/\/mybook.am\/index.php?rest_route=\/wp\/v2\/posts"}],"about":[{"href":"https:\/\/mybook.am\/index.php?rest_route=\/wp\/v2\/types\/post"}],"author":[{"embeddable":true,"href":"https:\/\/mybook.am\/index.php?rest_route=\/wp\/v2\/users\/1"}],"replies":[{"embeddable":true,"href":"https:\/\/mybook.am\/index.php?rest_route=%2Fwp%2Fv2%2Fcomments&post=24241"}],"version-history":[{"count":1,"href":"https:\/\/mybook.am\/index.php?rest_route=\/wp\/v2\/posts\/24241\/revisions"}],"predecessor-version":[{"id":24247,"href":"https:\/\/mybook.am\/index.php?rest_route=\/wp\/v2\/posts\/24241\/revisions\/24247"}],"wp:featuredmedia":[{"embeddable":true,"href":"https:\/\/mybook.am\/index.php?rest_route=\/wp\/v2\/media\/24246"}],"wp:attachment":[{"href":"https:\/\/mybook.am\/index.php?rest_route=%2Fwp%2Fv2%2Fmedia&parent=24241"}],"wp:term":[{"taxonomy":"category","embeddable":true,"href":"https:\/\/mybook.am\/index.php?rest_route=%2Fwp%2Fv2%2Fcategories&post=24241"},{"taxonomy":"post_tag","embeddable":true,"href":"https:\/\/mybook.am\/index.php?rest_route=%2Fwp%2Fv2%2Ftags&post=24241"}],"curies":[{"name":"wp","href":"https:\/\/api.w.org\/{rel}","templated":true}]}}