{"id":24279,"date":"2025-12-18T16:52:20","date_gmt":"2025-12-18T13:52:20","guid":{"rendered":"https:\/\/mybook.am\/?p=24279"},"modified":"2025-12-18T16:52:21","modified_gmt":"2025-12-18T13:52:21","slug":"la-nuit-un-cimetiere-nest-jamais-vraiment-vide","status":"publish","type":"post","link":"https:\/\/mybook.am\/?p=24279","title":{"rendered":"La nuit, un cimeti\u00e8re n\u2019est jamais vraiment vide."},"content":{"rendered":"\n<p>M\u00eame lorsque tout semble immobile, quelque chose circule entre les pierres \u2014 des souvenirs, des silences, des absences trop lourdes. C\u2019est dans cette atmosph\u00e8re troublante que, le 1er juin 2020, des cam\u00e9ras de surveillance install\u00e9es dans un cimeti\u00e8re du Nouveau-Mexique ont capt\u00e9 une sc\u00e8ne qui continue, aujourd\u2019hui encore, de glacer le sang.<\/p>\n\n\n\n<p>Sur l\u2019enregistrement, aucun dysfonctionnement \u00e9vident. Pas de flash, pas d\u2019ombre projet\u00e9e par un arbre, pas de parasite num\u00e9rique. On distingue clairement une petite silhouette sombre qui avance lentement entre les tombes. Elle se dirige sans h\u00e9sitation vers une s\u00e9pulture pr\u00e9cise : celle de Faviola Rodriguez, une fillette d\u00e9c\u00e9d\u00e9e \u00e0 l\u2019\u00e2ge de deux ans en 2018.<\/p>\n\n\n\n<p>Sur la tombe reposaient plusieurs jouets. Toujours les m\u00eames. Un lapin en peluche \u00e0 l\u2019oreille us\u00e9e, une poup\u00e9e aux v\u00eatements d\u00e9lav\u00e9s, un ballon color\u00e9. La famille les d\u00e9posait l\u00e0 \u00e0 chaque visite, comme si l\u2019enfant allait revenir les chercher<\/p>\n\n\n\n<figure class=\"wp-block-image size-large\"><img loading=\"lazy\" decoding=\"async\" width=\"819\" height=\"1024\" src=\"https:\/\/mybook.am\/wp-content\/uploads\/2025\/12\/564556498465-1-819x1024.jpg\" alt=\"\" class=\"wp-image-24284\" srcset=\"https:\/\/mybook.am\/wp-content\/uploads\/2025\/12\/564556498465-1-819x1024.jpg 819w, https:\/\/mybook.am\/wp-content\/uploads\/2025\/12\/564556498465-1-240x300.jpg 240w, https:\/\/mybook.am\/wp-content\/uploads\/2025\/12\/564556498465-1-768x960.jpg 768w, https:\/\/mybook.am\/wp-content\/uploads\/2025\/12\/564556498465-1.jpg 1024w\" sizes=\"auto, (max-width: 819px) 100vw, 819px\" \/><\/figure>\n\n\n\n<p>La silhouette s\u2019arr\u00eate. Elle s\u2019accroupit avec maladresse. Les mouvements sont lents, h\u00e9sitants, presque timides. Puis, un geste : quelque chose qui ressemble \u00e0 une main se tend et touche les jouets. Pas violemment. Pas avec curiosit\u00e9. Avec une d\u00e9licatesse d\u00e9concertante, comme on touche ce qui nous appartient encore.<\/p>\n\n\n\n<p>L\u2019analyse des images a r\u00e9v\u00e9l\u00e9 un d\u00e9tail profond\u00e9ment troublant. La taille, les proportions et la mani\u00e8re de bouger correspondent presque parfaitement \u00e0 celles\u2026 d\u2019un enfant de deux ans. Exactement l\u2019\u00e2ge de Faviola au moment de sa mort.<\/p>\n\n\n\n<p>Les enqu\u00eateurs ont tout examin\u00e9. Animal ? Aucun ne correspond \u00e0 cette morphologie. Humain ? Impossible \u2014 la silhouette est trop petite, les mouvements trop irr\u00e9guliers. Jeu de lumi\u00e8re ? Trop coh\u00e9rent. Falsification ? Les cam\u00e9ras \u00e9taient autonomes, sans acc\u00e8s externe, et les journaux syst\u00e8me n\u2019indiquaient aucune intrusion.<\/p>\n\n\n\n<p>Puis la famille a vu la vid\u00e9o.<\/p>\n\n\n\n<p>La m\u00e8re n\u2019a pas cri\u00e9. Elle n\u2019a pas pleur\u00e9 non plus. Elle est rest\u00e9e immobile, les mains sur le visage, pendant de longues minutes. Avant de murmurer une phrase qui n\u2019appara\u00eet dans aucun rapport officiel :<br>\u00ab Elle commen\u00e7ait toujours par le lapin\u2026 puis elle prenait le ballon. \u00bb<\/p>\n\n\n\n<p>Sur la vid\u00e9o, la silhouette touche exactement les jouets dans cet ordre pr\u00e9cis.<\/p>\n\n\n\n<p>Ces d\u00e9tails n\u2019\u00e9taient connus de personne. Ils n\u2019avaient jamais \u00e9t\u00e9 racont\u00e9s publiquement. Ils ne figuraient dans aucun article. Ils vivaient seulement dans la m\u00e9moire des parents \u2014 et peut-\u00eatre ailleurs.<\/p>\n\n\n\n<p>Apr\u00e8s cette nuit, d\u2019autres anomalies ont \u00e9t\u00e9 signal\u00e9es. Les jouets semblaient parfois d\u00e9plac\u00e9s. De petits empreintes l\u00e9g\u00e8res apparaissaient dans la poussi\u00e8re, \u00e0 peine marqu\u00e9es, comme si le sol lui-m\u00eame h\u00e9sitait \u00e0 reconna\u00eetre ce qui les avait laiss\u00e9es. Les agents de s\u00e9curit\u00e9 ont d\u2019abord plaisant\u00e9. Puis ils ont cess\u00e9 de rire<\/p>\n\n\n\n<p>Les sceptiques ont parl\u00e9 de projection \u00e9motionnelle, de deuil non r\u00e9solu. Les psychologues ont \u00e9voqu\u00e9 des m\u00e9canismes de compensation. D\u2019autres ont os\u00e9 employer un mot que la science \u00e9vite soigneusement. Paranormal.<br>Mais aucune explication n\u2019a r\u00e9ussi \u00e0 tout faire taire.<\/p>\n\n\n\n<p>Car quelque chose d\u00e9range profond\u00e9ment dans cette histoire.<\/p>\n\n\n\n<p>Si ce n\u2019\u00e9tait pas un enfant, pourquoi tant de pr\u00e9cision ?<br>Si ce n\u2019\u00e9tait qu\u2019un hasard, pourquoi ces r\u00e9p\u00e9titions ?<br>Et si ce n\u2019\u00e9tait qu\u2019une vid\u00e9o, pourquoi ceux qui l\u2019ont vue n\u2019arrivent-ils plus \u00e0 dormir comme avant ?<\/p>\n\n\n\n<p>Nous aimons croire que la mort est une fin nette. Un point final. Mais si ce n\u2019\u00e9tait qu\u2019une virgule ? Si les souvenirs refusaient de dispara\u00eetre ? Si l\u2019amour n\u2019ob\u00e9issait ni au temps, ni aux lois de la mati\u00e8re ?<\/p>\n\n\n\n<p>Les cam\u00e9ras fonctionnent toujours. Les jouets sont encore l\u00e0. La famille continue de venir. Et chaque fois qu\u2019ils repartent, la m\u00e8re murmure doucement :<br>\u00ab Si tu \u00e9tais l\u00e0\u2026 je le saurais. \u00bb<\/p>\n\n\n\n<p>Alors, qu\u2019a r\u00e9ellement film\u00e9 cette cam\u00e9ra cette nuit-l\u00e0 ?<br>Un \u00e9cho de m\u00e9moire ?<br>Une illusion n\u00e9e de la douleur ?<br>Ou le rappel terrifiant que tout n\u2019a pas besoin d\u2019\u00eatre expliqu\u00e9 pour \u00eatre r\u00e9el<\/p>\n\n\n\n<p>Il n\u2019y a pas de r\u00e9ponse d\u00e9finitive.<br>Et peut-\u00eatre que c\u2019est pr\u00e9cis\u00e9ment cela\u2026 le plus effrayant.<\/p>\n","protected":false},"excerpt":{"rendered":"M\u00eame lorsque tout semble immobile, quelque chose circule entre les pierres \u2014 des souvenirs, des silences, des absences trop lourdes. C\u2019est dans cette \n<a class=\"moretag\" href=\"https:\/\/mybook.am\/?p=24279\"> [...]<\/a>","protected":false},"author":1,"featured_media":24284,"comment_status":"open","ping_status":"open","sticky":false,"template":"","format":"standard","meta":{"footnotes":""},"categories":[3],"tags":[],"class_list":["post-24279","post","type-post","status-publish","format-standard","has-post-thumbnail","hentry","category-fotto"],"yoast_head":"<!-- This site is optimized with the Yoast SEO plugin v27.5 - https:\/\/yoast.com\/product\/yoast-seo-wordpress\/ -->\n<title>La nuit, un cimeti\u00e8re n\u2019est jamais vraiment vide. -<\/title>\n<meta name=\"robots\" content=\"index, follow, max-snippet:-1, max-image-preview:large, max-video-preview:-1\" \/>\n<link rel=\"canonical\" href=\"https:\/\/mybook.am\/?p=24279\" \/>\n<meta property=\"og:locale\" content=\"ru_RU\" \/>\n<meta property=\"og:type\" content=\"article\" \/>\n<meta property=\"og:title\" content=\"La nuit, un cimeti\u00e8re n\u2019est jamais vraiment vide. -\" \/>\n<meta property=\"og:description\" content=\"M\u00eame lorsque tout semble immobile, quelque chose circule entre les pierres \u2014 des souvenirs, des silences, des absences trop lourdes. C\u2019est dans cette\" \/>\n<meta property=\"og:url\" content=\"https:\/\/mybook.am\/?p=24279\" \/>\n<meta property=\"article:published_time\" content=\"2025-12-18T13:52:20+00:00\" \/>\n<meta property=\"article:modified_time\" content=\"2025-12-18T13:52:21+00:00\" \/>\n<meta property=\"og:image\" content=\"https:\/\/mybook.am\/wp-content\/uploads\/2025\/12\/564556498465-1.jpg\" \/>\n\t<meta property=\"og:image:width\" content=\"1024\" \/>\n\t<meta property=\"og:image:height\" content=\"1280\" \/>\n\t<meta property=\"og:image:type\" content=\"image\/jpeg\" \/>\n<meta name=\"author\" content=\"admin\" \/>\n<meta name=\"twitter:card\" content=\"summary_large_image\" \/>\n<meta name=\"twitter:label1\" content=\"\u041d\u0430\u043f\u0438\u0441\u0430\u043d\u043e \u0430\u0432\u0442\u043e\u0440\u043e\u043c\" \/>\n\t<meta name=\"twitter:data1\" content=\"admin\" \/>\n\t<meta name=\"twitter:label2\" content=\"\u041f\u0440\u0438\u043c\u0435\u0440\u043d\u043e\u0435 \u0432\u0440\u0435\u043c\u044f \u0434\u043b\u044f \u0447\u0442\u0435\u043d\u0438\u044f\" \/>\n\t<meta name=\"twitter:data2\" content=\"4 \u043c\u0438\u043d\u0443\u0442\u044b\" \/>\n<script type=\"application\/ld+json\" class=\"yoast-schema-graph\">{\"@context\":\"https:\\\/\\\/schema.org\",\"@graph\":[{\"@type\":\"Article\",\"@id\":\"https:\\\/\\\/mybook.am\\\/?p=24279#article\",\"isPartOf\":{\"@id\":\"https:\\\/\\\/mybook.am\\\/?p=24279\"},\"author\":{\"name\":\"admin\",\"@id\":\"https:\\\/\\\/mybook.am\\\/#\\\/schema\\\/person\\\/e730847942cff3a199774e803916e97e\"},\"headline\":\"La nuit, un cimeti\u00e8re n\u2019est jamais vraiment vide.\",\"datePublished\":\"2025-12-18T13:52:20+00:00\",\"dateModified\":\"2025-12-18T13:52:21+00:00\",\"mainEntityOfPage\":{\"@id\":\"https:\\\/\\\/mybook.am\\\/?p=24279\"},\"wordCount\":736,\"commentCount\":0,\"image\":{\"@id\":\"https:\\\/\\\/mybook.am\\\/?p=24279#primaryimage\"},\"thumbnailUrl\":\"https:\\\/\\\/mybook.am\\\/wp-content\\\/uploads\\\/2025\\\/12\\\/564556498465-1.jpg\",\"articleSection\":[\"FRANS\"],\"inLanguage\":\"ru-RU\",\"potentialAction\":[{\"@type\":\"CommentAction\",\"name\":\"Comment\",\"target\":[\"https:\\\/\\\/mybook.am\\\/?p=24279#respond\"]}]},{\"@type\":\"WebPage\",\"@id\":\"https:\\\/\\\/mybook.am\\\/?p=24279\",\"url\":\"https:\\\/\\\/mybook.am\\\/?p=24279\",\"name\":\"La nuit, un cimeti\u00e8re n\u2019est jamais vraiment vide. -\",\"isPartOf\":{\"@id\":\"https:\\\/\\\/mybook.am\\\/#website\"},\"primaryImageOfPage\":{\"@id\":\"https:\\\/\\\/mybook.am\\\/?p=24279#primaryimage\"},\"image\":{\"@id\":\"https:\\\/\\\/mybook.am\\\/?p=24279#primaryimage\"},\"thumbnailUrl\":\"https:\\\/\\\/mybook.am\\\/wp-content\\\/uploads\\\/2025\\\/12\\\/564556498465-1.jpg\",\"datePublished\":\"2025-12-18T13:52:20+00:00\",\"dateModified\":\"2025-12-18T13:52:21+00:00\",\"author\":{\"@id\":\"https:\\\/\\\/mybook.am\\\/#\\\/schema\\\/person\\\/e730847942cff3a199774e803916e97e\"},\"breadcrumb\":{\"@id\":\"https:\\\/\\\/mybook.am\\\/?p=24279#breadcrumb\"},\"inLanguage\":\"ru-RU\",\"potentialAction\":[{\"@type\":\"ReadAction\",\"target\":[\"https:\\\/\\\/mybook.am\\\/?p=24279\"]}]},{\"@type\":\"ImageObject\",\"inLanguage\":\"ru-RU\",\"@id\":\"https:\\\/\\\/mybook.am\\\/?p=24279#primaryimage\",\"url\":\"https:\\\/\\\/mybook.am\\\/wp-content\\\/uploads\\\/2025\\\/12\\\/564556498465-1.jpg\",\"contentUrl\":\"https:\\\/\\\/mybook.am\\\/wp-content\\\/uploads\\\/2025\\\/12\\\/564556498465-1.jpg\",\"width\":1024,\"height\":1280},{\"@type\":\"BreadcrumbList\",\"@id\":\"https:\\\/\\\/mybook.am\\\/?p=24279#breadcrumb\",\"itemListElement\":[{\"@type\":\"ListItem\",\"position\":1,\"name\":\"\u0413\u043b\u0430\u0432\u043d\u0430\u044f \u0441\u0442\u0440\u0430\u043d\u0438\u0446\u0430\",\"item\":\"https:\\\/\\\/mybook.am\\\/\"},{\"@type\":\"ListItem\",\"position\":2,\"name\":\"La nuit, un cimeti\u00e8re n\u2019est jamais vraiment vide.\"}]},{\"@type\":\"WebSite\",\"@id\":\"https:\\\/\\\/mybook.am\\\/#website\",\"url\":\"https:\\\/\\\/mybook.am\\\/\",\"name\":\"\",\"description\":\"\",\"potentialAction\":[{\"@type\":\"SearchAction\",\"target\":{\"@type\":\"EntryPoint\",\"urlTemplate\":\"https:\\\/\\\/mybook.am\\\/?s={search_term_string}\"},\"query-input\":{\"@type\":\"PropertyValueSpecification\",\"valueRequired\":true,\"valueName\":\"search_term_string\"}}],\"inLanguage\":\"ru-RU\"},{\"@type\":\"Person\",\"@id\":\"https:\\\/\\\/mybook.am\\\/#\\\/schema\\\/person\\\/e730847942cff3a199774e803916e97e\",\"name\":\"admin\",\"image\":{\"@type\":\"ImageObject\",\"inLanguage\":\"ru-RU\",\"@id\":\"https:\\\/\\\/secure.gravatar.com\\\/avatar\\\/df64e550a0653b7be0f1bcf897f33faad9c2c8153472b2d9319beafb51370f6f?s=96&d=mm&r=g\",\"url\":\"https:\\\/\\\/secure.gravatar.com\\\/avatar\\\/df64e550a0653b7be0f1bcf897f33faad9c2c8153472b2d9319beafb51370f6f?s=96&d=mm&r=g\",\"contentUrl\":\"https:\\\/\\\/secure.gravatar.com\\\/avatar\\\/df64e550a0653b7be0f1bcf897f33faad9c2c8153472b2d9319beafb51370f6f?s=96&d=mm&r=g\",\"caption\":\"admin\"},\"sameAs\":[\"http:\\\/\\\/mybook.am\"],\"url\":\"https:\\\/\\\/mybook.am\\\/?author=1\"}]}<\/script>\n<!-- \/ Yoast SEO plugin. -->","yoast_head_json":{"title":"La nuit, un cimeti\u00e8re n\u2019est jamais vraiment vide. -","robots":{"index":"index","follow":"follow","max-snippet":"max-snippet:-1","max-image-preview":"max-image-preview:large","max-video-preview":"max-video-preview:-1"},"canonical":"https:\/\/mybook.am\/?p=24279","og_locale":"ru_RU","og_type":"article","og_title":"La nuit, un cimeti\u00e8re n\u2019est jamais vraiment vide. -","og_description":"M\u00eame lorsque tout semble immobile, quelque chose circule entre les pierres \u2014 des souvenirs, des silences, des absences trop lourdes. C\u2019est dans cette","og_url":"https:\/\/mybook.am\/?p=24279","article_published_time":"2025-12-18T13:52:20+00:00","article_modified_time":"2025-12-18T13:52:21+00:00","og_image":[{"width":1024,"height":1280,"url":"https:\/\/mybook.am\/wp-content\/uploads\/2025\/12\/564556498465-1.jpg","type":"image\/jpeg"}],"author":"admin","twitter_card":"summary_large_image","twitter_misc":{"\u041d\u0430\u043f\u0438\u0441\u0430\u043d\u043e \u0430\u0432\u0442\u043e\u0440\u043e\u043c":"admin","\u041f\u0440\u0438\u043c\u0435\u0440\u043d\u043e\u0435 \u0432\u0440\u0435\u043c\u044f \u0434\u043b\u044f \u0447\u0442\u0435\u043d\u0438\u044f":"4 \u043c\u0438\u043d\u0443\u0442\u044b"},"schema":{"@context":"https:\/\/schema.org","@graph":[{"@type":"Article","@id":"https:\/\/mybook.am\/?p=24279#article","isPartOf":{"@id":"https:\/\/mybook.am\/?p=24279"},"author":{"name":"admin","@id":"https:\/\/mybook.am\/#\/schema\/person\/e730847942cff3a199774e803916e97e"},"headline":"La nuit, un cimeti\u00e8re n\u2019est jamais vraiment vide.","datePublished":"2025-12-18T13:52:20+00:00","dateModified":"2025-12-18T13:52:21+00:00","mainEntityOfPage":{"@id":"https:\/\/mybook.am\/?p=24279"},"wordCount":736,"commentCount":0,"image":{"@id":"https:\/\/mybook.am\/?p=24279#primaryimage"},"thumbnailUrl":"https:\/\/mybook.am\/wp-content\/uploads\/2025\/12\/564556498465-1.jpg","articleSection":["FRANS"],"inLanguage":"ru-RU","potentialAction":[{"@type":"CommentAction","name":"Comment","target":["https:\/\/mybook.am\/?p=24279#respond"]}]},{"@type":"WebPage","@id":"https:\/\/mybook.am\/?p=24279","url":"https:\/\/mybook.am\/?p=24279","name":"La nuit, un cimeti\u00e8re n\u2019est jamais vraiment vide. -","isPartOf":{"@id":"https:\/\/mybook.am\/#website"},"primaryImageOfPage":{"@id":"https:\/\/mybook.am\/?p=24279#primaryimage"},"image":{"@id":"https:\/\/mybook.am\/?p=24279#primaryimage"},"thumbnailUrl":"https:\/\/mybook.am\/wp-content\/uploads\/2025\/12\/564556498465-1.jpg","datePublished":"2025-12-18T13:52:20+00:00","dateModified":"2025-12-18T13:52:21+00:00","author":{"@id":"https:\/\/mybook.am\/#\/schema\/person\/e730847942cff3a199774e803916e97e"},"breadcrumb":{"@id":"https:\/\/mybook.am\/?p=24279#breadcrumb"},"inLanguage":"ru-RU","potentialAction":[{"@type":"ReadAction","target":["https:\/\/mybook.am\/?p=24279"]}]},{"@type":"ImageObject","inLanguage":"ru-RU","@id":"https:\/\/mybook.am\/?p=24279#primaryimage","url":"https:\/\/mybook.am\/wp-content\/uploads\/2025\/12\/564556498465-1.jpg","contentUrl":"https:\/\/mybook.am\/wp-content\/uploads\/2025\/12\/564556498465-1.jpg","width":1024,"height":1280},{"@type":"BreadcrumbList","@id":"https:\/\/mybook.am\/?p=24279#breadcrumb","itemListElement":[{"@type":"ListItem","position":1,"name":"\u0413\u043b\u0430\u0432\u043d\u0430\u044f \u0441\u0442\u0440\u0430\u043d\u0438\u0446\u0430","item":"https:\/\/mybook.am\/"},{"@type":"ListItem","position":2,"name":"La nuit, un cimeti\u00e8re n\u2019est jamais vraiment vide."}]},{"@type":"WebSite","@id":"https:\/\/mybook.am\/#website","url":"https:\/\/mybook.am\/","name":"","description":"","potentialAction":[{"@type":"SearchAction","target":{"@type":"EntryPoint","urlTemplate":"https:\/\/mybook.am\/?s={search_term_string}"},"query-input":{"@type":"PropertyValueSpecification","valueRequired":true,"valueName":"search_term_string"}}],"inLanguage":"ru-RU"},{"@type":"Person","@id":"https:\/\/mybook.am\/#\/schema\/person\/e730847942cff3a199774e803916e97e","name":"admin","image":{"@type":"ImageObject","inLanguage":"ru-RU","@id":"https:\/\/secure.gravatar.com\/avatar\/df64e550a0653b7be0f1bcf897f33faad9c2c8153472b2d9319beafb51370f6f?s=96&d=mm&r=g","url":"https:\/\/secure.gravatar.com\/avatar\/df64e550a0653b7be0f1bcf897f33faad9c2c8153472b2d9319beafb51370f6f?s=96&d=mm&r=g","contentUrl":"https:\/\/secure.gravatar.com\/avatar\/df64e550a0653b7be0f1bcf897f33faad9c2c8153472b2d9319beafb51370f6f?s=96&d=mm&r=g","caption":"admin"},"sameAs":["http:\/\/mybook.am"],"url":"https:\/\/mybook.am\/?author=1"}]}},"views":87,"_links":{"self":[{"href":"https:\/\/mybook.am\/index.php?rest_route=\/wp\/v2\/posts\/24279","targetHints":{"allow":["GET"]}}],"collection":[{"href":"https:\/\/mybook.am\/index.php?rest_route=\/wp\/v2\/posts"}],"about":[{"href":"https:\/\/mybook.am\/index.php?rest_route=\/wp\/v2\/types\/post"}],"author":[{"embeddable":true,"href":"https:\/\/mybook.am\/index.php?rest_route=\/wp\/v2\/users\/1"}],"replies":[{"embeddable":true,"href":"https:\/\/mybook.am\/index.php?rest_route=%2Fwp%2Fv2%2Fcomments&post=24279"}],"version-history":[{"count":1,"href":"https:\/\/mybook.am\/index.php?rest_route=\/wp\/v2\/posts\/24279\/revisions"}],"predecessor-version":[{"id":24285,"href":"https:\/\/mybook.am\/index.php?rest_route=\/wp\/v2\/posts\/24279\/revisions\/24285"}],"wp:featuredmedia":[{"embeddable":true,"href":"https:\/\/mybook.am\/index.php?rest_route=\/wp\/v2\/media\/24284"}],"wp:attachment":[{"href":"https:\/\/mybook.am\/index.php?rest_route=%2Fwp%2Fv2%2Fmedia&parent=24279"}],"wp:term":[{"taxonomy":"category","embeddable":true,"href":"https:\/\/mybook.am\/index.php?rest_route=%2Fwp%2Fv2%2Fcategories&post=24279"},{"taxonomy":"post_tag","embeddable":true,"href":"https:\/\/mybook.am\/index.php?rest_route=%2Fwp%2Fv2%2Ftags&post=24279"}],"curies":[{"name":"wp","href":"https:\/\/api.w.org\/{rel}","templated":true}]}}