{"id":25296,"date":"2026-01-24T12:09:03","date_gmt":"2026-01-24T09:09:03","guid":{"rendered":"https:\/\/mybook.am\/?p=25296"},"modified":"2026-01-24T12:09:05","modified_gmt":"2026-01-24T09:09:05","slug":"evropa-znovu-praska-ve-svech-ne-kvuli-valce-ne-kvuli-volbam-ani-ekonomice","status":"publish","type":"post","link":"https:\/\/mybook.am\/?p=25296","title":{"rendered":"Evropa znovu prask\u00e1 ve \u0161vech. Ne kv\u016fli v\u00e1lce, ne kv\u016fli volb\u00e1m ani ekonomice."},"content":{"rendered":"\n<p>Tentokr\u00e1t kv\u016fli jedn\u00e9 tablet\u011b. Mal\u00e9, nen\u00e1padn\u00e9 \u2013 a p\u0159esto v\u00fdbu\u0161n\u00e9.<\/p>\n\n\n\n<p>Evrop\u0161t\u00ed regul\u00e1to\u0159i ned\u00e1vno schv\u00e1lili nov\u00fd l\u00e9k, kter\u00fd m\u00e9dia okam\u017eit\u011b p\u0159ek\u0159tila na \u201eViagru pro \u017eeny 45+\u201c. A v tu chv\u00edli se n\u011bco zlomilo. Diskuse o \u017eensk\u00e9m v\u011bku p\u0159estala b\u00fdt zdvo\u0159il\u00e1. Stala se osobn\u00ed, ostrou a nepohodlnou.<\/p>\n\n\n\n<p>Proto\u017ee nejde jen o sex.<br>Jde o ot\u00e1zku, zda m\u00e1 \u017eena po ur\u010dit\u00e9m v\u011bku pr\u00e1vo nezmizet.<\/p>\n\n\n\n<p>Co bylo skute\u010dn\u011b schv\u00e1leno \u2013 a pro\u010d to d\u011bs\u00ed<\/p>\n\n\n\n<p>Ofici\u00e1ln\u011b nejde o \u201epilulku na rozko\u0161\u201c. \u00da\u0159edn\u00ed dokumenty mluv\u00ed o kvalit\u011b \u017eivota, hormon\u00e1ln\u00ed rovnov\u00e1ze a neurochemii mozku. Such\u00fd jazyk. Klinick\u00fd. Bez emoc\u00ed.<\/p>\n\n\n\n<p>Ve skute\u010dnosti ale l\u00e9k p\u016fsob\u00ed na centra v mozku, kter\u00e1 souvisej\u00ed s touhou, vzru\u0161en\u00edm a emocion\u00e1ln\u00ed reakc\u00ed na intimitu. Je ur\u010den \u017een\u00e1m po 45. roce, u nich\u017e do\u0161lo po menopauze nebo hormon\u00e1ln\u00edch zm\u011bn\u00e1ch k v\u00fdrazn\u00e9mu poklesu libida.<\/p>\n\n\n\n<figure class=\"wp-block-image size-full is-resized\"><img loading=\"lazy\" decoding=\"async\" width=\"650\" height=\"350\" src=\"https:\/\/mybook.am\/wp-content\/uploads\/2026\/01\/7894654897987465.jpg\" alt=\"\" class=\"wp-image-25297\" style=\"aspect-ratio:1.8571983528863336;width:747px;height:auto\" srcset=\"https:\/\/mybook.am\/wp-content\/uploads\/2026\/01\/7894654897987465.jpg 650w, https:\/\/mybook.am\/wp-content\/uploads\/2026\/01\/7894654897987465-300x162.jpg 300w\" sizes=\"auto, (max-width: 650px) 100vw, 650px\" \/><\/figure>\n\n\n\n<p>A pr\u00e1v\u011b tady to za\u010d\u00edn\u00e1 b\u00fdt nebezpe\u010dn\u011b kluzk\u00e9.<\/p>\n\n\n\n<p>Poprv\u00e9 toti\u017e Evropa ofici\u00e1ln\u011b \u0159\u00edk\u00e1:<br>ztr\u00e1ta touhy u \u017eeny nen\u00ed \u201enorm\u00e1ln\u00ed st\u00e1\u0159\u00ed\u201c, ale stav, kter\u00fd je t\u0159eba l\u00e9\u010dit.<\/p>\n\n\n\n<p>Pro jedny je to osvobozen\u00ed.<br>Pro jin\u00e9 jasn\u00fd sign\u00e1l, \u017ee s \u017eenami je zase n\u011bco \u201e\u0161patn\u011b\u201c.<\/p>\n\n\n\n<p>Pro koho je l\u00e9k ur\u010den \u2013 a komu bude ve skute\u010dnosti pod\u00e1v\u00e1n<\/p>\n\n\n\n<p>Na pap\u00ed\u0159e: \u017eeny s diagnostikovan\u00fdm poklesem sexu\u00e1ln\u00ed touhy, kter\u00fd jim zp\u016fsobuje psychick\u00e9 utrpen\u00ed, \u00fazkost nebo ztr\u00e1tu sebev\u011bdom\u00ed.<\/p>\n\n\n\n<p>V realit\u011b: miliony \u017een.<\/p>\n\n\n\n<p>\u017deny, kter\u00e9:<\/p>\n\n\n\n<p>u\u017e netou\u017e\u00ed a styd\u00ed se za to<\/p>\n\n\n\n<p>sly\u0161\u00ed od partner\u016f \u201eu\u017e nejsi jako d\u0159\u00edv\u201c<\/p>\n\n\n\n<p>boj\u00ed se, \u017ee bez touhy ztrat\u00ed hodnotu<\/p>\n\n\n\n<p>\u017eij\u00ed v t\u011ble, kter\u00e9 spole\u010dnost ozna\u010dila za \u201eneviditeln\u00e9\u201c<\/p>\n\n\n\n<p>A tady vis\u00ed ve vzduchu ot\u00e1zka, kterou se nikdo nechce pt\u00e1t nahlas:<\/p>\n\n\n\n<p>L\u00e9\u010d\u00ed se t\u00edm \u017eena \u2013 nebo pohodl\u00ed sv\u011bta kolem n\u00ed?<\/p>\n\n\n\n<p>Pro\u010d Evropa k\u0159i\u010d\u00ed a h\u00e1d\u00e1 se<\/p>\n\n\n\n<p>Spole\u010dnost je rozd\u011blen\u00e1. L\u00e9ka\u0159i taky. Soci\u00e1ln\u00ed s\u00edt\u011b ho\u0159\u00ed.<\/p>\n\n\n\n<p>Zast\u00e1nci \u0159\u00edkaj\u00ed:<br>Je to pokrok. Mu\u017esk\u00e1 sexu\u00e1ln\u00ed dysfunkce se l\u00e9\u010d\u00ed des\u00edtky let \u2013 bez studu, bez mor\u00e1ln\u00edch k\u00e1z\u00e1n\u00ed. Pro\u010d by \u017eena po 45 nem\u011bla m\u00edt stejnou mo\u017enost?<\/p>\n\n\n\n<p>Odp\u016frci reaguj\u00ed tvrd\u011b:<br>\u017deny se znovu \u201eopravuj\u00ed\u201c. M\u00edsto p\u0159ijet\u00ed p\u0159irozen\u00fdch zm\u011bn dost\u00e1vaj\u00ed chemick\u00e9 \u0159e\u0161en\u00ed. Co kdy\u017e se z dobrovolnosti stane tlak? Co kdy\u017e bude \u017eena sly\u0161et: \u201eVezmi si pilulku, jinak selh\u00e1v\u00e1\u0161\u201c?<\/p>\n\n\n\n<p>Psychiat\u0159i p\u0159id\u00e1vaj\u00ed je\u0161t\u011b temn\u011bj\u0161\u00ed t\u00f3n:<\/p>\n\n\n\n<p>\u201eNezn\u00e1me dlouhodob\u00e9 dopady z\u00e1sah\u016f do chemie touhy, zvl\u00e1\u0161\u0165 v obdob\u00ed hormon\u00e1ln\u00ed nestability.\u201c<\/p>\n\n\n\n<p>Jednodu\u0161e \u0159e\u010deno: \u00fa\u010dinek existuje. Cena zat\u00edm nezn\u00e1m\u00e1.<\/p>\n\n\n\n<p>Nejnep\u0159\u00edjemn\u011bj\u0161\u00ed ot\u00e1zka cel\u00e9 kauzy<\/p>\n\n\n\n<p>Nikdo se nept\u00e1, pro\u010d touha zmizela.<\/p>\n\n\n\n<p>Vy\u010derp\u00e1n\u00ed?<br>Roky emo\u010dn\u00ed pr\u00e1ce zdarma?<br>Vztahy, kde \u017eena byla pot\u0159ebn\u00e1, ale nikdy sly\u0161en\u00e1?<br>\u017divot, ve kter\u00e9m byla v\u017edy a\u017e na druh\u00e9m m\u00edst\u011b?<\/p>\n\n\n\n<p>Tableta tyto v\u011bci ne\u0159e\u0161\u00ed. Jen zapne sign\u00e1l.<\/p>\n\n\n\n<p>A pak p\u0159ich\u00e1z\u00ed ot\u00e1zka, kter\u00e1 zn\u00ed skoro filozoficky:<\/p>\n\n\n\n<p>Je touha vyvolan\u00e1 chemi\u00ed skute\u010dn\u00e1?<\/p>\n\n\n\n<p>Nebo je to jen iluze, kterou spole\u010dnost p\u0159ijme, pokud \u017eena znovu \u201efunguje\u201c?<\/p>\n\n\n\n<p>Pro\u010d je to teprve za\u010d\u00e1tek<\/p>\n\n\n\n<p>Zat\u00edm jde o omezen\u00e9 schv\u00e1len\u00ed. P\u0159\u00edsn\u00e9 recepty. Dal\u0161\u00ed studie.<\/p>\n\n\n\n<p>Ale dve\u0159e u\u017e jsou otev\u0159en\u00e9.<\/p>\n\n\n\n<p>A Evropa stoj\u00ed p\u0159ed volbou:<\/p>\n\n\n\n<p>bu\u010f bude \u017eensk\u00e9 t\u011blo po 45 pova\u017eovat za poruchu<\/p>\n\n\n\n<p>nebo kone\u010dn\u011b p\u0159izn\u00e1, \u017ee touha nen\u00ed jen ot\u00e1zkou hormon\u016f<\/p>\n\n\n\n<p>Tahle pilulka nen\u00ed o sexu.<br>Je o strachu ze st\u00e1rnut\u00ed.<br>O pr\u00e1vu b\u00fdt \u017e\u00e1douc\u00ed \u2013 i o pr\u00e1vu neb\u00fdt.<\/p>\n\n\n\n<p>Evropa se neh\u00e1d\u00e1 o l\u00e9k.<br>H\u00e1d\u00e1 se o to, k\u00fdm je \u017eena, kdy\u017e ml\u00e1d\u00ed p\u0159estane b\u00fdt jej\u00ed hlavn\u00ed hodnotou.<\/p>\n\n\n\n<p>A odpov\u011b\u010f?<br>Ta zat\u00edm bolestiv\u011b chyb\u00ed.<\/p>\n","protected":false},"excerpt":{"rendered":"Tentokr\u00e1t kv\u016fli jedn\u00e9 tablet\u011b. Mal\u00e9, nen\u00e1padn\u00e9 \u2013 a p\u0159esto v\u00fdbu\u0161n\u00e9. Evrop\u0161t\u00ed regul\u00e1to\u0159i ned\u00e1vno schv\u00e1lili nov\u00fd l\u00e9k, kter\u00fd m\u00e9dia okam\u017eit\u011b p\u0159ek\u0159tila na \u201eViagru pro \n<a class=\"moretag\" href=\"https:\/\/mybook.am\/?p=25296\"> [...]<\/a>","protected":false},"author":1,"featured_media":25297,"comment_status":"open","ping_status":"open","sticky":false,"template":"","format":"standard","meta":{"footnotes":""},"categories":[1],"tags":[],"class_list":["post-25296","post","type-post","status-publish","format-standard","has-post-thumbnail","hentry","category-ceska"],"yoast_head":"<!-- This site is optimized with the Yoast SEO plugin v27.4 - https:\/\/yoast.com\/product\/yoast-seo-wordpress\/ -->\n<title>Evropa znovu prask\u00e1 ve \u0161vech. Ne kv\u016fli v\u00e1lce, ne kv\u016fli volb\u00e1m ani ekonomice. -<\/title>\n<meta name=\"robots\" content=\"index, follow, max-snippet:-1, max-image-preview:large, max-video-preview:-1\" \/>\n<link rel=\"canonical\" href=\"https:\/\/mybook.am\/?p=25296\" \/>\n<meta property=\"og:locale\" content=\"ru_RU\" \/>\n<meta property=\"og:type\" content=\"article\" \/>\n<meta property=\"og:title\" content=\"Evropa znovu prask\u00e1 ve \u0161vech. Ne kv\u016fli v\u00e1lce, ne kv\u016fli volb\u00e1m ani ekonomice. -\" \/>\n<meta property=\"og:description\" content=\"Tentokr\u00e1t kv\u016fli jedn\u00e9 tablet\u011b. Mal\u00e9, nen\u00e1padn\u00e9 \u2013 a p\u0159esto v\u00fdbu\u0161n\u00e9. Evrop\u0161t\u00ed regul\u00e1to\u0159i ned\u00e1vno schv\u00e1lili nov\u00fd l\u00e9k, kter\u00fd m\u00e9dia okam\u017eit\u011b p\u0159ek\u0159tila na \u201eViagru pro\" \/>\n<meta property=\"og:url\" content=\"https:\/\/mybook.am\/?p=25296\" \/>\n<meta property=\"article:published_time\" content=\"2026-01-24T09:09:03+00:00\" \/>\n<meta property=\"article:modified_time\" content=\"2026-01-24T09:09:05+00:00\" \/>\n<meta property=\"og:image\" content=\"https:\/\/mybook.am\/wp-content\/uploads\/2026\/01\/7894654897987465.jpg\" \/>\n\t<meta property=\"og:image:width\" content=\"650\" \/>\n\t<meta property=\"og:image:height\" content=\"350\" \/>\n\t<meta property=\"og:image:type\" content=\"image\/jpeg\" \/>\n<meta name=\"author\" content=\"admin\" \/>\n<meta name=\"twitter:card\" content=\"summary_large_image\" \/>\n<meta name=\"twitter:label1\" content=\"\u041d\u0430\u043f\u0438\u0441\u0430\u043d\u043e \u0430\u0432\u0442\u043e\u0440\u043e\u043c\" \/>\n\t<meta name=\"twitter:data1\" content=\"admin\" \/>\n\t<meta name=\"twitter:label2\" content=\"\u041f\u0440\u0438\u043c\u0435\u0440\u043d\u043e\u0435 \u0432\u0440\u0435\u043c\u044f \u0434\u043b\u044f \u0447\u0442\u0435\u043d\u0438\u044f\" \/>\n\t<meta name=\"twitter:data2\" content=\"4 \u043c\u0438\u043d\u0443\u0442\u044b\" \/>\n<script type=\"application\/ld+json\" class=\"yoast-schema-graph\">{\"@context\":\"https:\\\/\\\/schema.org\",\"@graph\":[{\"@type\":\"Article\",\"@id\":\"https:\\\/\\\/mybook.am\\\/?p=25296#article\",\"isPartOf\":{\"@id\":\"https:\\\/\\\/mybook.am\\\/?p=25296\"},\"author\":{\"name\":\"admin\",\"@id\":\"https:\\\/\\\/mybook.am\\\/#\\\/schema\\\/person\\\/e730847942cff3a199774e803916e97e\"},\"headline\":\"Evropa znovu prask\u00e1 ve \u0161vech. Ne kv\u016fli v\u00e1lce, ne kv\u016fli volb\u00e1m ani ekonomice.\",\"datePublished\":\"2026-01-24T09:09:03+00:00\",\"dateModified\":\"2026-01-24T09:09:05+00:00\",\"mainEntityOfPage\":{\"@id\":\"https:\\\/\\\/mybook.am\\\/?p=25296\"},\"wordCount\":679,\"commentCount\":0,\"image\":{\"@id\":\"https:\\\/\\\/mybook.am\\\/?p=25296#primaryimage\"},\"thumbnailUrl\":\"https:\\\/\\\/mybook.am\\\/wp-content\\\/uploads\\\/2026\\\/01\\\/7894654897987465.jpg\",\"articleSection\":[\"\u010cesk\u00e1\"],\"inLanguage\":\"ru-RU\",\"potentialAction\":[{\"@type\":\"CommentAction\",\"name\":\"Comment\",\"target\":[\"https:\\\/\\\/mybook.am\\\/?p=25296#respond\"]}]},{\"@type\":\"WebPage\",\"@id\":\"https:\\\/\\\/mybook.am\\\/?p=25296\",\"url\":\"https:\\\/\\\/mybook.am\\\/?p=25296\",\"name\":\"Evropa znovu prask\u00e1 ve \u0161vech. Ne kv\u016fli v\u00e1lce, ne kv\u016fli volb\u00e1m ani ekonomice. -\",\"isPartOf\":{\"@id\":\"https:\\\/\\\/mybook.am\\\/#website\"},\"primaryImageOfPage\":{\"@id\":\"https:\\\/\\\/mybook.am\\\/?p=25296#primaryimage\"},\"image\":{\"@id\":\"https:\\\/\\\/mybook.am\\\/?p=25296#primaryimage\"},\"thumbnailUrl\":\"https:\\\/\\\/mybook.am\\\/wp-content\\\/uploads\\\/2026\\\/01\\\/7894654897987465.jpg\",\"datePublished\":\"2026-01-24T09:09:03+00:00\",\"dateModified\":\"2026-01-24T09:09:05+00:00\",\"author\":{\"@id\":\"https:\\\/\\\/mybook.am\\\/#\\\/schema\\\/person\\\/e730847942cff3a199774e803916e97e\"},\"breadcrumb\":{\"@id\":\"https:\\\/\\\/mybook.am\\\/?p=25296#breadcrumb\"},\"inLanguage\":\"ru-RU\",\"potentialAction\":[{\"@type\":\"ReadAction\",\"target\":[\"https:\\\/\\\/mybook.am\\\/?p=25296\"]}]},{\"@type\":\"ImageObject\",\"inLanguage\":\"ru-RU\",\"@id\":\"https:\\\/\\\/mybook.am\\\/?p=25296#primaryimage\",\"url\":\"https:\\\/\\\/mybook.am\\\/wp-content\\\/uploads\\\/2026\\\/01\\\/7894654897987465.jpg\",\"contentUrl\":\"https:\\\/\\\/mybook.am\\\/wp-content\\\/uploads\\\/2026\\\/01\\\/7894654897987465.jpg\",\"width\":650,\"height\":350},{\"@type\":\"BreadcrumbList\",\"@id\":\"https:\\\/\\\/mybook.am\\\/?p=25296#breadcrumb\",\"itemListElement\":[{\"@type\":\"ListItem\",\"position\":1,\"name\":\"\u0413\u043b\u0430\u0432\u043d\u0430\u044f \u0441\u0442\u0440\u0430\u043d\u0438\u0446\u0430\",\"item\":\"https:\\\/\\\/mybook.am\\\/\"},{\"@type\":\"ListItem\",\"position\":2,\"name\":\"Evropa znovu prask\u00e1 ve \u0161vech. Ne kv\u016fli v\u00e1lce, ne kv\u016fli volb\u00e1m ani ekonomice.\"}]},{\"@type\":\"WebSite\",\"@id\":\"https:\\\/\\\/mybook.am\\\/#website\",\"url\":\"https:\\\/\\\/mybook.am\\\/\",\"name\":\"\",\"description\":\"\",\"potentialAction\":[{\"@type\":\"SearchAction\",\"target\":{\"@type\":\"EntryPoint\",\"urlTemplate\":\"https:\\\/\\\/mybook.am\\\/?s={search_term_string}\"},\"query-input\":{\"@type\":\"PropertyValueSpecification\",\"valueRequired\":true,\"valueName\":\"search_term_string\"}}],\"inLanguage\":\"ru-RU\"},{\"@type\":\"Person\",\"@id\":\"https:\\\/\\\/mybook.am\\\/#\\\/schema\\\/person\\\/e730847942cff3a199774e803916e97e\",\"name\":\"admin\",\"image\":{\"@type\":\"ImageObject\",\"inLanguage\":\"ru-RU\",\"@id\":\"https:\\\/\\\/secure.gravatar.com\\\/avatar\\\/df64e550a0653b7be0f1bcf897f33faad9c2c8153472b2d9319beafb51370f6f?s=96&d=mm&r=g\",\"url\":\"https:\\\/\\\/secure.gravatar.com\\\/avatar\\\/df64e550a0653b7be0f1bcf897f33faad9c2c8153472b2d9319beafb51370f6f?s=96&d=mm&r=g\",\"contentUrl\":\"https:\\\/\\\/secure.gravatar.com\\\/avatar\\\/df64e550a0653b7be0f1bcf897f33faad9c2c8153472b2d9319beafb51370f6f?s=96&d=mm&r=g\",\"caption\":\"admin\"},\"sameAs\":[\"http:\\\/\\\/mybook.am\"],\"url\":\"https:\\\/\\\/mybook.am\\\/?author=1\"}]}<\/script>\n<!-- \/ Yoast SEO plugin. -->","yoast_head_json":{"title":"Evropa znovu prask\u00e1 ve \u0161vech. Ne kv\u016fli v\u00e1lce, ne kv\u016fli volb\u00e1m ani ekonomice. -","robots":{"index":"index","follow":"follow","max-snippet":"max-snippet:-1","max-image-preview":"max-image-preview:large","max-video-preview":"max-video-preview:-1"},"canonical":"https:\/\/mybook.am\/?p=25296","og_locale":"ru_RU","og_type":"article","og_title":"Evropa znovu prask\u00e1 ve \u0161vech. Ne kv\u016fli v\u00e1lce, ne kv\u016fli volb\u00e1m ani ekonomice. -","og_description":"Tentokr\u00e1t kv\u016fli jedn\u00e9 tablet\u011b. Mal\u00e9, nen\u00e1padn\u00e9 \u2013 a p\u0159esto v\u00fdbu\u0161n\u00e9. Evrop\u0161t\u00ed regul\u00e1to\u0159i ned\u00e1vno schv\u00e1lili nov\u00fd l\u00e9k, kter\u00fd m\u00e9dia okam\u017eit\u011b p\u0159ek\u0159tila na \u201eViagru pro","og_url":"https:\/\/mybook.am\/?p=25296","article_published_time":"2026-01-24T09:09:03+00:00","article_modified_time":"2026-01-24T09:09:05+00:00","og_image":[{"width":650,"height":350,"url":"https:\/\/mybook.am\/wp-content\/uploads\/2026\/01\/7894654897987465.jpg","type":"image\/jpeg"}],"author":"admin","twitter_card":"summary_large_image","twitter_misc":{"\u041d\u0430\u043f\u0438\u0441\u0430\u043d\u043e \u0430\u0432\u0442\u043e\u0440\u043e\u043c":"admin","\u041f\u0440\u0438\u043c\u0435\u0440\u043d\u043e\u0435 \u0432\u0440\u0435\u043c\u044f \u0434\u043b\u044f \u0447\u0442\u0435\u043d\u0438\u044f":"4 \u043c\u0438\u043d\u0443\u0442\u044b"},"schema":{"@context":"https:\/\/schema.org","@graph":[{"@type":"Article","@id":"https:\/\/mybook.am\/?p=25296#article","isPartOf":{"@id":"https:\/\/mybook.am\/?p=25296"},"author":{"name":"admin","@id":"https:\/\/mybook.am\/#\/schema\/person\/e730847942cff3a199774e803916e97e"},"headline":"Evropa znovu prask\u00e1 ve \u0161vech. Ne kv\u016fli v\u00e1lce, ne kv\u016fli volb\u00e1m ani ekonomice.","datePublished":"2026-01-24T09:09:03+00:00","dateModified":"2026-01-24T09:09:05+00:00","mainEntityOfPage":{"@id":"https:\/\/mybook.am\/?p=25296"},"wordCount":679,"commentCount":0,"image":{"@id":"https:\/\/mybook.am\/?p=25296#primaryimage"},"thumbnailUrl":"https:\/\/mybook.am\/wp-content\/uploads\/2026\/01\/7894654897987465.jpg","articleSection":["\u010cesk\u00e1"],"inLanguage":"ru-RU","potentialAction":[{"@type":"CommentAction","name":"Comment","target":["https:\/\/mybook.am\/?p=25296#respond"]}]},{"@type":"WebPage","@id":"https:\/\/mybook.am\/?p=25296","url":"https:\/\/mybook.am\/?p=25296","name":"Evropa znovu prask\u00e1 ve \u0161vech. Ne kv\u016fli v\u00e1lce, ne kv\u016fli volb\u00e1m ani ekonomice. -","isPartOf":{"@id":"https:\/\/mybook.am\/#website"},"primaryImageOfPage":{"@id":"https:\/\/mybook.am\/?p=25296#primaryimage"},"image":{"@id":"https:\/\/mybook.am\/?p=25296#primaryimage"},"thumbnailUrl":"https:\/\/mybook.am\/wp-content\/uploads\/2026\/01\/7894654897987465.jpg","datePublished":"2026-01-24T09:09:03+00:00","dateModified":"2026-01-24T09:09:05+00:00","author":{"@id":"https:\/\/mybook.am\/#\/schema\/person\/e730847942cff3a199774e803916e97e"},"breadcrumb":{"@id":"https:\/\/mybook.am\/?p=25296#breadcrumb"},"inLanguage":"ru-RU","potentialAction":[{"@type":"ReadAction","target":["https:\/\/mybook.am\/?p=25296"]}]},{"@type":"ImageObject","inLanguage":"ru-RU","@id":"https:\/\/mybook.am\/?p=25296#primaryimage","url":"https:\/\/mybook.am\/wp-content\/uploads\/2026\/01\/7894654897987465.jpg","contentUrl":"https:\/\/mybook.am\/wp-content\/uploads\/2026\/01\/7894654897987465.jpg","width":650,"height":350},{"@type":"BreadcrumbList","@id":"https:\/\/mybook.am\/?p=25296#breadcrumb","itemListElement":[{"@type":"ListItem","position":1,"name":"\u0413\u043b\u0430\u0432\u043d\u0430\u044f \u0441\u0442\u0440\u0430\u043d\u0438\u0446\u0430","item":"https:\/\/mybook.am\/"},{"@type":"ListItem","position":2,"name":"Evropa znovu prask\u00e1 ve \u0161vech. Ne kv\u016fli v\u00e1lce, ne kv\u016fli volb\u00e1m ani ekonomice."}]},{"@type":"WebSite","@id":"https:\/\/mybook.am\/#website","url":"https:\/\/mybook.am\/","name":"","description":"","potentialAction":[{"@type":"SearchAction","target":{"@type":"EntryPoint","urlTemplate":"https:\/\/mybook.am\/?s={search_term_string}"},"query-input":{"@type":"PropertyValueSpecification","valueRequired":true,"valueName":"search_term_string"}}],"inLanguage":"ru-RU"},{"@type":"Person","@id":"https:\/\/mybook.am\/#\/schema\/person\/e730847942cff3a199774e803916e97e","name":"admin","image":{"@type":"ImageObject","inLanguage":"ru-RU","@id":"https:\/\/secure.gravatar.com\/avatar\/df64e550a0653b7be0f1bcf897f33faad9c2c8153472b2d9319beafb51370f6f?s=96&d=mm&r=g","url":"https:\/\/secure.gravatar.com\/avatar\/df64e550a0653b7be0f1bcf897f33faad9c2c8153472b2d9319beafb51370f6f?s=96&d=mm&r=g","contentUrl":"https:\/\/secure.gravatar.com\/avatar\/df64e550a0653b7be0f1bcf897f33faad9c2c8153472b2d9319beafb51370f6f?s=96&d=mm&r=g","caption":"admin"},"sameAs":["http:\/\/mybook.am"],"url":"https:\/\/mybook.am\/?author=1"}]}},"views":63,"_links":{"self":[{"href":"https:\/\/mybook.am\/index.php?rest_route=\/wp\/v2\/posts\/25296","targetHints":{"allow":["GET"]}}],"collection":[{"href":"https:\/\/mybook.am\/index.php?rest_route=\/wp\/v2\/posts"}],"about":[{"href":"https:\/\/mybook.am\/index.php?rest_route=\/wp\/v2\/types\/post"}],"author":[{"embeddable":true,"href":"https:\/\/mybook.am\/index.php?rest_route=\/wp\/v2\/users\/1"}],"replies":[{"embeddable":true,"href":"https:\/\/mybook.am\/index.php?rest_route=%2Fwp%2Fv2%2Fcomments&post=25296"}],"version-history":[{"count":1,"href":"https:\/\/mybook.am\/index.php?rest_route=\/wp\/v2\/posts\/25296\/revisions"}],"predecessor-version":[{"id":25299,"href":"https:\/\/mybook.am\/index.php?rest_route=\/wp\/v2\/posts\/25296\/revisions\/25299"}],"wp:featuredmedia":[{"embeddable":true,"href":"https:\/\/mybook.am\/index.php?rest_route=\/wp\/v2\/media\/25297"}],"wp:attachment":[{"href":"https:\/\/mybook.am\/index.php?rest_route=%2Fwp%2Fv2%2Fmedia&parent=25296"}],"wp:term":[{"taxonomy":"category","embeddable":true,"href":"https:\/\/mybook.am\/index.php?rest_route=%2Fwp%2Fv2%2Fcategories&post=25296"},{"taxonomy":"post_tag","embeddable":true,"href":"https:\/\/mybook.am\/index.php?rest_route=%2Fwp%2Fv2%2Ftags&post=25296"}],"curies":[{"name":"wp","href":"https:\/\/api.w.org\/{rel}","templated":true}]}}