{"id":25302,"date":"2026-01-24T17:36:21","date_gmt":"2026-01-24T14:36:21","guid":{"rendered":"https:\/\/mybook.am\/?p=25302"},"modified":"2026-01-24T17:36:25","modified_gmt":"2026-01-24T14:36:25","slug":"muj-zivot-se-rozpadl-ve-triapadesati-letech-v-den-kdy-mi-oznamili-ze-moje-dcera-anna-zahynula-pri-straslive-letecke-havarii","status":"publish","type":"post","link":"https:\/\/mybook.am\/?p=25302","title":{"rendered":"M\u016fj \u017eivot se rozpadl ve t\u0159iapades\u00e1ti letech, v den, kdy mi ozn\u00e1mili, \u017ee moje dcera Anna zahynula p\u0159i stra\u0161liv\u00e9 leteck\u00e9 hav\u00e1rii."},"content":{"rendered":"\n<p>Od t\u00e9 chv\u00edle u\u017e nic nebylo stejn\u00e9.<\/p>\n\n\n\n<p>Jej\u00ed man\u017eel Mark truchlil kr\u00e1tce. P\u0159\u00edli\u0161 kr\u00e1tce.<br>Za p\u00e1r t\u00fddn\u016f si na\u0161el jinou \u017eenu a beze slova ode\u0161el \u2014 nechal po sob\u011b t\u0159\u00edlet\u00e9ho chlapce, m\u00e9ho vnuka Ethana, kter\u00fd se tehdy je\u0161t\u011b ptal, kdy se maminka vr\u00e1t\u00ed dom\u016f.<\/p>\n\n\n\n<p>A tak jsem se znovu stala rodi\u010dem.<br>Ne z radosti. Z nutnosti.<\/p>\n\n\n\n<p>Z\u016fstali jsme v Annin\u011b dom\u011b. Mal\u00e9m, skromn\u00e9m, pln\u00e9m vzpom\u00ednek. P\u0159es den jsem pracovala, ve\u010der ukl\u00edzela kancel\u00e1\u0159e, o v\u00edkendech pekla kol\u00e1\u010de na zak\u00e1zku. Ka\u017ed\u00fd drobn\u00fd v\u00fdd\u011blek \u0161el na jedno jedin\u00e9 \u2014 aby Ethan vyr\u016fstal s pocitem bezpe\u010d\u00ed, ne pr\u00e1zdna.<\/p>\n\n\n\n<p>Rostl.<br>A s n\u00edm i ot\u00e1zky, na kter\u00e9 jsem nem\u011bla odpov\u011bdi.<\/p>\n\n\n\n<figure class=\"wp-block-image size-large\"><img loading=\"lazy\" decoding=\"async\" width=\"819\" height=\"1024\" src=\"https:\/\/mybook.am\/wp-content\/uploads\/2026\/01\/784564657646-819x1024.jpg\" alt=\"\" class=\"wp-image-25303\" srcset=\"https:\/\/mybook.am\/wp-content\/uploads\/2026\/01\/784564657646-819x1024.jpg 819w, https:\/\/mybook.am\/wp-content\/uploads\/2026\/01\/784564657646-240x300.jpg 240w, https:\/\/mybook.am\/wp-content\/uploads\/2026\/01\/784564657646-768x960.jpg 768w, https:\/\/mybook.am\/wp-content\/uploads\/2026\/01\/784564657646.jpg 1080w\" sizes=\"auto, (max-width: 819px) 100vw, 819px\" \/><\/figure>\n\n\n\n<p>Po letech jsme se p\u0159est\u011bhovali. Star\u00fd d\u016fm z\u016fstal opu\u0161t\u011bn\u00fd. Nem\u011bla jsem s\u00edlu ani pen\u00edze ho opravovat. St\u011bny st\u00e1rly stejn\u011b jako j\u00e1.<\/p>\n\n\n\n<p>Jednoho odpoledne mi zavolala sousedka. Hlas se j\u00ed t\u0159\u00e1sl.<\/p>\n\n\n\n<p>\u201eMargaret\u2026 Mark byl dnes u Annina domu. D\u00edval se kolem, byl v \u0161oku, v jak\u00e9m je stavu. Po\u0159\u00e1d se ptal, kde jsi ty a Ethan. \u0158\u00edkal, \u017ee ho mus\u00ed okam\u017eit\u011b vid\u011bt.\u201c<\/p>\n\n\n\n<p>Ten ve\u010der se na p\u0159\u00edjezdov\u00e9 cest\u011b objevila sv\u011btla auta.<br>Mark vystoupil a bez v\u00e1h\u00e1n\u00ed se vrhl k Ethanovi, jako by se roky nep\u0159\u00edtomnosti daly vymazat jedn\u00edm objet\u00edm.<\/p>\n\n\n\n<p>Ethan ztuhl. Nev\u011bd\u011bl, co m\u00e1 d\u011blat. Otce si pamatoval jen z fotografi\u00ed.<\/p>\n\n\n\n<p>\u201eSynku, chyb\u011bl jsi mi,\u201c \u0159ekl Mark.<\/p>\n\n\n\n<p>Na vte\u0159inu jsem cht\u011bla uv\u011b\u0159it, \u017ee se vr\u00e1til s \u010dist\u00fdm sv\u011bdom\u00edm. \u017de chce napravit minulost.<\/p>\n\n\n\n<p>Pak mu z kapsy kab\u00e1tu vypadla ob\u00e1lka.<\/p>\n\n\n\n<p>Ethan ji zvedl. Uvid\u011bl sv\u00e9 jm\u00e9no. Otev\u0159el ji \u2014 a zalapal po dechu.<\/p>\n\n\n\n<p>Uvnit\u0159 nebyl dopis.<br>Byly tam ofici\u00e1ln\u00ed dokumenty.<\/p>\n\n\n\n<p>\u010cetl pomalu. \u0158\u00e1dek po \u0159\u00e1dku.<br>Vid\u011bla jsem, jak mu bledne tv\u00e1\u0159.<\/p>\n\n\n\n<p>\u201eBabi\u2026\u201c za\u0161eptal. \u201eTady se p\u00ed\u0161e, \u017ee m\u011b chce\u2026 vz\u00edt k sob\u011b.\u201c<\/p>\n\n\n\n<p>Mark ud\u011blal krok vp\u0159ed. P\u0159\u00edli\u0161 rychl\u00fd.<\/p>\n\n\n\n<p>\u201eTo je jen formalita,\u201c \u0159ekl usp\u011bchan\u011b. \u201eChci b\u00fdt zase sou\u010d\u00e1st\u00ed jeho \u017eivota.\u201c<\/p>\n\n\n\n<p>Formalita.<br>Slovo, kter\u00e9 m\u011b bodlo v\u00edc ne\u017e k\u0159ik.<\/p>\n\n\n\n<p>Vzala jsem pap\u00edry do ruky.<br>\u017d\u00e1dost o obnoven\u00ed rodi\u010dovsk\u00fdch pr\u00e1v.<br>N\u00e1vrh na sv\u011b\u0159en\u00ed d\u00edt\u011bte do p\u00e9\u010de.<br>A zm\u00ednka o prodeji Annina domu.<\/p>\n\n\n\n<p>Tehdy mi to do\u0161lo.<\/p>\n\n\n\n<p>Ne\u0161lo o d\u00edt\u011b.<br>\u0160lo o majetek.<\/p>\n\n\n\n<p>\u201eOpustil jsi ho,\u201c \u0159ekla jsem ti\u0161e. \u201eNa cel\u00e9 roky. Bez telefon\u00e1tu. Bez narozeninov\u00e9ho p\u0159\u00e1n\u00ed. A te\u010f p\u0159ich\u00e1z\u00ed\u0161 s pr\u00e1vn\u00edky?\u201c<\/p>\n\n\n\n<p>Pokr\u010dil rameny.<\/p>\n\n\n\n<p>\u201eLid\u00e9 d\u011blaj\u00ed chyby. M\u011bn\u00ed se.\u201c<\/p>\n\n\n\n<p>\u201eAno,\u201c odpov\u011bd\u011bla jsem. \u201eN\u011bkte\u0159\u00ed k hor\u0161\u00edmu.\u201c<\/p>\n\n\n\n<p>Ethan se nadechl.<\/p>\n\n\n\n<p>\u201eChce\u0161, abych \u0161el s tebou?\u201c zeptal se ho.<\/p>\n\n\n\n<p>Mark zav\u00e1hal.<br>A v tom v\u00e1h\u00e1n\u00ed byla cel\u00e1 pravda.<\/p>\n\n\n\n<p>\u201ePot\u0159ebuju \u010das,\u201c \u0159ekl Ethan klidn\u011b. \u201eJ\u00e1 t\u011b vlastn\u011b nezn\u00e1m.\u201c<\/p>\n\n\n\n<p>Mark ode\u0161el. Stejn\u011b n\u00e1hle, jako p\u0159i\u0161el.<\/p>\n\n\n\n<p>Tu noc Ethan nespal. Nad r\u00e1nem si ke mn\u011b ti\u0161e lehl, jako kdy\u017e byl mal\u00fd a m\u011bl no\u010dn\u00ed m\u016fry.<\/p>\n\n\n\n<p>\u201eOn nep\u0159i\u0161el kv\u016fli mn\u011b, \u017ee?\u201c zeptal se.<\/p>\n\n\n\n<p>Nelhala jsem.<\/p>\n\n\n\n<p>\u201eNe.\u201c<\/p>\n\n\n\n<p>Jen p\u0159ik\u00fdvl.<\/p>\n\n\n\n<p>\u201eTak tam nep\u016fjdu.\u201c<\/p>\n\n\n\n<p>N\u00e1sledovaly t\u00fddny soud\u016f a tlaku.<br>Mark m\u011bl drah\u00e9ho advok\u00e1ta.<br>J\u00e1 m\u011bla star\u00e9 \u00fa\u010dtenky, fotografie Anny \u2014 a pravdu.<\/p>\n\n\n\n<p>U soudu mluvil o l\u00edtosti. O druh\u00e9 \u0161anci. O tom, \u017ee d\u00edt\u011b pot\u0159ebuje otce.<\/p>\n\n\n\n<p>Pak promluvil Ethan.<\/p>\n\n\n\n<p>Postavil se. Mal\u00fd, huben\u00fd \u2014 ale pevn\u00fd.<\/p>\n\n\n\n<p>\u201eJ\u00e1 u\u017e rodinu m\u00e1m,\u201c \u0159ekl. \u201eJen nen\u00ed na pap\u00ed\u0159e.\u201c<\/p>\n\n\n\n<p>Rozsudek padl o m\u011bs\u00edc pozd\u011bji.<br>V jeho prosp\u011bch.<\/p>\n\n\n\n<p>Mark zmizel. Tentokr\u00e1t nadobro.<\/p>\n\n\n\n<p>A j\u00e1 jsem pochopila jednu v\u011bc:<\/p>\n\n\n\n<p>**Rodina nen\u00ed ten, kdo p\u0159ijde s ob\u00e1lkou.<br>Rodina je ten, kdo z\u016fstane, kdy\u017e u\u017e nezbylo v\u016fbec nic.<\/p>\n","protected":false},"excerpt":{"rendered":"Od t\u00e9 chv\u00edle u\u017e nic nebylo stejn\u00e9. Jej\u00ed man\u017eel Mark truchlil kr\u00e1tce. P\u0159\u00edli\u0161 kr\u00e1tce.Za p\u00e1r t\u00fddn\u016f si na\u0161el jinou \u017eenu a beze slova \n<a class=\"moretag\" href=\"https:\/\/mybook.am\/?p=25302\"> [...]<\/a>","protected":false},"author":1,"featured_media":25303,"comment_status":"open","ping_status":"open","sticky":false,"template":"","format":"standard","meta":{"footnotes":""},"categories":[1],"tags":[],"class_list":["post-25302","post","type-post","status-publish","format-standard","has-post-thumbnail","hentry","category-ceska"],"yoast_head":"<!-- This site is optimized with the Yoast SEO plugin v27.4 - https:\/\/yoast.com\/product\/yoast-seo-wordpress\/ -->\n<title>M\u016fj \u017eivot se rozpadl ve t\u0159iapades\u00e1ti letech, v den, kdy mi ozn\u00e1mili, \u017ee moje dcera Anna zahynula p\u0159i stra\u0161liv\u00e9 leteck\u00e9 hav\u00e1rii. -<\/title>\n<meta name=\"robots\" content=\"index, follow, max-snippet:-1, max-image-preview:large, max-video-preview:-1\" \/>\n<link rel=\"canonical\" href=\"https:\/\/mybook.am\/?p=25302\" \/>\n<meta property=\"og:locale\" content=\"ru_RU\" \/>\n<meta property=\"og:type\" content=\"article\" \/>\n<meta property=\"og:title\" content=\"M\u016fj \u017eivot se rozpadl ve t\u0159iapades\u00e1ti letech, v den, kdy mi ozn\u00e1mili, \u017ee moje dcera Anna zahynula p\u0159i stra\u0161liv\u00e9 leteck\u00e9 hav\u00e1rii. -\" \/>\n<meta property=\"og:description\" content=\"Od t\u00e9 chv\u00edle u\u017e nic nebylo stejn\u00e9. Jej\u00ed man\u017eel Mark truchlil kr\u00e1tce. P\u0159\u00edli\u0161 kr\u00e1tce.Za p\u00e1r t\u00fddn\u016f si na\u0161el jinou \u017eenu a beze slova\" \/>\n<meta property=\"og:url\" content=\"https:\/\/mybook.am\/?p=25302\" \/>\n<meta property=\"article:published_time\" content=\"2026-01-24T14:36:21+00:00\" \/>\n<meta property=\"article:modified_time\" content=\"2026-01-24T14:36:25+00:00\" \/>\n<meta property=\"og:image\" content=\"https:\/\/mybook.am\/wp-content\/uploads\/2026\/01\/784564657646.jpg\" \/>\n\t<meta property=\"og:image:width\" content=\"1080\" \/>\n\t<meta property=\"og:image:height\" content=\"1350\" \/>\n\t<meta property=\"og:image:type\" content=\"image\/jpeg\" \/>\n<meta name=\"author\" content=\"admin\" \/>\n<meta name=\"twitter:card\" content=\"summary_large_image\" \/>\n<meta name=\"twitter:label1\" content=\"\u041d\u0430\u043f\u0438\u0441\u0430\u043d\u043e \u0430\u0432\u0442\u043e\u0440\u043e\u043c\" \/>\n\t<meta name=\"twitter:data1\" content=\"admin\" \/>\n\t<meta name=\"twitter:label2\" content=\"\u041f\u0440\u0438\u043c\u0435\u0440\u043d\u043e\u0435 \u0432\u0440\u0435\u043c\u044f \u0434\u043b\u044f \u0447\u0442\u0435\u043d\u0438\u044f\" \/>\n\t<meta name=\"twitter:data2\" content=\"4 \u043c\u0438\u043d\u0443\u0442\u044b\" \/>\n<script type=\"application\/ld+json\" class=\"yoast-schema-graph\">{\"@context\":\"https:\\\/\\\/schema.org\",\"@graph\":[{\"@type\":\"Article\",\"@id\":\"https:\\\/\\\/mybook.am\\\/?p=25302#article\",\"isPartOf\":{\"@id\":\"https:\\\/\\\/mybook.am\\\/?p=25302\"},\"author\":{\"name\":\"admin\",\"@id\":\"https:\\\/\\\/mybook.am\\\/#\\\/schema\\\/person\\\/e730847942cff3a199774e803916e97e\"},\"headline\":\"M\u016fj \u017eivot se rozpadl ve t\u0159iapades\u00e1ti letech, v den, kdy mi ozn\u00e1mili, \u017ee moje dcera Anna zahynula p\u0159i stra\u0161liv\u00e9 leteck\u00e9 hav\u00e1rii.\",\"datePublished\":\"2026-01-24T14:36:21+00:00\",\"dateModified\":\"2026-01-24T14:36:25+00:00\",\"mainEntityOfPage\":{\"@id\":\"https:\\\/\\\/mybook.am\\\/?p=25302\"},\"wordCount\":702,\"commentCount\":0,\"image\":{\"@id\":\"https:\\\/\\\/mybook.am\\\/?p=25302#primaryimage\"},\"thumbnailUrl\":\"https:\\\/\\\/mybook.am\\\/wp-content\\\/uploads\\\/2026\\\/01\\\/784564657646.jpg\",\"articleSection\":[\"\u010cesk\u00e1\"],\"inLanguage\":\"ru-RU\",\"potentialAction\":[{\"@type\":\"CommentAction\",\"name\":\"Comment\",\"target\":[\"https:\\\/\\\/mybook.am\\\/?p=25302#respond\"]}]},{\"@type\":\"WebPage\",\"@id\":\"https:\\\/\\\/mybook.am\\\/?p=25302\",\"url\":\"https:\\\/\\\/mybook.am\\\/?p=25302\",\"name\":\"M\u016fj \u017eivot se rozpadl ve t\u0159iapades\u00e1ti letech, v den, kdy mi ozn\u00e1mili, \u017ee moje dcera Anna zahynula p\u0159i stra\u0161liv\u00e9 leteck\u00e9 hav\u00e1rii. -\",\"isPartOf\":{\"@id\":\"https:\\\/\\\/mybook.am\\\/#website\"},\"primaryImageOfPage\":{\"@id\":\"https:\\\/\\\/mybook.am\\\/?p=25302#primaryimage\"},\"image\":{\"@id\":\"https:\\\/\\\/mybook.am\\\/?p=25302#primaryimage\"},\"thumbnailUrl\":\"https:\\\/\\\/mybook.am\\\/wp-content\\\/uploads\\\/2026\\\/01\\\/784564657646.jpg\",\"datePublished\":\"2026-01-24T14:36:21+00:00\",\"dateModified\":\"2026-01-24T14:36:25+00:00\",\"author\":{\"@id\":\"https:\\\/\\\/mybook.am\\\/#\\\/schema\\\/person\\\/e730847942cff3a199774e803916e97e\"},\"breadcrumb\":{\"@id\":\"https:\\\/\\\/mybook.am\\\/?p=25302#breadcrumb\"},\"inLanguage\":\"ru-RU\",\"potentialAction\":[{\"@type\":\"ReadAction\",\"target\":[\"https:\\\/\\\/mybook.am\\\/?p=25302\"]}]},{\"@type\":\"ImageObject\",\"inLanguage\":\"ru-RU\",\"@id\":\"https:\\\/\\\/mybook.am\\\/?p=25302#primaryimage\",\"url\":\"https:\\\/\\\/mybook.am\\\/wp-content\\\/uploads\\\/2026\\\/01\\\/784564657646.jpg\",\"contentUrl\":\"https:\\\/\\\/mybook.am\\\/wp-content\\\/uploads\\\/2026\\\/01\\\/784564657646.jpg\",\"width\":1080,\"height\":1350},{\"@type\":\"BreadcrumbList\",\"@id\":\"https:\\\/\\\/mybook.am\\\/?p=25302#breadcrumb\",\"itemListElement\":[{\"@type\":\"ListItem\",\"position\":1,\"name\":\"\u0413\u043b\u0430\u0432\u043d\u0430\u044f \u0441\u0442\u0440\u0430\u043d\u0438\u0446\u0430\",\"item\":\"https:\\\/\\\/mybook.am\\\/\"},{\"@type\":\"ListItem\",\"position\":2,\"name\":\"M\u016fj \u017eivot se rozpadl ve t\u0159iapades\u00e1ti letech, v den, kdy mi ozn\u00e1mili, \u017ee moje dcera Anna zahynula p\u0159i stra\u0161liv\u00e9 leteck\u00e9 hav\u00e1rii.\"}]},{\"@type\":\"WebSite\",\"@id\":\"https:\\\/\\\/mybook.am\\\/#website\",\"url\":\"https:\\\/\\\/mybook.am\\\/\",\"name\":\"\",\"description\":\"\",\"potentialAction\":[{\"@type\":\"SearchAction\",\"target\":{\"@type\":\"EntryPoint\",\"urlTemplate\":\"https:\\\/\\\/mybook.am\\\/?s={search_term_string}\"},\"query-input\":{\"@type\":\"PropertyValueSpecification\",\"valueRequired\":true,\"valueName\":\"search_term_string\"}}],\"inLanguage\":\"ru-RU\"},{\"@type\":\"Person\",\"@id\":\"https:\\\/\\\/mybook.am\\\/#\\\/schema\\\/person\\\/e730847942cff3a199774e803916e97e\",\"name\":\"admin\",\"image\":{\"@type\":\"ImageObject\",\"inLanguage\":\"ru-RU\",\"@id\":\"https:\\\/\\\/secure.gravatar.com\\\/avatar\\\/df64e550a0653b7be0f1bcf897f33faad9c2c8153472b2d9319beafb51370f6f?s=96&d=mm&r=g\",\"url\":\"https:\\\/\\\/secure.gravatar.com\\\/avatar\\\/df64e550a0653b7be0f1bcf897f33faad9c2c8153472b2d9319beafb51370f6f?s=96&d=mm&r=g\",\"contentUrl\":\"https:\\\/\\\/secure.gravatar.com\\\/avatar\\\/df64e550a0653b7be0f1bcf897f33faad9c2c8153472b2d9319beafb51370f6f?s=96&d=mm&r=g\",\"caption\":\"admin\"},\"sameAs\":[\"http:\\\/\\\/mybook.am\"],\"url\":\"https:\\\/\\\/mybook.am\\\/?author=1\"}]}<\/script>\n<!-- \/ Yoast SEO plugin. -->","yoast_head_json":{"title":"M\u016fj \u017eivot se rozpadl ve t\u0159iapades\u00e1ti letech, v den, kdy mi ozn\u00e1mili, \u017ee moje dcera Anna zahynula p\u0159i stra\u0161liv\u00e9 leteck\u00e9 hav\u00e1rii. -","robots":{"index":"index","follow":"follow","max-snippet":"max-snippet:-1","max-image-preview":"max-image-preview:large","max-video-preview":"max-video-preview:-1"},"canonical":"https:\/\/mybook.am\/?p=25302","og_locale":"ru_RU","og_type":"article","og_title":"M\u016fj \u017eivot se rozpadl ve t\u0159iapades\u00e1ti letech, v den, kdy mi ozn\u00e1mili, \u017ee moje dcera Anna zahynula p\u0159i stra\u0161liv\u00e9 leteck\u00e9 hav\u00e1rii. -","og_description":"Od t\u00e9 chv\u00edle u\u017e nic nebylo stejn\u00e9. Jej\u00ed man\u017eel Mark truchlil kr\u00e1tce. P\u0159\u00edli\u0161 kr\u00e1tce.Za p\u00e1r t\u00fddn\u016f si na\u0161el jinou \u017eenu a beze slova","og_url":"https:\/\/mybook.am\/?p=25302","article_published_time":"2026-01-24T14:36:21+00:00","article_modified_time":"2026-01-24T14:36:25+00:00","og_image":[{"width":1080,"height":1350,"url":"https:\/\/mybook.am\/wp-content\/uploads\/2026\/01\/784564657646.jpg","type":"image\/jpeg"}],"author":"admin","twitter_card":"summary_large_image","twitter_misc":{"\u041d\u0430\u043f\u0438\u0441\u0430\u043d\u043e \u0430\u0432\u0442\u043e\u0440\u043e\u043c":"admin","\u041f\u0440\u0438\u043c\u0435\u0440\u043d\u043e\u0435 \u0432\u0440\u0435\u043c\u044f \u0434\u043b\u044f \u0447\u0442\u0435\u043d\u0438\u044f":"4 \u043c\u0438\u043d\u0443\u0442\u044b"},"schema":{"@context":"https:\/\/schema.org","@graph":[{"@type":"Article","@id":"https:\/\/mybook.am\/?p=25302#article","isPartOf":{"@id":"https:\/\/mybook.am\/?p=25302"},"author":{"name":"admin","@id":"https:\/\/mybook.am\/#\/schema\/person\/e730847942cff3a199774e803916e97e"},"headline":"M\u016fj \u017eivot se rozpadl ve t\u0159iapades\u00e1ti letech, v den, kdy mi ozn\u00e1mili, \u017ee moje dcera Anna zahynula p\u0159i stra\u0161liv\u00e9 leteck\u00e9 hav\u00e1rii.","datePublished":"2026-01-24T14:36:21+00:00","dateModified":"2026-01-24T14:36:25+00:00","mainEntityOfPage":{"@id":"https:\/\/mybook.am\/?p=25302"},"wordCount":702,"commentCount":0,"image":{"@id":"https:\/\/mybook.am\/?p=25302#primaryimage"},"thumbnailUrl":"https:\/\/mybook.am\/wp-content\/uploads\/2026\/01\/784564657646.jpg","articleSection":["\u010cesk\u00e1"],"inLanguage":"ru-RU","potentialAction":[{"@type":"CommentAction","name":"Comment","target":["https:\/\/mybook.am\/?p=25302#respond"]}]},{"@type":"WebPage","@id":"https:\/\/mybook.am\/?p=25302","url":"https:\/\/mybook.am\/?p=25302","name":"M\u016fj \u017eivot se rozpadl ve t\u0159iapades\u00e1ti letech, v den, kdy mi ozn\u00e1mili, \u017ee moje dcera Anna zahynula p\u0159i stra\u0161liv\u00e9 leteck\u00e9 hav\u00e1rii. -","isPartOf":{"@id":"https:\/\/mybook.am\/#website"},"primaryImageOfPage":{"@id":"https:\/\/mybook.am\/?p=25302#primaryimage"},"image":{"@id":"https:\/\/mybook.am\/?p=25302#primaryimage"},"thumbnailUrl":"https:\/\/mybook.am\/wp-content\/uploads\/2026\/01\/784564657646.jpg","datePublished":"2026-01-24T14:36:21+00:00","dateModified":"2026-01-24T14:36:25+00:00","author":{"@id":"https:\/\/mybook.am\/#\/schema\/person\/e730847942cff3a199774e803916e97e"},"breadcrumb":{"@id":"https:\/\/mybook.am\/?p=25302#breadcrumb"},"inLanguage":"ru-RU","potentialAction":[{"@type":"ReadAction","target":["https:\/\/mybook.am\/?p=25302"]}]},{"@type":"ImageObject","inLanguage":"ru-RU","@id":"https:\/\/mybook.am\/?p=25302#primaryimage","url":"https:\/\/mybook.am\/wp-content\/uploads\/2026\/01\/784564657646.jpg","contentUrl":"https:\/\/mybook.am\/wp-content\/uploads\/2026\/01\/784564657646.jpg","width":1080,"height":1350},{"@type":"BreadcrumbList","@id":"https:\/\/mybook.am\/?p=25302#breadcrumb","itemListElement":[{"@type":"ListItem","position":1,"name":"\u0413\u043b\u0430\u0432\u043d\u0430\u044f \u0441\u0442\u0440\u0430\u043d\u0438\u0446\u0430","item":"https:\/\/mybook.am\/"},{"@type":"ListItem","position":2,"name":"M\u016fj \u017eivot se rozpadl ve t\u0159iapades\u00e1ti letech, v den, kdy mi ozn\u00e1mili, \u017ee moje dcera Anna zahynula p\u0159i stra\u0161liv\u00e9 leteck\u00e9 hav\u00e1rii."}]},{"@type":"WebSite","@id":"https:\/\/mybook.am\/#website","url":"https:\/\/mybook.am\/","name":"","description":"","potentialAction":[{"@type":"SearchAction","target":{"@type":"EntryPoint","urlTemplate":"https:\/\/mybook.am\/?s={search_term_string}"},"query-input":{"@type":"PropertyValueSpecification","valueRequired":true,"valueName":"search_term_string"}}],"inLanguage":"ru-RU"},{"@type":"Person","@id":"https:\/\/mybook.am\/#\/schema\/person\/e730847942cff3a199774e803916e97e","name":"admin","image":{"@type":"ImageObject","inLanguage":"ru-RU","@id":"https:\/\/secure.gravatar.com\/avatar\/df64e550a0653b7be0f1bcf897f33faad9c2c8153472b2d9319beafb51370f6f?s=96&d=mm&r=g","url":"https:\/\/secure.gravatar.com\/avatar\/df64e550a0653b7be0f1bcf897f33faad9c2c8153472b2d9319beafb51370f6f?s=96&d=mm&r=g","contentUrl":"https:\/\/secure.gravatar.com\/avatar\/df64e550a0653b7be0f1bcf897f33faad9c2c8153472b2d9319beafb51370f6f?s=96&d=mm&r=g","caption":"admin"},"sameAs":["http:\/\/mybook.am"],"url":"https:\/\/mybook.am\/?author=1"}]}},"views":143,"_links":{"self":[{"href":"https:\/\/mybook.am\/index.php?rest_route=\/wp\/v2\/posts\/25302","targetHints":{"allow":["GET"]}}],"collection":[{"href":"https:\/\/mybook.am\/index.php?rest_route=\/wp\/v2\/posts"}],"about":[{"href":"https:\/\/mybook.am\/index.php?rest_route=\/wp\/v2\/types\/post"}],"author":[{"embeddable":true,"href":"https:\/\/mybook.am\/index.php?rest_route=\/wp\/v2\/users\/1"}],"replies":[{"embeddable":true,"href":"https:\/\/mybook.am\/index.php?rest_route=%2Fwp%2Fv2%2Fcomments&post=25302"}],"version-history":[{"count":1,"href":"https:\/\/mybook.am\/index.php?rest_route=\/wp\/v2\/posts\/25302\/revisions"}],"predecessor-version":[{"id":25304,"href":"https:\/\/mybook.am\/index.php?rest_route=\/wp\/v2\/posts\/25302\/revisions\/25304"}],"wp:featuredmedia":[{"embeddable":true,"href":"https:\/\/mybook.am\/index.php?rest_route=\/wp\/v2\/media\/25303"}],"wp:attachment":[{"href":"https:\/\/mybook.am\/index.php?rest_route=%2Fwp%2Fv2%2Fmedia&parent=25302"}],"wp:term":[{"taxonomy":"category","embeddable":true,"href":"https:\/\/mybook.am\/index.php?rest_route=%2Fwp%2Fv2%2Fcategories&post=25302"},{"taxonomy":"post_tag","embeddable":true,"href":"https:\/\/mybook.am\/index.php?rest_route=%2Fwp%2Fv2%2Ftags&post=25302"}],"curies":[{"name":"wp","href":"https:\/\/api.w.org\/{rel}","templated":true}]}}