{"id":25308,"date":"2026-01-24T23:06:52","date_gmt":"2026-01-24T20:06:52","guid":{"rendered":"https:\/\/mybook.am\/?p=25308"},"modified":"2026-01-24T23:06:53","modified_gmt":"2026-01-24T20:06:53","slug":"ne-vzhledem-tichem-ticho-bylo-jine-tezsi-jako-by-nekdo-zavrel-dvere-ktere-uz-nikdy-nepujde-otevrit","status":"publish","type":"post","link":"https:\/\/mybook.am\/?p=25308","title":{"rendered":"Ne vzhledem \u2014 tichem. Ticho bylo jin\u00e9, t\u011b\u017e\u0161\u00ed, jako by n\u011bkdo zav\u0159el dve\u0159e, kter\u00e9 u\u017e nikdy nep\u016fjde otev\u0159\u00edt."},"content":{"rendered":"\n<p>Rozeb\u00edrala jsem star\u00e9 sk\u0159\u00edn\u011b bez emoc\u00ed, mechanicky. \u0160\u00e1tky. Fotografie. V\u011bci, kter\u00e9 pat\u0159ily minulosti a u\u017e nikoho nezaj\u00edmaly.<\/p>\n\n\n\n<p>A pak \u2014 \u00fapln\u011b dole, za hromadou vybledl\u00e9ho lo\u017en\u00edho pr\u00e1dla \u2014 jsem narazila na mal\u00fd bal\u00ed\u010dek zabalen\u00fd do siln\u00e9 l\u00e1tky.<\/p>\n\n\n\n<p>Nejd\u0159\u00edv jsem si \u0159ekla: nesmysl.<br>Dal\u0161\u00ed zbyte\u010dnost, kterou si star\u0161\u00ed lid\u00e9 nech\u00e1vaj\u00ed \u201epro jistotu\u201c. U\u017e jsem ho skoro hodila do pytle na vyhozen\u00ed.<\/p>\n\n\n\n<p>A pr\u00e1v\u011b v tu chv\u00edli m\u011b cosi zastavilo.<\/p>\n\n\n\n<p>Moje babi\u010dka nikdy neschov\u00e1vala zbyte\u010dnosti.<br>Mohla chodit roky v jednom kab\u00e1tu, ale ka\u017ed\u00e1 v\u011bc v jej\u00edm dom\u011b m\u011bla v\u00fdznam. Bu\u010f praktick\u00fd. Nebo osobn\u00ed. Nebo bolestn\u011b d\u016fle\u017eit\u00fd.<\/p>\n\n\n\n<figure class=\"wp-block-image size-full is-resized\"><img loading=\"lazy\" decoding=\"async\" width=\"640\" height=\"606\" src=\"https:\/\/mybook.am\/wp-content\/uploads\/2026\/01\/465784654565.jpg\" alt=\"\" class=\"wp-image-25310\" style=\"width:747px;height:auto\" srcset=\"https:\/\/mybook.am\/wp-content\/uploads\/2026\/01\/465784654565.jpg 640w, https:\/\/mybook.am\/wp-content\/uploads\/2026\/01\/465784654565-300x284.jpg 300w\" sizes=\"auto, (max-width: 640px) 100vw, 640px\" \/><\/figure>\n\n\n\n<p>Rozbalila jsem l\u00e1tku \u00fapln\u011b.<\/p>\n\n\n\n<p>To, co bylo uvnit\u0159, nep\u016fsobilo oby\u010dejn\u011b.<br>Materi\u00e1l byl kvalitn\u00ed. Zpracov\u00e1n\u00ed ru\u010dn\u00ed. A na zadn\u00ed stran\u011b \u2014 sotva viditeln\u00fd znak. Ne ozdoba. Ne dekorace. Sp\u00ed\u0161\u2026 ozna\u010den\u00ed.<\/p>\n\n\n\n<p>Vyfotila jsem to. Jen ze zv\u011bdavosti.<br>Bez o\u010dek\u00e1v\u00e1n\u00ed. Up\u0159\u00edmn\u011b \u2014 \u010dekala jsem, \u017ee internet nic nenajde.<\/p>\n\n\n\n<p>Internet ale reagoval a\u017e nep\u0159\u00edjemn\u011b rychle.<\/p>\n\n\n\n<p>Vz\u00e1cn\u00fd p\u0159edm\u011bt.<br>Omezen\u00fd po\u010det kus\u016f.<br>Konkr\u00e9tn\u00ed obdob\u00ed.<br>Konkr\u00e9tn\u00ed m\u00edsto p\u016fvodu.<br>A vysok\u00e1 hodnota mezi sb\u011brateli.<\/p>\n\n\n\n<p>V tu chv\u00edli jsem nec\u00edtila radost.<br>C\u00edtila jsem zmatek.<\/p>\n\n\n\n<p>Odkud to babi\u010dka m\u011bla?<\/p>\n\n\n\n<p>Byla cel\u00fd \u017eivot oby\u010dejn\u00e1 \u017eena. Pracovala. Nikam necestovala. Nepohybovala se mezi bohat\u00fdmi ani vlivn\u00fdmi lidmi. A nikdy \u2014 ani jednou \u2014 se o n\u011b\u010dem takov\u00e9m nezm\u00ednila.<\/p>\n\n\n\n<p>Za\u010dala jsem p\u00e1trat hloub\u011bji.<\/p>\n\n\n\n<p>Diskusn\u00ed f\u00f3ra. Star\u00e9 katalogy. Archivy.<br>A \u010d\u00edm v\u00edc informac\u00ed jsem na\u0161la, t\u00edm jasn\u011bj\u0161\u00ed bylo jedno:<br>Tahle v\u011bc se k n\u00ed nemohla dostat n\u00e1hodou.<\/p>\n\n\n\n<p>Takov\u00e9 p\u0159edm\u011bty se nekupuj\u00ed na trz\u00edch.<br>Ned\u00e1vaj\u00ed se jen tak jako d\u00e1rek.<br>Bu\u010f se d\u011bd\u00ed\u2026 nebo se schov\u00e1vaj\u00ed.<\/p>\n\n\n\n<p>Ten ve\u010der jsem si poprv\u00e9 za\u010dala skl\u00e1dat babi\u010d\u010din \u017eivot jinak.<br>Jej\u00ed n\u00e1hl\u00e1 ml\u010den\u00ed.<br>Rychl\u00e9 zm\u011bny t\u00e9mat.<br>Zam\u010den\u00e1 truhla, do kter\u00e9 jsme nikdy nesm\u011bli.<br>A v\u011bta, kterou kdysi \u0159ekla skoro mimochodem:<br>\u201eNe v\u0161echno, co v\u00ed\u0161, ti pom\u016f\u017ee. N\u011bkter\u00e9 pravdy jsou t\u011b\u017e\u0161\u00ed ne\u017e nev\u011bdomost.\u201c<\/p>\n\n\n\n<p>Tehdy to zn\u011blo jako moudrost st\u00e1\u0159\u00ed.<br>Te\u010f to zn\u011blo jako varov\u00e1n\u00ed.<\/p>\n\n\n\n<p>Ano, ta v\u011bc m\u00e1 vysokou cenu.<br>Ale \u010d\u00edm v\u00edc jsem se dozv\u00eddala, t\u00edm m\u00e9n\u011b jsem ji cht\u011bla prodat.<\/p>\n\n\n\n<p>Proto\u017ee v jednu chv\u00edli mi do\u0161lo, \u017ee skute\u010dn\u00e1 hodnota nebyla v pen\u011bz\u00edch.<\/p>\n\n\n\n<p>Byla v tajemstv\u00ed.<br>V \u017eivot\u011b, kter\u00fd jsme nikdy doopravdy neznali.<br>V rozhodnut\u00ed ml\u010det.<br>V pravd\u011b, kter\u00e1 m\u011bla zmizet spolu s jedn\u00edm \u010dlov\u011bkem.<\/p>\n\n\n\n<p>Tu v\u011bc po\u0159\u00e1d m\u00e1m.<\/p>\n\n\n\n<p>Ne proto, \u017ee bych se b\u00e1la.<br>Ale proto, \u017ee si nejsem jist\u00e1, jestli jsem p\u0159ipraven\u00e1 v\u011bd\u011bt v\u0161echno.<\/p>\n\n\n\n<p>Mysl\u00edme si, \u017ee zn\u00e1me sv\u00e9 bl\u00edzk\u00e9.<br>Ve skute\u010dnosti zn\u00e1me jen tu verzi, kterou n\u00e1m dovolili vid\u011bt.<\/p>\n\n\n\n<p>A zbytek\u2026<br>Ten se n\u011bkdy schov\u00e1v\u00e1 na sam\u00e9m dn\u011b star\u00e9 sk\u0159\u00edn\u011b.<\/p>\n","protected":false},"excerpt":{"rendered":"Rozeb\u00edrala jsem star\u00e9 sk\u0159\u00edn\u011b bez emoc\u00ed, mechanicky. \u0160\u00e1tky. Fotografie. V\u011bci, kter\u00e9 pat\u0159ily minulosti a u\u017e nikoho nezaj\u00edmaly. A pak \u2014 \u00fapln\u011b dole, za \n<a class=\"moretag\" href=\"https:\/\/mybook.am\/?p=25308\"> [...]<\/a>","protected":false},"author":1,"featured_media":25310,"comment_status":"open","ping_status":"open","sticky":false,"template":"","format":"standard","meta":{"footnotes":""},"categories":[1],"tags":[],"class_list":["post-25308","post","type-post","status-publish","format-standard","has-post-thumbnail","hentry","category-ceska"],"yoast_head":"<!-- This site is optimized with the Yoast SEO plugin v27.4 - https:\/\/yoast.com\/product\/yoast-seo-wordpress\/ -->\n<title>Ne vzhledem \u2014 tichem. Ticho bylo jin\u00e9, t\u011b\u017e\u0161\u00ed, jako by n\u011bkdo zav\u0159el dve\u0159e, kter\u00e9 u\u017e nikdy nep\u016fjde otev\u0159\u00edt. -<\/title>\n<meta name=\"robots\" content=\"index, follow, max-snippet:-1, max-image-preview:large, max-video-preview:-1\" \/>\n<link rel=\"canonical\" href=\"https:\/\/mybook.am\/?p=25308\" \/>\n<meta property=\"og:locale\" content=\"ru_RU\" \/>\n<meta property=\"og:type\" content=\"article\" \/>\n<meta property=\"og:title\" content=\"Ne vzhledem \u2014 tichem. Ticho bylo jin\u00e9, t\u011b\u017e\u0161\u00ed, jako by n\u011bkdo zav\u0159el dve\u0159e, kter\u00e9 u\u017e nikdy nep\u016fjde otev\u0159\u00edt. -\" \/>\n<meta property=\"og:description\" content=\"Rozeb\u00edrala jsem star\u00e9 sk\u0159\u00edn\u011b bez emoc\u00ed, mechanicky. \u0160\u00e1tky. Fotografie. V\u011bci, kter\u00e9 pat\u0159ily minulosti a u\u017e nikoho nezaj\u00edmaly. A pak \u2014 \u00fapln\u011b dole, za\" \/>\n<meta property=\"og:url\" content=\"https:\/\/mybook.am\/?p=25308\" \/>\n<meta property=\"article:published_time\" content=\"2026-01-24T20:06:52+00:00\" \/>\n<meta property=\"article:modified_time\" content=\"2026-01-24T20:06:53+00:00\" \/>\n<meta property=\"og:image\" content=\"https:\/\/mybook.am\/wp-content\/uploads\/2026\/01\/465784654565.jpg\" \/>\n\t<meta property=\"og:image:width\" content=\"640\" \/>\n\t<meta property=\"og:image:height\" content=\"606\" \/>\n\t<meta property=\"og:image:type\" content=\"image\/jpeg\" \/>\n<meta name=\"author\" content=\"admin\" \/>\n<meta name=\"twitter:card\" content=\"summary_large_image\" \/>\n<meta name=\"twitter:label1\" content=\"\u041d\u0430\u043f\u0438\u0441\u0430\u043d\u043e \u0430\u0432\u0442\u043e\u0440\u043e\u043c\" \/>\n\t<meta name=\"twitter:data1\" content=\"admin\" \/>\n\t<meta name=\"twitter:label2\" content=\"\u041f\u0440\u0438\u043c\u0435\u0440\u043d\u043e\u0435 \u0432\u0440\u0435\u043c\u044f \u0434\u043b\u044f \u0447\u0442\u0435\u043d\u0438\u044f\" \/>\n\t<meta name=\"twitter:data2\" content=\"3 \u043c\u0438\u043d\u0443\u0442\u044b\" \/>\n<script type=\"application\/ld+json\" class=\"yoast-schema-graph\">{\"@context\":\"https:\\\/\\\/schema.org\",\"@graph\":[{\"@type\":\"Article\",\"@id\":\"https:\\\/\\\/mybook.am\\\/?p=25308#article\",\"isPartOf\":{\"@id\":\"https:\\\/\\\/mybook.am\\\/?p=25308\"},\"author\":{\"name\":\"admin\",\"@id\":\"https:\\\/\\\/mybook.am\\\/#\\\/schema\\\/person\\\/e730847942cff3a199774e803916e97e\"},\"headline\":\"Ne vzhledem \u2014 tichem. Ticho bylo jin\u00e9, t\u011b\u017e\u0161\u00ed, jako by n\u011bkdo zav\u0159el dve\u0159e, kter\u00e9 u\u017e nikdy nep\u016fjde otev\u0159\u00edt.\",\"datePublished\":\"2026-01-24T20:06:52+00:00\",\"dateModified\":\"2026-01-24T20:06:53+00:00\",\"mainEntityOfPage\":{\"@id\":\"https:\\\/\\\/mybook.am\\\/?p=25308\"},\"wordCount\":543,\"commentCount\":0,\"image\":{\"@id\":\"https:\\\/\\\/mybook.am\\\/?p=25308#primaryimage\"},\"thumbnailUrl\":\"https:\\\/\\\/mybook.am\\\/wp-content\\\/uploads\\\/2026\\\/01\\\/465784654565.jpg\",\"articleSection\":[\"\u010cesk\u00e1\"],\"inLanguage\":\"ru-RU\",\"potentialAction\":[{\"@type\":\"CommentAction\",\"name\":\"Comment\",\"target\":[\"https:\\\/\\\/mybook.am\\\/?p=25308#respond\"]}]},{\"@type\":\"WebPage\",\"@id\":\"https:\\\/\\\/mybook.am\\\/?p=25308\",\"url\":\"https:\\\/\\\/mybook.am\\\/?p=25308\",\"name\":\"Ne vzhledem \u2014 tichem. Ticho bylo jin\u00e9, t\u011b\u017e\u0161\u00ed, jako by n\u011bkdo zav\u0159el dve\u0159e, kter\u00e9 u\u017e nikdy nep\u016fjde otev\u0159\u00edt. -\",\"isPartOf\":{\"@id\":\"https:\\\/\\\/mybook.am\\\/#website\"},\"primaryImageOfPage\":{\"@id\":\"https:\\\/\\\/mybook.am\\\/?p=25308#primaryimage\"},\"image\":{\"@id\":\"https:\\\/\\\/mybook.am\\\/?p=25308#primaryimage\"},\"thumbnailUrl\":\"https:\\\/\\\/mybook.am\\\/wp-content\\\/uploads\\\/2026\\\/01\\\/465784654565.jpg\",\"datePublished\":\"2026-01-24T20:06:52+00:00\",\"dateModified\":\"2026-01-24T20:06:53+00:00\",\"author\":{\"@id\":\"https:\\\/\\\/mybook.am\\\/#\\\/schema\\\/person\\\/e730847942cff3a199774e803916e97e\"},\"breadcrumb\":{\"@id\":\"https:\\\/\\\/mybook.am\\\/?p=25308#breadcrumb\"},\"inLanguage\":\"ru-RU\",\"potentialAction\":[{\"@type\":\"ReadAction\",\"target\":[\"https:\\\/\\\/mybook.am\\\/?p=25308\"]}]},{\"@type\":\"ImageObject\",\"inLanguage\":\"ru-RU\",\"@id\":\"https:\\\/\\\/mybook.am\\\/?p=25308#primaryimage\",\"url\":\"https:\\\/\\\/mybook.am\\\/wp-content\\\/uploads\\\/2026\\\/01\\\/465784654565.jpg\",\"contentUrl\":\"https:\\\/\\\/mybook.am\\\/wp-content\\\/uploads\\\/2026\\\/01\\\/465784654565.jpg\",\"width\":640,\"height\":606},{\"@type\":\"BreadcrumbList\",\"@id\":\"https:\\\/\\\/mybook.am\\\/?p=25308#breadcrumb\",\"itemListElement\":[{\"@type\":\"ListItem\",\"position\":1,\"name\":\"\u0413\u043b\u0430\u0432\u043d\u0430\u044f \u0441\u0442\u0440\u0430\u043d\u0438\u0446\u0430\",\"item\":\"https:\\\/\\\/mybook.am\\\/\"},{\"@type\":\"ListItem\",\"position\":2,\"name\":\"Ne vzhledem \u2014 tichem. Ticho bylo jin\u00e9, t\u011b\u017e\u0161\u00ed, jako by n\u011bkdo zav\u0159el dve\u0159e, kter\u00e9 u\u017e nikdy nep\u016fjde otev\u0159\u00edt.\"}]},{\"@type\":\"WebSite\",\"@id\":\"https:\\\/\\\/mybook.am\\\/#website\",\"url\":\"https:\\\/\\\/mybook.am\\\/\",\"name\":\"\",\"description\":\"\",\"potentialAction\":[{\"@type\":\"SearchAction\",\"target\":{\"@type\":\"EntryPoint\",\"urlTemplate\":\"https:\\\/\\\/mybook.am\\\/?s={search_term_string}\"},\"query-input\":{\"@type\":\"PropertyValueSpecification\",\"valueRequired\":true,\"valueName\":\"search_term_string\"}}],\"inLanguage\":\"ru-RU\"},{\"@type\":\"Person\",\"@id\":\"https:\\\/\\\/mybook.am\\\/#\\\/schema\\\/person\\\/e730847942cff3a199774e803916e97e\",\"name\":\"admin\",\"image\":{\"@type\":\"ImageObject\",\"inLanguage\":\"ru-RU\",\"@id\":\"https:\\\/\\\/secure.gravatar.com\\\/avatar\\\/df64e550a0653b7be0f1bcf897f33faad9c2c8153472b2d9319beafb51370f6f?s=96&d=mm&r=g\",\"url\":\"https:\\\/\\\/secure.gravatar.com\\\/avatar\\\/df64e550a0653b7be0f1bcf897f33faad9c2c8153472b2d9319beafb51370f6f?s=96&d=mm&r=g\",\"contentUrl\":\"https:\\\/\\\/secure.gravatar.com\\\/avatar\\\/df64e550a0653b7be0f1bcf897f33faad9c2c8153472b2d9319beafb51370f6f?s=96&d=mm&r=g\",\"caption\":\"admin\"},\"sameAs\":[\"http:\\\/\\\/mybook.am\"],\"url\":\"https:\\\/\\\/mybook.am\\\/?author=1\"}]}<\/script>\n<!-- \/ Yoast SEO plugin. -->","yoast_head_json":{"title":"Ne vzhledem \u2014 tichem. Ticho bylo jin\u00e9, t\u011b\u017e\u0161\u00ed, jako by n\u011bkdo zav\u0159el dve\u0159e, kter\u00e9 u\u017e nikdy nep\u016fjde otev\u0159\u00edt. -","robots":{"index":"index","follow":"follow","max-snippet":"max-snippet:-1","max-image-preview":"max-image-preview:large","max-video-preview":"max-video-preview:-1"},"canonical":"https:\/\/mybook.am\/?p=25308","og_locale":"ru_RU","og_type":"article","og_title":"Ne vzhledem \u2014 tichem. Ticho bylo jin\u00e9, t\u011b\u017e\u0161\u00ed, jako by n\u011bkdo zav\u0159el dve\u0159e, kter\u00e9 u\u017e nikdy nep\u016fjde otev\u0159\u00edt. -","og_description":"Rozeb\u00edrala jsem star\u00e9 sk\u0159\u00edn\u011b bez emoc\u00ed, mechanicky. \u0160\u00e1tky. Fotografie. V\u011bci, kter\u00e9 pat\u0159ily minulosti a u\u017e nikoho nezaj\u00edmaly. A pak \u2014 \u00fapln\u011b dole, za","og_url":"https:\/\/mybook.am\/?p=25308","article_published_time":"2026-01-24T20:06:52+00:00","article_modified_time":"2026-01-24T20:06:53+00:00","og_image":[{"width":640,"height":606,"url":"https:\/\/mybook.am\/wp-content\/uploads\/2026\/01\/465784654565.jpg","type":"image\/jpeg"}],"author":"admin","twitter_card":"summary_large_image","twitter_misc":{"\u041d\u0430\u043f\u0438\u0441\u0430\u043d\u043e \u0430\u0432\u0442\u043e\u0440\u043e\u043c":"admin","\u041f\u0440\u0438\u043c\u0435\u0440\u043d\u043e\u0435 \u0432\u0440\u0435\u043c\u044f \u0434\u043b\u044f \u0447\u0442\u0435\u043d\u0438\u044f":"3 \u043c\u0438\u043d\u0443\u0442\u044b"},"schema":{"@context":"https:\/\/schema.org","@graph":[{"@type":"Article","@id":"https:\/\/mybook.am\/?p=25308#article","isPartOf":{"@id":"https:\/\/mybook.am\/?p=25308"},"author":{"name":"admin","@id":"https:\/\/mybook.am\/#\/schema\/person\/e730847942cff3a199774e803916e97e"},"headline":"Ne vzhledem \u2014 tichem. Ticho bylo jin\u00e9, t\u011b\u017e\u0161\u00ed, jako by n\u011bkdo zav\u0159el dve\u0159e, kter\u00e9 u\u017e nikdy nep\u016fjde otev\u0159\u00edt.","datePublished":"2026-01-24T20:06:52+00:00","dateModified":"2026-01-24T20:06:53+00:00","mainEntityOfPage":{"@id":"https:\/\/mybook.am\/?p=25308"},"wordCount":543,"commentCount":0,"image":{"@id":"https:\/\/mybook.am\/?p=25308#primaryimage"},"thumbnailUrl":"https:\/\/mybook.am\/wp-content\/uploads\/2026\/01\/465784654565.jpg","articleSection":["\u010cesk\u00e1"],"inLanguage":"ru-RU","potentialAction":[{"@type":"CommentAction","name":"Comment","target":["https:\/\/mybook.am\/?p=25308#respond"]}]},{"@type":"WebPage","@id":"https:\/\/mybook.am\/?p=25308","url":"https:\/\/mybook.am\/?p=25308","name":"Ne vzhledem \u2014 tichem. Ticho bylo jin\u00e9, t\u011b\u017e\u0161\u00ed, jako by n\u011bkdo zav\u0159el dve\u0159e, kter\u00e9 u\u017e nikdy nep\u016fjde otev\u0159\u00edt. -","isPartOf":{"@id":"https:\/\/mybook.am\/#website"},"primaryImageOfPage":{"@id":"https:\/\/mybook.am\/?p=25308#primaryimage"},"image":{"@id":"https:\/\/mybook.am\/?p=25308#primaryimage"},"thumbnailUrl":"https:\/\/mybook.am\/wp-content\/uploads\/2026\/01\/465784654565.jpg","datePublished":"2026-01-24T20:06:52+00:00","dateModified":"2026-01-24T20:06:53+00:00","author":{"@id":"https:\/\/mybook.am\/#\/schema\/person\/e730847942cff3a199774e803916e97e"},"breadcrumb":{"@id":"https:\/\/mybook.am\/?p=25308#breadcrumb"},"inLanguage":"ru-RU","potentialAction":[{"@type":"ReadAction","target":["https:\/\/mybook.am\/?p=25308"]}]},{"@type":"ImageObject","inLanguage":"ru-RU","@id":"https:\/\/mybook.am\/?p=25308#primaryimage","url":"https:\/\/mybook.am\/wp-content\/uploads\/2026\/01\/465784654565.jpg","contentUrl":"https:\/\/mybook.am\/wp-content\/uploads\/2026\/01\/465784654565.jpg","width":640,"height":606},{"@type":"BreadcrumbList","@id":"https:\/\/mybook.am\/?p=25308#breadcrumb","itemListElement":[{"@type":"ListItem","position":1,"name":"\u0413\u043b\u0430\u0432\u043d\u0430\u044f \u0441\u0442\u0440\u0430\u043d\u0438\u0446\u0430","item":"https:\/\/mybook.am\/"},{"@type":"ListItem","position":2,"name":"Ne vzhledem \u2014 tichem. Ticho bylo jin\u00e9, t\u011b\u017e\u0161\u00ed, jako by n\u011bkdo zav\u0159el dve\u0159e, kter\u00e9 u\u017e nikdy nep\u016fjde otev\u0159\u00edt."}]},{"@type":"WebSite","@id":"https:\/\/mybook.am\/#website","url":"https:\/\/mybook.am\/","name":"","description":"","potentialAction":[{"@type":"SearchAction","target":{"@type":"EntryPoint","urlTemplate":"https:\/\/mybook.am\/?s={search_term_string}"},"query-input":{"@type":"PropertyValueSpecification","valueRequired":true,"valueName":"search_term_string"}}],"inLanguage":"ru-RU"},{"@type":"Person","@id":"https:\/\/mybook.am\/#\/schema\/person\/e730847942cff3a199774e803916e97e","name":"admin","image":{"@type":"ImageObject","inLanguage":"ru-RU","@id":"https:\/\/secure.gravatar.com\/avatar\/df64e550a0653b7be0f1bcf897f33faad9c2c8153472b2d9319beafb51370f6f?s=96&d=mm&r=g","url":"https:\/\/secure.gravatar.com\/avatar\/df64e550a0653b7be0f1bcf897f33faad9c2c8153472b2d9319beafb51370f6f?s=96&d=mm&r=g","contentUrl":"https:\/\/secure.gravatar.com\/avatar\/df64e550a0653b7be0f1bcf897f33faad9c2c8153472b2d9319beafb51370f6f?s=96&d=mm&r=g","caption":"admin"},"sameAs":["http:\/\/mybook.am"],"url":"https:\/\/mybook.am\/?author=1"}]}},"views":95,"_links":{"self":[{"href":"https:\/\/mybook.am\/index.php?rest_route=\/wp\/v2\/posts\/25308","targetHints":{"allow":["GET"]}}],"collection":[{"href":"https:\/\/mybook.am\/index.php?rest_route=\/wp\/v2\/posts"}],"about":[{"href":"https:\/\/mybook.am\/index.php?rest_route=\/wp\/v2\/types\/post"}],"author":[{"embeddable":true,"href":"https:\/\/mybook.am\/index.php?rest_route=\/wp\/v2\/users\/1"}],"replies":[{"embeddable":true,"href":"https:\/\/mybook.am\/index.php?rest_route=%2Fwp%2Fv2%2Fcomments&post=25308"}],"version-history":[{"count":1,"href":"https:\/\/mybook.am\/index.php?rest_route=\/wp\/v2\/posts\/25308\/revisions"}],"predecessor-version":[{"id":25311,"href":"https:\/\/mybook.am\/index.php?rest_route=\/wp\/v2\/posts\/25308\/revisions\/25311"}],"wp:featuredmedia":[{"embeddable":true,"href":"https:\/\/mybook.am\/index.php?rest_route=\/wp\/v2\/media\/25310"}],"wp:attachment":[{"href":"https:\/\/mybook.am\/index.php?rest_route=%2Fwp%2Fv2%2Fmedia&parent=25308"}],"wp:term":[{"taxonomy":"category","embeddable":true,"href":"https:\/\/mybook.am\/index.php?rest_route=%2Fwp%2Fv2%2Fcategories&post=25308"},{"taxonomy":"post_tag","embeddable":true,"href":"https:\/\/mybook.am\/index.php?rest_route=%2Fwp%2Fv2%2Ftags&post=25308"}],"curies":[{"name":"wp","href":"https:\/\/api.w.org\/{rel}","templated":true}]}}