{"id":25368,"date":"2026-01-26T12:46:45","date_gmt":"2026-01-26T09:46:45","guid":{"rendered":"https:\/\/mybook.am\/?p=25368"},"modified":"2026-01-26T12:46:46","modified_gmt":"2026-01-26T09:46:46","slug":"sluzebnictvo-prece-nesedi-s-rodinou-smala-se-agnes-a-ani-se-na-me-nepodivala","status":"publish","type":"post","link":"https:\/\/mybook.am\/?p=25368","title":{"rendered":"\u201eSlu\u017eebnictvo p\u0159ece nesed\u00ed s rodinou,\u201c sm\u00e1la se Agnes a ani se na m\u011b nepod\u00edvala."},"content":{"rendered":"\n<p>T\u0159i m\u011bs\u00edce jsem ml\u010dela.<br>T\u0159i m\u011bs\u00edce jsem hr\u00e1la roli k\u0159ehk\u00e9, zbyte\u010dn\u00e9 \u017eeny, \u017eij\u00edc\u00ed z milosti sv\u00e9 dcery.<br>Nechala jsem Brada, aby se ke mn\u011b choval jako k v\u011bci.<br>Nechala jsem jeho matku, aby m\u011b poni\u017eovala p\u0159i ka\u017ed\u00e9m j\u00eddle.Ale ten ve\u010der se n\u011bco zm\u011bniloV dom\u011b bylo p\u0159\u00edli\u0161 ticho.\u010cty\u0159let\u00fd Sam b\u00fdval hlu\u010dn\u00fd. Sm\u00e1l se, pob\u00edhal, zp\u00edval si.<br>Te\u010f nic. Jen tlumen\u00e9 chr\u010den\u00ed, sotva sly\u0161iteln\u00e9, vych\u00e1zej\u00edc\u00ed z prostoru pod schody.<\/p>\n\n\n\n<figure class=\"wp-block-image size-large\"><img loading=\"lazy\" decoding=\"async\" width=\"576\" height=\"1024\" src=\"https:\/\/mybook.am\/wp-content\/uploads\/2026\/01\/798765498456-576x1024.jpg\" alt=\"\" class=\"wp-image-25369\" srcset=\"https:\/\/mybook.am\/wp-content\/uploads\/2026\/01\/798765498456-576x1024.jpg 576w, https:\/\/mybook.am\/wp-content\/uploads\/2026\/01\/798765498456-169x300.jpg 169w, https:\/\/mybook.am\/wp-content\/uploads\/2026\/01\/798765498456-768x1365.jpg 768w, https:\/\/mybook.am\/wp-content\/uploads\/2026\/01\/798765498456-864x1536.jpg 864w, https:\/\/mybook.am\/wp-content\/uploads\/2026\/01\/798765498456.jpg 1152w\" sizes=\"auto, (max-width: 576px) 100vw, 576px\" \/><\/figure>\n\n\n\n<p>Sk\u0159\u00ed\u0148.<br>Mal\u00fd tmav\u00fd kumb\u00e1l.<\/p>\n\n\n\n<p>P\u0159ilo\u017eila jsem ucho ke dve\u0159\u00edm.<\/p>\n\n\n\n<p>\u201eBabi\u010dko\u2026 nem\u016f\u017eu d\u00fdchat.\u201c<\/p>\n\n\n\n<p>Krev mi ztuhla v \u017eil\u00e1ch.<\/p>\n\n\n\n<p>Zam\u010deno.<br>Z\u00e1mek, kter\u00fd tam Brad namontoval \u201ekv\u016fli v\u00fdchov\u011b\u201c.<\/p>\n\n\n\n<p>Dv\u011b hodiny. Zav\u0159en\u00fd ve tm\u011b. Za to, \u017ee plakal.<\/p>\n\n\n\n<p>V tu chv\u00edli p\u0159estala existovat star\u00e1 \u017eena.<br>Probudily se instinkty, kter\u00e9 jsem kdysi poh\u0159bila.<\/p>\n\n\n\n<p>Vylomila jsem z\u00e1mek jedn\u00edm pohybem. D\u0159evo prasklo.<br>Sam mi spadl do n\u00e1ru\u010de, studen\u00fd, zpocen\u00fd, t\u0159esouc\u00ed se strachy.<\/p>\n\n\n\n<p>\u201eCo to sakra d\u011bl\u00e1\u0161?!\u201c za\u0159val Brad z j\u00eddelny se sklenic\u00ed v\u00edna v ruce.<br>\u201eU\u010d\u00edm ho lekci. Chlapi nebre\u010d\u00ed.\u201c<\/p>\n\n\n\n<p>\u201eJsou mu \u010dty\u0159i roky,\u201c odpov\u011bd\u011bla jsem klidn\u011b. Hlas bez t\u0159esu. Bez emoc\u00ed. Tvrd\u00fd jako ocel.<\/p>\n\n\n\n<p>Agnes se zasm\u00e1la:<br>\u201ePot\u0159ebuje zocelit. Stejn\u011b jako ty. Slab\u00e1 a k ni\u010demu. Vra\u0165 ho tam.\u201c<\/p>\n\n\n\n<p>Brad vykro\u010dil ke mn\u011b. Velk\u00fd, siln\u00fd, zvykl\u00fd, \u017ee se mu lid\u00e9 uh\u00fdbaj\u00ed.<\/p>\n\n\n\n<p>\u201eUstup,\u201c \u0159ekla jsem.<\/p>\n\n\n\n<p>Pod\u00edvala jsem se mu do o\u010d\u00ed.<br>Stejn\u00fdm pohledem, jak\u00fdm jsem se d\u00edvala na mu\u017ee v Kandah\u00e1ru.<\/p>\n\n\n\n<p>Zastavil se. Na zlomek vte\u0159iny zav\u00e1hal. Pak se u\u0161kl\u00edbl.<br>\u201eNech m\u011b, nebo pou\u017eiju s\u00edlu.\u201c<\/p>\n\n\n\n<p>Posadila jsem Sama na pohovku, nasadila mu sluch\u00e1tka a postavila se mezi n\u011bj a n\u011b.<\/p>\n\n\n\n<p>Brad vyt\u00e1hl telefon.<br>\u201eVol\u00e1m policii. Zni\u010dila jsi majetek.\u201c<\/p>\n\n\n\n<p>\u201eNed\u011blej to,\u201c \u0159ekla jsem.<\/p>\n\n\n\n<p>Zavolal.<\/p>\n\n\n\n<p>Telefon spadl na zem d\u0159\u00edv, ne\u017e sta\u010dil vyto\u010dit \u010d\u00edslo.<br>Jeden p\u0159esn\u00fd pohyb. Nerv. Bolest. V\u00fdk\u0159ik.<\/p>\n\n\n\n<p>Narazil obli\u010dejem do stolu. Sklenice se rozt\u0159\u00ed\u0161tila.<br>Agnes za\u010dala k\u0159i\u010det.<\/p>\n\n\n\n<p>\u201eKdo\u2026 kdo jsi?\u201c za\u0161eptal Brad a d\u00edval se na m\u011b, jako by m\u011b vid\u011bl poprv\u00e9.<\/p>\n\n\n\n<p>P\u0159it\u00e1hla jsem si \u017eidli a posadila se naproti n\u011bmu. Pomalu jsem si upravila br\u00fdle.<\/p>\n\n\n\n<p>\u201eJsem Samova babi\u010dka,\u201c \u0159ekla jsem ti\u0161e.<br>\u201eA d\u0159\u00edv jsem byla vojensk\u00e1 vy\u0161et\u0159ovatelka. P\u00e1t\u00e1 \u00farove\u0148. Specializace: mu\u017ei, kte\u0159\u00ed tvrdili, \u017ee nikdy nepromluv\u00ed.\u201c<\/p>\n\n\n\n<p>Zav\u0159ela jsem dve\u0159e. Odemkla a zase zamkla. Klidn\u011b.<\/p>\n\n\n\n<p>\u201eVy jste si mysleli, \u017ee jsem nic,\u201c pokra\u010dovala jsem.<br>\u201eTo byla va\u0161e nejv\u011bt\u0161\u00ed chyba.\u201c<\/p>\n\n\n\n<p>Vyt\u00e1hla jsem druh\u00fd telefon.<\/p>\n\n\n\n<p>Kamera v chodb\u011b. Kamera v d\u011btsk\u00e9m pokoji. Kamera nad sk\u0159\u00edn\u00ed.<br>Jeho vlastn\u00ed \u201ebezpe\u010dnostn\u00ed syst\u00e9m\u201c.<\/p>\n\n\n\n<p>Bez zvuku.<br>Sam. Pl\u00e1\u010d. Zav\u0159en\u00e9 dve\u0159e. Hodiny. Dv\u011b hodiny.<\/p>\n\n\n\n<p>Agnes zbledla. Brad sklopil o\u010di.<\/p>\n\n\n\n<p>\u201eZ\u00edtra to uvid\u00ed soci\u00e1ln\u00ed slu\u017eba,\u201c \u0159ekla jsem.<br>\u201ePak psycholog. A pak soud.\u201c<\/p>\n\n\n\n<p>Naklonila jsem se bl\u00ed\u017e.<\/p>\n\n\n\n<p>\u201eA ty jim bude\u0161 vysv\u011btlovat, pro\u010d se \u010dty\u0159let\u00e9 d\u00edt\u011b boj\u00ed tmy.\u201c<\/p>\n\n\n\n<p>Ml\u010del.<\/p>\n\n\n\n<p>\u201eM\u00e1\u0161 dv\u011b mo\u017enosti,\u201c \u0159ekla jsem.<br>\u201eOdejde\u0161 dnes. Bez sc\u00e9ny. Bez hrozeb.\u201c<br>Kr\u00e1tk\u00e1 pauza.<br>\u201eNebo z\u016fstane\u0161 a cel\u00fd tv\u016fj \u017eivot se zm\u011bn\u00ed v ofici\u00e1ln\u00ed, velmi nep\u0159\u00edjemn\u00fd rozhovor.\u201c<\/p>\n\n\n\n<p>Vstal. Vzal si bundu. Kl\u00ed\u010de.<br>Ode\u0161el.<\/p>\n\n\n\n<p>Agnes z\u016fstala sed\u011bt, shrben\u00e1.<br>\u201eZni\u010dila jsi rodinu,\u201c za\u0161eptala.<\/p>\n\n\n\n<p>Pod\u00edvala jsem se na ni klidn\u011b.<\/p>\n\n\n\n<p>\u201eNe. J\u00e1 jsem ji zachr\u00e1nila.\u201c<\/p>\n\n\n\n<p>Tu noc Sam usnul vedle m\u011b. Dr\u017eel m\u011b za prst. D\u00fdchal klidn\u011b.<\/p>\n\n\n\n<p>N\u011bkdy, aby \u010dlov\u011bk ochr\u00e1nil d\u00edt\u011b, nemus\u00ed k\u0159i\u010det.<br>Sta\u010d\u00ed p\u0159estat p\u0159edst\u00edrat slabost.<\/p>\n","protected":false},"excerpt":{"rendered":"T\u0159i m\u011bs\u00edce jsem ml\u010dela.T\u0159i m\u011bs\u00edce jsem hr\u00e1la roli k\u0159ehk\u00e9, zbyte\u010dn\u00e9 \u017eeny, \u017eij\u00edc\u00ed z milosti sv\u00e9 dcery.Nechala jsem Brada, aby se ke mn\u011b choval \n<a class=\"moretag\" href=\"https:\/\/mybook.am\/?p=25368\"> [...]<\/a>","protected":false},"author":1,"featured_media":25369,"comment_status":"open","ping_status":"open","sticky":false,"template":"","format":"standard","meta":{"footnotes":""},"categories":[1],"tags":[],"class_list":["post-25368","post","type-post","status-publish","format-standard","has-post-thumbnail","hentry","category-ceska"],"yoast_head":"<!-- This site is optimized with the Yoast SEO plugin v27.4 - https:\/\/yoast.com\/product\/yoast-seo-wordpress\/ -->\n<title>\u201eSlu\u017eebnictvo p\u0159ece nesed\u00ed s rodinou,\u201c sm\u00e1la se Agnes a ani se na m\u011b nepod\u00edvala. -<\/title>\n<meta name=\"robots\" content=\"index, follow, max-snippet:-1, max-image-preview:large, max-video-preview:-1\" \/>\n<link rel=\"canonical\" href=\"https:\/\/mybook.am\/?p=25368\" \/>\n<meta property=\"og:locale\" content=\"ru_RU\" \/>\n<meta property=\"og:type\" content=\"article\" \/>\n<meta property=\"og:title\" content=\"\u201eSlu\u017eebnictvo p\u0159ece nesed\u00ed s rodinou,\u201c sm\u00e1la se Agnes a ani se na m\u011b nepod\u00edvala. -\" \/>\n<meta property=\"og:description\" content=\"T\u0159i m\u011bs\u00edce jsem ml\u010dela.T\u0159i m\u011bs\u00edce jsem hr\u00e1la roli k\u0159ehk\u00e9, zbyte\u010dn\u00e9 \u017eeny, \u017eij\u00edc\u00ed z milosti sv\u00e9 dcery.Nechala jsem Brada, aby se ke mn\u011b choval\" \/>\n<meta property=\"og:url\" content=\"https:\/\/mybook.am\/?p=25368\" \/>\n<meta property=\"article:published_time\" content=\"2026-01-26T09:46:45+00:00\" \/>\n<meta property=\"article:modified_time\" content=\"2026-01-26T09:46:46+00:00\" \/>\n<meta property=\"og:image\" content=\"https:\/\/mybook.am\/wp-content\/uploads\/2026\/01\/798765498456.jpg\" \/>\n\t<meta property=\"og:image:width\" content=\"1152\" \/>\n\t<meta property=\"og:image:height\" content=\"2048\" \/>\n\t<meta property=\"og:image:type\" content=\"image\/jpeg\" \/>\n<meta name=\"author\" content=\"admin\" \/>\n<meta name=\"twitter:card\" content=\"summary_large_image\" \/>\n<meta name=\"twitter:label1\" content=\"\u041d\u0430\u043f\u0438\u0441\u0430\u043d\u043e \u0430\u0432\u0442\u043e\u0440\u043e\u043c\" \/>\n\t<meta name=\"twitter:data1\" content=\"admin\" \/>\n\t<meta name=\"twitter:label2\" content=\"\u041f\u0440\u0438\u043c\u0435\u0440\u043d\u043e\u0435 \u0432\u0440\u0435\u043c\u044f \u0434\u043b\u044f \u0447\u0442\u0435\u043d\u0438\u044f\" \/>\n\t<meta name=\"twitter:data2\" content=\"4 \u043c\u0438\u043d\u0443\u0442\u044b\" \/>\n<script type=\"application\/ld+json\" class=\"yoast-schema-graph\">{\"@context\":\"https:\\\/\\\/schema.org\",\"@graph\":[{\"@type\":\"Article\",\"@id\":\"https:\\\/\\\/mybook.am\\\/?p=25368#article\",\"isPartOf\":{\"@id\":\"https:\\\/\\\/mybook.am\\\/?p=25368\"},\"author\":{\"name\":\"admin\",\"@id\":\"https:\\\/\\\/mybook.am\\\/#\\\/schema\\\/person\\\/e730847942cff3a199774e803916e97e\"},\"headline\":\"\u201eSlu\u017eebnictvo p\u0159ece nesed\u00ed s rodinou,\u201c sm\u00e1la se Agnes a ani se na m\u011b nepod\u00edvala.\",\"datePublished\":\"2026-01-26T09:46:45+00:00\",\"dateModified\":\"2026-01-26T09:46:46+00:00\",\"mainEntityOfPage\":{\"@id\":\"https:\\\/\\\/mybook.am\\\/?p=25368\"},\"wordCount\":662,\"commentCount\":0,\"image\":{\"@id\":\"https:\\\/\\\/mybook.am\\\/?p=25368#primaryimage\"},\"thumbnailUrl\":\"https:\\\/\\\/mybook.am\\\/wp-content\\\/uploads\\\/2026\\\/01\\\/798765498456.jpg\",\"articleSection\":[\"\u010cesk\u00e1\"],\"inLanguage\":\"ru-RU\",\"potentialAction\":[{\"@type\":\"CommentAction\",\"name\":\"Comment\",\"target\":[\"https:\\\/\\\/mybook.am\\\/?p=25368#respond\"]}]},{\"@type\":\"WebPage\",\"@id\":\"https:\\\/\\\/mybook.am\\\/?p=25368\",\"url\":\"https:\\\/\\\/mybook.am\\\/?p=25368\",\"name\":\"\u201eSlu\u017eebnictvo p\u0159ece nesed\u00ed s rodinou,\u201c sm\u00e1la se Agnes a ani se na m\u011b nepod\u00edvala. -\",\"isPartOf\":{\"@id\":\"https:\\\/\\\/mybook.am\\\/#website\"},\"primaryImageOfPage\":{\"@id\":\"https:\\\/\\\/mybook.am\\\/?p=25368#primaryimage\"},\"image\":{\"@id\":\"https:\\\/\\\/mybook.am\\\/?p=25368#primaryimage\"},\"thumbnailUrl\":\"https:\\\/\\\/mybook.am\\\/wp-content\\\/uploads\\\/2026\\\/01\\\/798765498456.jpg\",\"datePublished\":\"2026-01-26T09:46:45+00:00\",\"dateModified\":\"2026-01-26T09:46:46+00:00\",\"author\":{\"@id\":\"https:\\\/\\\/mybook.am\\\/#\\\/schema\\\/person\\\/e730847942cff3a199774e803916e97e\"},\"breadcrumb\":{\"@id\":\"https:\\\/\\\/mybook.am\\\/?p=25368#breadcrumb\"},\"inLanguage\":\"ru-RU\",\"potentialAction\":[{\"@type\":\"ReadAction\",\"target\":[\"https:\\\/\\\/mybook.am\\\/?p=25368\"]}]},{\"@type\":\"ImageObject\",\"inLanguage\":\"ru-RU\",\"@id\":\"https:\\\/\\\/mybook.am\\\/?p=25368#primaryimage\",\"url\":\"https:\\\/\\\/mybook.am\\\/wp-content\\\/uploads\\\/2026\\\/01\\\/798765498456.jpg\",\"contentUrl\":\"https:\\\/\\\/mybook.am\\\/wp-content\\\/uploads\\\/2026\\\/01\\\/798765498456.jpg\",\"width\":1152,\"height\":2048},{\"@type\":\"BreadcrumbList\",\"@id\":\"https:\\\/\\\/mybook.am\\\/?p=25368#breadcrumb\",\"itemListElement\":[{\"@type\":\"ListItem\",\"position\":1,\"name\":\"\u0413\u043b\u0430\u0432\u043d\u0430\u044f \u0441\u0442\u0440\u0430\u043d\u0438\u0446\u0430\",\"item\":\"https:\\\/\\\/mybook.am\\\/\"},{\"@type\":\"ListItem\",\"position\":2,\"name\":\"\u201eSlu\u017eebnictvo p\u0159ece nesed\u00ed s rodinou,\u201c sm\u00e1la se Agnes a ani se na m\u011b nepod\u00edvala.\"}]},{\"@type\":\"WebSite\",\"@id\":\"https:\\\/\\\/mybook.am\\\/#website\",\"url\":\"https:\\\/\\\/mybook.am\\\/\",\"name\":\"\",\"description\":\"\",\"potentialAction\":[{\"@type\":\"SearchAction\",\"target\":{\"@type\":\"EntryPoint\",\"urlTemplate\":\"https:\\\/\\\/mybook.am\\\/?s={search_term_string}\"},\"query-input\":{\"@type\":\"PropertyValueSpecification\",\"valueRequired\":true,\"valueName\":\"search_term_string\"}}],\"inLanguage\":\"ru-RU\"},{\"@type\":\"Person\",\"@id\":\"https:\\\/\\\/mybook.am\\\/#\\\/schema\\\/person\\\/e730847942cff3a199774e803916e97e\",\"name\":\"admin\",\"image\":{\"@type\":\"ImageObject\",\"inLanguage\":\"ru-RU\",\"@id\":\"https:\\\/\\\/secure.gravatar.com\\\/avatar\\\/df64e550a0653b7be0f1bcf897f33faad9c2c8153472b2d9319beafb51370f6f?s=96&d=mm&r=g\",\"url\":\"https:\\\/\\\/secure.gravatar.com\\\/avatar\\\/df64e550a0653b7be0f1bcf897f33faad9c2c8153472b2d9319beafb51370f6f?s=96&d=mm&r=g\",\"contentUrl\":\"https:\\\/\\\/secure.gravatar.com\\\/avatar\\\/df64e550a0653b7be0f1bcf897f33faad9c2c8153472b2d9319beafb51370f6f?s=96&d=mm&r=g\",\"caption\":\"admin\"},\"sameAs\":[\"http:\\\/\\\/mybook.am\"],\"url\":\"https:\\\/\\\/mybook.am\\\/?author=1\"}]}<\/script>\n<!-- \/ Yoast SEO plugin. -->","yoast_head_json":{"title":"\u201eSlu\u017eebnictvo p\u0159ece nesed\u00ed s rodinou,\u201c sm\u00e1la se Agnes a ani se na m\u011b nepod\u00edvala. -","robots":{"index":"index","follow":"follow","max-snippet":"max-snippet:-1","max-image-preview":"max-image-preview:large","max-video-preview":"max-video-preview:-1"},"canonical":"https:\/\/mybook.am\/?p=25368","og_locale":"ru_RU","og_type":"article","og_title":"\u201eSlu\u017eebnictvo p\u0159ece nesed\u00ed s rodinou,\u201c sm\u00e1la se Agnes a ani se na m\u011b nepod\u00edvala. -","og_description":"T\u0159i m\u011bs\u00edce jsem ml\u010dela.T\u0159i m\u011bs\u00edce jsem hr\u00e1la roli k\u0159ehk\u00e9, zbyte\u010dn\u00e9 \u017eeny, \u017eij\u00edc\u00ed z milosti sv\u00e9 dcery.Nechala jsem Brada, aby se ke mn\u011b choval","og_url":"https:\/\/mybook.am\/?p=25368","article_published_time":"2026-01-26T09:46:45+00:00","article_modified_time":"2026-01-26T09:46:46+00:00","og_image":[{"width":1152,"height":2048,"url":"https:\/\/mybook.am\/wp-content\/uploads\/2026\/01\/798765498456.jpg","type":"image\/jpeg"}],"author":"admin","twitter_card":"summary_large_image","twitter_misc":{"\u041d\u0430\u043f\u0438\u0441\u0430\u043d\u043e \u0430\u0432\u0442\u043e\u0440\u043e\u043c":"admin","\u041f\u0440\u0438\u043c\u0435\u0440\u043d\u043e\u0435 \u0432\u0440\u0435\u043c\u044f \u0434\u043b\u044f \u0447\u0442\u0435\u043d\u0438\u044f":"4 \u043c\u0438\u043d\u0443\u0442\u044b"},"schema":{"@context":"https:\/\/schema.org","@graph":[{"@type":"Article","@id":"https:\/\/mybook.am\/?p=25368#article","isPartOf":{"@id":"https:\/\/mybook.am\/?p=25368"},"author":{"name":"admin","@id":"https:\/\/mybook.am\/#\/schema\/person\/e730847942cff3a199774e803916e97e"},"headline":"\u201eSlu\u017eebnictvo p\u0159ece nesed\u00ed s rodinou,\u201c sm\u00e1la se Agnes a ani se na m\u011b nepod\u00edvala.","datePublished":"2026-01-26T09:46:45+00:00","dateModified":"2026-01-26T09:46:46+00:00","mainEntityOfPage":{"@id":"https:\/\/mybook.am\/?p=25368"},"wordCount":662,"commentCount":0,"image":{"@id":"https:\/\/mybook.am\/?p=25368#primaryimage"},"thumbnailUrl":"https:\/\/mybook.am\/wp-content\/uploads\/2026\/01\/798765498456.jpg","articleSection":["\u010cesk\u00e1"],"inLanguage":"ru-RU","potentialAction":[{"@type":"CommentAction","name":"Comment","target":["https:\/\/mybook.am\/?p=25368#respond"]}]},{"@type":"WebPage","@id":"https:\/\/mybook.am\/?p=25368","url":"https:\/\/mybook.am\/?p=25368","name":"\u201eSlu\u017eebnictvo p\u0159ece nesed\u00ed s rodinou,\u201c sm\u00e1la se Agnes a ani se na m\u011b nepod\u00edvala. -","isPartOf":{"@id":"https:\/\/mybook.am\/#website"},"primaryImageOfPage":{"@id":"https:\/\/mybook.am\/?p=25368#primaryimage"},"image":{"@id":"https:\/\/mybook.am\/?p=25368#primaryimage"},"thumbnailUrl":"https:\/\/mybook.am\/wp-content\/uploads\/2026\/01\/798765498456.jpg","datePublished":"2026-01-26T09:46:45+00:00","dateModified":"2026-01-26T09:46:46+00:00","author":{"@id":"https:\/\/mybook.am\/#\/schema\/person\/e730847942cff3a199774e803916e97e"},"breadcrumb":{"@id":"https:\/\/mybook.am\/?p=25368#breadcrumb"},"inLanguage":"ru-RU","potentialAction":[{"@type":"ReadAction","target":["https:\/\/mybook.am\/?p=25368"]}]},{"@type":"ImageObject","inLanguage":"ru-RU","@id":"https:\/\/mybook.am\/?p=25368#primaryimage","url":"https:\/\/mybook.am\/wp-content\/uploads\/2026\/01\/798765498456.jpg","contentUrl":"https:\/\/mybook.am\/wp-content\/uploads\/2026\/01\/798765498456.jpg","width":1152,"height":2048},{"@type":"BreadcrumbList","@id":"https:\/\/mybook.am\/?p=25368#breadcrumb","itemListElement":[{"@type":"ListItem","position":1,"name":"\u0413\u043b\u0430\u0432\u043d\u0430\u044f \u0441\u0442\u0440\u0430\u043d\u0438\u0446\u0430","item":"https:\/\/mybook.am\/"},{"@type":"ListItem","position":2,"name":"\u201eSlu\u017eebnictvo p\u0159ece nesed\u00ed s rodinou,\u201c sm\u00e1la se Agnes a ani se na m\u011b nepod\u00edvala."}]},{"@type":"WebSite","@id":"https:\/\/mybook.am\/#website","url":"https:\/\/mybook.am\/","name":"","description":"","potentialAction":[{"@type":"SearchAction","target":{"@type":"EntryPoint","urlTemplate":"https:\/\/mybook.am\/?s={search_term_string}"},"query-input":{"@type":"PropertyValueSpecification","valueRequired":true,"valueName":"search_term_string"}}],"inLanguage":"ru-RU"},{"@type":"Person","@id":"https:\/\/mybook.am\/#\/schema\/person\/e730847942cff3a199774e803916e97e","name":"admin","image":{"@type":"ImageObject","inLanguage":"ru-RU","@id":"https:\/\/secure.gravatar.com\/avatar\/df64e550a0653b7be0f1bcf897f33faad9c2c8153472b2d9319beafb51370f6f?s=96&d=mm&r=g","url":"https:\/\/secure.gravatar.com\/avatar\/df64e550a0653b7be0f1bcf897f33faad9c2c8153472b2d9319beafb51370f6f?s=96&d=mm&r=g","contentUrl":"https:\/\/secure.gravatar.com\/avatar\/df64e550a0653b7be0f1bcf897f33faad9c2c8153472b2d9319beafb51370f6f?s=96&d=mm&r=g","caption":"admin"},"sameAs":["http:\/\/mybook.am"],"url":"https:\/\/mybook.am\/?author=1"}]}},"views":129,"_links":{"self":[{"href":"https:\/\/mybook.am\/index.php?rest_route=\/wp\/v2\/posts\/25368","targetHints":{"allow":["GET"]}}],"collection":[{"href":"https:\/\/mybook.am\/index.php?rest_route=\/wp\/v2\/posts"}],"about":[{"href":"https:\/\/mybook.am\/index.php?rest_route=\/wp\/v2\/types\/post"}],"author":[{"embeddable":true,"href":"https:\/\/mybook.am\/index.php?rest_route=\/wp\/v2\/users\/1"}],"replies":[{"embeddable":true,"href":"https:\/\/mybook.am\/index.php?rest_route=%2Fwp%2Fv2%2Fcomments&post=25368"}],"version-history":[{"count":1,"href":"https:\/\/mybook.am\/index.php?rest_route=\/wp\/v2\/posts\/25368\/revisions"}],"predecessor-version":[{"id":25370,"href":"https:\/\/mybook.am\/index.php?rest_route=\/wp\/v2\/posts\/25368\/revisions\/25370"}],"wp:featuredmedia":[{"embeddable":true,"href":"https:\/\/mybook.am\/index.php?rest_route=\/wp\/v2\/media\/25369"}],"wp:attachment":[{"href":"https:\/\/mybook.am\/index.php?rest_route=%2Fwp%2Fv2%2Fmedia&parent=25368"}],"wp:term":[{"taxonomy":"category","embeddable":true,"href":"https:\/\/mybook.am\/index.php?rest_route=%2Fwp%2Fv2%2Fcategories&post=25368"},{"taxonomy":"post_tag","embeddable":true,"href":"https:\/\/mybook.am\/index.php?rest_route=%2Fwp%2Fv2%2Ftags&post=25368"}],"curies":[{"name":"wp","href":"https:\/\/api.w.org\/{rel}","templated":true}]}}