{"id":25379,"date":"2026-01-26T20:18:52","date_gmt":"2026-01-26T17:18:52","guid":{"rendered":"https:\/\/mybook.am\/?p=25379"},"modified":"2026-01-26T20:18:52","modified_gmt":"2026-01-26T17:18:52","slug":"pockala-jsem-do-rana-ne-proto-ze-bych-nevedela-co-delat","status":"publish","type":"post","link":"https:\/\/mybook.am\/?p=25379","title":{"rendered":"Po\u010dkala jsem do r\u00e1na. Ne proto, \u017ee bych nev\u011bd\u011bla, co d\u011blat."},"content":{"rendered":"\n<p>Ale proto, \u017ee jsem v\u011bd\u011bla a\u017e p\u0159\u00edli\u0161 dob\u0159e \u2014 a b\u00e1la se jedin\u00e9 v\u011bci: ud\u011blat to ukvapen\u011b. Noc byla bezesn\u00e1. Poslouchala jsem James\u016fv klidn\u00fd dech, monot\u00f3nn\u00ed hu\u010den\u00ed klimatizace a vlastn\u00ed my\u0161lenky, kter\u00e9 se vracely st\u00e1le ke stejn\u00e9 ot\u00e1zce: kdy se to mezi n\u00e1mi zlomilo?Kdysi jsem ji dr\u017eela za ruku p\u0159i p\u0159ech\u00e1zen\u00ed silnice. Ut\u00edrala jsem j\u00ed slzy po prvn\u00ed l\u00e1sce. Stav\u011bla jsem se mezi ni a sv\u011bt, kdykoli byl krut\u00fd. A te\u010f ten sv\u011bt promluvil jej\u00edm hlasem.<\/p>\n\n\n\n<figure class=\"wp-block-image size-full is-resized\"><img loading=\"lazy\" decoding=\"async\" width=\"516\" height=\"640\" src=\"https:\/\/mybook.am\/wp-content\/uploads\/2026\/01\/7987654894657765466.jpg\" alt=\"\" class=\"wp-image-25381\" style=\"width:747px;height:auto\" srcset=\"https:\/\/mybook.am\/wp-content\/uploads\/2026\/01\/7987654894657765466.jpg 516w, https:\/\/mybook.am\/wp-content\/uploads\/2026\/01\/7987654894657765466-242x300.jpg 242w\" sizes=\"auto, (max-width: 516px) 100vw, 516px\" \/><\/figure>\n\n\n\n<p>R\u00e1no jsem si uva\u0159ila k\u00e1vu a otev\u0159ela telefon. Ten koment\u00e1\u0159 tam po\u0159\u00e1d byl. Pod n\u00edm des\u00edtky reakc\u00ed. N\u011bkdo se m\u011b zastal. Jin\u00ed ml\u010deli. N\u011bkte\u0159\u00ed ode\u0161li z profilu, jako by se styd\u011bli b\u00fdt sv\u011bdky. Internet je n\u00e1m\u011bst\u00ed bez pam\u011bti \u2014 slova se tam h\u00e1zej\u00ed bez n\u00e1sledk\u016f. Jen\u017ee tohle nebyla n\u00e1hodn\u00e1 slova. Bylo to ve\u0159ejn\u00e9 odm\u00edtnut\u00ed. M\u00e9ho t\u011bla. M\u00e9 d\u016fstojnosti. M\u00e9 role matky.<\/p>\n\n\n\n<p>Nepsala jsem obhajobu. Nesmazala jsem fotku. Nezablokovala jsem vlastn\u00ed dceru. Ud\u011blala jsem jedin\u00e9, co jsem um\u011bla v\u017edy: \u0159ekla jsem pravdu. Klidn\u011b. Bez jedu. Bez teatr\u00e1lnosti.<\/p>\n\n\n\n<p>Napsala jsem p\u0159\u00edsp\u011bvek. Ne odpov\u011b\u010f. P\u0159\u00edsp\u011bvek.<\/p>\n\n\n\n<p>Psala jsem o t\u011ble, kter\u00e9 ji dev\u011bt m\u011bs\u00edc\u016f nosilo. O rukou, kter\u00e9 se t\u0159\u00e1sly \u00fanavou p\u0159i nekone\u010dn\u00fdch noc\u00edch. O vr\u00e1sk\u00e1ch, kter\u00e9 nevznikly slabost\u00ed, ale \u017eivotem \u2014 sm\u00edchem, strachem, starostmi, l\u00e1skou, kter\u00e1 nikdy nebyla podm\u00edn\u011bn\u00e1. Napsala jsem, \u017ee l\u00e1ska po \u0161edes\u00e1tce nen\u00ed trapn\u00e1 ani zak\u00e1zan\u00e1. \u017de b\u00fdt \u017eenou neznamen\u00e1 zmizet ve chv\u00edli, kdy si spole\u010dnost usmysl\u00ed, \u017ee tv\u016fj \u201e\u010das vypr\u0161el\u201c.<\/p>\n\n\n\n<p>Nezm\u00ednila jsem jej\u00ed jm\u00e9no. Neobvinila jsem ji. Jen jsem nastavila zrcadlo.<\/p>\n\n\n\n<p>Ten text se \u0161\u00ed\u0159il rychleji ne\u017e samotn\u00e1 fotografie. Psaly mi \u017eeny z cel\u00e9ho sv\u011bta. Pades\u00e1tilet\u00e9. Sedmdes\u00e1tilet\u00e9. Ty, kter\u00e9 se u\u017e d\u00e1vno p\u0159estaly d\u00edvat na sv\u00e9 t\u011blo s n\u011bhou. Psaly: \u201eD\u011bkuji, \u017ee jste to \u0159ekla nahlas.\u201c \u201eBoj\u00edm se zve\u0159ejnit vlastn\u00ed fotku.\u201c \u201eMoje dcera se za m\u011b styd\u00ed.\u201c Ka\u017ed\u00e1 zpr\u00e1va byla tich\u00fdm p\u0159izn\u00e1n\u00edm bolesti.<\/p>\n\n\n\n<p>James to \u010detl ml\u010dky. Pak \u0159ekl:<br>\u2014 Nepotrestala jsi ji. Nau\u010dila jsi ji.<\/p>\n\n\n\n<p>Dva dny pot\u00e9 mi zavolala sama. Hlas m\u011bla nejist\u00fd, skoro jako kdy\u017e byla mal\u00e1 a nev\u011bd\u011bla, jak za\u010d\u00edt.<\/p>\n\n\n\n<p>\u2014 Mami\u2026 netu\u0161ila jsem, \u017ee t\u011b to tak zran\u00ed.<\/p>\n\n\n\n<p>A pr\u00e1v\u011b v tom byla pravda. Lid\u00e9 \u010dasto nep\u0159em\u00fd\u0161lej\u00ed. Jen opakuj\u00ed ciz\u00ed strachy, ani\u017e by si uv\u011bdomili, koho t\u00edm ni\u010d\u00ed.<\/p>\n\n\n\n<p>Nek\u0159i\u010dela jsem. Ne\u017e\u00e1dala omluvu. \u0158ekla jsem jen:<br>\u2014 Kdy\u017e se styd\u00ed\u0161 za moje t\u011blo, styd\u00ed\u0161 se za sv\u016fj vlastn\u00ed p\u0159\u00edb\u011bh.<\/p>\n\n\n\n<p>V telefonu bylo dlouh\u00e9 ticho. Pak pl\u00e1\u010d. Ne hran\u00fd. Skute\u010dn\u00fd.<\/p>\n\n\n\n<p>Ne v\u0161echno je napraveno. Takov\u00e9 praskliny se nezacel\u00ed jedn\u00edm rozhovorem. Ale n\u011bco se zm\u011bnilo. Koment\u00e1\u0159 zmizel. A o den pozd\u011bji sd\u00edlela u sebe fotku se mnou. Bez filtr\u016f. Bez vysv\u011btlov\u00e1n\u00ed. S kr\u00e1tk\u00fdm popiskem:<\/p>\n\n\n\n<p>\u201eMoje m\u00e1ma. Moje s\u00edla.\u201c<\/p>\n\n\n\n<p>N\u011bkdy bolest nen\u00ed konec, ale zlom. N\u011bkdy zrada jen k\u0159i\u010d\u00ed vlastn\u00ed nejistotu. A n\u011bkdy sta\u010d\u00ed jedna fotografie, aby se zm\u011bnilo v\u0161echno \u2014 pokud m\u00e1\u0161 odvahu nezmizet, ale z\u016fstat viditeln\u00e1.<\/p>\n\n\n\n<p>V ka\u017ed\u00e9m v\u011bku.<\/p>\n\n\n\n<p><\/p>\n","protected":false},"excerpt":{"rendered":"Ale proto, \u017ee jsem v\u011bd\u011bla a\u017e p\u0159\u00edli\u0161 dob\u0159e \u2014 a b\u00e1la se jedin\u00e9 v\u011bci: ud\u011blat to ukvapen\u011b. Noc byla bezesn\u00e1. Poslouchala jsem James\u016fv \n<a class=\"moretag\" href=\"https:\/\/mybook.am\/?p=25379\"> [...]<\/a>","protected":false},"author":1,"featured_media":25381,"comment_status":"open","ping_status":"open","sticky":false,"template":"","format":"standard","meta":{"footnotes":""},"categories":[1],"tags":[],"class_list":["post-25379","post","type-post","status-publish","format-standard","has-post-thumbnail","hentry","category-ceska"],"yoast_head":"<!-- This site is optimized with the Yoast SEO plugin v27.4 - https:\/\/yoast.com\/product\/yoast-seo-wordpress\/ -->\n<title>Po\u010dkala jsem do r\u00e1na. Ne proto, \u017ee bych nev\u011bd\u011bla, co d\u011blat. -<\/title>\n<meta name=\"robots\" content=\"index, follow, max-snippet:-1, max-image-preview:large, max-video-preview:-1\" \/>\n<link rel=\"canonical\" href=\"https:\/\/mybook.am\/?p=25379\" \/>\n<meta property=\"og:locale\" content=\"ru_RU\" \/>\n<meta property=\"og:type\" content=\"article\" \/>\n<meta property=\"og:title\" content=\"Po\u010dkala jsem do r\u00e1na. Ne proto, \u017ee bych nev\u011bd\u011bla, co d\u011blat. -\" \/>\n<meta property=\"og:description\" content=\"Ale proto, \u017ee jsem v\u011bd\u011bla a\u017e p\u0159\u00edli\u0161 dob\u0159e \u2014 a b\u00e1la se jedin\u00e9 v\u011bci: ud\u011blat to ukvapen\u011b. Noc byla bezesn\u00e1. Poslouchala jsem James\u016fv\" \/>\n<meta property=\"og:url\" content=\"https:\/\/mybook.am\/?p=25379\" \/>\n<meta property=\"article:published_time\" content=\"2026-01-26T17:18:52+00:00\" \/>\n<meta property=\"og:image\" content=\"https:\/\/mybook.am\/wp-content\/uploads\/2026\/01\/7987654894657765466.jpg\" \/>\n\t<meta property=\"og:image:width\" content=\"516\" \/>\n\t<meta property=\"og:image:height\" content=\"640\" \/>\n\t<meta property=\"og:image:type\" content=\"image\/jpeg\" \/>\n<meta name=\"author\" content=\"admin\" \/>\n<meta name=\"twitter:card\" content=\"summary_large_image\" \/>\n<meta name=\"twitter:label1\" content=\"\u041d\u0430\u043f\u0438\u0441\u0430\u043d\u043e \u0430\u0432\u0442\u043e\u0440\u043e\u043c\" \/>\n\t<meta name=\"twitter:data1\" content=\"admin\" \/>\n\t<meta name=\"twitter:label2\" content=\"\u041f\u0440\u0438\u043c\u0435\u0440\u043d\u043e\u0435 \u0432\u0440\u0435\u043c\u044f \u0434\u043b\u044f \u0447\u0442\u0435\u043d\u0438\u044f\" \/>\n\t<meta name=\"twitter:data2\" content=\"3 \u043c\u0438\u043d\u0443\u0442\u044b\" \/>\n<script type=\"application\/ld+json\" class=\"yoast-schema-graph\">{\"@context\":\"https:\\\/\\\/schema.org\",\"@graph\":[{\"@type\":\"Article\",\"@id\":\"https:\\\/\\\/mybook.am\\\/?p=25379#article\",\"isPartOf\":{\"@id\":\"https:\\\/\\\/mybook.am\\\/?p=25379\"},\"author\":{\"name\":\"admin\",\"@id\":\"https:\\\/\\\/mybook.am\\\/#\\\/schema\\\/person\\\/e730847942cff3a199774e803916e97e\"},\"headline\":\"Po\u010dkala jsem do r\u00e1na. Ne proto, \u017ee bych nev\u011bd\u011bla, co d\u011blat.\",\"datePublished\":\"2026-01-26T17:18:52+00:00\",\"mainEntityOfPage\":{\"@id\":\"https:\\\/\\\/mybook.am\\\/?p=25379\"},\"wordCount\":602,\"commentCount\":0,\"image\":{\"@id\":\"https:\\\/\\\/mybook.am\\\/?p=25379#primaryimage\"},\"thumbnailUrl\":\"https:\\\/\\\/mybook.am\\\/wp-content\\\/uploads\\\/2026\\\/01\\\/7987654894657765466.jpg\",\"articleSection\":[\"\u010cesk\u00e1\"],\"inLanguage\":\"ru-RU\",\"potentialAction\":[{\"@type\":\"CommentAction\",\"name\":\"Comment\",\"target\":[\"https:\\\/\\\/mybook.am\\\/?p=25379#respond\"]}]},{\"@type\":\"WebPage\",\"@id\":\"https:\\\/\\\/mybook.am\\\/?p=25379\",\"url\":\"https:\\\/\\\/mybook.am\\\/?p=25379\",\"name\":\"Po\u010dkala jsem do r\u00e1na. Ne proto, \u017ee bych nev\u011bd\u011bla, co d\u011blat. -\",\"isPartOf\":{\"@id\":\"https:\\\/\\\/mybook.am\\\/#website\"},\"primaryImageOfPage\":{\"@id\":\"https:\\\/\\\/mybook.am\\\/?p=25379#primaryimage\"},\"image\":{\"@id\":\"https:\\\/\\\/mybook.am\\\/?p=25379#primaryimage\"},\"thumbnailUrl\":\"https:\\\/\\\/mybook.am\\\/wp-content\\\/uploads\\\/2026\\\/01\\\/7987654894657765466.jpg\",\"datePublished\":\"2026-01-26T17:18:52+00:00\",\"author\":{\"@id\":\"https:\\\/\\\/mybook.am\\\/#\\\/schema\\\/person\\\/e730847942cff3a199774e803916e97e\"},\"breadcrumb\":{\"@id\":\"https:\\\/\\\/mybook.am\\\/?p=25379#breadcrumb\"},\"inLanguage\":\"ru-RU\",\"potentialAction\":[{\"@type\":\"ReadAction\",\"target\":[\"https:\\\/\\\/mybook.am\\\/?p=25379\"]}]},{\"@type\":\"ImageObject\",\"inLanguage\":\"ru-RU\",\"@id\":\"https:\\\/\\\/mybook.am\\\/?p=25379#primaryimage\",\"url\":\"https:\\\/\\\/mybook.am\\\/wp-content\\\/uploads\\\/2026\\\/01\\\/7987654894657765466.jpg\",\"contentUrl\":\"https:\\\/\\\/mybook.am\\\/wp-content\\\/uploads\\\/2026\\\/01\\\/7987654894657765466.jpg\",\"width\":516,\"height\":640},{\"@type\":\"BreadcrumbList\",\"@id\":\"https:\\\/\\\/mybook.am\\\/?p=25379#breadcrumb\",\"itemListElement\":[{\"@type\":\"ListItem\",\"position\":1,\"name\":\"\u0413\u043b\u0430\u0432\u043d\u0430\u044f \u0441\u0442\u0440\u0430\u043d\u0438\u0446\u0430\",\"item\":\"https:\\\/\\\/mybook.am\\\/\"},{\"@type\":\"ListItem\",\"position\":2,\"name\":\"Po\u010dkala jsem do r\u00e1na. Ne proto, \u017ee bych nev\u011bd\u011bla, co d\u011blat.\"}]},{\"@type\":\"WebSite\",\"@id\":\"https:\\\/\\\/mybook.am\\\/#website\",\"url\":\"https:\\\/\\\/mybook.am\\\/\",\"name\":\"\",\"description\":\"\",\"potentialAction\":[{\"@type\":\"SearchAction\",\"target\":{\"@type\":\"EntryPoint\",\"urlTemplate\":\"https:\\\/\\\/mybook.am\\\/?s={search_term_string}\"},\"query-input\":{\"@type\":\"PropertyValueSpecification\",\"valueRequired\":true,\"valueName\":\"search_term_string\"}}],\"inLanguage\":\"ru-RU\"},{\"@type\":\"Person\",\"@id\":\"https:\\\/\\\/mybook.am\\\/#\\\/schema\\\/person\\\/e730847942cff3a199774e803916e97e\",\"name\":\"admin\",\"image\":{\"@type\":\"ImageObject\",\"inLanguage\":\"ru-RU\",\"@id\":\"https:\\\/\\\/secure.gravatar.com\\\/avatar\\\/df64e550a0653b7be0f1bcf897f33faad9c2c8153472b2d9319beafb51370f6f?s=96&d=mm&r=g\",\"url\":\"https:\\\/\\\/secure.gravatar.com\\\/avatar\\\/df64e550a0653b7be0f1bcf897f33faad9c2c8153472b2d9319beafb51370f6f?s=96&d=mm&r=g\",\"contentUrl\":\"https:\\\/\\\/secure.gravatar.com\\\/avatar\\\/df64e550a0653b7be0f1bcf897f33faad9c2c8153472b2d9319beafb51370f6f?s=96&d=mm&r=g\",\"caption\":\"admin\"},\"sameAs\":[\"http:\\\/\\\/mybook.am\"],\"url\":\"https:\\\/\\\/mybook.am\\\/?author=1\"}]}<\/script>\n<!-- \/ Yoast SEO plugin. -->","yoast_head_json":{"title":"Po\u010dkala jsem do r\u00e1na. Ne proto, \u017ee bych nev\u011bd\u011bla, co d\u011blat. -","robots":{"index":"index","follow":"follow","max-snippet":"max-snippet:-1","max-image-preview":"max-image-preview:large","max-video-preview":"max-video-preview:-1"},"canonical":"https:\/\/mybook.am\/?p=25379","og_locale":"ru_RU","og_type":"article","og_title":"Po\u010dkala jsem do r\u00e1na. Ne proto, \u017ee bych nev\u011bd\u011bla, co d\u011blat. -","og_description":"Ale proto, \u017ee jsem v\u011bd\u011bla a\u017e p\u0159\u00edli\u0161 dob\u0159e \u2014 a b\u00e1la se jedin\u00e9 v\u011bci: ud\u011blat to ukvapen\u011b. Noc byla bezesn\u00e1. Poslouchala jsem James\u016fv","og_url":"https:\/\/mybook.am\/?p=25379","article_published_time":"2026-01-26T17:18:52+00:00","og_image":[{"width":516,"height":640,"url":"https:\/\/mybook.am\/wp-content\/uploads\/2026\/01\/7987654894657765466.jpg","type":"image\/jpeg"}],"author":"admin","twitter_card":"summary_large_image","twitter_misc":{"\u041d\u0430\u043f\u0438\u0441\u0430\u043d\u043e \u0430\u0432\u0442\u043e\u0440\u043e\u043c":"admin","\u041f\u0440\u0438\u043c\u0435\u0440\u043d\u043e\u0435 \u0432\u0440\u0435\u043c\u044f \u0434\u043b\u044f \u0447\u0442\u0435\u043d\u0438\u044f":"3 \u043c\u0438\u043d\u0443\u0442\u044b"},"schema":{"@context":"https:\/\/schema.org","@graph":[{"@type":"Article","@id":"https:\/\/mybook.am\/?p=25379#article","isPartOf":{"@id":"https:\/\/mybook.am\/?p=25379"},"author":{"name":"admin","@id":"https:\/\/mybook.am\/#\/schema\/person\/e730847942cff3a199774e803916e97e"},"headline":"Po\u010dkala jsem do r\u00e1na. Ne proto, \u017ee bych nev\u011bd\u011bla, co d\u011blat.","datePublished":"2026-01-26T17:18:52+00:00","mainEntityOfPage":{"@id":"https:\/\/mybook.am\/?p=25379"},"wordCount":602,"commentCount":0,"image":{"@id":"https:\/\/mybook.am\/?p=25379#primaryimage"},"thumbnailUrl":"https:\/\/mybook.am\/wp-content\/uploads\/2026\/01\/7987654894657765466.jpg","articleSection":["\u010cesk\u00e1"],"inLanguage":"ru-RU","potentialAction":[{"@type":"CommentAction","name":"Comment","target":["https:\/\/mybook.am\/?p=25379#respond"]}]},{"@type":"WebPage","@id":"https:\/\/mybook.am\/?p=25379","url":"https:\/\/mybook.am\/?p=25379","name":"Po\u010dkala jsem do r\u00e1na. Ne proto, \u017ee bych nev\u011bd\u011bla, co d\u011blat. -","isPartOf":{"@id":"https:\/\/mybook.am\/#website"},"primaryImageOfPage":{"@id":"https:\/\/mybook.am\/?p=25379#primaryimage"},"image":{"@id":"https:\/\/mybook.am\/?p=25379#primaryimage"},"thumbnailUrl":"https:\/\/mybook.am\/wp-content\/uploads\/2026\/01\/7987654894657765466.jpg","datePublished":"2026-01-26T17:18:52+00:00","author":{"@id":"https:\/\/mybook.am\/#\/schema\/person\/e730847942cff3a199774e803916e97e"},"breadcrumb":{"@id":"https:\/\/mybook.am\/?p=25379#breadcrumb"},"inLanguage":"ru-RU","potentialAction":[{"@type":"ReadAction","target":["https:\/\/mybook.am\/?p=25379"]}]},{"@type":"ImageObject","inLanguage":"ru-RU","@id":"https:\/\/mybook.am\/?p=25379#primaryimage","url":"https:\/\/mybook.am\/wp-content\/uploads\/2026\/01\/7987654894657765466.jpg","contentUrl":"https:\/\/mybook.am\/wp-content\/uploads\/2026\/01\/7987654894657765466.jpg","width":516,"height":640},{"@type":"BreadcrumbList","@id":"https:\/\/mybook.am\/?p=25379#breadcrumb","itemListElement":[{"@type":"ListItem","position":1,"name":"\u0413\u043b\u0430\u0432\u043d\u0430\u044f \u0441\u0442\u0440\u0430\u043d\u0438\u0446\u0430","item":"https:\/\/mybook.am\/"},{"@type":"ListItem","position":2,"name":"Po\u010dkala jsem do r\u00e1na. Ne proto, \u017ee bych nev\u011bd\u011bla, co d\u011blat."}]},{"@type":"WebSite","@id":"https:\/\/mybook.am\/#website","url":"https:\/\/mybook.am\/","name":"","description":"","potentialAction":[{"@type":"SearchAction","target":{"@type":"EntryPoint","urlTemplate":"https:\/\/mybook.am\/?s={search_term_string}"},"query-input":{"@type":"PropertyValueSpecification","valueRequired":true,"valueName":"search_term_string"}}],"inLanguage":"ru-RU"},{"@type":"Person","@id":"https:\/\/mybook.am\/#\/schema\/person\/e730847942cff3a199774e803916e97e","name":"admin","image":{"@type":"ImageObject","inLanguage":"ru-RU","@id":"https:\/\/secure.gravatar.com\/avatar\/df64e550a0653b7be0f1bcf897f33faad9c2c8153472b2d9319beafb51370f6f?s=96&d=mm&r=g","url":"https:\/\/secure.gravatar.com\/avatar\/df64e550a0653b7be0f1bcf897f33faad9c2c8153472b2d9319beafb51370f6f?s=96&d=mm&r=g","contentUrl":"https:\/\/secure.gravatar.com\/avatar\/df64e550a0653b7be0f1bcf897f33faad9c2c8153472b2d9319beafb51370f6f?s=96&d=mm&r=g","caption":"admin"},"sameAs":["http:\/\/mybook.am"],"url":"https:\/\/mybook.am\/?author=1"}]}},"views":51,"_links":{"self":[{"href":"https:\/\/mybook.am\/index.php?rest_route=\/wp\/v2\/posts\/25379","targetHints":{"allow":["GET"]}}],"collection":[{"href":"https:\/\/mybook.am\/index.php?rest_route=\/wp\/v2\/posts"}],"about":[{"href":"https:\/\/mybook.am\/index.php?rest_route=\/wp\/v2\/types\/post"}],"author":[{"embeddable":true,"href":"https:\/\/mybook.am\/index.php?rest_route=\/wp\/v2\/users\/1"}],"replies":[{"embeddable":true,"href":"https:\/\/mybook.am\/index.php?rest_route=%2Fwp%2Fv2%2Fcomments&post=25379"}],"version-history":[{"count":1,"href":"https:\/\/mybook.am\/index.php?rest_route=\/wp\/v2\/posts\/25379\/revisions"}],"predecessor-version":[{"id":25382,"href":"https:\/\/mybook.am\/index.php?rest_route=\/wp\/v2\/posts\/25379\/revisions\/25382"}],"wp:featuredmedia":[{"embeddable":true,"href":"https:\/\/mybook.am\/index.php?rest_route=\/wp\/v2\/media\/25381"}],"wp:attachment":[{"href":"https:\/\/mybook.am\/index.php?rest_route=%2Fwp%2Fv2%2Fmedia&parent=25379"}],"wp:term":[{"taxonomy":"category","embeddable":true,"href":"https:\/\/mybook.am\/index.php?rest_route=%2Fwp%2Fv2%2Fcategories&post=25379"},{"taxonomy":"post_tag","embeddable":true,"href":"https:\/\/mybook.am\/index.php?rest_route=%2Fwp%2Fv2%2Ftags&post=25379"}],"curies":[{"name":"wp","href":"https:\/\/api.w.org\/{rel}","templated":true}]}}