{"id":25380,"date":"2026-01-26T20:19:59","date_gmt":"2026-01-26T17:19:59","guid":{"rendered":"https:\/\/mybook.am\/?p=25380"},"modified":"2026-01-26T20:20:00","modified_gmt":"2026-01-26T17:20:00","slug":"la-nuit-a-ete-longue-sans-sommeil","status":"publish","type":"post","link":"https:\/\/mybook.am\/?p=25380","title":{"rendered":"La nuit a \u00e9t\u00e9 longue. Sans sommeil."},"content":{"rendered":"\n<p>J\u2019\u00e9coutais la respiration r\u00e9guli\u00e8re de James, le bourdonnement discret de la climatisation, et mes pens\u00e9es qui tournaient en rond autour d\u2019une seule question, douloureuse et obs\u00e9dante : \u00e0 quel moment avons-nous perdu le respect ?Un jour, je lui tenais la main pour traverser la rue.<br>Un jour, elle pleurait dans mes bras \u00e0 cause de son premier chagrin d\u2019amour.<br>J\u2019ai pass\u00e9 ma vie \u00e0 la prot\u00e9ger des paroles cruelles, des regards m\u00e9prisants, de la violence du monde.<\/p>\n\n\n\n<figure class=\"wp-block-image size-full is-resized\"><img loading=\"lazy\" decoding=\"async\" width=\"516\" height=\"640\" src=\"https:\/\/mybook.am\/wp-content\/uploads\/2026\/01\/7987654894657765466-1.jpg\" alt=\"\" class=\"wp-image-25383\" style=\"width:747px;height:auto\" srcset=\"https:\/\/mybook.am\/wp-content\/uploads\/2026\/01\/7987654894657765466-1.jpg 516w, https:\/\/mybook.am\/wp-content\/uploads\/2026\/01\/7987654894657765466-1-242x300.jpg 242w\" sizes=\"auto, (max-width: 516px) 100vw, 516px\" \/><\/figure>\n\n\n\n<p>Et soudain, ce monde parlait avec sa voix.<\/p>\n\n\n\n<p>Le matin, j\u2019ai pr\u00e9par\u00e9 du caf\u00e9 et ouvert mon t\u00e9l\u00e9phone.<br>Le commentaire \u00e9tait toujours l\u00e0. Brutal. Glacial.<br>En dessous, des dizaines de r\u00e9actions. Certains me d\u00e9fendaient. D\u2019autres d\u00e9tournaient les yeux. Quelques-uns quittaient la page, comme si assister \u00e0 la sc\u00e8ne les mettait mal \u00e0 l\u2019aise.<\/p>\n\n\n\n<p>Internet est une place publique sans m\u00e9moire.<br>Les mots y sont jet\u00e9s comme des pierres, sans jamais \u00eatre ramass\u00e9s.<\/p>\n\n\n\n<p>Mais ceux-l\u00e0 n\u2019\u00e9taient pas anodins.<br>C\u2019\u00e9tait un rejet public.<br>De mon corps.<br>De mon \u00e2ge.<br>De la femme qui l\u2019a mise au monde.<\/p>\n\n\n\n<p>Je n\u2019ai pas r\u00e9pondu sous le commentaire.<br>Je n\u2019ai pas supprim\u00e9 la photo.<br>Je n\u2019ai pas bloqu\u00e9 ma fille.<\/p>\n\n\n\n<p>J\u2019ai fait autre chose.<\/p>\n\n\n\n<p>J\u2019ai \u00e9crit un message.<br>Pas une justification.<br>Un t\u00e9moignage.<\/p>\n\n\n\n<p>J\u2019ai \u00e9crit que ce corps l\u2019avait port\u00e9e neuf mois.<br>Que ces bras avaient trembl\u00e9 de fatigue pendant des nuits sans fin.<br>Que ces rides n\u2019\u00e9taient pas des signes de n\u00e9gligence, mais des traces de vie \u2014 de rires, de peurs, de sacrifices, d\u2019un amour sans conditions.<\/p>\n\n\n\n<p>J\u2019ai \u00e9crit que l\u2019amour apr\u00e8s soixante ans n\u2019est ni ridicule ni ind\u00e9cent.<br>Que vieillir ne signifie pas devenir invisible.<br>Que le corps d\u2019une femme ne perd pas sa dignit\u00e9 avec le temps.<\/p>\n\n\n\n<p>Je n\u2019ai jamais mentionn\u00e9 son nom.<br>Je n\u2019ai accus\u00e9 personne.<br>J\u2019ai simplement tendu un miroir.<\/p>\n\n\n\n<p>Le message s\u2019est propag\u00e9 plus vite que la photo.<br>Des femmes m\u2019ont \u00e9crit du monde entier.<br>Cinquante ans. Soixante-dix ans.<br>Celles qui n\u2019osaient plus se regarder avec douceur.<\/p>\n\n\n\n<p>\u00ab Merci de l\u2019avoir dit. \u00bb<br>\u00ab J\u2019ai peur de publier une photo de moi. \u00bb<br>\u00ab Ma fille a honte de mon corps. \u00bb<\/p>\n\n\n\n<p>Chaque message \u00e9tait une confession.<br>Chaque mot, une blessure que l\u2019on cache trop longtemps.<\/p>\n\n\n\n<p>James lisait tout en silence. Puis il a murmur\u00e9 :<br>\u2014 Tu ne l\u2019as pas punie. Tu l\u2019as \u00e9veill\u00e9e.<\/p>\n\n\n\n<p>Deux jours plus tard, elle a appel\u00e9.<br>Sa voix tremblait, comme quand elle \u00e9tait enfant et qu\u2019elle ne savait pas comment commencer.<\/p>\n\n\n\n<p>\u2014 Maman\u2026 je ne pensais pas que \u00e7a te ferait autant de mal.<\/p>\n\n\n\n<p>Et c\u2019est l\u00e0 que tout se r\u00e9sume.<br>Les gens ne r\u00e9fl\u00e9chissent pas.<br>Ils r\u00e9p\u00e8tent des peurs qui ne sont pas les leurs.<br>Ils blessent sans mesurer la profondeur de la coupure.<\/p>\n\n\n\n<p>Je n\u2019ai pas cri\u00e9.<br>Je n\u2019ai pas exig\u00e9 d\u2019excuses.<\/p>\n\n\n\n<p>J\u2019ai dit une seule phrase :<br>\u2014 Quand tu as honte de mon corps, tu as honte de ton histoire.<\/p>\n\n\n\n<p>Il y a eu un long silence.<br>Puis des sanglots. Vrais. Nus.<\/p>\n\n\n\n<p>Tout n\u2019est pas r\u00e9par\u00e9.<br>Certaines fractures ne disparaissent pas en une conversation.<\/p>\n\n\n\n<p>Mais quelque chose a chang\u00e9.<\/p>\n\n\n\n<p>Le commentaire a disparu.<br>Et le lendemain, elle a publi\u00e9 une photo de nous deux.<br>Sans filtres. Sans explications.<\/p>\n\n\n\n<p>Juste ces mots :<br>\u00ab Ma m\u00e8re. Ma force. \u00bb<\/p>\n\n\n\n<p>Parfois, la douleur n\u2019est pas une fin, mais un tournant.<br>Parfois, la cruaut\u00e9 cache une peur mal dig\u00e9r\u00e9e.<br>Et parfois, une seule photo suffit \u00e0 tout bouleverser \u2014<br>si l\u2019on a le courage de ne pas se cacher.<\/p>\n\n\n\n<p>\u00c0 n\u2019importe quel \u00e2ge.<\/p>\n","protected":false},"excerpt":{"rendered":"J\u2019\u00e9coutais la respiration r\u00e9guli\u00e8re de James, le bourdonnement discret de la climatisation, et mes pens\u00e9es qui tournaient en rond autour d\u2019une seule question, \n<a class=\"moretag\" href=\"https:\/\/mybook.am\/?p=25380\"> [...]<\/a>","protected":false},"author":1,"featured_media":25383,"comment_status":"open","ping_status":"open","sticky":false,"template":"","format":"standard","meta":{"footnotes":""},"categories":[3],"tags":[],"class_list":["post-25380","post","type-post","status-publish","format-standard","has-post-thumbnail","hentry","category-fotto"],"yoast_head":"<!-- This site is optimized with the Yoast SEO plugin v27.4 - https:\/\/yoast.com\/product\/yoast-seo-wordpress\/ -->\n<title>La nuit a \u00e9t\u00e9 longue. Sans sommeil. -<\/title>\n<meta name=\"robots\" content=\"index, follow, max-snippet:-1, max-image-preview:large, max-video-preview:-1\" \/>\n<link rel=\"canonical\" href=\"https:\/\/mybook.am\/?p=25380\" \/>\n<meta property=\"og:locale\" content=\"ru_RU\" \/>\n<meta property=\"og:type\" content=\"article\" \/>\n<meta property=\"og:title\" content=\"La nuit a \u00e9t\u00e9 longue. Sans sommeil. -\" \/>\n<meta property=\"og:description\" content=\"J\u2019\u00e9coutais la respiration r\u00e9guli\u00e8re de James, le bourdonnement discret de la climatisation, et mes pens\u00e9es qui tournaient en rond autour d\u2019une seule question,\" \/>\n<meta property=\"og:url\" content=\"https:\/\/mybook.am\/?p=25380\" \/>\n<meta property=\"article:published_time\" content=\"2026-01-26T17:19:59+00:00\" \/>\n<meta property=\"article:modified_time\" content=\"2026-01-26T17:20:00+00:00\" \/>\n<meta property=\"og:image\" content=\"https:\/\/mybook.am\/wp-content\/uploads\/2026\/01\/7987654894657765466-1.jpg\" \/>\n\t<meta property=\"og:image:width\" content=\"516\" \/>\n\t<meta property=\"og:image:height\" content=\"640\" \/>\n\t<meta property=\"og:image:type\" content=\"image\/jpeg\" \/>\n<meta name=\"author\" content=\"admin\" \/>\n<meta name=\"twitter:card\" content=\"summary_large_image\" \/>\n<meta name=\"twitter:label1\" content=\"\u041d\u0430\u043f\u0438\u0441\u0430\u043d\u043e \u0430\u0432\u0442\u043e\u0440\u043e\u043c\" \/>\n\t<meta name=\"twitter:data1\" content=\"admin\" \/>\n\t<meta name=\"twitter:label2\" content=\"\u041f\u0440\u0438\u043c\u0435\u0440\u043d\u043e\u0435 \u0432\u0440\u0435\u043c\u044f \u0434\u043b\u044f \u0447\u0442\u0435\u043d\u0438\u044f\" \/>\n\t<meta name=\"twitter:data2\" content=\"4 \u043c\u0438\u043d\u0443\u0442\u044b\" \/>\n<script type=\"application\/ld+json\" class=\"yoast-schema-graph\">{\"@context\":\"https:\\\/\\\/schema.org\",\"@graph\":[{\"@type\":\"Article\",\"@id\":\"https:\\\/\\\/mybook.am\\\/?p=25380#article\",\"isPartOf\":{\"@id\":\"https:\\\/\\\/mybook.am\\\/?p=25380\"},\"author\":{\"name\":\"admin\",\"@id\":\"https:\\\/\\\/mybook.am\\\/#\\\/schema\\\/person\\\/e730847942cff3a199774e803916e97e\"},\"headline\":\"La nuit a \u00e9t\u00e9 longue. Sans sommeil.\",\"datePublished\":\"2026-01-26T17:19:59+00:00\",\"dateModified\":\"2026-01-26T17:20:00+00:00\",\"mainEntityOfPage\":{\"@id\":\"https:\\\/\\\/mybook.am\\\/?p=25380\"},\"wordCount\":637,\"commentCount\":0,\"image\":{\"@id\":\"https:\\\/\\\/mybook.am\\\/?p=25380#primaryimage\"},\"thumbnailUrl\":\"https:\\\/\\\/mybook.am\\\/wp-content\\\/uploads\\\/2026\\\/01\\\/7987654894657765466-1.jpg\",\"articleSection\":[\"FRANS\"],\"inLanguage\":\"ru-RU\",\"potentialAction\":[{\"@type\":\"CommentAction\",\"name\":\"Comment\",\"target\":[\"https:\\\/\\\/mybook.am\\\/?p=25380#respond\"]}]},{\"@type\":\"WebPage\",\"@id\":\"https:\\\/\\\/mybook.am\\\/?p=25380\",\"url\":\"https:\\\/\\\/mybook.am\\\/?p=25380\",\"name\":\"La nuit a \u00e9t\u00e9 longue. Sans sommeil. -\",\"isPartOf\":{\"@id\":\"https:\\\/\\\/mybook.am\\\/#website\"},\"primaryImageOfPage\":{\"@id\":\"https:\\\/\\\/mybook.am\\\/?p=25380#primaryimage\"},\"image\":{\"@id\":\"https:\\\/\\\/mybook.am\\\/?p=25380#primaryimage\"},\"thumbnailUrl\":\"https:\\\/\\\/mybook.am\\\/wp-content\\\/uploads\\\/2026\\\/01\\\/7987654894657765466-1.jpg\",\"datePublished\":\"2026-01-26T17:19:59+00:00\",\"dateModified\":\"2026-01-26T17:20:00+00:00\",\"author\":{\"@id\":\"https:\\\/\\\/mybook.am\\\/#\\\/schema\\\/person\\\/e730847942cff3a199774e803916e97e\"},\"breadcrumb\":{\"@id\":\"https:\\\/\\\/mybook.am\\\/?p=25380#breadcrumb\"},\"inLanguage\":\"ru-RU\",\"potentialAction\":[{\"@type\":\"ReadAction\",\"target\":[\"https:\\\/\\\/mybook.am\\\/?p=25380\"]}]},{\"@type\":\"ImageObject\",\"inLanguage\":\"ru-RU\",\"@id\":\"https:\\\/\\\/mybook.am\\\/?p=25380#primaryimage\",\"url\":\"https:\\\/\\\/mybook.am\\\/wp-content\\\/uploads\\\/2026\\\/01\\\/7987654894657765466-1.jpg\",\"contentUrl\":\"https:\\\/\\\/mybook.am\\\/wp-content\\\/uploads\\\/2026\\\/01\\\/7987654894657765466-1.jpg\",\"width\":516,\"height\":640},{\"@type\":\"BreadcrumbList\",\"@id\":\"https:\\\/\\\/mybook.am\\\/?p=25380#breadcrumb\",\"itemListElement\":[{\"@type\":\"ListItem\",\"position\":1,\"name\":\"\u0413\u043b\u0430\u0432\u043d\u0430\u044f \u0441\u0442\u0440\u0430\u043d\u0438\u0446\u0430\",\"item\":\"https:\\\/\\\/mybook.am\\\/\"},{\"@type\":\"ListItem\",\"position\":2,\"name\":\"La nuit a \u00e9t\u00e9 longue. Sans sommeil.\"}]},{\"@type\":\"WebSite\",\"@id\":\"https:\\\/\\\/mybook.am\\\/#website\",\"url\":\"https:\\\/\\\/mybook.am\\\/\",\"name\":\"\",\"description\":\"\",\"potentialAction\":[{\"@type\":\"SearchAction\",\"target\":{\"@type\":\"EntryPoint\",\"urlTemplate\":\"https:\\\/\\\/mybook.am\\\/?s={search_term_string}\"},\"query-input\":{\"@type\":\"PropertyValueSpecification\",\"valueRequired\":true,\"valueName\":\"search_term_string\"}}],\"inLanguage\":\"ru-RU\"},{\"@type\":\"Person\",\"@id\":\"https:\\\/\\\/mybook.am\\\/#\\\/schema\\\/person\\\/e730847942cff3a199774e803916e97e\",\"name\":\"admin\",\"image\":{\"@type\":\"ImageObject\",\"inLanguage\":\"ru-RU\",\"@id\":\"https:\\\/\\\/secure.gravatar.com\\\/avatar\\\/df64e550a0653b7be0f1bcf897f33faad9c2c8153472b2d9319beafb51370f6f?s=96&d=mm&r=g\",\"url\":\"https:\\\/\\\/secure.gravatar.com\\\/avatar\\\/df64e550a0653b7be0f1bcf897f33faad9c2c8153472b2d9319beafb51370f6f?s=96&d=mm&r=g\",\"contentUrl\":\"https:\\\/\\\/secure.gravatar.com\\\/avatar\\\/df64e550a0653b7be0f1bcf897f33faad9c2c8153472b2d9319beafb51370f6f?s=96&d=mm&r=g\",\"caption\":\"admin\"},\"sameAs\":[\"http:\\\/\\\/mybook.am\"],\"url\":\"https:\\\/\\\/mybook.am\\\/?author=1\"}]}<\/script>\n<!-- \/ Yoast SEO plugin. -->","yoast_head_json":{"title":"La nuit a \u00e9t\u00e9 longue. Sans sommeil. -","robots":{"index":"index","follow":"follow","max-snippet":"max-snippet:-1","max-image-preview":"max-image-preview:large","max-video-preview":"max-video-preview:-1"},"canonical":"https:\/\/mybook.am\/?p=25380","og_locale":"ru_RU","og_type":"article","og_title":"La nuit a \u00e9t\u00e9 longue. Sans sommeil. -","og_description":"J\u2019\u00e9coutais la respiration r\u00e9guli\u00e8re de James, le bourdonnement discret de la climatisation, et mes pens\u00e9es qui tournaient en rond autour d\u2019une seule question,","og_url":"https:\/\/mybook.am\/?p=25380","article_published_time":"2026-01-26T17:19:59+00:00","article_modified_time":"2026-01-26T17:20:00+00:00","og_image":[{"width":516,"height":640,"url":"https:\/\/mybook.am\/wp-content\/uploads\/2026\/01\/7987654894657765466-1.jpg","type":"image\/jpeg"}],"author":"admin","twitter_card":"summary_large_image","twitter_misc":{"\u041d\u0430\u043f\u0438\u0441\u0430\u043d\u043e \u0430\u0432\u0442\u043e\u0440\u043e\u043c":"admin","\u041f\u0440\u0438\u043c\u0435\u0440\u043d\u043e\u0435 \u0432\u0440\u0435\u043c\u044f \u0434\u043b\u044f \u0447\u0442\u0435\u043d\u0438\u044f":"4 \u043c\u0438\u043d\u0443\u0442\u044b"},"schema":{"@context":"https:\/\/schema.org","@graph":[{"@type":"Article","@id":"https:\/\/mybook.am\/?p=25380#article","isPartOf":{"@id":"https:\/\/mybook.am\/?p=25380"},"author":{"name":"admin","@id":"https:\/\/mybook.am\/#\/schema\/person\/e730847942cff3a199774e803916e97e"},"headline":"La nuit a \u00e9t\u00e9 longue. Sans sommeil.","datePublished":"2026-01-26T17:19:59+00:00","dateModified":"2026-01-26T17:20:00+00:00","mainEntityOfPage":{"@id":"https:\/\/mybook.am\/?p=25380"},"wordCount":637,"commentCount":0,"image":{"@id":"https:\/\/mybook.am\/?p=25380#primaryimage"},"thumbnailUrl":"https:\/\/mybook.am\/wp-content\/uploads\/2026\/01\/7987654894657765466-1.jpg","articleSection":["FRANS"],"inLanguage":"ru-RU","potentialAction":[{"@type":"CommentAction","name":"Comment","target":["https:\/\/mybook.am\/?p=25380#respond"]}]},{"@type":"WebPage","@id":"https:\/\/mybook.am\/?p=25380","url":"https:\/\/mybook.am\/?p=25380","name":"La nuit a \u00e9t\u00e9 longue. Sans sommeil. -","isPartOf":{"@id":"https:\/\/mybook.am\/#website"},"primaryImageOfPage":{"@id":"https:\/\/mybook.am\/?p=25380#primaryimage"},"image":{"@id":"https:\/\/mybook.am\/?p=25380#primaryimage"},"thumbnailUrl":"https:\/\/mybook.am\/wp-content\/uploads\/2026\/01\/7987654894657765466-1.jpg","datePublished":"2026-01-26T17:19:59+00:00","dateModified":"2026-01-26T17:20:00+00:00","author":{"@id":"https:\/\/mybook.am\/#\/schema\/person\/e730847942cff3a199774e803916e97e"},"breadcrumb":{"@id":"https:\/\/mybook.am\/?p=25380#breadcrumb"},"inLanguage":"ru-RU","potentialAction":[{"@type":"ReadAction","target":["https:\/\/mybook.am\/?p=25380"]}]},{"@type":"ImageObject","inLanguage":"ru-RU","@id":"https:\/\/mybook.am\/?p=25380#primaryimage","url":"https:\/\/mybook.am\/wp-content\/uploads\/2026\/01\/7987654894657765466-1.jpg","contentUrl":"https:\/\/mybook.am\/wp-content\/uploads\/2026\/01\/7987654894657765466-1.jpg","width":516,"height":640},{"@type":"BreadcrumbList","@id":"https:\/\/mybook.am\/?p=25380#breadcrumb","itemListElement":[{"@type":"ListItem","position":1,"name":"\u0413\u043b\u0430\u0432\u043d\u0430\u044f \u0441\u0442\u0440\u0430\u043d\u0438\u0446\u0430","item":"https:\/\/mybook.am\/"},{"@type":"ListItem","position":2,"name":"La nuit a \u00e9t\u00e9 longue. Sans sommeil."}]},{"@type":"WebSite","@id":"https:\/\/mybook.am\/#website","url":"https:\/\/mybook.am\/","name":"","description":"","potentialAction":[{"@type":"SearchAction","target":{"@type":"EntryPoint","urlTemplate":"https:\/\/mybook.am\/?s={search_term_string}"},"query-input":{"@type":"PropertyValueSpecification","valueRequired":true,"valueName":"search_term_string"}}],"inLanguage":"ru-RU"},{"@type":"Person","@id":"https:\/\/mybook.am\/#\/schema\/person\/e730847942cff3a199774e803916e97e","name":"admin","image":{"@type":"ImageObject","inLanguage":"ru-RU","@id":"https:\/\/secure.gravatar.com\/avatar\/df64e550a0653b7be0f1bcf897f33faad9c2c8153472b2d9319beafb51370f6f?s=96&d=mm&r=g","url":"https:\/\/secure.gravatar.com\/avatar\/df64e550a0653b7be0f1bcf897f33faad9c2c8153472b2d9319beafb51370f6f?s=96&d=mm&r=g","contentUrl":"https:\/\/secure.gravatar.com\/avatar\/df64e550a0653b7be0f1bcf897f33faad9c2c8153472b2d9319beafb51370f6f?s=96&d=mm&r=g","caption":"admin"},"sameAs":["http:\/\/mybook.am"],"url":"https:\/\/mybook.am\/?author=1"}]}},"views":410,"_links":{"self":[{"href":"https:\/\/mybook.am\/index.php?rest_route=\/wp\/v2\/posts\/25380","targetHints":{"allow":["GET"]}}],"collection":[{"href":"https:\/\/mybook.am\/index.php?rest_route=\/wp\/v2\/posts"}],"about":[{"href":"https:\/\/mybook.am\/index.php?rest_route=\/wp\/v2\/types\/post"}],"author":[{"embeddable":true,"href":"https:\/\/mybook.am\/index.php?rest_route=\/wp\/v2\/users\/1"}],"replies":[{"embeddable":true,"href":"https:\/\/mybook.am\/index.php?rest_route=%2Fwp%2Fv2%2Fcomments&post=25380"}],"version-history":[{"count":1,"href":"https:\/\/mybook.am\/index.php?rest_route=\/wp\/v2\/posts\/25380\/revisions"}],"predecessor-version":[{"id":25384,"href":"https:\/\/mybook.am\/index.php?rest_route=\/wp\/v2\/posts\/25380\/revisions\/25384"}],"wp:featuredmedia":[{"embeddable":true,"href":"https:\/\/mybook.am\/index.php?rest_route=\/wp\/v2\/media\/25383"}],"wp:attachment":[{"href":"https:\/\/mybook.am\/index.php?rest_route=%2Fwp%2Fv2%2Fmedia&parent=25380"}],"wp:term":[{"taxonomy":"category","embeddable":true,"href":"https:\/\/mybook.am\/index.php?rest_route=%2Fwp%2Fv2%2Fcategories&post=25380"},{"taxonomy":"post_tag","embeddable":true,"href":"https:\/\/mybook.am\/index.php?rest_route=%2Fwp%2Fv2%2Ftags&post=25380"}],"curies":[{"name":"wp","href":"https:\/\/api.w.org\/{rel}","templated":true}]}}