{"id":25391,"date":"2026-01-27T12:31:32","date_gmt":"2026-01-27T09:31:32","guid":{"rendered":"https:\/\/mybook.am\/?p=25391"},"modified":"2026-01-27T12:31:34","modified_gmt":"2026-01-27T09:31:34","slug":"socialni-pracovnik-se-na-ne-podival-a-pochopil-vsechno-driv-nez-otevrel-slozku","status":"publish","type":"post","link":"https:\/\/mybook.am\/?p=25391","title":{"rendered":"Soci\u00e1ln\u00ed pracovn\u00edk se na n\u011b pod\u00edval a pochopil v\u0161echno d\u0159\u00edv, ne\u017e otev\u0159el slo\u017eku."},"content":{"rendered":"\n<p>Takov\u00e9 pohledy m\u011bl nacvi\u010den\u00e9. Rychl\u00e9. \u00da\u0159edn\u00ed. Bez emoc\u00ed.Dvateenage\u0159i v \u010dern\u00e9m.<br>Osmn\u00e1ct let.<br>\u0158et\u011bzy, tmav\u00e9 kruhy pod o\u010dima, p\u0159\u00edli\u0161 huben\u00e9 ruce.<br>\u017d\u00e1dn\u00e9 pen\u00edze.<br>Pokoj v suter\u00e9nu \u2014 ofici\u00e1ln\u011b \u201edo\u010dasn\u00e9 bydlen\u00ed\u201c, ve skute\u010dnosti vlhk\u00e9 zdi a mal\u00e9 okno t\u011bsn\u011b nad zem\u00ed.<\/p>\n\n\n\n<figure class=\"wp-block-image size-full\"><img loading=\"lazy\" decoding=\"async\" width=\"800\" height=\"800\" src=\"https:\/\/mybook.am\/wp-content\/uploads\/2026\/01\/7984654894654-3.jpg\" alt=\"\" class=\"wp-image-25393\" srcset=\"https:\/\/mybook.am\/wp-content\/uploads\/2026\/01\/7984654894654-3.jpg 800w, https:\/\/mybook.am\/wp-content\/uploads\/2026\/01\/7984654894654-3-300x300.jpg 300w, https:\/\/mybook.am\/wp-content\/uploads\/2026\/01\/7984654894654-3-150x150.jpg 150w, https:\/\/mybook.am\/wp-content\/uploads\/2026\/01\/7984654894654-3-768x768.jpg 768w\" sizes=\"auto, (max-width: 800px) 100vw, 800px\" \/><\/figure>\n\n\n\n<p>U\u017e je vid\u011bl.<br>A v\u011bd\u011bl, jak tyhle p\u0159\u00edb\u011bhy obvykle kon\u010d\u00ed.<\/p>\n\n\n\n<p>T\u00e9m\u011b\u0159 v\u0161ichni m\u011b odm\u00edtli.<\/p>\n\n\n\n<p>Ne proto, \u017ee bych byla nep\u0159\u00edjemn\u00e1.<br>Ne proto, \u017ee bych se nesm\u00e1la.<br>Ne proto, \u017ee bych se nesna\u017eila.<\/p>\n\n\n\n<p>Invalidn\u00ed voz\u00edk \u2014 \u201ep\u0159\u00edli\u0161 slo\u017eit\u00e9\u201c.<br>P\u0159\u00edli\u0161 drah\u00e9.<br>P\u0159\u00edli\u0161 mnoho pap\u00edr\u016f.<br>P\u0159\u00edli\u0161 mnoho strachu z budoucnosti.<\/p>\n\n\n\n<p>Jedna \u017eena to \u0159ekla nahlas:<br>\u201eChceme d\u00edt\u011b, ne celo\u017eivotn\u00ed projekt.\u201c<\/p>\n\n\n\n<p>Ostatn\u00ed ml\u010deli.<br>A to ml\u010den\u00ed bolelo v\u00edc ne\u017e slova.<\/p>\n\n\n\n<p>Oni dva sed\u011bli vedle sebe a dr\u017eeli se za ruce tak pevn\u011b, jako by tentokr\u00e1t nebyla zkou\u0161ena jejich zp\u016fsobilost \u2014 ale lidskost sv\u011bta kolem.<\/p>\n\n\n\n<p>Soci\u00e1ln\u00ed pracovn\u00edk kladl standardn\u00ed ot\u00e1zky:<br>Kde budete bydlet?<br>Kdo bude pracovat?<br>Uv\u011bdomujete si odpov\u011bdnost?<\/p>\n\n\n\n<p>Mluvil klidn\u011b, profesion\u00e1ln\u011b, ale mezi \u0159\u00e1dky viselo jedno jedin\u00e9:<br>Nezvl\u00e1dnete to.<\/p>\n\n\n\n<p>Nevysv\u011btlovali.<br>Neobhajovali se.<br>Nesna\u017eili se p\u016fsobit dosp\u011bleji, bohat\u011bji, jist\u011bji, ne\u017e ve skute\u010dnosti byli.<\/p>\n\n\n\n<p>A pak d\u00edvka \u0159ekla n\u011bco, co v \u017e\u00e1dn\u00e9m formul\u00e1\u0159i nebylo.<\/p>\n\n\n\n<p>\u201eMy nechceme dokonal\u00e9 d\u00edt\u011b.\u201c<br>Kr\u00e1tk\u00e1 pauza.<br>\u201eChceme skute\u010dn\u00e9.\u201c<\/p>\n\n\n\n<p>Mu\u017e zvedl obo\u010d\u00ed.<\/p>\n\n\n\n<p>Chlapec se pod\u00edval p\u0159\u00edmo na m\u011b. Ne na voz\u00edk. Na m\u011b.<br>A ti\u0161e dodal:<br>\u201eNechceme nikoho zachra\u0148ovat. My si vyb\u00edr\u00e1me.\u201c<\/p>\n\n\n\n<p>Kdy\u017e uvid\u011bli moji fotografii, po\u017e\u00e1dali jen o m\u011b.<br>Bez seznamu.<br>Bez n\u00e1hradn\u00ed varianty.<br>Bez v\u011bty \u201ekdy\u017e to nep\u016fjde, vezmeme jin\u00e9\u201c.<\/p>\n\n\n\n<p>Soci\u00e1ln\u00ed pracovn\u00edk listoval slo\u017ekou p\u0159\u00edli\u0161 dlouho.<br>Jako by doufal, \u017ee najde d\u016fvod \u0159\u00edct ne.<\/p>\n\n\n\n<p>A j\u00e1 jsem se poprv\u00e9 neb\u00e1la odm\u00edtnut\u00ed.<br>B\u00e1la jsem se uv\u011b\u0159it.<\/p>\n\n\n\n<p>St\u011bhov\u00e1n\u00ed nebylo jako ve filmu.<br>\u017d\u00e1dn\u00e1 hudba.<br>\u017d\u00e1dn\u00e9 objet\u00ed na prahu.<br>V dom\u011b nebyl v\u00fdtah \u2014 voz\u00edk nesli po schodech, krok za krokem.<br>Pak jsme se sm\u00e1li, proto\u017ee se roztrhl s\u00e1\u010dek s t\u011bstovinami.<\/p>\n\n\n\n<p>U\u010dili jsme se jeden druh\u00e9ho pomalu.<br>J\u00e1 \u2014 p\u0159ij\u00edmat pomoc bez studu.<br>Oni \u2014 pe\u010dovat, ani\u017e by m\u011bnili p\u00e9\u010di v l\u00edtost.<\/p>\n\n\n\n<p>Byly noci, kdy jsme m\u011bli jen \u010daj.<br>Byly dny, kdy lid\u00e9 \u0161eptali:<br>\u201ePro\u010d si tohle d\u011bl\u00e1te?\u201c<\/p>\n\n\n\n<p>A oni odpov\u00eddali poka\u017ed\u00e9 jin\u00fdmi slovy, ale se stejn\u00fdm v\u00fdznamem:<br>\u201eProto\u017ee tohle je \u017eivot.\u201c<\/p>\n\n\n\n<p>Roky ub\u011bhly.<br>J\u00e1 vystudovala.<br>Oni zest\u00e1rli d\u0159\u00edv, ne\u017e \u010dekali.<br>Stali jsme se rodinou \u2014 ne raz\u00edtkem, ale ka\u017edodennost\u00ed.<\/p>\n\n\n\n<p>Dnes sed\u011bli v prvn\u00ed \u0159ad\u011b na m\u00e9 svatb\u011b.<\/p>\n\n\n\n<p>Ne n\u011bkde vzadu.<br>Ne bokem.<br>V prvn\u00ed \u0159ad\u011b.<\/p>\n\n\n\n<p>A kdy\u017e jsem jela k olt\u00e1\u0159i, nevid\u011bla jsem hosty.<br>Vid\u011bla jsem ten suter\u00e9n.<br>Ty slo\u017eky.<br>Ten pohled soci\u00e1ln\u00edho pracovn\u00edka, kter\u00fd se tehdy m\u00fdlil.<\/p>\n\n\n\n<p>Plakali.<br>Ti\u0161e.<br>Bez ok\u00e1zalosti.<\/p>\n\n\n\n<p>Tak pl\u00e1\u010dou lid\u00e9, kte\u0159\u00ed se jednou rozhodli \u2014<br>a dok\u00e1zali to rozhodnut\u00ed un\u00e9st a\u017e do konce.<\/p>\n","protected":false},"excerpt":{"rendered":"Takov\u00e9 pohledy m\u011bl nacvi\u010den\u00e9. Rychl\u00e9. \u00da\u0159edn\u00ed. Bez emoc\u00ed.Dvateenage\u0159i v \u010dern\u00e9m.Osmn\u00e1ct let.\u0158et\u011bzy, tmav\u00e9 kruhy pod o\u010dima, p\u0159\u00edli\u0161 huben\u00e9 ruce.\u017d\u00e1dn\u00e9 pen\u00edze.Pokoj v suter\u00e9nu \u2014 ofici\u00e1ln\u011b \n<a class=\"moretag\" href=\"https:\/\/mybook.am\/?p=25391\"> [...]<\/a>","protected":false},"author":1,"featured_media":25393,"comment_status":"open","ping_status":"open","sticky":false,"template":"","format":"standard","meta":{"footnotes":""},"categories":[1],"tags":[],"class_list":["post-25391","post","type-post","status-publish","format-standard","has-post-thumbnail","hentry","category-ceska"],"yoast_head":"<!-- This site is optimized with the Yoast SEO plugin v27.5 - https:\/\/yoast.com\/product\/yoast-seo-wordpress\/ -->\n<title>Soci\u00e1ln\u00ed pracovn\u00edk se na n\u011b pod\u00edval a pochopil v\u0161echno d\u0159\u00edv, ne\u017e otev\u0159el slo\u017eku. -<\/title>\n<meta name=\"robots\" content=\"index, follow, max-snippet:-1, max-image-preview:large, max-video-preview:-1\" \/>\n<link rel=\"canonical\" href=\"https:\/\/mybook.am\/?p=25391\" \/>\n<meta property=\"og:locale\" content=\"ru_RU\" \/>\n<meta property=\"og:type\" content=\"article\" \/>\n<meta property=\"og:title\" content=\"Soci\u00e1ln\u00ed pracovn\u00edk se na n\u011b pod\u00edval a pochopil v\u0161echno d\u0159\u00edv, ne\u017e otev\u0159el slo\u017eku. -\" \/>\n<meta property=\"og:description\" content=\"Takov\u00e9 pohledy m\u011bl nacvi\u010den\u00e9. Rychl\u00e9. \u00da\u0159edn\u00ed. Bez emoc\u00ed.Dvateenage\u0159i v \u010dern\u00e9m.Osmn\u00e1ct let.\u0158et\u011bzy, tmav\u00e9 kruhy pod o\u010dima, p\u0159\u00edli\u0161 huben\u00e9 ruce.\u017d\u00e1dn\u00e9 pen\u00edze.Pokoj v suter\u00e9nu \u2014 ofici\u00e1ln\u011b\" \/>\n<meta property=\"og:url\" content=\"https:\/\/mybook.am\/?p=25391\" \/>\n<meta property=\"article:published_time\" content=\"2026-01-27T09:31:32+00:00\" \/>\n<meta property=\"article:modified_time\" content=\"2026-01-27T09:31:34+00:00\" \/>\n<meta property=\"og:image\" content=\"https:\/\/mybook.am\/wp-content\/uploads\/2026\/01\/7984654894654-3.jpg\" \/>\n\t<meta property=\"og:image:width\" content=\"800\" \/>\n\t<meta property=\"og:image:height\" content=\"800\" \/>\n\t<meta property=\"og:image:type\" content=\"image\/jpeg\" \/>\n<meta name=\"author\" content=\"admin\" \/>\n<meta name=\"twitter:card\" content=\"summary_large_image\" \/>\n<meta name=\"twitter:label1\" content=\"\u041d\u0430\u043f\u0438\u0441\u0430\u043d\u043e \u0430\u0432\u0442\u043e\u0440\u043e\u043c\" \/>\n\t<meta name=\"twitter:data1\" content=\"admin\" \/>\n\t<meta name=\"twitter:label2\" content=\"\u041f\u0440\u0438\u043c\u0435\u0440\u043d\u043e\u0435 \u0432\u0440\u0435\u043c\u044f \u0434\u043b\u044f \u0447\u0442\u0435\u043d\u0438\u044f\" \/>\n\t<meta name=\"twitter:data2\" content=\"3 \u043c\u0438\u043d\u0443\u0442\u044b\" \/>\n<script type=\"application\/ld+json\" class=\"yoast-schema-graph\">{\"@context\":\"https:\\\/\\\/schema.org\",\"@graph\":[{\"@type\":\"Article\",\"@id\":\"https:\\\/\\\/mybook.am\\\/?p=25391#article\",\"isPartOf\":{\"@id\":\"https:\\\/\\\/mybook.am\\\/?p=25391\"},\"author\":{\"name\":\"admin\",\"@id\":\"https:\\\/\\\/mybook.am\\\/#\\\/schema\\\/person\\\/e730847942cff3a199774e803916e97e\"},\"headline\":\"Soci\u00e1ln\u00ed pracovn\u00edk se na n\u011b pod\u00edval a pochopil v\u0161echno d\u0159\u00edv, ne\u017e otev\u0159el slo\u017eku.\",\"datePublished\":\"2026-01-27T09:31:32+00:00\",\"dateModified\":\"2026-01-27T09:31:34+00:00\",\"mainEntityOfPage\":{\"@id\":\"https:\\\/\\\/mybook.am\\\/?p=25391\"},\"wordCount\":558,\"commentCount\":0,\"image\":{\"@id\":\"https:\\\/\\\/mybook.am\\\/?p=25391#primaryimage\"},\"thumbnailUrl\":\"https:\\\/\\\/mybook.am\\\/wp-content\\\/uploads\\\/2026\\\/01\\\/7984654894654-3.jpg\",\"articleSection\":[\"\u010cesk\u00e1\"],\"inLanguage\":\"ru-RU\",\"potentialAction\":[{\"@type\":\"CommentAction\",\"name\":\"Comment\",\"target\":[\"https:\\\/\\\/mybook.am\\\/?p=25391#respond\"]}]},{\"@type\":\"WebPage\",\"@id\":\"https:\\\/\\\/mybook.am\\\/?p=25391\",\"url\":\"https:\\\/\\\/mybook.am\\\/?p=25391\",\"name\":\"Soci\u00e1ln\u00ed pracovn\u00edk se na n\u011b pod\u00edval a pochopil v\u0161echno d\u0159\u00edv, ne\u017e otev\u0159el slo\u017eku. -\",\"isPartOf\":{\"@id\":\"https:\\\/\\\/mybook.am\\\/#website\"},\"primaryImageOfPage\":{\"@id\":\"https:\\\/\\\/mybook.am\\\/?p=25391#primaryimage\"},\"image\":{\"@id\":\"https:\\\/\\\/mybook.am\\\/?p=25391#primaryimage\"},\"thumbnailUrl\":\"https:\\\/\\\/mybook.am\\\/wp-content\\\/uploads\\\/2026\\\/01\\\/7984654894654-3.jpg\",\"datePublished\":\"2026-01-27T09:31:32+00:00\",\"dateModified\":\"2026-01-27T09:31:34+00:00\",\"author\":{\"@id\":\"https:\\\/\\\/mybook.am\\\/#\\\/schema\\\/person\\\/e730847942cff3a199774e803916e97e\"},\"breadcrumb\":{\"@id\":\"https:\\\/\\\/mybook.am\\\/?p=25391#breadcrumb\"},\"inLanguage\":\"ru-RU\",\"potentialAction\":[{\"@type\":\"ReadAction\",\"target\":[\"https:\\\/\\\/mybook.am\\\/?p=25391\"]}]},{\"@type\":\"ImageObject\",\"inLanguage\":\"ru-RU\",\"@id\":\"https:\\\/\\\/mybook.am\\\/?p=25391#primaryimage\",\"url\":\"https:\\\/\\\/mybook.am\\\/wp-content\\\/uploads\\\/2026\\\/01\\\/7984654894654-3.jpg\",\"contentUrl\":\"https:\\\/\\\/mybook.am\\\/wp-content\\\/uploads\\\/2026\\\/01\\\/7984654894654-3.jpg\",\"width\":800,\"height\":800},{\"@type\":\"BreadcrumbList\",\"@id\":\"https:\\\/\\\/mybook.am\\\/?p=25391#breadcrumb\",\"itemListElement\":[{\"@type\":\"ListItem\",\"position\":1,\"name\":\"\u0413\u043b\u0430\u0432\u043d\u0430\u044f \u0441\u0442\u0440\u0430\u043d\u0438\u0446\u0430\",\"item\":\"https:\\\/\\\/mybook.am\\\/\"},{\"@type\":\"ListItem\",\"position\":2,\"name\":\"Soci\u00e1ln\u00ed pracovn\u00edk se na n\u011b pod\u00edval a pochopil v\u0161echno d\u0159\u00edv, ne\u017e otev\u0159el slo\u017eku.\"}]},{\"@type\":\"WebSite\",\"@id\":\"https:\\\/\\\/mybook.am\\\/#website\",\"url\":\"https:\\\/\\\/mybook.am\\\/\",\"name\":\"\",\"description\":\"\",\"potentialAction\":[{\"@type\":\"SearchAction\",\"target\":{\"@type\":\"EntryPoint\",\"urlTemplate\":\"https:\\\/\\\/mybook.am\\\/?s={search_term_string}\"},\"query-input\":{\"@type\":\"PropertyValueSpecification\",\"valueRequired\":true,\"valueName\":\"search_term_string\"}}],\"inLanguage\":\"ru-RU\"},{\"@type\":\"Person\",\"@id\":\"https:\\\/\\\/mybook.am\\\/#\\\/schema\\\/person\\\/e730847942cff3a199774e803916e97e\",\"name\":\"admin\",\"image\":{\"@type\":\"ImageObject\",\"inLanguage\":\"ru-RU\",\"@id\":\"https:\\\/\\\/secure.gravatar.com\\\/avatar\\\/df64e550a0653b7be0f1bcf897f33faad9c2c8153472b2d9319beafb51370f6f?s=96&d=mm&r=g\",\"url\":\"https:\\\/\\\/secure.gravatar.com\\\/avatar\\\/df64e550a0653b7be0f1bcf897f33faad9c2c8153472b2d9319beafb51370f6f?s=96&d=mm&r=g\",\"contentUrl\":\"https:\\\/\\\/secure.gravatar.com\\\/avatar\\\/df64e550a0653b7be0f1bcf897f33faad9c2c8153472b2d9319beafb51370f6f?s=96&d=mm&r=g\",\"caption\":\"admin\"},\"sameAs\":[\"http:\\\/\\\/mybook.am\"],\"url\":\"https:\\\/\\\/mybook.am\\\/?author=1\"}]}<\/script>\n<!-- \/ Yoast SEO plugin. -->","yoast_head_json":{"title":"Soci\u00e1ln\u00ed pracovn\u00edk se na n\u011b pod\u00edval a pochopil v\u0161echno d\u0159\u00edv, ne\u017e otev\u0159el slo\u017eku. -","robots":{"index":"index","follow":"follow","max-snippet":"max-snippet:-1","max-image-preview":"max-image-preview:large","max-video-preview":"max-video-preview:-1"},"canonical":"https:\/\/mybook.am\/?p=25391","og_locale":"ru_RU","og_type":"article","og_title":"Soci\u00e1ln\u00ed pracovn\u00edk se na n\u011b pod\u00edval a pochopil v\u0161echno d\u0159\u00edv, ne\u017e otev\u0159el slo\u017eku. -","og_description":"Takov\u00e9 pohledy m\u011bl nacvi\u010den\u00e9. Rychl\u00e9. \u00da\u0159edn\u00ed. Bez emoc\u00ed.Dvateenage\u0159i v \u010dern\u00e9m.Osmn\u00e1ct let.\u0158et\u011bzy, tmav\u00e9 kruhy pod o\u010dima, p\u0159\u00edli\u0161 huben\u00e9 ruce.\u017d\u00e1dn\u00e9 pen\u00edze.Pokoj v suter\u00e9nu \u2014 ofici\u00e1ln\u011b","og_url":"https:\/\/mybook.am\/?p=25391","article_published_time":"2026-01-27T09:31:32+00:00","article_modified_time":"2026-01-27T09:31:34+00:00","og_image":[{"width":800,"height":800,"url":"https:\/\/mybook.am\/wp-content\/uploads\/2026\/01\/7984654894654-3.jpg","type":"image\/jpeg"}],"author":"admin","twitter_card":"summary_large_image","twitter_misc":{"\u041d\u0430\u043f\u0438\u0441\u0430\u043d\u043e \u0430\u0432\u0442\u043e\u0440\u043e\u043c":"admin","\u041f\u0440\u0438\u043c\u0435\u0440\u043d\u043e\u0435 \u0432\u0440\u0435\u043c\u044f \u0434\u043b\u044f \u0447\u0442\u0435\u043d\u0438\u044f":"3 \u043c\u0438\u043d\u0443\u0442\u044b"},"schema":{"@context":"https:\/\/schema.org","@graph":[{"@type":"Article","@id":"https:\/\/mybook.am\/?p=25391#article","isPartOf":{"@id":"https:\/\/mybook.am\/?p=25391"},"author":{"name":"admin","@id":"https:\/\/mybook.am\/#\/schema\/person\/e730847942cff3a199774e803916e97e"},"headline":"Soci\u00e1ln\u00ed pracovn\u00edk se na n\u011b pod\u00edval a pochopil v\u0161echno d\u0159\u00edv, ne\u017e otev\u0159el slo\u017eku.","datePublished":"2026-01-27T09:31:32+00:00","dateModified":"2026-01-27T09:31:34+00:00","mainEntityOfPage":{"@id":"https:\/\/mybook.am\/?p=25391"},"wordCount":558,"commentCount":0,"image":{"@id":"https:\/\/mybook.am\/?p=25391#primaryimage"},"thumbnailUrl":"https:\/\/mybook.am\/wp-content\/uploads\/2026\/01\/7984654894654-3.jpg","articleSection":["\u010cesk\u00e1"],"inLanguage":"ru-RU","potentialAction":[{"@type":"CommentAction","name":"Comment","target":["https:\/\/mybook.am\/?p=25391#respond"]}]},{"@type":"WebPage","@id":"https:\/\/mybook.am\/?p=25391","url":"https:\/\/mybook.am\/?p=25391","name":"Soci\u00e1ln\u00ed pracovn\u00edk se na n\u011b pod\u00edval a pochopil v\u0161echno d\u0159\u00edv, ne\u017e otev\u0159el slo\u017eku. -","isPartOf":{"@id":"https:\/\/mybook.am\/#website"},"primaryImageOfPage":{"@id":"https:\/\/mybook.am\/?p=25391#primaryimage"},"image":{"@id":"https:\/\/mybook.am\/?p=25391#primaryimage"},"thumbnailUrl":"https:\/\/mybook.am\/wp-content\/uploads\/2026\/01\/7984654894654-3.jpg","datePublished":"2026-01-27T09:31:32+00:00","dateModified":"2026-01-27T09:31:34+00:00","author":{"@id":"https:\/\/mybook.am\/#\/schema\/person\/e730847942cff3a199774e803916e97e"},"breadcrumb":{"@id":"https:\/\/mybook.am\/?p=25391#breadcrumb"},"inLanguage":"ru-RU","potentialAction":[{"@type":"ReadAction","target":["https:\/\/mybook.am\/?p=25391"]}]},{"@type":"ImageObject","inLanguage":"ru-RU","@id":"https:\/\/mybook.am\/?p=25391#primaryimage","url":"https:\/\/mybook.am\/wp-content\/uploads\/2026\/01\/7984654894654-3.jpg","contentUrl":"https:\/\/mybook.am\/wp-content\/uploads\/2026\/01\/7984654894654-3.jpg","width":800,"height":800},{"@type":"BreadcrumbList","@id":"https:\/\/mybook.am\/?p=25391#breadcrumb","itemListElement":[{"@type":"ListItem","position":1,"name":"\u0413\u043b\u0430\u0432\u043d\u0430\u044f \u0441\u0442\u0440\u0430\u043d\u0438\u0446\u0430","item":"https:\/\/mybook.am\/"},{"@type":"ListItem","position":2,"name":"Soci\u00e1ln\u00ed pracovn\u00edk se na n\u011b pod\u00edval a pochopil v\u0161echno d\u0159\u00edv, ne\u017e otev\u0159el slo\u017eku."}]},{"@type":"WebSite","@id":"https:\/\/mybook.am\/#website","url":"https:\/\/mybook.am\/","name":"","description":"","potentialAction":[{"@type":"SearchAction","target":{"@type":"EntryPoint","urlTemplate":"https:\/\/mybook.am\/?s={search_term_string}"},"query-input":{"@type":"PropertyValueSpecification","valueRequired":true,"valueName":"search_term_string"}}],"inLanguage":"ru-RU"},{"@type":"Person","@id":"https:\/\/mybook.am\/#\/schema\/person\/e730847942cff3a199774e803916e97e","name":"admin","image":{"@type":"ImageObject","inLanguage":"ru-RU","@id":"https:\/\/secure.gravatar.com\/avatar\/df64e550a0653b7be0f1bcf897f33faad9c2c8153472b2d9319beafb51370f6f?s=96&d=mm&r=g","url":"https:\/\/secure.gravatar.com\/avatar\/df64e550a0653b7be0f1bcf897f33faad9c2c8153472b2d9319beafb51370f6f?s=96&d=mm&r=g","contentUrl":"https:\/\/secure.gravatar.com\/avatar\/df64e550a0653b7be0f1bcf897f33faad9c2c8153472b2d9319beafb51370f6f?s=96&d=mm&r=g","caption":"admin"},"sameAs":["http:\/\/mybook.am"],"url":"https:\/\/mybook.am\/?author=1"}]}},"views":67,"_links":{"self":[{"href":"https:\/\/mybook.am\/index.php?rest_route=\/wp\/v2\/posts\/25391","targetHints":{"allow":["GET"]}}],"collection":[{"href":"https:\/\/mybook.am\/index.php?rest_route=\/wp\/v2\/posts"}],"about":[{"href":"https:\/\/mybook.am\/index.php?rest_route=\/wp\/v2\/types\/post"}],"author":[{"embeddable":true,"href":"https:\/\/mybook.am\/index.php?rest_route=\/wp\/v2\/users\/1"}],"replies":[{"embeddable":true,"href":"https:\/\/mybook.am\/index.php?rest_route=%2Fwp%2Fv2%2Fcomments&post=25391"}],"version-history":[{"count":1,"href":"https:\/\/mybook.am\/index.php?rest_route=\/wp\/v2\/posts\/25391\/revisions"}],"predecessor-version":[{"id":25394,"href":"https:\/\/mybook.am\/index.php?rest_route=\/wp\/v2\/posts\/25391\/revisions\/25394"}],"wp:featuredmedia":[{"embeddable":true,"href":"https:\/\/mybook.am\/index.php?rest_route=\/wp\/v2\/media\/25393"}],"wp:attachment":[{"href":"https:\/\/mybook.am\/index.php?rest_route=%2Fwp%2Fv2%2Fmedia&parent=25391"}],"wp:term":[{"taxonomy":"category","embeddable":true,"href":"https:\/\/mybook.am\/index.php?rest_route=%2Fwp%2Fv2%2Fcategories&post=25391"},{"taxonomy":"post_tag","embeddable":true,"href":"https:\/\/mybook.am\/index.php?rest_route=%2Fwp%2Fv2%2Ftags&post=25391"}],"curies":[{"name":"wp","href":"https:\/\/api.w.org\/{rel}","templated":true}]}}