{"id":25406,"date":"2026-01-27T19:14:54","date_gmt":"2026-01-27T16:14:54","guid":{"rendered":"https:\/\/mybook.am\/?p=25406"},"modified":"2026-01-27T19:14:56","modified_gmt":"2026-01-27T16:14:56","slug":"bylo-mi-petapadesat-let-a-vic-nez-polovinu-zivota-jsem-zil-s-tichem-ktere-se-neda-zaplnit","status":"publish","type":"post","link":"https:\/\/mybook.am\/?p=25406","title":{"rendered":"Bylo mi p\u011btapades\u00e1t let a v\u00edc ne\u017e polovinu \u017eivota jsem \u017eil s tichem, kter\u00e9 se ned\u00e1 zaplnit."},"content":{"rendered":"\n<p>P\u0159ed v\u00edce ne\u017e t\u0159iceti lety jsem p\u0159i autonehod\u011b p\u0159i\u0161el o man\u017eelku i malou dceru. Ne\u0161lo jen o ztr\u00e1tu lid\u00ed. Zmizel smysl. Zmizel d\u016fvod vst\u00e1vat r\u00e1no z postele.Nezhroutil jsem se navenek. Prost\u011b jsem se vypnul. Pracoval jsem, jedl jsem, spal jsem. Ale uvnit\u0159 bylo pr\u00e1zdno, kter\u00e9 nem\u011blo dno.O n\u011bkolik let pozd\u011bji jsem si uv\u011bdomil, \u017ee pokud n\u011bkomu ned\u00e1m l\u00e1sku, kterou jsem v sob\u011b st\u00e1le m\u011bl, zadus\u00ed m\u011b. Rozhodl jsem se pro adopci. Ne proto, abych zaplnil ztr\u00e1tu. Ale proto, abych byl u\u017eite\u010dn\u00fd aspo\u0148 jednomu d\u00edt\u011bti, kter\u00e9 na tom bylo h\u016f\u0159 ne\u017e j\u00e1.<\/p>\n\n\n\n<figure class=\"wp-block-image size-large\"><img loading=\"lazy\" decoding=\"async\" width=\"842\" height=\"1024\" src=\"https:\/\/mybook.am\/wp-content\/uploads\/2026\/01\/54897864648946-842x1024.jpg\" alt=\"\" class=\"wp-image-25407\" srcset=\"https:\/\/mybook.am\/wp-content\/uploads\/2026\/01\/54897864648946-842x1024.jpg 842w, https:\/\/mybook.am\/wp-content\/uploads\/2026\/01\/54897864648946-247x300.jpg 247w, https:\/\/mybook.am\/wp-content\/uploads\/2026\/01\/54897864648946-768x933.jpg 768w, https:\/\/mybook.am\/wp-content\/uploads\/2026\/01\/54897864648946.jpg 1021w\" sizes=\"auto, (max-width: 842px) 100vw, 842px\" \/><\/figure>\n\n\n\n<p>V d\u011btsk\u00e9m domov\u011b jsem nikoho konkr\u00e9tn\u00edho nehledal. A pak jsem ji uvid\u011bl.<\/p>\n\n\n\n<p>Sed\u011bla sama u okna. V invalidn\u00edm voz\u00edku. Nep\u016fsobila smutn\u011b \u2014 sp\u00ed\u0161 ne\u010dekala v\u016fbec nic. Kdy\u017e se na m\u011b pod\u00edvala, projel mnou mr\u00e1z. N\u011bco v jej\u00edch rysech mi bolestn\u011b p\u0159ipomn\u011blo mou dceru.<\/p>\n\n\n\n<p>Vychovatelka mi \u0159ekla, \u017ee o ni nikdo nestoj\u00ed. Otec zem\u0159el p\u0159i nehod\u011b. Matka zmizela. L\u00e9ka\u0159i tehdy tvrdili, \u017ee nikdy nebude chodit.<\/p>\n\n\n\n<p>Jmenovala se Lily. Bylo j\u00ed p\u011bt let.<\/p>\n\n\n\n<p>Nevybrala si m\u011b. Ani j\u00e1 ji. Stalo se to samo.<\/p>\n\n\n\n<p>Vybudovali jsme spolu \u017eivot. Ne snadn\u00fd, ale opravdov\u00fd. Vyrostla z n\u00ed chytr\u00e1, laskav\u00e1 a siln\u00e1 mlad\u00e1 \u017eena. Ne siln\u00e1 navzdory voz\u00edku \u2014 ale siln\u00e1 se v\u0161\u00edm, co k n\u011bmu pat\u0159ilo.<\/p>\n\n\n\n<p>A pak p\u0159i\u0161el den jej\u00ed svatby.<\/p>\n\n\n\n<p>Kdy\u017e jsem ji vid\u011bl v b\u00edl\u00fdch \u0161atech, klidnou, sebejistou, obklopenou lidmi, kte\u0159\u00ed ji milovali, m\u011bl jsem pocit, \u017ee se kruh uzav\u0159el. \u017de v\u0161echno utrpen\u00ed m\u011blo smysl.<\/p>\n\n\n\n<p>Hudba hr\u00e1la, lid\u00e9 tan\u010dili\u2026 a tehdy jsem si v\u0161iml ciz\u00ed \u017eeny.<\/p>\n\n\n\n<p>St\u00e1la stranou, nerv\u00f3zn\u00ed, jako by sem nepat\u0159ila. Myslel jsem, \u017ee je z rodiny \u017eenicha. Cht\u011bl jsem j\u00ed nab\u00eddnout pomoc. Ale ona si v\u0161imla m\u011b \u2014 a zam\u00ed\u0159ila p\u0159\u00edmo ke mn\u011b.<\/p>\n\n\n\n<p>Nep\u0159edstavila se. Jen m\u011b po\u017e\u00e1dala, abychom si stoupli bokem.<\/p>\n\n\n\n<p>\u2014 Mus\u00edte m\u011b vyslechnout, \u2014 \u0159ekla t\u0159esouc\u00edm se hlasem. \u2014 T\u00fdk\u00e1 se to va\u0161\u00ed dcery. Netu\u0161\u00edte, co p\u0159ed v\u00e1mi skr\u00fdv\u00e1.<\/p>\n\n\n\n<p>Sv\u00edral se mi \u017ealudek. Ale pokra\u010dovala d\u0159\u00edv, ne\u017e jsem sta\u010dil cokoli \u0159\u00edct.<\/p>\n\n\n\n<p>\u2014 Lily nev\u00ed v\u0161echno. A vy u\u017e v\u016fbec ne.<\/p>\n\n\n\n<p>\u2014 Kdo jste? \u2014 zeptal jsem se.<\/p>\n\n\n\n<p>Pod\u00edvala se sm\u011brem k tane\u010dn\u00edmu parketu.<\/p>\n\n\n\n<p>\u2014 Jsem \u017eena, kter\u00e1 ode\u0161la. A nikdy nem\u011bla odej\u00edt.<\/p>\n\n\n\n<p>Ztuhl jsem.<\/p>\n\n\n\n<p>\u2014 Jsem jej\u00ed matka.<\/p>\n\n\n\n<p>\u010cekal jsem vztek. Nen\u00e1vist. V\u00fdbuch. M\u00edsto toho p\u0159i\u0161la star\u00e1, zn\u00e1m\u00e1 bolest \u2014 ta z dne, kdy mi ozn\u00e1mili smrt rodiny.<\/p>\n\n\n\n<p>\u2014 Opustila jste p\u011btilet\u00e9 d\u00edt\u011b na voz\u00edku, \u2014 \u0159ekl jsem ti\u0161e. \u2014 A te\u010f p\u0159ijdete na svatbu?<\/p>\n\n\n\n<p>\u2014 Nep\u0159i\u0161la jsem pro odpu\u0161t\u011bn\u00ed, \u2014 odpov\u011bd\u011bla. \u2014 Ani pro ni. P\u0159i\u0161la jsem kv\u016fli pravd\u011b.<\/p>\n\n\n\n<p>Vyt\u00e1hla slo\u017eku. L\u00e9ka\u0159sk\u00e9 zpr\u00e1vy. Fotografie. A jeden dokument, po kter\u00e9m se mi podlomila kolena.<\/p>\n\n\n\n<p>\u2014 V\u00edte, \u017ee nehoda, p\u0159i kter\u00e9 zem\u0159ela va\u0161e \u017eena\u2026 nebyla n\u00e1hoda?<\/p>\n\n\n\n<p>Lily to pr\u00fd zjistila p\u0159ed rokem. A ml\u010dela. Proto\u017ee v\u011bd\u011bla, \u017ee pravda by m\u011b zlomila.<\/p>\n\n\n\n<p>\u0158ekla mi, \u017ee ten \u0159idi\u010d\u2026 byl bratr t\u00e9 \u017eeny.<\/p>\n\n\n\n<p>A \u017ee Lily \u0159ekla jen jedno:<br>\u201eKdy\u017e za\u010dnu \u017e\u00edt nen\u00e1vist\u00ed, ztrat\u00edm otce. A on u\u017e ztratil dost.\u201c<\/p>\n\n\n\n<p>Kdy\u017e jsem Lily objal, v\u0161echno pochopila. Omluvila se, \u017ee ml\u010dela. Necht\u011bla mi vz\u00edt radost z jedin\u00e9ho dne, kter\u00fd byl skute\u010dn\u011b \u010dist\u00fd.<\/p>\n\n\n\n<p>\u0158ekl jsem j\u00ed to jedin\u00e9, co bylo pravdiv\u00e9:<\/p>\n\n\n\n<p>\u2014 Nikdy jsem t\u011b neztratil. Jsi moje dcera. Ne podle krve. Podle volby.<\/p>\n\n\n\n<p>Svatba pokra\u010dovala. Hudba hr\u00e1la. Lid\u00e9 se sm\u00e1li.<br>A j\u00e1 pochopil, \u017ee pravda m\u016f\u017ee bolet. Ale l\u00e1ska \u2014 ta p\u0159e\u017eije i pravdu.<\/p>\n\n\n\n<p>A kdybych m\u011bl znovu volit, \u0161el bych znovu do toho d\u011btsk\u00e9ho domova.<br>K tomu oknu.<br>K tomu voz\u00edku.<br>K t\u00e9 hol\u010di\u010dce, kter\u00e1 mi zachr\u00e1nila \u017eivot stejn\u011b, jako jsem kdysi zachr\u00e1nil j\u00e1 ten jej\u00ed.<\/p>\n","protected":false},"excerpt":{"rendered":"P\u0159ed v\u00edce ne\u017e t\u0159iceti lety jsem p\u0159i autonehod\u011b p\u0159i\u0161el o man\u017eelku i malou dceru. Ne\u0161lo jen o ztr\u00e1tu lid\u00ed. Zmizel smysl. Zmizel d\u016fvod \n<a class=\"moretag\" href=\"https:\/\/mybook.am\/?p=25406\"> [...]<\/a>","protected":false},"author":1,"featured_media":25407,"comment_status":"open","ping_status":"open","sticky":false,"template":"","format":"standard","meta":{"footnotes":""},"categories":[1],"tags":[],"class_list":["post-25406","post","type-post","status-publish","format-standard","has-post-thumbnail","hentry","category-ceska"],"yoast_head":"<!-- This site is optimized with the Yoast SEO plugin v27.4 - https:\/\/yoast.com\/product\/yoast-seo-wordpress\/ -->\n<title>Bylo mi p\u011btapades\u00e1t let a v\u00edc ne\u017e polovinu \u017eivota jsem \u017eil s tichem, kter\u00e9 se ned\u00e1 zaplnit. -<\/title>\n<meta name=\"robots\" content=\"index, follow, max-snippet:-1, max-image-preview:large, max-video-preview:-1\" \/>\n<link rel=\"canonical\" href=\"https:\/\/mybook.am\/?p=25406\" \/>\n<meta property=\"og:locale\" content=\"ru_RU\" \/>\n<meta property=\"og:type\" content=\"article\" \/>\n<meta property=\"og:title\" content=\"Bylo mi p\u011btapades\u00e1t let a v\u00edc ne\u017e polovinu \u017eivota jsem \u017eil s tichem, kter\u00e9 se ned\u00e1 zaplnit. -\" \/>\n<meta property=\"og:description\" content=\"P\u0159ed v\u00edce ne\u017e t\u0159iceti lety jsem p\u0159i autonehod\u011b p\u0159i\u0161el o man\u017eelku i malou dceru. Ne\u0161lo jen o ztr\u00e1tu lid\u00ed. Zmizel smysl. Zmizel d\u016fvod\" \/>\n<meta property=\"og:url\" content=\"https:\/\/mybook.am\/?p=25406\" \/>\n<meta property=\"article:published_time\" content=\"2026-01-27T16:14:54+00:00\" \/>\n<meta property=\"article:modified_time\" content=\"2026-01-27T16:14:56+00:00\" \/>\n<meta property=\"og:image\" content=\"https:\/\/mybook.am\/wp-content\/uploads\/2026\/01\/54897864648946.jpg\" \/>\n\t<meta property=\"og:image:width\" content=\"1021\" \/>\n\t<meta property=\"og:image:height\" content=\"1241\" \/>\n\t<meta property=\"og:image:type\" content=\"image\/jpeg\" \/>\n<meta name=\"author\" content=\"admin\" \/>\n<meta name=\"twitter:card\" content=\"summary_large_image\" \/>\n<meta name=\"twitter:label1\" content=\"\u041d\u0430\u043f\u0438\u0441\u0430\u043d\u043e \u0430\u0432\u0442\u043e\u0440\u043e\u043c\" \/>\n\t<meta name=\"twitter:data1\" content=\"admin\" \/>\n\t<meta name=\"twitter:label2\" content=\"\u041f\u0440\u0438\u043c\u0435\u0440\u043d\u043e\u0435 \u0432\u0440\u0435\u043c\u044f \u0434\u043b\u044f \u0447\u0442\u0435\u043d\u0438\u044f\" \/>\n\t<meta name=\"twitter:data2\" content=\"4 \u043c\u0438\u043d\u0443\u0442\u044b\" \/>\n<script type=\"application\/ld+json\" class=\"yoast-schema-graph\">{\"@context\":\"https:\\\/\\\/schema.org\",\"@graph\":[{\"@type\":\"Article\",\"@id\":\"https:\\\/\\\/mybook.am\\\/?p=25406#article\",\"isPartOf\":{\"@id\":\"https:\\\/\\\/mybook.am\\\/?p=25406\"},\"author\":{\"name\":\"admin\",\"@id\":\"https:\\\/\\\/mybook.am\\\/#\\\/schema\\\/person\\\/e730847942cff3a199774e803916e97e\"},\"headline\":\"Bylo mi p\u011btapades\u00e1t let a v\u00edc ne\u017e polovinu \u017eivota jsem \u017eil s tichem, kter\u00e9 se ned\u00e1 zaplnit.\",\"datePublished\":\"2026-01-27T16:14:54+00:00\",\"dateModified\":\"2026-01-27T16:14:56+00:00\",\"mainEntityOfPage\":{\"@id\":\"https:\\\/\\\/mybook.am\\\/?p=25406\"},\"wordCount\":725,\"commentCount\":0,\"image\":{\"@id\":\"https:\\\/\\\/mybook.am\\\/?p=25406#primaryimage\"},\"thumbnailUrl\":\"https:\\\/\\\/mybook.am\\\/wp-content\\\/uploads\\\/2026\\\/01\\\/54897864648946.jpg\",\"articleSection\":[\"\u010cesk\u00e1\"],\"inLanguage\":\"ru-RU\",\"potentialAction\":[{\"@type\":\"CommentAction\",\"name\":\"Comment\",\"target\":[\"https:\\\/\\\/mybook.am\\\/?p=25406#respond\"]}]},{\"@type\":\"WebPage\",\"@id\":\"https:\\\/\\\/mybook.am\\\/?p=25406\",\"url\":\"https:\\\/\\\/mybook.am\\\/?p=25406\",\"name\":\"Bylo mi p\u011btapades\u00e1t let a v\u00edc ne\u017e polovinu \u017eivota jsem \u017eil s tichem, kter\u00e9 se ned\u00e1 zaplnit. -\",\"isPartOf\":{\"@id\":\"https:\\\/\\\/mybook.am\\\/#website\"},\"primaryImageOfPage\":{\"@id\":\"https:\\\/\\\/mybook.am\\\/?p=25406#primaryimage\"},\"image\":{\"@id\":\"https:\\\/\\\/mybook.am\\\/?p=25406#primaryimage\"},\"thumbnailUrl\":\"https:\\\/\\\/mybook.am\\\/wp-content\\\/uploads\\\/2026\\\/01\\\/54897864648946.jpg\",\"datePublished\":\"2026-01-27T16:14:54+00:00\",\"dateModified\":\"2026-01-27T16:14:56+00:00\",\"author\":{\"@id\":\"https:\\\/\\\/mybook.am\\\/#\\\/schema\\\/person\\\/e730847942cff3a199774e803916e97e\"},\"breadcrumb\":{\"@id\":\"https:\\\/\\\/mybook.am\\\/?p=25406#breadcrumb\"},\"inLanguage\":\"ru-RU\",\"potentialAction\":[{\"@type\":\"ReadAction\",\"target\":[\"https:\\\/\\\/mybook.am\\\/?p=25406\"]}]},{\"@type\":\"ImageObject\",\"inLanguage\":\"ru-RU\",\"@id\":\"https:\\\/\\\/mybook.am\\\/?p=25406#primaryimage\",\"url\":\"https:\\\/\\\/mybook.am\\\/wp-content\\\/uploads\\\/2026\\\/01\\\/54897864648946.jpg\",\"contentUrl\":\"https:\\\/\\\/mybook.am\\\/wp-content\\\/uploads\\\/2026\\\/01\\\/54897864648946.jpg\",\"width\":1021,\"height\":1241},{\"@type\":\"BreadcrumbList\",\"@id\":\"https:\\\/\\\/mybook.am\\\/?p=25406#breadcrumb\",\"itemListElement\":[{\"@type\":\"ListItem\",\"position\":1,\"name\":\"\u0413\u043b\u0430\u0432\u043d\u0430\u044f \u0441\u0442\u0440\u0430\u043d\u0438\u0446\u0430\",\"item\":\"https:\\\/\\\/mybook.am\\\/\"},{\"@type\":\"ListItem\",\"position\":2,\"name\":\"Bylo mi p\u011btapades\u00e1t let a v\u00edc ne\u017e polovinu \u017eivota jsem \u017eil s tichem, kter\u00e9 se ned\u00e1 zaplnit.\"}]},{\"@type\":\"WebSite\",\"@id\":\"https:\\\/\\\/mybook.am\\\/#website\",\"url\":\"https:\\\/\\\/mybook.am\\\/\",\"name\":\"\",\"description\":\"\",\"potentialAction\":[{\"@type\":\"SearchAction\",\"target\":{\"@type\":\"EntryPoint\",\"urlTemplate\":\"https:\\\/\\\/mybook.am\\\/?s={search_term_string}\"},\"query-input\":{\"@type\":\"PropertyValueSpecification\",\"valueRequired\":true,\"valueName\":\"search_term_string\"}}],\"inLanguage\":\"ru-RU\"},{\"@type\":\"Person\",\"@id\":\"https:\\\/\\\/mybook.am\\\/#\\\/schema\\\/person\\\/e730847942cff3a199774e803916e97e\",\"name\":\"admin\",\"image\":{\"@type\":\"ImageObject\",\"inLanguage\":\"ru-RU\",\"@id\":\"https:\\\/\\\/secure.gravatar.com\\\/avatar\\\/df64e550a0653b7be0f1bcf897f33faad9c2c8153472b2d9319beafb51370f6f?s=96&d=mm&r=g\",\"url\":\"https:\\\/\\\/secure.gravatar.com\\\/avatar\\\/df64e550a0653b7be0f1bcf897f33faad9c2c8153472b2d9319beafb51370f6f?s=96&d=mm&r=g\",\"contentUrl\":\"https:\\\/\\\/secure.gravatar.com\\\/avatar\\\/df64e550a0653b7be0f1bcf897f33faad9c2c8153472b2d9319beafb51370f6f?s=96&d=mm&r=g\",\"caption\":\"admin\"},\"sameAs\":[\"http:\\\/\\\/mybook.am\"],\"url\":\"https:\\\/\\\/mybook.am\\\/?author=1\"}]}<\/script>\n<!-- \/ Yoast SEO plugin. -->","yoast_head_json":{"title":"Bylo mi p\u011btapades\u00e1t let a v\u00edc ne\u017e polovinu \u017eivota jsem \u017eil s tichem, kter\u00e9 se ned\u00e1 zaplnit. -","robots":{"index":"index","follow":"follow","max-snippet":"max-snippet:-1","max-image-preview":"max-image-preview:large","max-video-preview":"max-video-preview:-1"},"canonical":"https:\/\/mybook.am\/?p=25406","og_locale":"ru_RU","og_type":"article","og_title":"Bylo mi p\u011btapades\u00e1t let a v\u00edc ne\u017e polovinu \u017eivota jsem \u017eil s tichem, kter\u00e9 se ned\u00e1 zaplnit. -","og_description":"P\u0159ed v\u00edce ne\u017e t\u0159iceti lety jsem p\u0159i autonehod\u011b p\u0159i\u0161el o man\u017eelku i malou dceru. Ne\u0161lo jen o ztr\u00e1tu lid\u00ed. Zmizel smysl. Zmizel d\u016fvod","og_url":"https:\/\/mybook.am\/?p=25406","article_published_time":"2026-01-27T16:14:54+00:00","article_modified_time":"2026-01-27T16:14:56+00:00","og_image":[{"width":1021,"height":1241,"url":"https:\/\/mybook.am\/wp-content\/uploads\/2026\/01\/54897864648946.jpg","type":"image\/jpeg"}],"author":"admin","twitter_card":"summary_large_image","twitter_misc":{"\u041d\u0430\u043f\u0438\u0441\u0430\u043d\u043e \u0430\u0432\u0442\u043e\u0440\u043e\u043c":"admin","\u041f\u0440\u0438\u043c\u0435\u0440\u043d\u043e\u0435 \u0432\u0440\u0435\u043c\u044f \u0434\u043b\u044f \u0447\u0442\u0435\u043d\u0438\u044f":"4 \u043c\u0438\u043d\u0443\u0442\u044b"},"schema":{"@context":"https:\/\/schema.org","@graph":[{"@type":"Article","@id":"https:\/\/mybook.am\/?p=25406#article","isPartOf":{"@id":"https:\/\/mybook.am\/?p=25406"},"author":{"name":"admin","@id":"https:\/\/mybook.am\/#\/schema\/person\/e730847942cff3a199774e803916e97e"},"headline":"Bylo mi p\u011btapades\u00e1t let a v\u00edc ne\u017e polovinu \u017eivota jsem \u017eil s tichem, kter\u00e9 se ned\u00e1 zaplnit.","datePublished":"2026-01-27T16:14:54+00:00","dateModified":"2026-01-27T16:14:56+00:00","mainEntityOfPage":{"@id":"https:\/\/mybook.am\/?p=25406"},"wordCount":725,"commentCount":0,"image":{"@id":"https:\/\/mybook.am\/?p=25406#primaryimage"},"thumbnailUrl":"https:\/\/mybook.am\/wp-content\/uploads\/2026\/01\/54897864648946.jpg","articleSection":["\u010cesk\u00e1"],"inLanguage":"ru-RU","potentialAction":[{"@type":"CommentAction","name":"Comment","target":["https:\/\/mybook.am\/?p=25406#respond"]}]},{"@type":"WebPage","@id":"https:\/\/mybook.am\/?p=25406","url":"https:\/\/mybook.am\/?p=25406","name":"Bylo mi p\u011btapades\u00e1t let a v\u00edc ne\u017e polovinu \u017eivota jsem \u017eil s tichem, kter\u00e9 se ned\u00e1 zaplnit. -","isPartOf":{"@id":"https:\/\/mybook.am\/#website"},"primaryImageOfPage":{"@id":"https:\/\/mybook.am\/?p=25406#primaryimage"},"image":{"@id":"https:\/\/mybook.am\/?p=25406#primaryimage"},"thumbnailUrl":"https:\/\/mybook.am\/wp-content\/uploads\/2026\/01\/54897864648946.jpg","datePublished":"2026-01-27T16:14:54+00:00","dateModified":"2026-01-27T16:14:56+00:00","author":{"@id":"https:\/\/mybook.am\/#\/schema\/person\/e730847942cff3a199774e803916e97e"},"breadcrumb":{"@id":"https:\/\/mybook.am\/?p=25406#breadcrumb"},"inLanguage":"ru-RU","potentialAction":[{"@type":"ReadAction","target":["https:\/\/mybook.am\/?p=25406"]}]},{"@type":"ImageObject","inLanguage":"ru-RU","@id":"https:\/\/mybook.am\/?p=25406#primaryimage","url":"https:\/\/mybook.am\/wp-content\/uploads\/2026\/01\/54897864648946.jpg","contentUrl":"https:\/\/mybook.am\/wp-content\/uploads\/2026\/01\/54897864648946.jpg","width":1021,"height":1241},{"@type":"BreadcrumbList","@id":"https:\/\/mybook.am\/?p=25406#breadcrumb","itemListElement":[{"@type":"ListItem","position":1,"name":"\u0413\u043b\u0430\u0432\u043d\u0430\u044f \u0441\u0442\u0440\u0430\u043d\u0438\u0446\u0430","item":"https:\/\/mybook.am\/"},{"@type":"ListItem","position":2,"name":"Bylo mi p\u011btapades\u00e1t let a v\u00edc ne\u017e polovinu \u017eivota jsem \u017eil s tichem, kter\u00e9 se ned\u00e1 zaplnit."}]},{"@type":"WebSite","@id":"https:\/\/mybook.am\/#website","url":"https:\/\/mybook.am\/","name":"","description":"","potentialAction":[{"@type":"SearchAction","target":{"@type":"EntryPoint","urlTemplate":"https:\/\/mybook.am\/?s={search_term_string}"},"query-input":{"@type":"PropertyValueSpecification","valueRequired":true,"valueName":"search_term_string"}}],"inLanguage":"ru-RU"},{"@type":"Person","@id":"https:\/\/mybook.am\/#\/schema\/person\/e730847942cff3a199774e803916e97e","name":"admin","image":{"@type":"ImageObject","inLanguage":"ru-RU","@id":"https:\/\/secure.gravatar.com\/avatar\/df64e550a0653b7be0f1bcf897f33faad9c2c8153472b2d9319beafb51370f6f?s=96&d=mm&r=g","url":"https:\/\/secure.gravatar.com\/avatar\/df64e550a0653b7be0f1bcf897f33faad9c2c8153472b2d9319beafb51370f6f?s=96&d=mm&r=g","contentUrl":"https:\/\/secure.gravatar.com\/avatar\/df64e550a0653b7be0f1bcf897f33faad9c2c8153472b2d9319beafb51370f6f?s=96&d=mm&r=g","caption":"admin"},"sameAs":["http:\/\/mybook.am"],"url":"https:\/\/mybook.am\/?author=1"}]}},"views":237,"_links":{"self":[{"href":"https:\/\/mybook.am\/index.php?rest_route=\/wp\/v2\/posts\/25406","targetHints":{"allow":["GET"]}}],"collection":[{"href":"https:\/\/mybook.am\/index.php?rest_route=\/wp\/v2\/posts"}],"about":[{"href":"https:\/\/mybook.am\/index.php?rest_route=\/wp\/v2\/types\/post"}],"author":[{"embeddable":true,"href":"https:\/\/mybook.am\/index.php?rest_route=\/wp\/v2\/users\/1"}],"replies":[{"embeddable":true,"href":"https:\/\/mybook.am\/index.php?rest_route=%2Fwp%2Fv2%2Fcomments&post=25406"}],"version-history":[{"count":1,"href":"https:\/\/mybook.am\/index.php?rest_route=\/wp\/v2\/posts\/25406\/revisions"}],"predecessor-version":[{"id":25408,"href":"https:\/\/mybook.am\/index.php?rest_route=\/wp\/v2\/posts\/25406\/revisions\/25408"}],"wp:featuredmedia":[{"embeddable":true,"href":"https:\/\/mybook.am\/index.php?rest_route=\/wp\/v2\/media\/25407"}],"wp:attachment":[{"href":"https:\/\/mybook.am\/index.php?rest_route=%2Fwp%2Fv2%2Fmedia&parent=25406"}],"wp:term":[{"taxonomy":"category","embeddable":true,"href":"https:\/\/mybook.am\/index.php?rest_route=%2Fwp%2Fv2%2Fcategories&post=25406"},{"taxonomy":"post_tag","embeddable":true,"href":"https:\/\/mybook.am\/index.php?rest_route=%2Fwp%2Fv2%2Ftags&post=25406"}],"curies":[{"name":"wp","href":"https:\/\/api.w.org\/{rel}","templated":true}]}}